{"id":5114,"date":"2024-10-12T08:15:10","date_gmt":"2024-10-12T01:15:10","guid":{"rendered":"https:\/\/panoramaciudadano.com\/?p=5114"},"modified":"2024-10-12T08:15:12","modified_gmt":"2024-10-12T01:15:12","slug":"impulsa-ana-paty-peralta-bienestar-y-salud-de-los-cancunenses","status":"publish","type":"post","link":"https:\/\/panoramaciudadano.com\/index.php\/2024\/10\/12\/impulsa-ana-paty-peralta-bienestar-y-salud-de-los-cancunenses\/","title":{"rendered":"IMPULSA ANA PATY PERALTA BIENESTAR Y SALUD DE LOS CANCUNENSES"},"content":{"rendered":"\n<figure class=\"wp-block-image size-full\"><img decoding=\"async\" width=\"960\" height=\"640\" src=\"https:\/\/panoramaciudadano.com\/wp-content\/uploads\/2024\/10\/8-3.jpeg\" alt=\"\" class=\"wp-image-5115\" srcset=\"https:\/\/panoramaciudadano.com\/wp-content\/uploads\/2024\/10\/8-3.jpeg 960w, https:\/\/panoramaciudadano.com\/wp-content\/uploads\/2024\/10\/8-3-300x200.jpeg 300w, https:\/\/panoramaciudadano.com\/wp-content\/uploads\/2024\/10\/8-3-768x512.jpeg 768w\" sizes=\"(max-width: 960px) 100vw, 960px\" \/><\/figure>\n\n\n\n<p>Apegada a su compromiso de velar por el bienestar de las y los cancunenses a trav\u00e9s de servicios de salud gratuitos y de calidad, la Presidenta Municipal, Ana Paty Peralta, inform\u00f3 que desde su apertura en este 2024, la Unidad M\u00e9dica Municipal ha otorgado 8 mil 715 servicios gratuitos de consulta m\u00e9dica, medicina preventiva, optometr\u00eda, dental, nutrici\u00f3n, psicolog\u00eda y trabajo social; adem\u00e1s, 214 ciudadanos se han beneficiado con el programa del transporte gratuito de la Unidad de traslado para personas con discapacidad neuromotora.<\/p>\n\n\n\n<p>La Primera Autoridad Municipal destac\u00f3 que esta es la primera \u00e1rea con todos los servicios de primera instancia preventivos con los que brindan atenci\u00f3n de calidad a las familias benitojuarenses, \u201ctenemos m\u00e9dicos muy profesionales, con los que pueden contar las y los cancunenses. En nuestra Unidad M\u00e9dica Municipal los orientamos y los atendemos, garantizando as\u00ed un espacio en donde se cuida y atiende la salud de las personas\u201d, expres\u00f3.<\/p>\n\n\n\n<figure class=\"wp-block-image size-full\"><img decoding=\"async\" width=\"960\" height=\"714\" src=\"https:\/\/panoramaciudadano.com\/wp-content\/uploads\/2024\/10\/2-34.jpeg\" alt=\"\" class=\"wp-image-5117\" srcset=\"https:\/\/panoramaciudadano.com\/wp-content\/uploads\/2024\/10\/2-34.jpeg 960w, https:\/\/panoramaciudadano.com\/wp-content\/uploads\/2024\/10\/2-34-300x223.jpeg 300w, https:\/\/panoramaciudadano.com\/wp-content\/uploads\/2024\/10\/2-34-768x571.jpeg 768w\" sizes=\"(max-width: 960px) 100vw, 960px\" \/><\/figure>\n\n\n\n<p>Asimismo, Ana Paty Peralta explic\u00f3 que en este espacio nuevo, se cuenta con servicio de nutri\u00f3logo; toma de presi\u00f3n arterial; oximetr\u00eda de pulso; toma de glucosa capilar; pruebas de VIH, s\u00edfilis y hepatitis; toma de peso, talla e \u00edndice de masa corporal; procedimientos menores; tratamientos dentales para adultos limpieza; profilaxis; extracciones simples en adultos e infantes y aplicaci\u00f3n de fl\u00faor para ni\u00f1os entre 6 y 12 a\u00f1os de edad; as\u00ed como resinas, curaciones, selladores, fosetas y fisuras. Adem\u00e1s, en este mes de octubre, se proporcionan mastograf\u00edas gratis con cita previa.<\/p>\n\n\n\n<p>De la misma manera, invit\u00f3 a las y los ciudadanos a acudir a la Unidad M\u00e9dica Municipal que se encuentra ubicada en la Av. Nader, a un costado del Palacio Municipal, en horario de atenci\u00f3n de consulta externa y medicina general de lunes a viernes de 08:00 a 20:00 horas; y para los servicios de psicolog\u00eda, odontolog\u00eda, optometr\u00eda y medicina preventiva, de lunes a viernes de 08:00 a 16:00 horas.<\/p>\n\n\n\n<figure class=\"wp-block-gallery has-nested-images columns-default is-cropped wp-block-gallery-1 is-layout-flex wp-block-gallery-is-layout-flex\">\n<figure class=\"wp-block-image size-large\"><img decoding=\"async\" width=\"960\" height=\"639\" data-id=\"5120\" src=\"https:\/\/panoramaciudadano.com\/wp-content\/uploads\/2024\/10\/3-28.jpeg\" alt=\"\" class=\"wp-image-5120\" srcset=\"https:\/\/panoramaciudadano.com\/wp-content\/uploads\/2024\/10\/3-28.jpeg 960w, https:\/\/panoramaciudadano.com\/wp-content\/uploads\/2024\/10\/3-28-300x200.jpeg 300w, https:\/\/panoramaciudadano.com\/wp-content\/uploads\/2024\/10\/3-28-768x511.jpeg 768w\" sizes=\"(max-width: 960px) 100vw, 960px\" \/><\/figure>\n\n\n\n<figure class=\"wp-block-image size-large\"><img decoding=\"async\" width=\"960\" height=\"679\" data-id=\"5118\" src=\"https:\/\/panoramaciudadano.com\/wp-content\/uploads\/2024\/10\/6-5.jpeg\" alt=\"\" class=\"wp-image-5118\" srcset=\"https:\/\/panoramaciudadano.com\/wp-content\/uploads\/2024\/10\/6-5.jpeg 960w, https:\/\/panoramaciudadano.com\/wp-content\/uploads\/2024\/10\/6-5-300x212.jpeg 300w, https:\/\/panoramaciudadano.com\/wp-content\/uploads\/2024\/10\/6-5-768x543.jpeg 768w\" sizes=\"(max-width: 960px) 100vw, 960px\" \/><\/figure>\n\n\n\n<figure class=\"wp-block-image size-large\"><img decoding=\"async\" width=\"960\" height=\"564\" data-id=\"5119\" src=\"https:\/\/panoramaciudadano.com\/wp-content\/uploads\/2024\/10\/WhatsApp-Image-2024-10-11-at-08.47.57.jpeg\" alt=\"\" class=\"wp-image-5119\" srcset=\"https:\/\/panoramaciudadano.com\/wp-content\/uploads\/2024\/10\/WhatsApp-Image-2024-10-11-at-08.47.57.jpeg 960w, https:\/\/panoramaciudadano.com\/wp-content\/uploads\/2024\/10\/WhatsApp-Image-2024-10-11-at-08.47.57-300x176.jpeg 300w, https:\/\/panoramaciudadano.com\/wp-content\/uploads\/2024\/10\/WhatsApp-Image-2024-10-11-at-08.47.57-768x451.jpeg 768w\" sizes=\"(max-width: 960px) 100vw, 960px\" \/><\/figure>\n<\/figure>\n\n\n\n<p>Con un claro ejemplo de compromiso con el bienestar de las familias y la mejora de su calidad, la Presidenta Municipal coment\u00f3 que las y los ciudadanos pueden obtener de manera gratuita los beneficios de la Unidad de Traslado para Personas con alg\u00fan tipo de discapacidad neuromotora, hablando a los tel\u00e9fonos 998 898 0908 y al 998 884 3000.<\/p>\n\n\n\n<p>Finalmente, afirm\u00f3 que la Direcci\u00f3n General de Salud, ubicada en la Supermanzana 228, Av. Costa Maya, Mz. 1, Lt. 2, ofrece los servicios de medicina general, medicina preventiva, odontolog\u00eda, trabajo social y optometr\u00eda; adem\u00e1s actividades de prevenci\u00f3n y diagn\u00f3stico oportuno como son VIH, s\u00edfilis, hepatitis, salud productiva, tamizajes, c\u00e1ncer infantil, cervicouterino, mama, pr\u00f3stata y en materia de salud mental.<\/p>\n","protected":false},"excerpt":{"rendered":"<p>Suman 8 mil 715 servicios gratuitos en la Unidad M\u00e9dica Municipal.<\/p>\n","protected":false},"author":1,"featured_media":5116,"comment_status":"open","ping_status":"closed","sticky":false,"template":"","format":"standard","meta":{"footnotes":""},"categories":[6],"tags":[145],"class_list":["post-5114","post","type-post","status-publish","format-standard","has-post-thumbnail","hentry","category-cancun","tag-ana-paty-peralta"],"yoast_head":"<!-- This site is optimized with the Yoast SEO plugin v27.1.1 - https:\/\/yoast.com\/product\/yoast-seo-wordpress\/ -->\n<title>IMPULSA ANA PATY PERALTA BIENESTAR Y SALUD DE LOS CANCUNENSES - Panorama Ciudadano<\/title>\n<meta name=\"robots\" content=\"index, follow, max-snippet:-1, max-image-preview:large, max-video-preview:-1\" \/>\n<link rel=\"canonical\" href=\"https:\/\/panoramaciudadano.com\/index.php\/2024\/10\/12\/impulsa-ana-paty-peralta-bienestar-y-salud-de-los-cancunenses\/\" \/>\n<meta property=\"og:locale\" content=\"es_ES\" \/>\n<meta property=\"og:type\" content=\"article\" \/>\n<meta property=\"og:title\" content=\"IMPULSA ANA PATY PERALTA BIENESTAR Y SALUD DE LOS CANCUNENSES - Panorama Ciudadano\" \/>\n<meta property=\"og:description\" content=\"Suman 8 mil 715 servicios gratuitos en la Unidad M\u00e9dica Municipal.\" \/>\n<meta property=\"og:url\" content=\"https:\/\/panoramaciudadano.com\/index.php\/2024\/10\/12\/impulsa-ana-paty-peralta-bienestar-y-salud-de-los-cancunenses\/\" \/>\n<meta property=\"og:site_name\" content=\"Panorama Ciudadano\" \/>\n<meta property=\"article:publisher\" content=\"https:\/\/www.facebook.com\/panoramaciudadano\" \/>\n<meta property=\"article:published_time\" content=\"2024-10-12T01:15:10+00:00\" \/>\n<meta property=\"article:modified_time\" content=\"2024-10-12T01:15:12+00:00\" \/>\n<meta property=\"og:image\" content=\"https:\/\/panoramaciudadano.com\/wp-content\/uploads\/2024\/10\/5-10.jpeg\" \/>\n\t<meta property=\"og:image:width\" content=\"960\" \/>\n\t<meta property=\"og:image:height\" content=\"641\" \/>\n\t<meta property=\"og:image:type\" content=\"image\/jpeg\" \/>\n<meta name=\"author\" content=\"admin\" \/>\n<meta name=\"twitter:card\" content=\"summary_large_image\" \/>\n<meta name=\"twitter:label1\" content=\"Escrito por\" \/>\n\t<meta name=\"twitter:data1\" content=\"admin\" \/>\n\t<meta name=\"twitter:label2\" content=\"Tiempo de lectura\" \/>\n\t<meta name=\"twitter:data2\" content=\"4 minutos\" \/>\n<script type=\"application\/ld+json\" class=\"yoast-schema-graph\">{\"@context\":\"https:\/\/schema.org\",\"@graph\":[{\"@type\":\"Article\",\"@id\":\"https:\/\/panoramaciudadano.com\/index.php\/2024\/10\/12\/impulsa-ana-paty-peralta-bienestar-y-salud-de-los-cancunenses\/#article\",\"isPartOf\":{\"@id\":\"https:\/\/panoramaciudadano.com\/index.php\/2024\/10\/12\/impulsa-ana-paty-peralta-bienestar-y-salud-de-los-cancunenses\/\"},\"author\":{\"name\":\"admin\",\"@id\":\"https:\/\/panoramaciudadano.com\/#\/schema\/person\/ffe9fe8ef47d3a93977b5761fd9e0d96\"},\"headline\":\"IMPULSA ANA PATY PERALTA BIENESTAR Y SALUD DE LOS CANCUNENSES\",\"datePublished\":\"2024-10-12T01:15:10+00:00\",\"dateModified\":\"2024-10-12T01:15:12+00:00\",\"mainEntityOfPage\":{\"@id\":\"https:\/\/panoramaciudadano.com\/index.php\/2024\/10\/12\/impulsa-ana-paty-peralta-bienestar-y-salud-de-los-cancunenses\/\"},\"wordCount\":457,\"commentCount\":0,\"publisher\":{\"@id\":\"https:\/\/panoramaciudadano.com\/#organization\"},\"image\":{\"@id\":\"https:\/\/panoramaciudadano.com\/index.php\/2024\/10\/12\/impulsa-ana-paty-peralta-bienestar-y-salud-de-los-cancunenses\/#primaryimage\"},\"thumbnailUrl\":\"https:\/\/panoramaciudadano.com\/wp-content\/uploads\/2024\/10\/5-10.jpeg\",\"keywords\":[\"Ana Paty Peralta\"],\"articleSection\":[\"Canc\u00fan\"],\"inLanguage\":\"es\",\"potentialAction\":[{\"@type\":\"CommentAction\",\"name\":\"Comment\",\"target\":[\"https:\/\/panoramaciudadano.com\/index.php\/2024\/10\/12\/impulsa-ana-paty-peralta-bienestar-y-salud-de-los-cancunenses\/#respond\"]}]},{\"@type\":\"WebPage\",\"@id\":\"https:\/\/panoramaciudadano.com\/index.php\/2024\/10\/12\/impulsa-ana-paty-peralta-bienestar-y-salud-de-los-cancunenses\/\",\"url\":\"https:\/\/panoramaciudadano.com\/index.php\/2024\/10\/12\/impulsa-ana-paty-peralta-bienestar-y-salud-de-los-cancunenses\/\",\"name\":\"IMPULSA ANA PATY PERALTA BIENESTAR Y SALUD DE LOS CANCUNENSES - Panorama Ciudadano\",\"isPartOf\":{\"@id\":\"https:\/\/panoramaciudadano.com\/#website\"},\"primaryImageOfPage\":{\"@id\":\"https:\/\/panoramaciudadano.com\/index.php\/2024\/10\/12\/impulsa-ana-paty-peralta-bienestar-y-salud-de-los-cancunenses\/#primaryimage\"},\"image\":{\"@id\":\"https:\/\/panoramaciudadano.com\/index.php\/2024\/10\/12\/impulsa-ana-paty-peralta-bienestar-y-salud-de-los-cancunenses\/#primaryimage\"},\"thumbnailUrl\":\"https:\/\/panoramaciudadano.com\/wp-content\/uploads\/2024\/10\/5-10.jpeg\",\"datePublished\":\"2024-10-12T01:15:10+00:00\",\"dateModified\":\"2024-10-12T01:15:12+00:00\",\"breadcrumb\":{\"@id\":\"https:\/\/panoramaciudadano.com\/index.php\/2024\/10\/12\/impulsa-ana-paty-peralta-bienestar-y-salud-de-los-cancunenses\/#breadcrumb\"},\"inLanguage\":\"es\",\"potentialAction\":[{\"@type\":\"ReadAction\",\"target\":[\"https:\/\/panoramaciudadano.com\/index.php\/2024\/10\/12\/impulsa-ana-paty-peralta-bienestar-y-salud-de-los-cancunenses\/\"]}]},{\"@type\":\"ImageObject\",\"inLanguage\":\"es\",\"@id\":\"https:\/\/panoramaciudadano.com\/index.php\/2024\/10\/12\/impulsa-ana-paty-peralta-bienestar-y-salud-de-los-cancunenses\/#primaryimage\",\"url\":\"https:\/\/panoramaciudadano.com\/wp-content\/uploads\/2024\/10\/5-10.jpeg\",\"contentUrl\":\"https:\/\/panoramaciudadano.com\/wp-content\/uploads\/2024\/10\/5-10.jpeg\",\"width\":960,\"height\":641},{\"@type\":\"BreadcrumbList\",\"@id\":\"https:\/\/panoramaciudadano.com\/index.php\/2024\/10\/12\/impulsa-ana-paty-peralta-bienestar-y-salud-de-los-cancunenses\/#breadcrumb\",\"itemListElement\":[{\"@type\":\"ListItem\",\"position\":1,\"name\":\"Portada\",\"item\":\"https:\/\/panoramaciudadano.com\/\"},{\"@type\":\"ListItem\",\"position\":2,\"name\":\"IMPULSA ANA PATY PERALTA BIENESTAR Y SALUD DE LOS CANCUNENSES\"}]},{\"@type\":\"WebSite\",\"@id\":\"https:\/\/panoramaciudadano.com\/#website\",\"url\":\"https:\/\/panoramaciudadano.com\/\",\"name\":\"Panorama Ciudadano\",\"description\":\"\",\"publisher\":{\"@id\":\"https:\/\/panoramaciudadano.com\/#organization\"},\"potentialAction\":[{\"@type\":\"SearchAction\",\"target\":{\"@type\":\"EntryPoint\",\"urlTemplate\":\"https:\/\/panoramaciudadano.com\/?s={search_term_string}\"},\"query-input\":{\"@type\":\"PropertyValueSpecification\",\"valueRequired\":true,\"valueName\":\"search_term_string\"}}],\"inLanguage\":\"es\"},{\"@type\":\"Organization\",\"@id\":\"https:\/\/panoramaciudadano.com\/#organization\",\"name\":\"Panorama Ciudadano\",\"url\":\"https:\/\/panoramaciudadano.com\/\",\"logo\":{\"@type\":\"ImageObject\",\"inLanguage\":\"es\",\"@id\":\"https:\/\/panoramaciudadano.com\/#\/schema\/logo\/image\/\",\"url\":\"https:\/\/panoramaciudadano.com\/wp-content\/uploads\/2024\/05\/401498640_919267042938564_6290593609399108733_n.jpg\",\"contentUrl\":\"https:\/\/panoramaciudadano.com\/wp-content\/uploads\/2024\/05\/401498640_919267042938564_6290593609399108733_n.jpg\",\"width\":960,\"height\":957,\"caption\":\"Panorama Ciudadano\"},\"image\":{\"@id\":\"https:\/\/panoramaciudadano.com\/#\/schema\/logo\/image\/\"},\"sameAs\":[\"https:\/\/www.facebook.com\/panoramaciudadano\"]},{\"@type\":\"Person\",\"@id\":\"https:\/\/panoramaciudadano.com\/#\/schema\/person\/ffe9fe8ef47d3a93977b5761fd9e0d96\",\"name\":\"admin\",\"image\":{\"@type\":\"ImageObject\",\"inLanguage\":\"es\",\"@id\":\"https:\/\/panoramaciudadano.com\/#\/schema\/person\/image\/\",\"url\":\"https:\/\/secure.gravatar.com\/avatar\/2d5a12cacce3f18096f25fadea8abb7202fef18ed669595589853e84260ff451?s=96&d=mm&r=g\",\"contentUrl\":\"https:\/\/secure.gravatar.com\/avatar\/2d5a12cacce3f18096f25fadea8abb7202fef18ed669595589853e84260ff451?s=96&d=mm&r=g\",\"caption\":\"admin\"},\"sameAs\":[\"https:\/\/panoramaciudadano.com\"],\"url\":\"https:\/\/panoramaciudadano.com\/index.php\/author\/admin_3q6hyqq3\/\"}]}<\/script>\n<!-- \/ Yoast SEO plugin. -->","yoast_head_json":{"title":"IMPULSA ANA PATY PERALTA BIENESTAR Y SALUD DE LOS CANCUNENSES - Panorama Ciudadano","robots":{"index":"index","follow":"follow","max-snippet":"max-snippet:-1","max-image-preview":"max-image-preview:large","max-video-preview":"max-video-preview:-1"},"canonical":"https:\/\/panoramaciudadano.com\/index.php\/2024\/10\/12\/impulsa-ana-paty-peralta-bienestar-y-salud-de-los-cancunenses\/","og_locale":"es_ES","og_type":"article","og_title":"IMPULSA ANA PATY PERALTA BIENESTAR Y SALUD DE LOS CANCUNENSES - Panorama Ciudadano","og_description":"Suman 8 mil 715 servicios gratuitos en la Unidad M\u00e9dica Municipal.","og_url":"https:\/\/panoramaciudadano.com\/index.php\/2024\/10\/12\/impulsa-ana-paty-peralta-bienestar-y-salud-de-los-cancunenses\/","og_site_name":"Panorama Ciudadano","article_publisher":"https:\/\/www.facebook.com\/panoramaciudadano","article_published_time":"2024-10-12T01:15:10+00:00","article_modified_time":"2024-10-12T01:15:12+00:00","og_image":[{"width":960,"height":641,"url":"https:\/\/panoramaciudadano.com\/wp-content\/uploads\/2024\/10\/5-10.jpeg","type":"image\/jpeg"}],"author":"admin","twitter_card":"summary_large_image","twitter_misc":{"Escrito por":"admin","Tiempo de lectura":"4 minutos"},"schema":{"@context":"https:\/\/schema.org","@graph":[{"@type":"Article","@id":"https:\/\/panoramaciudadano.com\/index.php\/2024\/10\/12\/impulsa-ana-paty-peralta-bienestar-y-salud-de-los-cancunenses\/#article","isPartOf":{"@id":"https:\/\/panoramaciudadano.com\/index.php\/2024\/10\/12\/impulsa-ana-paty-peralta-bienestar-y-salud-de-los-cancunenses\/"},"author":{"name":"admin","@id":"https:\/\/panoramaciudadano.com\/#\/schema\/person\/ffe9fe8ef47d3a93977b5761fd9e0d96"},"headline":"IMPULSA ANA PATY PERALTA BIENESTAR Y SALUD DE LOS CANCUNENSES","datePublished":"2024-10-12T01:15:10+00:00","dateModified":"2024-10-12T01:15:12+00:00","mainEntityOfPage":{"@id":"https:\/\/panoramaciudadano.com\/index.php\/2024\/10\/12\/impulsa-ana-paty-peralta-bienestar-y-salud-de-los-cancunenses\/"},"wordCount":457,"commentCount":0,"publisher":{"@id":"https:\/\/panoramaciudadano.com\/#organization"},"image":{"@id":"https:\/\/panoramaciudadano.com\/index.php\/2024\/10\/12\/impulsa-ana-paty-peralta-bienestar-y-salud-de-los-cancunenses\/#primaryimage"},"thumbnailUrl":"https:\/\/panoramaciudadano.com\/wp-content\/uploads\/2024\/10\/5-10.jpeg","keywords":["Ana Paty Peralta"],"articleSection":["Canc\u00fan"],"inLanguage":"es","potentialAction":[{"@type":"CommentAction","name":"Comment","target":["https:\/\/panoramaciudadano.com\/index.php\/2024\/10\/12\/impulsa-ana-paty-peralta-bienestar-y-salud-de-los-cancunenses\/#respond"]}]},{"@type":"WebPage","@id":"https:\/\/panoramaciudadano.com\/index.php\/2024\/10\/12\/impulsa-ana-paty-peralta-bienestar-y-salud-de-los-cancunenses\/","url":"https:\/\/panoramaciudadano.com\/index.php\/2024\/10\/12\/impulsa-ana-paty-peralta-bienestar-y-salud-de-los-cancunenses\/","name":"IMPULSA ANA PATY PERALTA BIENESTAR Y SALUD DE LOS CANCUNENSES - Panorama Ciudadano","isPartOf":{"@id":"https:\/\/panoramaciudadano.com\/#website"},"primaryImageOfPage":{"@id":"https:\/\/panoramaciudadano.com\/index.php\/2024\/10\/12\/impulsa-ana-paty-peralta-bienestar-y-salud-de-los-cancunenses\/#primaryimage"},"image":{"@id":"https:\/\/panoramaciudadano.com\/index.php\/2024\/10\/12\/impulsa-ana-paty-peralta-bienestar-y-salud-de-los-cancunenses\/#primaryimage"},"thumbnailUrl":"https:\/\/panoramaciudadano.com\/wp-content\/uploads\/2024\/10\/5-10.jpeg","datePublished":"2024-10-12T01:15:10+00:00","dateModified":"2024-10-12T01:15:12+00:00","breadcrumb":{"@id":"https:\/\/panoramaciudadano.com\/index.php\/2024\/10\/12\/impulsa-ana-paty-peralta-bienestar-y-salud-de-los-cancunenses\/#breadcrumb"},"inLanguage":"es","potentialAction":[{"@type":"ReadAction","target":["https:\/\/panoramaciudadano.com\/index.php\/2024\/10\/12\/impulsa-ana-paty-peralta-bienestar-y-salud-de-los-cancunenses\/"]}]},{"@type":"ImageObject","inLanguage":"es","@id":"https:\/\/panoramaciudadano.com\/index.php\/2024\/10\/12\/impulsa-ana-paty-peralta-bienestar-y-salud-de-los-cancunenses\/#primaryimage","url":"https:\/\/panoramaciudadano.com\/wp-content\/uploads\/2024\/10\/5-10.jpeg","contentUrl":"https:\/\/panoramaciudadano.com\/wp-content\/uploads\/2024\/10\/5-10.jpeg","width":960,"height":641},{"@type":"BreadcrumbList","@id":"https:\/\/panoramaciudadano.com\/index.php\/2024\/10\/12\/impulsa-ana-paty-peralta-bienestar-y-salud-de-los-cancunenses\/#breadcrumb","itemListElement":[{"@type":"ListItem","position":1,"name":"Portada","item":"https:\/\/panoramaciudadano.com\/"},{"@type":"ListItem","position":2,"name":"IMPULSA ANA PATY PERALTA BIENESTAR Y SALUD DE LOS CANCUNENSES"}]},{"@type":"WebSite","@id":"https:\/\/panoramaciudadano.com\/#website","url":"https:\/\/panoramaciudadano.com\/","name":"Panorama Ciudadano","description":"","publisher":{"@id":"https:\/\/panoramaciudadano.com\/#organization"},"potentialAction":[{"@type":"SearchAction","target":{"@type":"EntryPoint","urlTemplate":"https:\/\/panoramaciudadano.com\/?s={search_term_string}"},"query-input":{"@type":"PropertyValueSpecification","valueRequired":true,"valueName":"search_term_string"}}],"inLanguage":"es"},{"@type":"Organization","@id":"https:\/\/panoramaciudadano.com\/#organization","name":"Panorama Ciudadano","url":"https:\/\/panoramaciudadano.com\/","logo":{"@type":"ImageObject","inLanguage":"es","@id":"https:\/\/panoramaciudadano.com\/#\/schema\/logo\/image\/","url":"https:\/\/panoramaciudadano.com\/wp-content\/uploads\/2024\/05\/401498640_919267042938564_6290593609399108733_n.jpg","contentUrl":"https:\/\/panoramaciudadano.com\/wp-content\/uploads\/2024\/05\/401498640_919267042938564_6290593609399108733_n.jpg","width":960,"height":957,"caption":"Panorama Ciudadano"},"image":{"@id":"https:\/\/panoramaciudadano.com\/#\/schema\/logo\/image\/"},"sameAs":["https:\/\/www.facebook.com\/panoramaciudadano"]},{"@type":"Person","@id":"https:\/\/panoramaciudadano.com\/#\/schema\/person\/ffe9fe8ef47d3a93977b5761fd9e0d96","name":"admin","image":{"@type":"ImageObject","inLanguage":"es","@id":"https:\/\/panoramaciudadano.com\/#\/schema\/person\/image\/","url":"https:\/\/secure.gravatar.com\/avatar\/2d5a12cacce3f18096f25fadea8abb7202fef18ed669595589853e84260ff451?s=96&d=mm&r=g","contentUrl":"https:\/\/secure.gravatar.com\/avatar\/2d5a12cacce3f18096f25fadea8abb7202fef18ed669595589853e84260ff451?s=96&d=mm&r=g","caption":"admin"},"sameAs":["https:\/\/panoramaciudadano.com"],"url":"https:\/\/panoramaciudadano.com\/index.php\/author\/admin_3q6hyqq3\/"}]}},"_links":{"self":[{"href":"https:\/\/panoramaciudadano.com\/index.php\/wp-json\/wp\/v2\/posts\/5114","targetHints":{"allow":["GET"]}}],"collection":[{"href":"https:\/\/panoramaciudadano.com\/index.php\/wp-json\/wp\/v2\/posts"}],"about":[{"href":"https:\/\/panoramaciudadano.com\/index.php\/wp-json\/wp\/v2\/types\/post"}],"author":[{"embeddable":true,"href":"https:\/\/panoramaciudadano.com\/index.php\/wp-json\/wp\/v2\/users\/1"}],"replies":[{"embeddable":true,"href":"https:\/\/panoramaciudadano.com\/index.php\/wp-json\/wp\/v2\/comments?post=5114"}],"version-history":[{"count":1,"href":"https:\/\/panoramaciudadano.com\/index.php\/wp-json\/wp\/v2\/posts\/5114\/revisions"}],"predecessor-version":[{"id":5121,"href":"https:\/\/panoramaciudadano.com\/index.php\/wp-json\/wp\/v2\/posts\/5114\/revisions\/5121"}],"wp:featuredmedia":[{"embeddable":true,"href":"https:\/\/panoramaciudadano.com\/index.php\/wp-json\/wp\/v2\/media\/5116"}],"wp:attachment":[{"href":"https:\/\/panoramaciudadano.com\/index.php\/wp-json\/wp\/v2\/media?parent=5114"}],"wp:term":[{"taxonomy":"category","embeddable":true,"href":"https:\/\/panoramaciudadano.com\/index.php\/wp-json\/wp\/v2\/categories?post=5114"},{"taxonomy":"post_tag","embeddable":true,"href":"https:\/\/panoramaciudadano.com\/index.php\/wp-json\/wp\/v2\/tags?post=5114"}],"curies":[{"name":"wp","href":"https:\/\/api.w.org\/{rel}","templated":true}]}}