{"id":5122,"date":"2024-10-12T08:17:06","date_gmt":"2024-10-12T01:17:06","guid":{"rendered":"https:\/\/panoramaciudadano.com\/?p=5122"},"modified":"2024-10-12T08:17:07","modified_gmt":"2024-10-12T01:17:07","slug":"impulsa-mara-lezama-jornada-humanista-de-cirugia-de-cataratas-gratuitas-con-experimentados-medicos-suizos-porque-la-salud-de-las-personas-si-importa","status":"publish","type":"post","link":"https:\/\/panoramaciudadano.com\/index.php\/2024\/10\/12\/impulsa-mara-lezama-jornada-humanista-de-cirugia-de-cataratas-gratuitas-con-experimentados-medicos-suizos-porque-la-salud-de-las-personas-si-importa\/","title":{"rendered":"Impulsa Mara Lezama jornada humanista de cirug\u00eda de cataratas gratuitas con experimentados m\u00e9dicos suizos, porque la salud de las personas s\u00ed importa"},"content":{"rendered":"\n<figure class=\"wp-block-gallery has-nested-images columns-default is-cropped wp-block-gallery-1 is-layout-flex wp-block-gallery-is-layout-flex\">\n<figure class=\"wp-block-image size-large\"><img decoding=\"async\" width=\"960\" height=\"640\" data-id=\"5124\" src=\"https:\/\/panoramaciudadano.com\/wp-content\/uploads\/2024\/10\/2-35.jpeg\" alt=\"\" class=\"wp-image-5124\" srcset=\"https:\/\/panoramaciudadano.com\/wp-content\/uploads\/2024\/10\/2-35.jpeg 960w, https:\/\/panoramaciudadano.com\/wp-content\/uploads\/2024\/10\/2-35-300x200.jpeg 300w, https:\/\/panoramaciudadano.com\/wp-content\/uploads\/2024\/10\/2-35-768x512.jpeg 768w\" sizes=\"(max-width: 960px) 100vw, 960px\" \/><\/figure>\n\n\n\n<figure class=\"wp-block-image size-large\"><img decoding=\"async\" width=\"960\" height=\"640\" data-id=\"5127\" src=\"https:\/\/panoramaciudadano.com\/wp-content\/uploads\/2024\/10\/3-29.jpeg\" alt=\"\" class=\"wp-image-5127\" srcset=\"https:\/\/panoramaciudadano.com\/wp-content\/uploads\/2024\/10\/3-29.jpeg 960w, https:\/\/panoramaciudadano.com\/wp-content\/uploads\/2024\/10\/3-29-300x200.jpeg 300w, https:\/\/panoramaciudadano.com\/wp-content\/uploads\/2024\/10\/3-29-768x512.jpeg 768w\" sizes=\"(max-width: 960px) 100vw, 960px\" \/><\/figure>\n\n\n\n<figure class=\"wp-block-image size-large\"><img decoding=\"async\" width=\"960\" height=\"640\" data-id=\"5126\" src=\"https:\/\/panoramaciudadano.com\/wp-content\/uploads\/2024\/10\/4-24.jpeg\" alt=\"\" class=\"wp-image-5126\" srcset=\"https:\/\/panoramaciudadano.com\/wp-content\/uploads\/2024\/10\/4-24.jpeg 960w, https:\/\/panoramaciudadano.com\/wp-content\/uploads\/2024\/10\/4-24-300x200.jpeg 300w, https:\/\/panoramaciudadano.com\/wp-content\/uploads\/2024\/10\/4-24-768x512.jpeg 768w\" sizes=\"(max-width: 960px) 100vw, 960px\" \/><\/figure>\n\n\n\n<figure class=\"wp-block-image size-large\"><img decoding=\"async\" width=\"960\" height=\"640\" data-id=\"5125\" src=\"https:\/\/panoramaciudadano.com\/wp-content\/uploads\/2024\/10\/5-11.jpeg\" alt=\"\" class=\"wp-image-5125\" srcset=\"https:\/\/panoramaciudadano.com\/wp-content\/uploads\/2024\/10\/5-11.jpeg 960w, https:\/\/panoramaciudadano.com\/wp-content\/uploads\/2024\/10\/5-11-300x200.jpeg 300w, https:\/\/panoramaciudadano.com\/wp-content\/uploads\/2024\/10\/5-11-768x512.jpeg 768w\" sizes=\"(max-width: 960px) 100vw, 960px\" \/><\/figure>\n\n\n\n<figure class=\"wp-block-image size-large\"><img decoding=\"async\" width=\"960\" height=\"640\" data-id=\"5123\" src=\"https:\/\/panoramaciudadano.com\/wp-content\/uploads\/2024\/10\/WhatsApp-Image-2024-10-11-at-09.14.57.jpeg\" alt=\"\" class=\"wp-image-5123\" srcset=\"https:\/\/panoramaciudadano.com\/wp-content\/uploads\/2024\/10\/WhatsApp-Image-2024-10-11-at-09.14.57.jpeg 960w, https:\/\/panoramaciudadano.com\/wp-content\/uploads\/2024\/10\/WhatsApp-Image-2024-10-11-at-09.14.57-300x200.jpeg 300w, https:\/\/panoramaciudadano.com\/wp-content\/uploads\/2024\/10\/WhatsApp-Image-2024-10-11-at-09.14.57-768x512.jpeg 768w\" sizes=\"(max-width: 960px) 100vw, 960px\" \/><\/figure>\n<\/figure>\n\n\n\n<p>Pacientes que han sido atendidos o esperan serlo en la Segunda Jornada de Cirug\u00edas de Cataratas 2024 recibieron la visita de la gobernadora Mara Lezama Espinosa y de la presidenta honoraria del Sistema DIF Quintana Roo, Ver\u00f3nica Lezama Espinosa, en las instalaciones del hospital general \u201cJes\u00fas Kumate Rodr\u00edguez\u201d.<\/p>\n\n\n\n<p>Estas cirug\u00edas se llevan a cabo despu\u00e9s de las valoraciones a 613 personas de los 11 municipios de la entidad, de los cuales m\u00e1s de 400 resultaron candidatos con diagn\u00f3stico de cataratas unilaterales o bilaterales para ser intervenidos como parte de un programa conjunto entre la Secretar\u00eda de Salud y la Fundaci\u00f3n Swiss Against Bridness in M\u00e9xico, en coordinaci\u00f3n con el DIF Quintana Roo.<\/p>\n\n\n\n<p>La gobernadora Mara Lezama agradeci\u00f3 a la fundaci\u00f3n suiza, a los m\u00e9dicos por su labor extraordinaria, por viajar de tan lejos para ayudar a seres humanos que estaban a punto de perder la vista por padecimiento de cataratas por a\u00f1os. \u201cHoy, en este gobierno humanista con coraz\u00f3n feminista, en el que nos tomamos de la mano para el bienestar de las personas, para que recuperen y mejoren su calidad de vida, se refleja claramente el Nuevo Acuerdo por el Bienestar y Desarrollo de Quintana Roo, en donde nadie queda fuera ni nadie se queda atr\u00e1s\u201d, dijo la Gobernadora.<\/p>\n\n\n\n<p>Junto a los pacientes, sus familiares, m\u00e9dicos y autoridades, la titular del Ejecutivo enfatiz\u00f3 que \u201cas\u00ed seguimos avanzando en la transformaci\u00f3n, en la construcci\u00f3n del segundo piso de la transformaci\u00f3n, en el que la prioridad es t\u00fa familia, es t\u00fa salud, porque tu familia y tu salud, claro que nos importa\u201d.<\/p>\n\n\n\n<p>Esta jornada gratuita de operaciones de cataratas incluy\u00f3 valoraciones, estudios m\u00e9dicos, cirug\u00eda, lentes intraoculares, medicamentos y consultas postoperatorias, transforman la calidad de vida de las personas que padecen esta condici\u00f3n, permiti\u00e9ndoles recuperar la visi\u00f3n y mejorar significativamente su bienestar, indic\u00f3.<\/p>\n\n\n\n<p>Asimismo, Mara Lezama agradeci\u00f3 al presidente y fundador de la fundaci\u00f3n suiza contra la ceguera en M\u00e9xico, doctor Alexander Heuberger por su compromiso y ayuda por quienes m\u00e1s lo necesitan.<\/p>\n\n\n\n<p>Por su parte, la presidenta honoraria del DIF Quintana Roo, Ver\u00f3nica Lezama Espinosa resalt\u00f3 que la instituci\u00f3n trabaja de manera coordinada con la Secretar\u00eda de Salud y asociaciones como la Fundaci\u00f3n Swiss Against Bridness in M\u00e9xico, para poder realizar el sue\u00f1o de estos pacientes, que sin duda es significativo.<\/p>\n\n\n\n<p>\u201cDe esto se trata el Nuevo Acuerdo por el Bienestar y Desarrollo de Quintana Roo, de trabajar con pasi\u00f3n, con compromiso para mejorar la calidad de vida de todas y todos, porque desde el DIF estatal Somos Seres humanos, ayudando a m\u00e1s seres humanos\u201d, mencion\u00f3.<\/p>\n\n\n\n<p>El secretario de Salud del estado, Flavio Carlos Rosado se\u00f1al\u00f3 que estas cirug\u00edas se realizan en Canc\u00fan y Chetumal, y as\u00ed beneficiar a la poblaci\u00f3n con diagn\u00f3stico de cataratas de los 11 municipios de la entidad, porque de esto se trata este gobierno humanista, ayudar a quienes m\u00e1s lo necesitan y mejorar la salud de todas y todos.<\/p>\n","protected":false},"excerpt":{"rendered":"<p>A trav\u00e9s del Sistema DIF Quintana Roo y en coordinaci\u00f3n con la Secretar\u00eda de Salud y Fundaci\u00f3n Swiss Against Bridness in M\u00e9xico m\u00e1s de 400 personas recuperan la vista con bienestar social y mejora de sus condiciones de vida.<\/p>\n","protected":false},"author":1,"featured_media":5127,"comment_status":"open","ping_status":"closed","sticky":false,"template":"","format":"standard","meta":{"footnotes":""},"categories":[6],"tags":[259],"class_list":["post-5122","post","type-post","status-publish","format-standard","has-post-thumbnail","hentry","category-cancun","tag-mara-lezama"],"yoast_head":"<!-- This site is optimized with the Yoast SEO plugin v27.1.1 - https:\/\/yoast.com\/product\/yoast-seo-wordpress\/ -->\n<title>Impulsa Mara Lezama jornada humanista de cirug\u00eda de cataratas gratuitas con experimentados m\u00e9dicos suizos, porque la salud de las personas s\u00ed importa - Panorama Ciudadano<\/title>\n<meta name=\"robots\" content=\"index, follow, max-snippet:-1, max-image-preview:large, max-video-preview:-1\" \/>\n<link rel=\"canonical\" href=\"https:\/\/panoramaciudadano.com\/index.php\/2024\/10\/12\/impulsa-mara-lezama-jornada-humanista-de-cirugia-de-cataratas-gratuitas-con-experimentados-medicos-suizos-porque-la-salud-de-las-personas-si-importa\/\" \/>\n<meta property=\"og:locale\" content=\"es_ES\" \/>\n<meta property=\"og:type\" content=\"article\" \/>\n<meta property=\"og:title\" content=\"Impulsa Mara Lezama jornada humanista de cirug\u00eda de cataratas gratuitas con experimentados m\u00e9dicos suizos, porque la salud de las personas s\u00ed importa - Panorama Ciudadano\" \/>\n<meta property=\"og:description\" content=\"A trav\u00e9s del Sistema DIF Quintana Roo y en coordinaci\u00f3n con la Secretar\u00eda de Salud y Fundaci\u00f3n Swiss Against Bridness in M\u00e9xico m\u00e1s de 400 personas recuperan la vista con bienestar social y mejora de sus condiciones de vida.\" \/>\n<meta property=\"og:url\" content=\"https:\/\/panoramaciudadano.com\/index.php\/2024\/10\/12\/impulsa-mara-lezama-jornada-humanista-de-cirugia-de-cataratas-gratuitas-con-experimentados-medicos-suizos-porque-la-salud-de-las-personas-si-importa\/\" \/>\n<meta property=\"og:site_name\" content=\"Panorama Ciudadano\" \/>\n<meta property=\"article:publisher\" content=\"https:\/\/www.facebook.com\/panoramaciudadano\" \/>\n<meta property=\"article:published_time\" content=\"2024-10-12T01:17:06+00:00\" \/>\n<meta property=\"article:modified_time\" content=\"2024-10-12T01:17:07+00:00\" \/>\n<meta property=\"og:image\" content=\"https:\/\/panoramaciudadano.com\/wp-content\/uploads\/2024\/10\/3-29.jpeg\" \/>\n\t<meta property=\"og:image:width\" content=\"960\" \/>\n\t<meta property=\"og:image:height\" content=\"640\" \/>\n\t<meta property=\"og:image:type\" content=\"image\/jpeg\" \/>\n<meta name=\"author\" content=\"admin\" \/>\n<meta name=\"twitter:card\" content=\"summary_large_image\" \/>\n<meta name=\"twitter:label1\" content=\"Escrito por\" \/>\n\t<meta name=\"twitter:data1\" content=\"admin\" \/>\n\t<meta name=\"twitter:label2\" content=\"Tiempo de lectura\" \/>\n\t<meta name=\"twitter:data2\" content=\"4 minutos\" \/>\n<script type=\"application\/ld+json\" class=\"yoast-schema-graph\">{\"@context\":\"https:\/\/schema.org\",\"@graph\":[{\"@type\":\"Article\",\"@id\":\"https:\/\/panoramaciudadano.com\/index.php\/2024\/10\/12\/impulsa-mara-lezama-jornada-humanista-de-cirugia-de-cataratas-gratuitas-con-experimentados-medicos-suizos-porque-la-salud-de-las-personas-si-importa\/#article\",\"isPartOf\":{\"@id\":\"https:\/\/panoramaciudadano.com\/index.php\/2024\/10\/12\/impulsa-mara-lezama-jornada-humanista-de-cirugia-de-cataratas-gratuitas-con-experimentados-medicos-suizos-porque-la-salud-de-las-personas-si-importa\/\"},\"author\":{\"name\":\"admin\",\"@id\":\"https:\/\/panoramaciudadano.com\/#\/schema\/person\/ffe9fe8ef47d3a93977b5761fd9e0d96\"},\"headline\":\"Impulsa Mara Lezama jornada humanista de cirug\u00eda de cataratas gratuitas con experimentados m\u00e9dicos suizos, porque la salud de las personas s\u00ed importa\",\"datePublished\":\"2024-10-12T01:17:06+00:00\",\"dateModified\":\"2024-10-12T01:17:07+00:00\",\"mainEntityOfPage\":{\"@id\":\"https:\/\/panoramaciudadano.com\/index.php\/2024\/10\/12\/impulsa-mara-lezama-jornada-humanista-de-cirugia-de-cataratas-gratuitas-con-experimentados-medicos-suizos-porque-la-salud-de-las-personas-si-importa\/\"},\"wordCount\":545,\"commentCount\":0,\"publisher\":{\"@id\":\"https:\/\/panoramaciudadano.com\/#organization\"},\"image\":{\"@id\":\"https:\/\/panoramaciudadano.com\/index.php\/2024\/10\/12\/impulsa-mara-lezama-jornada-humanista-de-cirugia-de-cataratas-gratuitas-con-experimentados-medicos-suizos-porque-la-salud-de-las-personas-si-importa\/#primaryimage\"},\"thumbnailUrl\":\"https:\/\/panoramaciudadano.com\/wp-content\/uploads\/2024\/10\/3-29.jpeg\",\"keywords\":[\"Mara Lezama\"],\"articleSection\":[\"Canc\u00fan\"],\"inLanguage\":\"es\",\"potentialAction\":[{\"@type\":\"CommentAction\",\"name\":\"Comment\",\"target\":[\"https:\/\/panoramaciudadano.com\/index.php\/2024\/10\/12\/impulsa-mara-lezama-jornada-humanista-de-cirugia-de-cataratas-gratuitas-con-experimentados-medicos-suizos-porque-la-salud-de-las-personas-si-importa\/#respond\"]}]},{\"@type\":\"WebPage\",\"@id\":\"https:\/\/panoramaciudadano.com\/index.php\/2024\/10\/12\/impulsa-mara-lezama-jornada-humanista-de-cirugia-de-cataratas-gratuitas-con-experimentados-medicos-suizos-porque-la-salud-de-las-personas-si-importa\/\",\"url\":\"https:\/\/panoramaciudadano.com\/index.php\/2024\/10\/12\/impulsa-mara-lezama-jornada-humanista-de-cirugia-de-cataratas-gratuitas-con-experimentados-medicos-suizos-porque-la-salud-de-las-personas-si-importa\/\",\"name\":\"Impulsa Mara Lezama jornada humanista de cirug\u00eda de cataratas gratuitas con experimentados m\u00e9dicos suizos, porque la salud de las personas s\u00ed importa - Panorama Ciudadano\",\"isPartOf\":{\"@id\":\"https:\/\/panoramaciudadano.com\/#website\"},\"primaryImageOfPage\":{\"@id\":\"https:\/\/panoramaciudadano.com\/index.php\/2024\/10\/12\/impulsa-mara-lezama-jornada-humanista-de-cirugia-de-cataratas-gratuitas-con-experimentados-medicos-suizos-porque-la-salud-de-las-personas-si-importa\/#primaryimage\"},\"image\":{\"@id\":\"https:\/\/panoramaciudadano.com\/index.php\/2024\/10\/12\/impulsa-mara-lezama-jornada-humanista-de-cirugia-de-cataratas-gratuitas-con-experimentados-medicos-suizos-porque-la-salud-de-las-personas-si-importa\/#primaryimage\"},\"thumbnailUrl\":\"https:\/\/panoramaciudadano.com\/wp-content\/uploads\/2024\/10\/3-29.jpeg\",\"datePublished\":\"2024-10-12T01:17:06+00:00\",\"dateModified\":\"2024-10-12T01:17:07+00:00\",\"breadcrumb\":{\"@id\":\"https:\/\/panoramaciudadano.com\/index.php\/2024\/10\/12\/impulsa-mara-lezama-jornada-humanista-de-cirugia-de-cataratas-gratuitas-con-experimentados-medicos-suizos-porque-la-salud-de-las-personas-si-importa\/#breadcrumb\"},\"inLanguage\":\"es\",\"potentialAction\":[{\"@type\":\"ReadAction\",\"target\":[\"https:\/\/panoramaciudadano.com\/index.php\/2024\/10\/12\/impulsa-mara-lezama-jornada-humanista-de-cirugia-de-cataratas-gratuitas-con-experimentados-medicos-suizos-porque-la-salud-de-las-personas-si-importa\/\"]}]},{\"@type\":\"ImageObject\",\"inLanguage\":\"es\",\"@id\":\"https:\/\/panoramaciudadano.com\/index.php\/2024\/10\/12\/impulsa-mara-lezama-jornada-humanista-de-cirugia-de-cataratas-gratuitas-con-experimentados-medicos-suizos-porque-la-salud-de-las-personas-si-importa\/#primaryimage\",\"url\":\"https:\/\/panoramaciudadano.com\/wp-content\/uploads\/2024\/10\/3-29.jpeg\",\"contentUrl\":\"https:\/\/panoramaciudadano.com\/wp-content\/uploads\/2024\/10\/3-29.jpeg\",\"width\":960,\"height\":640},{\"@type\":\"BreadcrumbList\",\"@id\":\"https:\/\/panoramaciudadano.com\/index.php\/2024\/10\/12\/impulsa-mara-lezama-jornada-humanista-de-cirugia-de-cataratas-gratuitas-con-experimentados-medicos-suizos-porque-la-salud-de-las-personas-si-importa\/#breadcrumb\",\"itemListElement\":[{\"@type\":\"ListItem\",\"position\":1,\"name\":\"Portada\",\"item\":\"https:\/\/panoramaciudadano.com\/\"},{\"@type\":\"ListItem\",\"position\":2,\"name\":\"Impulsa Mara Lezama jornada humanista de cirug\u00eda de cataratas gratuitas con experimentados m\u00e9dicos suizos, porque la salud de las personas s\u00ed importa\"}]},{\"@type\":\"WebSite\",\"@id\":\"https:\/\/panoramaciudadano.com\/#website\",\"url\":\"https:\/\/panoramaciudadano.com\/\",\"name\":\"Panorama Ciudadano\",\"description\":\"\",\"publisher\":{\"@id\":\"https:\/\/panoramaciudadano.com\/#organization\"},\"potentialAction\":[{\"@type\":\"SearchAction\",\"target\":{\"@type\":\"EntryPoint\",\"urlTemplate\":\"https:\/\/panoramaciudadano.com\/?s={search_term_string}\"},\"query-input\":{\"@type\":\"PropertyValueSpecification\",\"valueRequired\":true,\"valueName\":\"search_term_string\"}}],\"inLanguage\":\"es\"},{\"@type\":\"Organization\",\"@id\":\"https:\/\/panoramaciudadano.com\/#organization\",\"name\":\"Panorama Ciudadano\",\"url\":\"https:\/\/panoramaciudadano.com\/\",\"logo\":{\"@type\":\"ImageObject\",\"inLanguage\":\"es\",\"@id\":\"https:\/\/panoramaciudadano.com\/#\/schema\/logo\/image\/\",\"url\":\"https:\/\/panoramaciudadano.com\/wp-content\/uploads\/2024\/05\/401498640_919267042938564_6290593609399108733_n.jpg\",\"contentUrl\":\"https:\/\/panoramaciudadano.com\/wp-content\/uploads\/2024\/05\/401498640_919267042938564_6290593609399108733_n.jpg\",\"width\":960,\"height\":957,\"caption\":\"Panorama Ciudadano\"},\"image\":{\"@id\":\"https:\/\/panoramaciudadano.com\/#\/schema\/logo\/image\/\"},\"sameAs\":[\"https:\/\/www.facebook.com\/panoramaciudadano\"]},{\"@type\":\"Person\",\"@id\":\"https:\/\/panoramaciudadano.com\/#\/schema\/person\/ffe9fe8ef47d3a93977b5761fd9e0d96\",\"name\":\"admin\",\"image\":{\"@type\":\"ImageObject\",\"inLanguage\":\"es\",\"@id\":\"https:\/\/panoramaciudadano.com\/#\/schema\/person\/image\/\",\"url\":\"https:\/\/secure.gravatar.com\/avatar\/2d5a12cacce3f18096f25fadea8abb7202fef18ed669595589853e84260ff451?s=96&d=mm&r=g\",\"contentUrl\":\"https:\/\/secure.gravatar.com\/avatar\/2d5a12cacce3f18096f25fadea8abb7202fef18ed669595589853e84260ff451?s=96&d=mm&r=g\",\"caption\":\"admin\"},\"sameAs\":[\"https:\/\/panoramaciudadano.com\"],\"url\":\"https:\/\/panoramaciudadano.com\/index.php\/author\/admin_3q6hyqq3\/\"}]}<\/script>\n<!-- \/ Yoast SEO plugin. -->","yoast_head_json":{"title":"Impulsa Mara Lezama jornada humanista de cirug\u00eda de cataratas gratuitas con experimentados m\u00e9dicos suizos, porque la salud de las personas s\u00ed importa - Panorama Ciudadano","robots":{"index":"index","follow":"follow","max-snippet":"max-snippet:-1","max-image-preview":"max-image-preview:large","max-video-preview":"max-video-preview:-1"},"canonical":"https:\/\/panoramaciudadano.com\/index.php\/2024\/10\/12\/impulsa-mara-lezama-jornada-humanista-de-cirugia-de-cataratas-gratuitas-con-experimentados-medicos-suizos-porque-la-salud-de-las-personas-si-importa\/","og_locale":"es_ES","og_type":"article","og_title":"Impulsa Mara Lezama jornada humanista de cirug\u00eda de cataratas gratuitas con experimentados m\u00e9dicos suizos, porque la salud de las personas s\u00ed importa - Panorama Ciudadano","og_description":"A trav\u00e9s del Sistema DIF Quintana Roo y en coordinaci\u00f3n con la Secretar\u00eda de Salud y Fundaci\u00f3n Swiss Against Bridness in M\u00e9xico m\u00e1s de 400 personas recuperan la vista con bienestar social y mejora de sus condiciones de vida.","og_url":"https:\/\/panoramaciudadano.com\/index.php\/2024\/10\/12\/impulsa-mara-lezama-jornada-humanista-de-cirugia-de-cataratas-gratuitas-con-experimentados-medicos-suizos-porque-la-salud-de-las-personas-si-importa\/","og_site_name":"Panorama Ciudadano","article_publisher":"https:\/\/www.facebook.com\/panoramaciudadano","article_published_time":"2024-10-12T01:17:06+00:00","article_modified_time":"2024-10-12T01:17:07+00:00","og_image":[{"width":960,"height":640,"url":"https:\/\/panoramaciudadano.com\/wp-content\/uploads\/2024\/10\/3-29.jpeg","type":"image\/jpeg"}],"author":"admin","twitter_card":"summary_large_image","twitter_misc":{"Escrito por":"admin","Tiempo de lectura":"4 minutos"},"schema":{"@context":"https:\/\/schema.org","@graph":[{"@type":"Article","@id":"https:\/\/panoramaciudadano.com\/index.php\/2024\/10\/12\/impulsa-mara-lezama-jornada-humanista-de-cirugia-de-cataratas-gratuitas-con-experimentados-medicos-suizos-porque-la-salud-de-las-personas-si-importa\/#article","isPartOf":{"@id":"https:\/\/panoramaciudadano.com\/index.php\/2024\/10\/12\/impulsa-mara-lezama-jornada-humanista-de-cirugia-de-cataratas-gratuitas-con-experimentados-medicos-suizos-porque-la-salud-de-las-personas-si-importa\/"},"author":{"name":"admin","@id":"https:\/\/panoramaciudadano.com\/#\/schema\/person\/ffe9fe8ef47d3a93977b5761fd9e0d96"},"headline":"Impulsa Mara Lezama jornada humanista de cirug\u00eda de cataratas gratuitas con experimentados m\u00e9dicos suizos, porque la salud de las personas s\u00ed importa","datePublished":"2024-10-12T01:17:06+00:00","dateModified":"2024-10-12T01:17:07+00:00","mainEntityOfPage":{"@id":"https:\/\/panoramaciudadano.com\/index.php\/2024\/10\/12\/impulsa-mara-lezama-jornada-humanista-de-cirugia-de-cataratas-gratuitas-con-experimentados-medicos-suizos-porque-la-salud-de-las-personas-si-importa\/"},"wordCount":545,"commentCount":0,"publisher":{"@id":"https:\/\/panoramaciudadano.com\/#organization"},"image":{"@id":"https:\/\/panoramaciudadano.com\/index.php\/2024\/10\/12\/impulsa-mara-lezama-jornada-humanista-de-cirugia-de-cataratas-gratuitas-con-experimentados-medicos-suizos-porque-la-salud-de-las-personas-si-importa\/#primaryimage"},"thumbnailUrl":"https:\/\/panoramaciudadano.com\/wp-content\/uploads\/2024\/10\/3-29.jpeg","keywords":["Mara Lezama"],"articleSection":["Canc\u00fan"],"inLanguage":"es","potentialAction":[{"@type":"CommentAction","name":"Comment","target":["https:\/\/panoramaciudadano.com\/index.php\/2024\/10\/12\/impulsa-mara-lezama-jornada-humanista-de-cirugia-de-cataratas-gratuitas-con-experimentados-medicos-suizos-porque-la-salud-de-las-personas-si-importa\/#respond"]}]},{"@type":"WebPage","@id":"https:\/\/panoramaciudadano.com\/index.php\/2024\/10\/12\/impulsa-mara-lezama-jornada-humanista-de-cirugia-de-cataratas-gratuitas-con-experimentados-medicos-suizos-porque-la-salud-de-las-personas-si-importa\/","url":"https:\/\/panoramaciudadano.com\/index.php\/2024\/10\/12\/impulsa-mara-lezama-jornada-humanista-de-cirugia-de-cataratas-gratuitas-con-experimentados-medicos-suizos-porque-la-salud-de-las-personas-si-importa\/","name":"Impulsa Mara Lezama jornada humanista de cirug\u00eda de cataratas gratuitas con experimentados m\u00e9dicos suizos, porque la salud de las personas s\u00ed importa - Panorama Ciudadano","isPartOf":{"@id":"https:\/\/panoramaciudadano.com\/#website"},"primaryImageOfPage":{"@id":"https:\/\/panoramaciudadano.com\/index.php\/2024\/10\/12\/impulsa-mara-lezama-jornada-humanista-de-cirugia-de-cataratas-gratuitas-con-experimentados-medicos-suizos-porque-la-salud-de-las-personas-si-importa\/#primaryimage"},"image":{"@id":"https:\/\/panoramaciudadano.com\/index.php\/2024\/10\/12\/impulsa-mara-lezama-jornada-humanista-de-cirugia-de-cataratas-gratuitas-con-experimentados-medicos-suizos-porque-la-salud-de-las-personas-si-importa\/#primaryimage"},"thumbnailUrl":"https:\/\/panoramaciudadano.com\/wp-content\/uploads\/2024\/10\/3-29.jpeg","datePublished":"2024-10-12T01:17:06+00:00","dateModified":"2024-10-12T01:17:07+00:00","breadcrumb":{"@id":"https:\/\/panoramaciudadano.com\/index.php\/2024\/10\/12\/impulsa-mara-lezama-jornada-humanista-de-cirugia-de-cataratas-gratuitas-con-experimentados-medicos-suizos-porque-la-salud-de-las-personas-si-importa\/#breadcrumb"},"inLanguage":"es","potentialAction":[{"@type":"ReadAction","target":["https:\/\/panoramaciudadano.com\/index.php\/2024\/10\/12\/impulsa-mara-lezama-jornada-humanista-de-cirugia-de-cataratas-gratuitas-con-experimentados-medicos-suizos-porque-la-salud-de-las-personas-si-importa\/"]}]},{"@type":"ImageObject","inLanguage":"es","@id":"https:\/\/panoramaciudadano.com\/index.php\/2024\/10\/12\/impulsa-mara-lezama-jornada-humanista-de-cirugia-de-cataratas-gratuitas-con-experimentados-medicos-suizos-porque-la-salud-de-las-personas-si-importa\/#primaryimage","url":"https:\/\/panoramaciudadano.com\/wp-content\/uploads\/2024\/10\/3-29.jpeg","contentUrl":"https:\/\/panoramaciudadano.com\/wp-content\/uploads\/2024\/10\/3-29.jpeg","width":960,"height":640},{"@type":"BreadcrumbList","@id":"https:\/\/panoramaciudadano.com\/index.php\/2024\/10\/12\/impulsa-mara-lezama-jornada-humanista-de-cirugia-de-cataratas-gratuitas-con-experimentados-medicos-suizos-porque-la-salud-de-las-personas-si-importa\/#breadcrumb","itemListElement":[{"@type":"ListItem","position":1,"name":"Portada","item":"https:\/\/panoramaciudadano.com\/"},{"@type":"ListItem","position":2,"name":"Impulsa Mara Lezama jornada humanista de cirug\u00eda de cataratas gratuitas con experimentados m\u00e9dicos suizos, porque la salud de las personas s\u00ed importa"}]},{"@type":"WebSite","@id":"https:\/\/panoramaciudadano.com\/#website","url":"https:\/\/panoramaciudadano.com\/","name":"Panorama Ciudadano","description":"","publisher":{"@id":"https:\/\/panoramaciudadano.com\/#organization"},"potentialAction":[{"@type":"SearchAction","target":{"@type":"EntryPoint","urlTemplate":"https:\/\/panoramaciudadano.com\/?s={search_term_string}"},"query-input":{"@type":"PropertyValueSpecification","valueRequired":true,"valueName":"search_term_string"}}],"inLanguage":"es"},{"@type":"Organization","@id":"https:\/\/panoramaciudadano.com\/#organization","name":"Panorama Ciudadano","url":"https:\/\/panoramaciudadano.com\/","logo":{"@type":"ImageObject","inLanguage":"es","@id":"https:\/\/panoramaciudadano.com\/#\/schema\/logo\/image\/","url":"https:\/\/panoramaciudadano.com\/wp-content\/uploads\/2024\/05\/401498640_919267042938564_6290593609399108733_n.jpg","contentUrl":"https:\/\/panoramaciudadano.com\/wp-content\/uploads\/2024\/05\/401498640_919267042938564_6290593609399108733_n.jpg","width":960,"height":957,"caption":"Panorama Ciudadano"},"image":{"@id":"https:\/\/panoramaciudadano.com\/#\/schema\/logo\/image\/"},"sameAs":["https:\/\/www.facebook.com\/panoramaciudadano"]},{"@type":"Person","@id":"https:\/\/panoramaciudadano.com\/#\/schema\/person\/ffe9fe8ef47d3a93977b5761fd9e0d96","name":"admin","image":{"@type":"ImageObject","inLanguage":"es","@id":"https:\/\/panoramaciudadano.com\/#\/schema\/person\/image\/","url":"https:\/\/secure.gravatar.com\/avatar\/2d5a12cacce3f18096f25fadea8abb7202fef18ed669595589853e84260ff451?s=96&d=mm&r=g","contentUrl":"https:\/\/secure.gravatar.com\/avatar\/2d5a12cacce3f18096f25fadea8abb7202fef18ed669595589853e84260ff451?s=96&d=mm&r=g","caption":"admin"},"sameAs":["https:\/\/panoramaciudadano.com"],"url":"https:\/\/panoramaciudadano.com\/index.php\/author\/admin_3q6hyqq3\/"}]}},"_links":{"self":[{"href":"https:\/\/panoramaciudadano.com\/index.php\/wp-json\/wp\/v2\/posts\/5122","targetHints":{"allow":["GET"]}}],"collection":[{"href":"https:\/\/panoramaciudadano.com\/index.php\/wp-json\/wp\/v2\/posts"}],"about":[{"href":"https:\/\/panoramaciudadano.com\/index.php\/wp-json\/wp\/v2\/types\/post"}],"author":[{"embeddable":true,"href":"https:\/\/panoramaciudadano.com\/index.php\/wp-json\/wp\/v2\/users\/1"}],"replies":[{"embeddable":true,"href":"https:\/\/panoramaciudadano.com\/index.php\/wp-json\/wp\/v2\/comments?post=5122"}],"version-history":[{"count":1,"href":"https:\/\/panoramaciudadano.com\/index.php\/wp-json\/wp\/v2\/posts\/5122\/revisions"}],"predecessor-version":[{"id":5128,"href":"https:\/\/panoramaciudadano.com\/index.php\/wp-json\/wp\/v2\/posts\/5122\/revisions\/5128"}],"wp:featuredmedia":[{"embeddable":true,"href":"https:\/\/panoramaciudadano.com\/index.php\/wp-json\/wp\/v2\/media\/5127"}],"wp:attachment":[{"href":"https:\/\/panoramaciudadano.com\/index.php\/wp-json\/wp\/v2\/media?parent=5122"}],"wp:term":[{"taxonomy":"category","embeddable":true,"href":"https:\/\/panoramaciudadano.com\/index.php\/wp-json\/wp\/v2\/categories?post=5122"},{"taxonomy":"post_tag","embeddable":true,"href":"https:\/\/panoramaciudadano.com\/index.php\/wp-json\/wp\/v2\/tags?post=5122"}],"curies":[{"name":"wp","href":"https:\/\/api.w.org\/{rel}","templated":true}]}}