{"id":5148,"date":"2024-10-13T22:52:33","date_gmt":"2024-10-13T15:52:33","guid":{"rendered":"https:\/\/panoramaciudadano.com\/?p=5148"},"modified":"2024-10-14T22:53:02","modified_gmt":"2024-10-14T15:53:02","slug":"aparatoso-accidente-en-la-avenida-luis-donaldo-colosio-deja-cuantiosos-danos","status":"publish","type":"post","link":"https:\/\/panoramaciudadano.com\/index.php\/2024\/10\/13\/aparatoso-accidente-en-la-avenida-luis-donaldo-colosio-deja-cuantiosos-danos\/","title":{"rendered":"Aparatoso accidente en la avenida Luis Donaldo Colosio deja cuantiosos da\u00f1os"},"content":{"rendered":"\n<figure class=\"wp-block-image size-large\"><img decoding=\"async\" width=\"1024\" height=\"768\" src=\"https:\/\/panoramaciudadano.com\/wp-content\/uploads\/2024\/10\/WhatsApp-Image-2024-10-12-at-12.30.33-1024x768.jpeg\" alt=\"\" class=\"wp-image-5149\" srcset=\"https:\/\/panoramaciudadano.com\/wp-content\/uploads\/2024\/10\/WhatsApp-Image-2024-10-12-at-12.30.33-1024x768.jpeg 1024w, https:\/\/panoramaciudadano.com\/wp-content\/uploads\/2024\/10\/WhatsApp-Image-2024-10-12-at-12.30.33-300x225.jpeg 300w, https:\/\/panoramaciudadano.com\/wp-content\/uploads\/2024\/10\/WhatsApp-Image-2024-10-12-at-12.30.33-768x576.jpeg 768w, https:\/\/panoramaciudadano.com\/wp-content\/uploads\/2024\/10\/WhatsApp-Image-2024-10-12-at-12.30.33-1536x1152.jpeg 1536w, https:\/\/panoramaciudadano.com\/wp-content\/uploads\/2024\/10\/WhatsApp-Image-2024-10-12-at-12.30.33.jpeg 1600w\" sizes=\"(max-width: 1024px) 100vw, 1024px\" \/><\/figure>\n\n\n\n<p>Fue anoche esta madrugada cuando los agentes de tr\u00e1nsito se activaron a verificar un accidente en la supermanzana 307 de Bonfil.<\/p>\n\n\n\n<p>Seg\u00fan testigos el autom\u00f3vil. Circulaba con direcci\u00f3n al centro de la ciudad cuando el auto kia conducido por un gerente de restaurant se estrell\u00f3 por alcance contra un corolla proyect\u00e1ndolo afuera del carril hasta que se volc\u00f3 con sus ocupantes.<\/p>\n\n\n\n<p>Los param\u00e9dicos acudieron pero solo fue para realizar valoraciones &nbsp;pues no se necesit\u00f3 traslado, pero los agentes de transito se hicieron cargo del hecho para determinar la responsabilidad.<\/p>\n","protected":false},"excerpt":{"rendered":"<p>Fue anoche esta madrugada cuando los agentes de tr\u00e1nsito se activaron a verificar un accidente en la supermanzana 307 de Bonfil.<\/p>\n","protected":false},"author":1,"featured_media":5149,"comment_status":"open","ping_status":"closed","sticky":false,"template":"","format":"standard","meta":{"footnotes":""},"categories":[6],"tags":[519,1720],"class_list":["post-5148","post","type-post","status-publish","format-standard","has-post-thumbnail","hentry","category-cancun","tag-aparatoso-accidente","tag-sm-307"],"yoast_head":"<!-- This site is optimized with the Yoast SEO plugin v27.1.1 - https:\/\/yoast.com\/product\/yoast-seo-wordpress\/ -->\n<title>Aparatoso accidente en la avenida Luis Donaldo Colosio deja cuantiosos da\u00f1os - Panorama Ciudadano<\/title>\n<meta name=\"robots\" content=\"index, follow, max-snippet:-1, max-image-preview:large, max-video-preview:-1\" \/>\n<link rel=\"canonical\" href=\"https:\/\/panoramaciudadano.com\/index.php\/2024\/10\/13\/aparatoso-accidente-en-la-avenida-luis-donaldo-colosio-deja-cuantiosos-danos\/\" \/>\n<meta property=\"og:locale\" content=\"es_ES\" \/>\n<meta property=\"og:type\" content=\"article\" \/>\n<meta property=\"og:title\" content=\"Aparatoso accidente en la avenida Luis Donaldo Colosio deja cuantiosos da\u00f1os - Panorama Ciudadano\" \/>\n<meta property=\"og:description\" content=\"Fue anoche esta madrugada cuando los agentes de tr\u00e1nsito se activaron a verificar un accidente en la supermanzana 307 de Bonfil.\" \/>\n<meta property=\"og:url\" content=\"https:\/\/panoramaciudadano.com\/index.php\/2024\/10\/13\/aparatoso-accidente-en-la-avenida-luis-donaldo-colosio-deja-cuantiosos-danos\/\" \/>\n<meta property=\"og:site_name\" content=\"Panorama Ciudadano\" \/>\n<meta property=\"article:publisher\" content=\"https:\/\/www.facebook.com\/panoramaciudadano\" \/>\n<meta property=\"article:published_time\" content=\"2024-10-13T15:52:33+00:00\" \/>\n<meta property=\"article:modified_time\" content=\"2024-10-14T15:53:02+00:00\" \/>\n<meta property=\"og:image\" content=\"https:\/\/panoramaciudadano.com\/wp-content\/uploads\/2024\/10\/WhatsApp-Image-2024-10-12-at-12.30.33.jpeg\" \/>\n\t<meta property=\"og:image:width\" content=\"1600\" \/>\n\t<meta property=\"og:image:height\" content=\"1200\" \/>\n\t<meta property=\"og:image:type\" content=\"image\/jpeg\" \/>\n<meta name=\"author\" content=\"admin\" \/>\n<meta name=\"twitter:card\" content=\"summary_large_image\" \/>\n<meta name=\"twitter:label1\" content=\"Escrito por\" \/>\n\t<meta name=\"twitter:data1\" content=\"admin\" \/>\n\t<meta name=\"twitter:label2\" content=\"Tiempo de lectura\" \/>\n\t<meta name=\"twitter:data2\" content=\"1 minuto\" \/>\n<script type=\"application\/ld+json\" class=\"yoast-schema-graph\">{\"@context\":\"https:\/\/schema.org\",\"@graph\":[{\"@type\":\"Article\",\"@id\":\"https:\/\/panoramaciudadano.com\/index.php\/2024\/10\/13\/aparatoso-accidente-en-la-avenida-luis-donaldo-colosio-deja-cuantiosos-danos\/#article\",\"isPartOf\":{\"@id\":\"https:\/\/panoramaciudadano.com\/index.php\/2024\/10\/13\/aparatoso-accidente-en-la-avenida-luis-donaldo-colosio-deja-cuantiosos-danos\/\"},\"author\":{\"name\":\"admin\",\"@id\":\"https:\/\/panoramaciudadano.com\/#\/schema\/person\/ffe9fe8ef47d3a93977b5761fd9e0d96\"},\"headline\":\"Aparatoso accidente en la avenida Luis Donaldo Colosio deja cuantiosos da\u00f1os\",\"datePublished\":\"2024-10-13T15:52:33+00:00\",\"dateModified\":\"2024-10-14T15:53:02+00:00\",\"mainEntityOfPage\":{\"@id\":\"https:\/\/panoramaciudadano.com\/index.php\/2024\/10\/13\/aparatoso-accidente-en-la-avenida-luis-donaldo-colosio-deja-cuantiosos-danos\/\"},\"wordCount\":107,\"commentCount\":0,\"publisher\":{\"@id\":\"https:\/\/panoramaciudadano.com\/#organization\"},\"image\":{\"@id\":\"https:\/\/panoramaciudadano.com\/index.php\/2024\/10\/13\/aparatoso-accidente-en-la-avenida-luis-donaldo-colosio-deja-cuantiosos-danos\/#primaryimage\"},\"thumbnailUrl\":\"https:\/\/panoramaciudadano.com\/wp-content\/uploads\/2024\/10\/WhatsApp-Image-2024-10-12-at-12.30.33.jpeg\",\"keywords\":[\"aparatoso accidente\",\"SM 307\"],\"articleSection\":[\"Canc\u00fan\"],\"inLanguage\":\"es\",\"potentialAction\":[{\"@type\":\"CommentAction\",\"name\":\"Comment\",\"target\":[\"https:\/\/panoramaciudadano.com\/index.php\/2024\/10\/13\/aparatoso-accidente-en-la-avenida-luis-donaldo-colosio-deja-cuantiosos-danos\/#respond\"]}]},{\"@type\":\"WebPage\",\"@id\":\"https:\/\/panoramaciudadano.com\/index.php\/2024\/10\/13\/aparatoso-accidente-en-la-avenida-luis-donaldo-colosio-deja-cuantiosos-danos\/\",\"url\":\"https:\/\/panoramaciudadano.com\/index.php\/2024\/10\/13\/aparatoso-accidente-en-la-avenida-luis-donaldo-colosio-deja-cuantiosos-danos\/\",\"name\":\"Aparatoso accidente en la avenida Luis Donaldo Colosio deja cuantiosos da\u00f1os - Panorama Ciudadano\",\"isPartOf\":{\"@id\":\"https:\/\/panoramaciudadano.com\/#website\"},\"primaryImageOfPage\":{\"@id\":\"https:\/\/panoramaciudadano.com\/index.php\/2024\/10\/13\/aparatoso-accidente-en-la-avenida-luis-donaldo-colosio-deja-cuantiosos-danos\/#primaryimage\"},\"image\":{\"@id\":\"https:\/\/panoramaciudadano.com\/index.php\/2024\/10\/13\/aparatoso-accidente-en-la-avenida-luis-donaldo-colosio-deja-cuantiosos-danos\/#primaryimage\"},\"thumbnailUrl\":\"https:\/\/panoramaciudadano.com\/wp-content\/uploads\/2024\/10\/WhatsApp-Image-2024-10-12-at-12.30.33.jpeg\",\"datePublished\":\"2024-10-13T15:52:33+00:00\",\"dateModified\":\"2024-10-14T15:53:02+00:00\",\"breadcrumb\":{\"@id\":\"https:\/\/panoramaciudadano.com\/index.php\/2024\/10\/13\/aparatoso-accidente-en-la-avenida-luis-donaldo-colosio-deja-cuantiosos-danos\/#breadcrumb\"},\"inLanguage\":\"es\",\"potentialAction\":[{\"@type\":\"ReadAction\",\"target\":[\"https:\/\/panoramaciudadano.com\/index.php\/2024\/10\/13\/aparatoso-accidente-en-la-avenida-luis-donaldo-colosio-deja-cuantiosos-danos\/\"]}]},{\"@type\":\"ImageObject\",\"inLanguage\":\"es\",\"@id\":\"https:\/\/panoramaciudadano.com\/index.php\/2024\/10\/13\/aparatoso-accidente-en-la-avenida-luis-donaldo-colosio-deja-cuantiosos-danos\/#primaryimage\",\"url\":\"https:\/\/panoramaciudadano.com\/wp-content\/uploads\/2024\/10\/WhatsApp-Image-2024-10-12-at-12.30.33.jpeg\",\"contentUrl\":\"https:\/\/panoramaciudadano.com\/wp-content\/uploads\/2024\/10\/WhatsApp-Image-2024-10-12-at-12.30.33.jpeg\",\"width\":1600,\"height\":1200},{\"@type\":\"BreadcrumbList\",\"@id\":\"https:\/\/panoramaciudadano.com\/index.php\/2024\/10\/13\/aparatoso-accidente-en-la-avenida-luis-donaldo-colosio-deja-cuantiosos-danos\/#breadcrumb\",\"itemListElement\":[{\"@type\":\"ListItem\",\"position\":1,\"name\":\"Portada\",\"item\":\"https:\/\/panoramaciudadano.com\/\"},{\"@type\":\"ListItem\",\"position\":2,\"name\":\"Aparatoso accidente en la avenida Luis Donaldo Colosio deja cuantiosos da\u00f1os\"}]},{\"@type\":\"WebSite\",\"@id\":\"https:\/\/panoramaciudadano.com\/#website\",\"url\":\"https:\/\/panoramaciudadano.com\/\",\"name\":\"Panorama Ciudadano\",\"description\":\"\",\"publisher\":{\"@id\":\"https:\/\/panoramaciudadano.com\/#organization\"},\"potentialAction\":[{\"@type\":\"SearchAction\",\"target\":{\"@type\":\"EntryPoint\",\"urlTemplate\":\"https:\/\/panoramaciudadano.com\/?s={search_term_string}\"},\"query-input\":{\"@type\":\"PropertyValueSpecification\",\"valueRequired\":true,\"valueName\":\"search_term_string\"}}],\"inLanguage\":\"es\"},{\"@type\":\"Organization\",\"@id\":\"https:\/\/panoramaciudadano.com\/#organization\",\"name\":\"Panorama Ciudadano\",\"url\":\"https:\/\/panoramaciudadano.com\/\",\"logo\":{\"@type\":\"ImageObject\",\"inLanguage\":\"es\",\"@id\":\"https:\/\/panoramaciudadano.com\/#\/schema\/logo\/image\/\",\"url\":\"https:\/\/panoramaciudadano.com\/wp-content\/uploads\/2024\/05\/401498640_919267042938564_6290593609399108733_n.jpg\",\"contentUrl\":\"https:\/\/panoramaciudadano.com\/wp-content\/uploads\/2024\/05\/401498640_919267042938564_6290593609399108733_n.jpg\",\"width\":960,\"height\":957,\"caption\":\"Panorama Ciudadano\"},\"image\":{\"@id\":\"https:\/\/panoramaciudadano.com\/#\/schema\/logo\/image\/\"},\"sameAs\":[\"https:\/\/www.facebook.com\/panoramaciudadano\"]},{\"@type\":\"Person\",\"@id\":\"https:\/\/panoramaciudadano.com\/#\/schema\/person\/ffe9fe8ef47d3a93977b5761fd9e0d96\",\"name\":\"admin\",\"image\":{\"@type\":\"ImageObject\",\"inLanguage\":\"es\",\"@id\":\"https:\/\/panoramaciudadano.com\/#\/schema\/person\/image\/\",\"url\":\"https:\/\/secure.gravatar.com\/avatar\/2d5a12cacce3f18096f25fadea8abb7202fef18ed669595589853e84260ff451?s=96&d=mm&r=g\",\"contentUrl\":\"https:\/\/secure.gravatar.com\/avatar\/2d5a12cacce3f18096f25fadea8abb7202fef18ed669595589853e84260ff451?s=96&d=mm&r=g\",\"caption\":\"admin\"},\"sameAs\":[\"https:\/\/panoramaciudadano.com\"],\"url\":\"https:\/\/panoramaciudadano.com\/index.php\/author\/admin_3q6hyqq3\/\"}]}<\/script>\n<!-- \/ Yoast SEO plugin. -->","yoast_head_json":{"title":"Aparatoso accidente en la avenida Luis Donaldo Colosio deja cuantiosos da\u00f1os - Panorama Ciudadano","robots":{"index":"index","follow":"follow","max-snippet":"max-snippet:-1","max-image-preview":"max-image-preview:large","max-video-preview":"max-video-preview:-1"},"canonical":"https:\/\/panoramaciudadano.com\/index.php\/2024\/10\/13\/aparatoso-accidente-en-la-avenida-luis-donaldo-colosio-deja-cuantiosos-danos\/","og_locale":"es_ES","og_type":"article","og_title":"Aparatoso accidente en la avenida Luis Donaldo Colosio deja cuantiosos da\u00f1os - Panorama Ciudadano","og_description":"Fue anoche esta madrugada cuando los agentes de tr\u00e1nsito se activaron a verificar un accidente en la supermanzana 307 de Bonfil.","og_url":"https:\/\/panoramaciudadano.com\/index.php\/2024\/10\/13\/aparatoso-accidente-en-la-avenida-luis-donaldo-colosio-deja-cuantiosos-danos\/","og_site_name":"Panorama Ciudadano","article_publisher":"https:\/\/www.facebook.com\/panoramaciudadano","article_published_time":"2024-10-13T15:52:33+00:00","article_modified_time":"2024-10-14T15:53:02+00:00","og_image":[{"width":1600,"height":1200,"url":"https:\/\/panoramaciudadano.com\/wp-content\/uploads\/2024\/10\/WhatsApp-Image-2024-10-12-at-12.30.33.jpeg","type":"image\/jpeg"}],"author":"admin","twitter_card":"summary_large_image","twitter_misc":{"Escrito por":"admin","Tiempo de lectura":"1 minuto"},"schema":{"@context":"https:\/\/schema.org","@graph":[{"@type":"Article","@id":"https:\/\/panoramaciudadano.com\/index.php\/2024\/10\/13\/aparatoso-accidente-en-la-avenida-luis-donaldo-colosio-deja-cuantiosos-danos\/#article","isPartOf":{"@id":"https:\/\/panoramaciudadano.com\/index.php\/2024\/10\/13\/aparatoso-accidente-en-la-avenida-luis-donaldo-colosio-deja-cuantiosos-danos\/"},"author":{"name":"admin","@id":"https:\/\/panoramaciudadano.com\/#\/schema\/person\/ffe9fe8ef47d3a93977b5761fd9e0d96"},"headline":"Aparatoso accidente en la avenida Luis Donaldo Colosio deja cuantiosos da\u00f1os","datePublished":"2024-10-13T15:52:33+00:00","dateModified":"2024-10-14T15:53:02+00:00","mainEntityOfPage":{"@id":"https:\/\/panoramaciudadano.com\/index.php\/2024\/10\/13\/aparatoso-accidente-en-la-avenida-luis-donaldo-colosio-deja-cuantiosos-danos\/"},"wordCount":107,"commentCount":0,"publisher":{"@id":"https:\/\/panoramaciudadano.com\/#organization"},"image":{"@id":"https:\/\/panoramaciudadano.com\/index.php\/2024\/10\/13\/aparatoso-accidente-en-la-avenida-luis-donaldo-colosio-deja-cuantiosos-danos\/#primaryimage"},"thumbnailUrl":"https:\/\/panoramaciudadano.com\/wp-content\/uploads\/2024\/10\/WhatsApp-Image-2024-10-12-at-12.30.33.jpeg","keywords":["aparatoso accidente","SM 307"],"articleSection":["Canc\u00fan"],"inLanguage":"es","potentialAction":[{"@type":"CommentAction","name":"Comment","target":["https:\/\/panoramaciudadano.com\/index.php\/2024\/10\/13\/aparatoso-accidente-en-la-avenida-luis-donaldo-colosio-deja-cuantiosos-danos\/#respond"]}]},{"@type":"WebPage","@id":"https:\/\/panoramaciudadano.com\/index.php\/2024\/10\/13\/aparatoso-accidente-en-la-avenida-luis-donaldo-colosio-deja-cuantiosos-danos\/","url":"https:\/\/panoramaciudadano.com\/index.php\/2024\/10\/13\/aparatoso-accidente-en-la-avenida-luis-donaldo-colosio-deja-cuantiosos-danos\/","name":"Aparatoso accidente en la avenida Luis Donaldo Colosio deja cuantiosos da\u00f1os - Panorama Ciudadano","isPartOf":{"@id":"https:\/\/panoramaciudadano.com\/#website"},"primaryImageOfPage":{"@id":"https:\/\/panoramaciudadano.com\/index.php\/2024\/10\/13\/aparatoso-accidente-en-la-avenida-luis-donaldo-colosio-deja-cuantiosos-danos\/#primaryimage"},"image":{"@id":"https:\/\/panoramaciudadano.com\/index.php\/2024\/10\/13\/aparatoso-accidente-en-la-avenida-luis-donaldo-colosio-deja-cuantiosos-danos\/#primaryimage"},"thumbnailUrl":"https:\/\/panoramaciudadano.com\/wp-content\/uploads\/2024\/10\/WhatsApp-Image-2024-10-12-at-12.30.33.jpeg","datePublished":"2024-10-13T15:52:33+00:00","dateModified":"2024-10-14T15:53:02+00:00","breadcrumb":{"@id":"https:\/\/panoramaciudadano.com\/index.php\/2024\/10\/13\/aparatoso-accidente-en-la-avenida-luis-donaldo-colosio-deja-cuantiosos-danos\/#breadcrumb"},"inLanguage":"es","potentialAction":[{"@type":"ReadAction","target":["https:\/\/panoramaciudadano.com\/index.php\/2024\/10\/13\/aparatoso-accidente-en-la-avenida-luis-donaldo-colosio-deja-cuantiosos-danos\/"]}]},{"@type":"ImageObject","inLanguage":"es","@id":"https:\/\/panoramaciudadano.com\/index.php\/2024\/10\/13\/aparatoso-accidente-en-la-avenida-luis-donaldo-colosio-deja-cuantiosos-danos\/#primaryimage","url":"https:\/\/panoramaciudadano.com\/wp-content\/uploads\/2024\/10\/WhatsApp-Image-2024-10-12-at-12.30.33.jpeg","contentUrl":"https:\/\/panoramaciudadano.com\/wp-content\/uploads\/2024\/10\/WhatsApp-Image-2024-10-12-at-12.30.33.jpeg","width":1600,"height":1200},{"@type":"BreadcrumbList","@id":"https:\/\/panoramaciudadano.com\/index.php\/2024\/10\/13\/aparatoso-accidente-en-la-avenida-luis-donaldo-colosio-deja-cuantiosos-danos\/#breadcrumb","itemListElement":[{"@type":"ListItem","position":1,"name":"Portada","item":"https:\/\/panoramaciudadano.com\/"},{"@type":"ListItem","position":2,"name":"Aparatoso accidente en la avenida Luis Donaldo Colosio deja cuantiosos da\u00f1os"}]},{"@type":"WebSite","@id":"https:\/\/panoramaciudadano.com\/#website","url":"https:\/\/panoramaciudadano.com\/","name":"Panorama Ciudadano","description":"","publisher":{"@id":"https:\/\/panoramaciudadano.com\/#organization"},"potentialAction":[{"@type":"SearchAction","target":{"@type":"EntryPoint","urlTemplate":"https:\/\/panoramaciudadano.com\/?s={search_term_string}"},"query-input":{"@type":"PropertyValueSpecification","valueRequired":true,"valueName":"search_term_string"}}],"inLanguage":"es"},{"@type":"Organization","@id":"https:\/\/panoramaciudadano.com\/#organization","name":"Panorama Ciudadano","url":"https:\/\/panoramaciudadano.com\/","logo":{"@type":"ImageObject","inLanguage":"es","@id":"https:\/\/panoramaciudadano.com\/#\/schema\/logo\/image\/","url":"https:\/\/panoramaciudadano.com\/wp-content\/uploads\/2024\/05\/401498640_919267042938564_6290593609399108733_n.jpg","contentUrl":"https:\/\/panoramaciudadano.com\/wp-content\/uploads\/2024\/05\/401498640_919267042938564_6290593609399108733_n.jpg","width":960,"height":957,"caption":"Panorama Ciudadano"},"image":{"@id":"https:\/\/panoramaciudadano.com\/#\/schema\/logo\/image\/"},"sameAs":["https:\/\/www.facebook.com\/panoramaciudadano"]},{"@type":"Person","@id":"https:\/\/panoramaciudadano.com\/#\/schema\/person\/ffe9fe8ef47d3a93977b5761fd9e0d96","name":"admin","image":{"@type":"ImageObject","inLanguage":"es","@id":"https:\/\/panoramaciudadano.com\/#\/schema\/person\/image\/","url":"https:\/\/secure.gravatar.com\/avatar\/2d5a12cacce3f18096f25fadea8abb7202fef18ed669595589853e84260ff451?s=96&d=mm&r=g","contentUrl":"https:\/\/secure.gravatar.com\/avatar\/2d5a12cacce3f18096f25fadea8abb7202fef18ed669595589853e84260ff451?s=96&d=mm&r=g","caption":"admin"},"sameAs":["https:\/\/panoramaciudadano.com"],"url":"https:\/\/panoramaciudadano.com\/index.php\/author\/admin_3q6hyqq3\/"}]}},"_links":{"self":[{"href":"https:\/\/panoramaciudadano.com\/index.php\/wp-json\/wp\/v2\/posts\/5148","targetHints":{"allow":["GET"]}}],"collection":[{"href":"https:\/\/panoramaciudadano.com\/index.php\/wp-json\/wp\/v2\/posts"}],"about":[{"href":"https:\/\/panoramaciudadano.com\/index.php\/wp-json\/wp\/v2\/types\/post"}],"author":[{"embeddable":true,"href":"https:\/\/panoramaciudadano.com\/index.php\/wp-json\/wp\/v2\/users\/1"}],"replies":[{"embeddable":true,"href":"https:\/\/panoramaciudadano.com\/index.php\/wp-json\/wp\/v2\/comments?post=5148"}],"version-history":[{"count":1,"href":"https:\/\/panoramaciudadano.com\/index.php\/wp-json\/wp\/v2\/posts\/5148\/revisions"}],"predecessor-version":[{"id":5150,"href":"https:\/\/panoramaciudadano.com\/index.php\/wp-json\/wp\/v2\/posts\/5148\/revisions\/5150"}],"wp:featuredmedia":[{"embeddable":true,"href":"https:\/\/panoramaciudadano.com\/index.php\/wp-json\/wp\/v2\/media\/5149"}],"wp:attachment":[{"href":"https:\/\/panoramaciudadano.com\/index.php\/wp-json\/wp\/v2\/media?parent=5148"}],"wp:term":[{"taxonomy":"category","embeddable":true,"href":"https:\/\/panoramaciudadano.com\/index.php\/wp-json\/wp\/v2\/categories?post=5148"},{"taxonomy":"post_tag","embeddable":true,"href":"https:\/\/panoramaciudadano.com\/index.php\/wp-json\/wp\/v2\/tags?post=5148"}],"curies":[{"name":"wp","href":"https:\/\/api.w.org\/{rel}","templated":true}]}}