{"id":5852,"date":"2024-10-28T23:50:39","date_gmt":"2024-10-28T16:50:39","guid":{"rendered":"https:\/\/panoramaciudadano.com\/?p=5852"},"modified":"2024-10-28T23:50:40","modified_gmt":"2024-10-28T16:50:40","slug":"refuerza-ana-paty-peralta-al-c2-con-equipo-tecnologico-para-la-seguridad-de-cancun","status":"publish","type":"post","link":"https:\/\/panoramaciudadano.com\/index.php\/2024\/10\/28\/refuerza-ana-paty-peralta-al-c2-con-equipo-tecnologico-para-la-seguridad-de-cancun\/","title":{"rendered":"REFUERZA ANA PATY PERALTA AL C2 CON EQUIPO TECNOL\u00d3GICO PARA LA SEGURIDAD DE CANC\u00daN"},"content":{"rendered":"\n<figure class=\"wp-block-image size-full\"><img decoding=\"async\" width=\"960\" height=\"601\" src=\"https:\/\/panoramaciudadano.com\/wp-content\/uploads\/2024\/10\/WhatsApp-Image-2024-10-28-at-07.58.24.jpeg\" alt=\"\" class=\"wp-image-5853\" srcset=\"https:\/\/panoramaciudadano.com\/wp-content\/uploads\/2024\/10\/WhatsApp-Image-2024-10-28-at-07.58.24.jpeg 960w, https:\/\/panoramaciudadano.com\/wp-content\/uploads\/2024\/10\/WhatsApp-Image-2024-10-28-at-07.58.24-300x188.jpeg 300w, https:\/\/panoramaciudadano.com\/wp-content\/uploads\/2024\/10\/WhatsApp-Image-2024-10-28-at-07.58.24-768x481.jpeg 768w\" sizes=\"(max-width: 960px) 100vw, 960px\" \/><\/figure>\n\n\n\n<p>Como parte de la transformaci\u00f3n en Canc\u00fan y para contribuir en la construcci\u00f3n de La Paz, la Presidenta Municipal, Ana Paty Peralta, dio a conocer que el Centro de Control y Mando (C2), de la Secretar\u00eda Municipal de Seguridad Ciudadana y Tr\u00e1nsito, fue renovado con equipos tecnol\u00f3gicos, adem\u00e1s de la adquisici\u00f3n de c\u00e1maras de videovigilancia para la seguridad de todas y todos los cancunenses.<\/p>\n\n\n\n<p>\u201cHoy ya contamos con 70 Puntos de Monitoreo Inteligente (PMI) nuevos, con 4 c\u00e1maras cada uno, todos coordinados con el Complejo de Seguridad Quintana Roo (C5), para que tengamos mayor visibilidad de la ciudad\u201d, detall\u00f3 la Alcaldesa, durante el recorrido por dichas instalaciones.<\/p>\n\n\n\n<p>Como muestra del fortalecimiento a todas las capacidades tecnol\u00f3gicas para la instituci\u00f3n, mencion\u00f3 que se instalaron c\u00e1maras vecinales en diferentes puntos de la ciudad, que permiten tener una colaboraci\u00f3n estrecha con las y los ciudadanos.<\/p>\n\n\n\n<p>Ana Paty Peralta explic\u00f3 que hay drones con la m\u00e1s alta tecnolog\u00eda y visi\u00f3n nocturna que tiene una duraci\u00f3n de vuelo aproximada de 40 minutos, lo cual permite una captura de im\u00e1genes id\u00f3neas que se requieran en su momento.<\/p>\n\n\n\n<p>El Centro de Control y Mando, cuenta con departamentos internos: Inteligencia y Comando, An\u00e1lisis e Inteligencia Policial, con el objetivo de seguir trabajando todos los d\u00edas para seguir construyendo la mejor polic\u00eda que haya tenido Canc\u00fan en su historia.<\/p>\n\n\n\n<p>Por \u00faltimo, la Alcaldesa recorri\u00f3 las oficinas de la direcci\u00f3n de Tr\u00e1nsito Municipal en la que constat\u00f3 el buen servicio que se brinda en los 12 m\u00f3dulos, no sin antes reiterar su compromiso por preservar la seguridad para que la poblaci\u00f3n tenga una ciudad del bienestar.<\/p>\n","protected":false},"excerpt":{"rendered":"<p>70 Puntos de Monitoreo Inteligente nuevos en la ciudad.<\/p>\n","protected":false},"author":1,"featured_media":5854,"comment_status":"open","ping_status":"closed","sticky":false,"template":"","format":"standard","meta":{"footnotes":""},"categories":[6],"tags":[145],"class_list":["post-5852","post","type-post","status-publish","format-standard","has-post-thumbnail","hentry","category-cancun","tag-ana-paty-peralta"],"yoast_head":"<!-- This site is optimized with the Yoast SEO plugin v27.1.1 - https:\/\/yoast.com\/product\/yoast-seo-wordpress\/ -->\n<title>REFUERZA ANA PATY PERALTA AL C2 CON EQUIPO TECNOL\u00d3GICO PARA LA SEGURIDAD DE CANC\u00daN - Panorama Ciudadano<\/title>\n<meta name=\"robots\" content=\"index, follow, max-snippet:-1, max-image-preview:large, max-video-preview:-1\" \/>\n<link rel=\"canonical\" href=\"https:\/\/panoramaciudadano.com\/index.php\/2024\/10\/28\/refuerza-ana-paty-peralta-al-c2-con-equipo-tecnologico-para-la-seguridad-de-cancun\/\" \/>\n<meta property=\"og:locale\" content=\"es_ES\" \/>\n<meta property=\"og:type\" content=\"article\" \/>\n<meta property=\"og:title\" content=\"REFUERZA ANA PATY PERALTA AL C2 CON EQUIPO TECNOL\u00d3GICO PARA LA SEGURIDAD DE CANC\u00daN - Panorama Ciudadano\" \/>\n<meta property=\"og:description\" content=\"70 Puntos de Monitoreo Inteligente nuevos en la ciudad.\" \/>\n<meta property=\"og:url\" content=\"https:\/\/panoramaciudadano.com\/index.php\/2024\/10\/28\/refuerza-ana-paty-peralta-al-c2-con-equipo-tecnologico-para-la-seguridad-de-cancun\/\" \/>\n<meta property=\"og:site_name\" content=\"Panorama Ciudadano\" \/>\n<meta property=\"article:publisher\" content=\"https:\/\/www.facebook.com\/panoramaciudadano\" \/>\n<meta property=\"article:published_time\" content=\"2024-10-28T16:50:39+00:00\" \/>\n<meta property=\"article:modified_time\" content=\"2024-10-28T16:50:40+00:00\" \/>\n<meta property=\"og:image\" content=\"https:\/\/panoramaciudadano.com\/wp-content\/uploads\/2024\/10\/2-113.jpeg\" \/>\n\t<meta property=\"og:image:width\" content=\"960\" \/>\n\t<meta property=\"og:image:height\" content=\"640\" \/>\n\t<meta property=\"og:image:type\" content=\"image\/jpeg\" \/>\n<meta name=\"author\" content=\"admin\" \/>\n<meta name=\"twitter:card\" content=\"summary_large_image\" \/>\n<meta name=\"twitter:label1\" content=\"Escrito por\" \/>\n\t<meta name=\"twitter:data1\" content=\"admin\" \/>\n\t<meta name=\"twitter:label2\" content=\"Tiempo de lectura\" \/>\n\t<meta name=\"twitter:data2\" content=\"2 minutos\" \/>\n<script type=\"application\/ld+json\" class=\"yoast-schema-graph\">{\"@context\":\"https:\/\/schema.org\",\"@graph\":[{\"@type\":\"Article\",\"@id\":\"https:\/\/panoramaciudadano.com\/index.php\/2024\/10\/28\/refuerza-ana-paty-peralta-al-c2-con-equipo-tecnologico-para-la-seguridad-de-cancun\/#article\",\"isPartOf\":{\"@id\":\"https:\/\/panoramaciudadano.com\/index.php\/2024\/10\/28\/refuerza-ana-paty-peralta-al-c2-con-equipo-tecnologico-para-la-seguridad-de-cancun\/\"},\"author\":{\"name\":\"admin\",\"@id\":\"https:\/\/panoramaciudadano.com\/#\/schema\/person\/ffe9fe8ef47d3a93977b5761fd9e0d96\"},\"headline\":\"REFUERZA ANA PATY PERALTA AL C2 CON EQUIPO TECNOL\u00d3GICO PARA LA SEGURIDAD DE CANC\u00daN\",\"datePublished\":\"2024-10-28T16:50:39+00:00\",\"dateModified\":\"2024-10-28T16:50:40+00:00\",\"mainEntityOfPage\":{\"@id\":\"https:\/\/panoramaciudadano.com\/index.php\/2024\/10\/28\/refuerza-ana-paty-peralta-al-c2-con-equipo-tecnologico-para-la-seguridad-de-cancun\/\"},\"wordCount\":306,\"commentCount\":0,\"publisher\":{\"@id\":\"https:\/\/panoramaciudadano.com\/#organization\"},\"image\":{\"@id\":\"https:\/\/panoramaciudadano.com\/index.php\/2024\/10\/28\/refuerza-ana-paty-peralta-al-c2-con-equipo-tecnologico-para-la-seguridad-de-cancun\/#primaryimage\"},\"thumbnailUrl\":\"https:\/\/panoramaciudadano.com\/wp-content\/uploads\/2024\/10\/2-113.jpeg\",\"keywords\":[\"Ana Paty Peralta\"],\"articleSection\":[\"Canc\u00fan\"],\"inLanguage\":\"es\",\"potentialAction\":[{\"@type\":\"CommentAction\",\"name\":\"Comment\",\"target\":[\"https:\/\/panoramaciudadano.com\/index.php\/2024\/10\/28\/refuerza-ana-paty-peralta-al-c2-con-equipo-tecnologico-para-la-seguridad-de-cancun\/#respond\"]}]},{\"@type\":\"WebPage\",\"@id\":\"https:\/\/panoramaciudadano.com\/index.php\/2024\/10\/28\/refuerza-ana-paty-peralta-al-c2-con-equipo-tecnologico-para-la-seguridad-de-cancun\/\",\"url\":\"https:\/\/panoramaciudadano.com\/index.php\/2024\/10\/28\/refuerza-ana-paty-peralta-al-c2-con-equipo-tecnologico-para-la-seguridad-de-cancun\/\",\"name\":\"REFUERZA ANA PATY PERALTA AL C2 CON EQUIPO TECNOL\u00d3GICO PARA LA SEGURIDAD DE CANC\u00daN - Panorama Ciudadano\",\"isPartOf\":{\"@id\":\"https:\/\/panoramaciudadano.com\/#website\"},\"primaryImageOfPage\":{\"@id\":\"https:\/\/panoramaciudadano.com\/index.php\/2024\/10\/28\/refuerza-ana-paty-peralta-al-c2-con-equipo-tecnologico-para-la-seguridad-de-cancun\/#primaryimage\"},\"image\":{\"@id\":\"https:\/\/panoramaciudadano.com\/index.php\/2024\/10\/28\/refuerza-ana-paty-peralta-al-c2-con-equipo-tecnologico-para-la-seguridad-de-cancun\/#primaryimage\"},\"thumbnailUrl\":\"https:\/\/panoramaciudadano.com\/wp-content\/uploads\/2024\/10\/2-113.jpeg\",\"datePublished\":\"2024-10-28T16:50:39+00:00\",\"dateModified\":\"2024-10-28T16:50:40+00:00\",\"breadcrumb\":{\"@id\":\"https:\/\/panoramaciudadano.com\/index.php\/2024\/10\/28\/refuerza-ana-paty-peralta-al-c2-con-equipo-tecnologico-para-la-seguridad-de-cancun\/#breadcrumb\"},\"inLanguage\":\"es\",\"potentialAction\":[{\"@type\":\"ReadAction\",\"target\":[\"https:\/\/panoramaciudadano.com\/index.php\/2024\/10\/28\/refuerza-ana-paty-peralta-al-c2-con-equipo-tecnologico-para-la-seguridad-de-cancun\/\"]}]},{\"@type\":\"ImageObject\",\"inLanguage\":\"es\",\"@id\":\"https:\/\/panoramaciudadano.com\/index.php\/2024\/10\/28\/refuerza-ana-paty-peralta-al-c2-con-equipo-tecnologico-para-la-seguridad-de-cancun\/#primaryimage\",\"url\":\"https:\/\/panoramaciudadano.com\/wp-content\/uploads\/2024\/10\/2-113.jpeg\",\"contentUrl\":\"https:\/\/panoramaciudadano.com\/wp-content\/uploads\/2024\/10\/2-113.jpeg\",\"width\":960,\"height\":640},{\"@type\":\"BreadcrumbList\",\"@id\":\"https:\/\/panoramaciudadano.com\/index.php\/2024\/10\/28\/refuerza-ana-paty-peralta-al-c2-con-equipo-tecnologico-para-la-seguridad-de-cancun\/#breadcrumb\",\"itemListElement\":[{\"@type\":\"ListItem\",\"position\":1,\"name\":\"Portada\",\"item\":\"https:\/\/panoramaciudadano.com\/\"},{\"@type\":\"ListItem\",\"position\":2,\"name\":\"REFUERZA ANA PATY PERALTA AL C2 CON EQUIPO TECNOL\u00d3GICO PARA LA SEGURIDAD DE CANC\u00daN\"}]},{\"@type\":\"WebSite\",\"@id\":\"https:\/\/panoramaciudadano.com\/#website\",\"url\":\"https:\/\/panoramaciudadano.com\/\",\"name\":\"Panorama Ciudadano\",\"description\":\"\",\"publisher\":{\"@id\":\"https:\/\/panoramaciudadano.com\/#organization\"},\"potentialAction\":[{\"@type\":\"SearchAction\",\"target\":{\"@type\":\"EntryPoint\",\"urlTemplate\":\"https:\/\/panoramaciudadano.com\/?s={search_term_string}\"},\"query-input\":{\"@type\":\"PropertyValueSpecification\",\"valueRequired\":true,\"valueName\":\"search_term_string\"}}],\"inLanguage\":\"es\"},{\"@type\":\"Organization\",\"@id\":\"https:\/\/panoramaciudadano.com\/#organization\",\"name\":\"Panorama Ciudadano\",\"url\":\"https:\/\/panoramaciudadano.com\/\",\"logo\":{\"@type\":\"ImageObject\",\"inLanguage\":\"es\",\"@id\":\"https:\/\/panoramaciudadano.com\/#\/schema\/logo\/image\/\",\"url\":\"https:\/\/panoramaciudadano.com\/wp-content\/uploads\/2024\/05\/401498640_919267042938564_6290593609399108733_n.jpg\",\"contentUrl\":\"https:\/\/panoramaciudadano.com\/wp-content\/uploads\/2024\/05\/401498640_919267042938564_6290593609399108733_n.jpg\",\"width\":960,\"height\":957,\"caption\":\"Panorama Ciudadano\"},\"image\":{\"@id\":\"https:\/\/panoramaciudadano.com\/#\/schema\/logo\/image\/\"},\"sameAs\":[\"https:\/\/www.facebook.com\/panoramaciudadano\"]},{\"@type\":\"Person\",\"@id\":\"https:\/\/panoramaciudadano.com\/#\/schema\/person\/ffe9fe8ef47d3a93977b5761fd9e0d96\",\"name\":\"admin\",\"image\":{\"@type\":\"ImageObject\",\"inLanguage\":\"es\",\"@id\":\"https:\/\/panoramaciudadano.com\/#\/schema\/person\/image\/\",\"url\":\"https:\/\/secure.gravatar.com\/avatar\/2d5a12cacce3f18096f25fadea8abb7202fef18ed669595589853e84260ff451?s=96&d=mm&r=g\",\"contentUrl\":\"https:\/\/secure.gravatar.com\/avatar\/2d5a12cacce3f18096f25fadea8abb7202fef18ed669595589853e84260ff451?s=96&d=mm&r=g\",\"caption\":\"admin\"},\"sameAs\":[\"https:\/\/panoramaciudadano.com\"],\"url\":\"https:\/\/panoramaciudadano.com\/index.php\/author\/admin_3q6hyqq3\/\"}]}<\/script>\n<!-- \/ Yoast SEO plugin. -->","yoast_head_json":{"title":"REFUERZA ANA PATY PERALTA AL C2 CON EQUIPO TECNOL\u00d3GICO PARA LA SEGURIDAD DE CANC\u00daN - Panorama Ciudadano","robots":{"index":"index","follow":"follow","max-snippet":"max-snippet:-1","max-image-preview":"max-image-preview:large","max-video-preview":"max-video-preview:-1"},"canonical":"https:\/\/panoramaciudadano.com\/index.php\/2024\/10\/28\/refuerza-ana-paty-peralta-al-c2-con-equipo-tecnologico-para-la-seguridad-de-cancun\/","og_locale":"es_ES","og_type":"article","og_title":"REFUERZA ANA PATY PERALTA AL C2 CON EQUIPO TECNOL\u00d3GICO PARA LA SEGURIDAD DE CANC\u00daN - Panorama Ciudadano","og_description":"70 Puntos de Monitoreo Inteligente nuevos en la ciudad.","og_url":"https:\/\/panoramaciudadano.com\/index.php\/2024\/10\/28\/refuerza-ana-paty-peralta-al-c2-con-equipo-tecnologico-para-la-seguridad-de-cancun\/","og_site_name":"Panorama Ciudadano","article_publisher":"https:\/\/www.facebook.com\/panoramaciudadano","article_published_time":"2024-10-28T16:50:39+00:00","article_modified_time":"2024-10-28T16:50:40+00:00","og_image":[{"width":960,"height":640,"url":"https:\/\/panoramaciudadano.com\/wp-content\/uploads\/2024\/10\/2-113.jpeg","type":"image\/jpeg"}],"author":"admin","twitter_card":"summary_large_image","twitter_misc":{"Escrito por":"admin","Tiempo de lectura":"2 minutos"},"schema":{"@context":"https:\/\/schema.org","@graph":[{"@type":"Article","@id":"https:\/\/panoramaciudadano.com\/index.php\/2024\/10\/28\/refuerza-ana-paty-peralta-al-c2-con-equipo-tecnologico-para-la-seguridad-de-cancun\/#article","isPartOf":{"@id":"https:\/\/panoramaciudadano.com\/index.php\/2024\/10\/28\/refuerza-ana-paty-peralta-al-c2-con-equipo-tecnologico-para-la-seguridad-de-cancun\/"},"author":{"name":"admin","@id":"https:\/\/panoramaciudadano.com\/#\/schema\/person\/ffe9fe8ef47d3a93977b5761fd9e0d96"},"headline":"REFUERZA ANA PATY PERALTA AL C2 CON EQUIPO TECNOL\u00d3GICO PARA LA SEGURIDAD DE CANC\u00daN","datePublished":"2024-10-28T16:50:39+00:00","dateModified":"2024-10-28T16:50:40+00:00","mainEntityOfPage":{"@id":"https:\/\/panoramaciudadano.com\/index.php\/2024\/10\/28\/refuerza-ana-paty-peralta-al-c2-con-equipo-tecnologico-para-la-seguridad-de-cancun\/"},"wordCount":306,"commentCount":0,"publisher":{"@id":"https:\/\/panoramaciudadano.com\/#organization"},"image":{"@id":"https:\/\/panoramaciudadano.com\/index.php\/2024\/10\/28\/refuerza-ana-paty-peralta-al-c2-con-equipo-tecnologico-para-la-seguridad-de-cancun\/#primaryimage"},"thumbnailUrl":"https:\/\/panoramaciudadano.com\/wp-content\/uploads\/2024\/10\/2-113.jpeg","keywords":["Ana Paty Peralta"],"articleSection":["Canc\u00fan"],"inLanguage":"es","potentialAction":[{"@type":"CommentAction","name":"Comment","target":["https:\/\/panoramaciudadano.com\/index.php\/2024\/10\/28\/refuerza-ana-paty-peralta-al-c2-con-equipo-tecnologico-para-la-seguridad-de-cancun\/#respond"]}]},{"@type":"WebPage","@id":"https:\/\/panoramaciudadano.com\/index.php\/2024\/10\/28\/refuerza-ana-paty-peralta-al-c2-con-equipo-tecnologico-para-la-seguridad-de-cancun\/","url":"https:\/\/panoramaciudadano.com\/index.php\/2024\/10\/28\/refuerza-ana-paty-peralta-al-c2-con-equipo-tecnologico-para-la-seguridad-de-cancun\/","name":"REFUERZA ANA PATY PERALTA AL C2 CON EQUIPO TECNOL\u00d3GICO PARA LA SEGURIDAD DE CANC\u00daN - Panorama Ciudadano","isPartOf":{"@id":"https:\/\/panoramaciudadano.com\/#website"},"primaryImageOfPage":{"@id":"https:\/\/panoramaciudadano.com\/index.php\/2024\/10\/28\/refuerza-ana-paty-peralta-al-c2-con-equipo-tecnologico-para-la-seguridad-de-cancun\/#primaryimage"},"image":{"@id":"https:\/\/panoramaciudadano.com\/index.php\/2024\/10\/28\/refuerza-ana-paty-peralta-al-c2-con-equipo-tecnologico-para-la-seguridad-de-cancun\/#primaryimage"},"thumbnailUrl":"https:\/\/panoramaciudadano.com\/wp-content\/uploads\/2024\/10\/2-113.jpeg","datePublished":"2024-10-28T16:50:39+00:00","dateModified":"2024-10-28T16:50:40+00:00","breadcrumb":{"@id":"https:\/\/panoramaciudadano.com\/index.php\/2024\/10\/28\/refuerza-ana-paty-peralta-al-c2-con-equipo-tecnologico-para-la-seguridad-de-cancun\/#breadcrumb"},"inLanguage":"es","potentialAction":[{"@type":"ReadAction","target":["https:\/\/panoramaciudadano.com\/index.php\/2024\/10\/28\/refuerza-ana-paty-peralta-al-c2-con-equipo-tecnologico-para-la-seguridad-de-cancun\/"]}]},{"@type":"ImageObject","inLanguage":"es","@id":"https:\/\/panoramaciudadano.com\/index.php\/2024\/10\/28\/refuerza-ana-paty-peralta-al-c2-con-equipo-tecnologico-para-la-seguridad-de-cancun\/#primaryimage","url":"https:\/\/panoramaciudadano.com\/wp-content\/uploads\/2024\/10\/2-113.jpeg","contentUrl":"https:\/\/panoramaciudadano.com\/wp-content\/uploads\/2024\/10\/2-113.jpeg","width":960,"height":640},{"@type":"BreadcrumbList","@id":"https:\/\/panoramaciudadano.com\/index.php\/2024\/10\/28\/refuerza-ana-paty-peralta-al-c2-con-equipo-tecnologico-para-la-seguridad-de-cancun\/#breadcrumb","itemListElement":[{"@type":"ListItem","position":1,"name":"Portada","item":"https:\/\/panoramaciudadano.com\/"},{"@type":"ListItem","position":2,"name":"REFUERZA ANA PATY PERALTA AL C2 CON EQUIPO TECNOL\u00d3GICO PARA LA SEGURIDAD DE CANC\u00daN"}]},{"@type":"WebSite","@id":"https:\/\/panoramaciudadano.com\/#website","url":"https:\/\/panoramaciudadano.com\/","name":"Panorama Ciudadano","description":"","publisher":{"@id":"https:\/\/panoramaciudadano.com\/#organization"},"potentialAction":[{"@type":"SearchAction","target":{"@type":"EntryPoint","urlTemplate":"https:\/\/panoramaciudadano.com\/?s={search_term_string}"},"query-input":{"@type":"PropertyValueSpecification","valueRequired":true,"valueName":"search_term_string"}}],"inLanguage":"es"},{"@type":"Organization","@id":"https:\/\/panoramaciudadano.com\/#organization","name":"Panorama Ciudadano","url":"https:\/\/panoramaciudadano.com\/","logo":{"@type":"ImageObject","inLanguage":"es","@id":"https:\/\/panoramaciudadano.com\/#\/schema\/logo\/image\/","url":"https:\/\/panoramaciudadano.com\/wp-content\/uploads\/2024\/05\/401498640_919267042938564_6290593609399108733_n.jpg","contentUrl":"https:\/\/panoramaciudadano.com\/wp-content\/uploads\/2024\/05\/401498640_919267042938564_6290593609399108733_n.jpg","width":960,"height":957,"caption":"Panorama Ciudadano"},"image":{"@id":"https:\/\/panoramaciudadano.com\/#\/schema\/logo\/image\/"},"sameAs":["https:\/\/www.facebook.com\/panoramaciudadano"]},{"@type":"Person","@id":"https:\/\/panoramaciudadano.com\/#\/schema\/person\/ffe9fe8ef47d3a93977b5761fd9e0d96","name":"admin","image":{"@type":"ImageObject","inLanguage":"es","@id":"https:\/\/panoramaciudadano.com\/#\/schema\/person\/image\/","url":"https:\/\/secure.gravatar.com\/avatar\/2d5a12cacce3f18096f25fadea8abb7202fef18ed669595589853e84260ff451?s=96&d=mm&r=g","contentUrl":"https:\/\/secure.gravatar.com\/avatar\/2d5a12cacce3f18096f25fadea8abb7202fef18ed669595589853e84260ff451?s=96&d=mm&r=g","caption":"admin"},"sameAs":["https:\/\/panoramaciudadano.com"],"url":"https:\/\/panoramaciudadano.com\/index.php\/author\/admin_3q6hyqq3\/"}]}},"_links":{"self":[{"href":"https:\/\/panoramaciudadano.com\/index.php\/wp-json\/wp\/v2\/posts\/5852","targetHints":{"allow":["GET"]}}],"collection":[{"href":"https:\/\/panoramaciudadano.com\/index.php\/wp-json\/wp\/v2\/posts"}],"about":[{"href":"https:\/\/panoramaciudadano.com\/index.php\/wp-json\/wp\/v2\/types\/post"}],"author":[{"embeddable":true,"href":"https:\/\/panoramaciudadano.com\/index.php\/wp-json\/wp\/v2\/users\/1"}],"replies":[{"embeddable":true,"href":"https:\/\/panoramaciudadano.com\/index.php\/wp-json\/wp\/v2\/comments?post=5852"}],"version-history":[{"count":1,"href":"https:\/\/panoramaciudadano.com\/index.php\/wp-json\/wp\/v2\/posts\/5852\/revisions"}],"predecessor-version":[{"id":5855,"href":"https:\/\/panoramaciudadano.com\/index.php\/wp-json\/wp\/v2\/posts\/5852\/revisions\/5855"}],"wp:featuredmedia":[{"embeddable":true,"href":"https:\/\/panoramaciudadano.com\/index.php\/wp-json\/wp\/v2\/media\/5854"}],"wp:attachment":[{"href":"https:\/\/panoramaciudadano.com\/index.php\/wp-json\/wp\/v2\/media?parent=5852"}],"wp:term":[{"taxonomy":"category","embeddable":true,"href":"https:\/\/panoramaciudadano.com\/index.php\/wp-json\/wp\/v2\/categories?post=5852"},{"taxonomy":"post_tag","embeddable":true,"href":"https:\/\/panoramaciudadano.com\/index.php\/wp-json\/wp\/v2\/tags?post=5852"}],"curies":[{"name":"wp","href":"https:\/\/api.w.org\/{rel}","templated":true}]}}