{"id":5862,"date":"2024-10-29T02:10:53","date_gmt":"2024-10-28T19:10:53","guid":{"rendered":"https:\/\/panoramaciudadano.com\/?p=5862"},"modified":"2024-10-29T02:10:54","modified_gmt":"2024-10-28T19:10:54","slug":"presentes-las-caravanas-medicas-moviles-salud-para-tods-en-cozumel-tulum-y-othon-p-blanco","status":"publish","type":"post","link":"https:\/\/panoramaciudadano.com\/index.php\/2024\/10\/29\/presentes-las-caravanas-medicas-moviles-salud-para-tods-en-cozumel-tulum-y-othon-p-blanco\/","title":{"rendered":"Presentes las caravanas m\u00e9dicas m\u00f3viles \u201cSalud para Tod@s\u201d en Cozumel, Tulum y Oth\u00f3n P. Blanco"},"content":{"rendered":"\n<figure class=\"wp-block-gallery has-nested-images columns-default is-cropped wp-block-gallery-1 is-layout-flex wp-block-gallery-is-layout-flex\">\n<figure class=\"wp-block-image size-large\"><img decoding=\"async\" width=\"960\" height=\"640\" data-id=\"5866\" src=\"https:\/\/panoramaciudadano.com\/wp-content\/uploads\/2024\/10\/2-115.jpeg\" alt=\"\" class=\"wp-image-5866\" srcset=\"https:\/\/panoramaciudadano.com\/wp-content\/uploads\/2024\/10\/2-115.jpeg 960w, https:\/\/panoramaciudadano.com\/wp-content\/uploads\/2024\/10\/2-115-300x200.jpeg 300w, https:\/\/panoramaciudadano.com\/wp-content\/uploads\/2024\/10\/2-115-768x512.jpeg 768w\" sizes=\"(max-width: 960px) 100vw, 960px\" \/><\/figure>\n\n\n\n<figure class=\"wp-block-image size-large\"><img decoding=\"async\" width=\"960\" height=\"640\" data-id=\"5865\" src=\"https:\/\/panoramaciudadano.com\/wp-content\/uploads\/2024\/10\/3-93.jpeg\" alt=\"\" class=\"wp-image-5865\" srcset=\"https:\/\/panoramaciudadano.com\/wp-content\/uploads\/2024\/10\/3-93.jpeg 960w, https:\/\/panoramaciudadano.com\/wp-content\/uploads\/2024\/10\/3-93-300x200.jpeg 300w, https:\/\/panoramaciudadano.com\/wp-content\/uploads\/2024\/10\/3-93-768x512.jpeg 768w\" sizes=\"(max-width: 960px) 100vw, 960px\" \/><\/figure>\n\n\n\n<figure class=\"wp-block-image size-large\"><img decoding=\"async\" width=\"960\" height=\"640\" data-id=\"5864\" src=\"https:\/\/panoramaciudadano.com\/wp-content\/uploads\/2024\/10\/4-71.jpeg\" alt=\"\" class=\"wp-image-5864\" srcset=\"https:\/\/panoramaciudadano.com\/wp-content\/uploads\/2024\/10\/4-71.jpeg 960w, https:\/\/panoramaciudadano.com\/wp-content\/uploads\/2024\/10\/4-71-300x200.jpeg 300w, https:\/\/panoramaciudadano.com\/wp-content\/uploads\/2024\/10\/4-71-768x512.jpeg 768w\" sizes=\"(max-width: 960px) 100vw, 960px\" \/><\/figure>\n\n\n\n<figure class=\"wp-block-image size-large\"><img decoding=\"async\" width=\"960\" height=\"640\" data-id=\"5863\" src=\"https:\/\/panoramaciudadano.com\/wp-content\/uploads\/2024\/10\/WhatsApp-Image-2024-10-28-at-08.05.36.jpeg\" alt=\"\" class=\"wp-image-5863\" srcset=\"https:\/\/panoramaciudadano.com\/wp-content\/uploads\/2024\/10\/WhatsApp-Image-2024-10-28-at-08.05.36.jpeg 960w, https:\/\/panoramaciudadano.com\/wp-content\/uploads\/2024\/10\/WhatsApp-Image-2024-10-28-at-08.05.36-300x200.jpeg 300w, https:\/\/panoramaciudadano.com\/wp-content\/uploads\/2024\/10\/WhatsApp-Image-2024-10-28-at-08.05.36-768x512.jpeg 768w\" sizes=\"(max-width: 960px) 100vw, 960px\" \/><\/figure>\n<\/figure>\n\n\n\n<p>Con el objetivo de acercar servicios de salud de calidad y con calidez a la poblaci\u00f3n que m\u00e1s lo necesita, las Caravanas M\u00e9dicas M\u00f3viles han llegado a Cozumel, Tulum y Oth\u00f3n P. Blanco.<\/p>\n\n\n\n<p>En el marco del Nuevo Acuerdo por el Bienestar y Desarrollo de Quintana Roo con el que la gobernadora Mara Lezama Espinosa impulsa acciones para reducir las brechas de desigualdad y llevar justicia social a las y los quintanarroenses, las caravanas m\u00e9dicas m\u00f3viles siguen ofreciendo atenci\u00f3n m\u00e9dica a la poblaci\u00f3n de los 11 municipios.<\/p>\n\n\n\n<p>De manera gratuita en unidades equipadas con tecnolog\u00eda de punta y con personal altamente capacitado, se ofrecen servicios como: An\u00e1lisis de laboratorio, Mastograf\u00eda, Densitometr\u00edas, Salud dental, Electrocardiograma, Rayos X, Ultrasonido p\u00e9lvico-obst\u00e9trico; as\u00ed como ex\u00e1menes de la vista y o\u00eddo, farmacia, entre otros.<\/p>\n\n\n\n<p>El Secretario de Salud, Flavio Carlos Rosado, anunci\u00f3 que con el objetivo de seguir aumentando la cantidad y calidad en la oferta de servicios de atenci\u00f3n m\u00e9dica en Quintana Roo, se determin\u00f3 que las unidades permanezcan dos semanas en la isla de Cozumel, a partir de este 28 de octubre y hasta el pr\u00f3ximo viernes 8 de noviembre. Cabe resaltar, que son tres convoys que se distribuyen en diferentes ciudades y municipios del estado.<\/p>\n\n\n\n<p>Adem\u00e1s de llevar los servicios a Cozumel, este 28 y 29 de octubre estar\u00e1n en Tulum, a un costado del Palacio Municipal; del 30 de octubre al 01 de noviembre, se instalar\u00e1n en el domo de la comunidad de Chemuyil, tambi\u00e9n en el municipio de Tulum.<\/p>\n\n\n\n<figure class=\"wp-block-gallery has-nested-images columns-default is-cropped wp-block-gallery-2 is-layout-flex wp-block-gallery-is-layout-flex\">\n<figure class=\"wp-block-image size-large\"><img decoding=\"async\" width=\"781\" height=\"960\" data-id=\"5868\" src=\"https:\/\/panoramaciudadano.com\/wp-content\/uploads\/2024\/10\/5-33.jpeg\" alt=\"\" class=\"wp-image-5868\" srcset=\"https:\/\/panoramaciudadano.com\/wp-content\/uploads\/2024\/10\/5-33.jpeg 781w, https:\/\/panoramaciudadano.com\/wp-content\/uploads\/2024\/10\/5-33-244x300.jpeg 244w, https:\/\/panoramaciudadano.com\/wp-content\/uploads\/2024\/10\/5-33-768x944.jpeg 768w\" sizes=\"(max-width: 781px) 100vw, 781px\" \/><\/figure>\n\n\n\n<figure class=\"wp-block-image size-large\"><img decoding=\"async\" width=\"781\" height=\"960\" data-id=\"5869\" src=\"https:\/\/panoramaciudadano.com\/wp-content\/uploads\/2024\/10\/6-14.jpeg\" alt=\"\" class=\"wp-image-5869\" srcset=\"https:\/\/panoramaciudadano.com\/wp-content\/uploads\/2024\/10\/6-14.jpeg 781w, https:\/\/panoramaciudadano.com\/wp-content\/uploads\/2024\/10\/6-14-244x300.jpeg 244w, https:\/\/panoramaciudadano.com\/wp-content\/uploads\/2024\/10\/6-14-768x944.jpeg 768w\" sizes=\"(max-width: 781px) 100vw, 781px\" \/><\/figure>\n\n\n\n<figure class=\"wp-block-image size-large\"><img decoding=\"async\" width=\"781\" height=\"960\" data-id=\"5867\" src=\"https:\/\/panoramaciudadano.com\/wp-content\/uploads\/2024\/10\/7-9.jpeg\" alt=\"\" class=\"wp-image-5867\" srcset=\"https:\/\/panoramaciudadano.com\/wp-content\/uploads\/2024\/10\/7-9.jpeg 781w, https:\/\/panoramaciudadano.com\/wp-content\/uploads\/2024\/10\/7-9-244x300.jpeg 244w, https:\/\/panoramaciudadano.com\/wp-content\/uploads\/2024\/10\/7-9-768x944.jpeg 768w\" sizes=\"(max-width: 781px) 100vw, 781px\" \/><\/figure>\n<\/figure>\n\n\n\n<p>En tanto del 28 de octubre al 01 de noviembre, las caravanas estar\u00e1 en el domo principal de la comunidad de Jos\u00e9 Narciso Rovirosa, municipio de Oth\u00f3n P. Blanco.<\/p>\n\n\n\n<p>La invitaci\u00f3n est\u00e1 abierta a toda la poblaci\u00f3n de las comunidades mencionadas, as\u00ed como de las aleda\u00f1as para acudir a estas unidades m\u00f3viles y realizarse los estudios que requieran, presentando copia de su CURP y de su Identificaci\u00f3n oficial.<\/p>\n\n\n\n<figure class=\"wp-block-image size-full\"><img decoding=\"async\" width=\"781\" height=\"960\" src=\"https:\/\/panoramaciudadano.com\/wp-content\/uploads\/2024\/10\/8-5.jpeg\" alt=\"\" class=\"wp-image-5870\" srcset=\"https:\/\/panoramaciudadano.com\/wp-content\/uploads\/2024\/10\/8-5.jpeg 781w, https:\/\/panoramaciudadano.com\/wp-content\/uploads\/2024\/10\/8-5-244x300.jpeg 244w, https:\/\/panoramaciudadano.com\/wp-content\/uploads\/2024\/10\/8-5-768x944.jpeg 768w\" sizes=\"(max-width: 781px) 100vw, 781px\" \/><\/figure>\n","protected":false},"excerpt":{"rendered":"<p>Permanecer\u00e1n dos semanas en Cozumel, \u00a0a partir de este 28 de octubre.<\/p>\n","protected":false},"author":1,"featured_media":5863,"comment_status":"open","ping_status":"closed","sticky":false,"template":"","format":"standard","meta":{"footnotes":""},"categories":[6],"tags":[145],"class_list":["post-5862","post","type-post","status-publish","format-standard","has-post-thumbnail","hentry","category-cancun","tag-ana-paty-peralta"],"yoast_head":"<!-- This site is optimized with the Yoast SEO plugin v27.1.1 - https:\/\/yoast.com\/product\/yoast-seo-wordpress\/ -->\n<title>Presentes las caravanas m\u00e9dicas m\u00f3viles \u201cSalud para Tod@s\u201d en Cozumel, Tulum y Oth\u00f3n P. Blanco - Panorama Ciudadano<\/title>\n<meta name=\"robots\" content=\"index, follow, max-snippet:-1, max-image-preview:large, max-video-preview:-1\" \/>\n<link rel=\"canonical\" href=\"https:\/\/panoramaciudadano.com\/index.php\/2024\/10\/29\/presentes-las-caravanas-medicas-moviles-salud-para-tods-en-cozumel-tulum-y-othon-p-blanco\/\" \/>\n<meta property=\"og:locale\" content=\"es_ES\" \/>\n<meta property=\"og:type\" content=\"article\" \/>\n<meta property=\"og:title\" content=\"Presentes las caravanas m\u00e9dicas m\u00f3viles \u201cSalud para Tod@s\u201d en Cozumel, Tulum y Oth\u00f3n P. Blanco - Panorama Ciudadano\" \/>\n<meta property=\"og:description\" content=\"Permanecer\u00e1n dos semanas en Cozumel, \u00a0a partir de este 28 de octubre.\" \/>\n<meta property=\"og:url\" content=\"https:\/\/panoramaciudadano.com\/index.php\/2024\/10\/29\/presentes-las-caravanas-medicas-moviles-salud-para-tods-en-cozumel-tulum-y-othon-p-blanco\/\" \/>\n<meta property=\"og:site_name\" content=\"Panorama Ciudadano\" \/>\n<meta property=\"article:publisher\" content=\"https:\/\/www.facebook.com\/panoramaciudadano\" \/>\n<meta property=\"article:published_time\" content=\"2024-10-28T19:10:53+00:00\" \/>\n<meta property=\"article:modified_time\" content=\"2024-10-28T19:10:54+00:00\" \/>\n<meta property=\"og:image\" content=\"https:\/\/panoramaciudadano.com\/wp-content\/uploads\/2024\/10\/WhatsApp-Image-2024-10-28-at-08.05.36.jpeg\" \/>\n\t<meta property=\"og:image:width\" content=\"960\" \/>\n\t<meta property=\"og:image:height\" content=\"640\" \/>\n\t<meta property=\"og:image:type\" content=\"image\/jpeg\" \/>\n<meta name=\"author\" content=\"admin\" \/>\n<meta name=\"twitter:card\" content=\"summary_large_image\" \/>\n<meta name=\"twitter:label1\" content=\"Escrito por\" \/>\n\t<meta name=\"twitter:data1\" content=\"admin\" \/>\n\t<meta name=\"twitter:label2\" content=\"Tiempo de lectura\" \/>\n\t<meta name=\"twitter:data2\" content=\"4 minutos\" \/>\n<script type=\"application\/ld+json\" class=\"yoast-schema-graph\">{\"@context\":\"https:\/\/schema.org\",\"@graph\":[{\"@type\":\"Article\",\"@id\":\"https:\/\/panoramaciudadano.com\/index.php\/2024\/10\/29\/presentes-las-caravanas-medicas-moviles-salud-para-tods-en-cozumel-tulum-y-othon-p-blanco\/#article\",\"isPartOf\":{\"@id\":\"https:\/\/panoramaciudadano.com\/index.php\/2024\/10\/29\/presentes-las-caravanas-medicas-moviles-salud-para-tods-en-cozumel-tulum-y-othon-p-blanco\/\"},\"author\":{\"name\":\"admin\",\"@id\":\"https:\/\/panoramaciudadano.com\/#\/schema\/person\/ffe9fe8ef47d3a93977b5761fd9e0d96\"},\"headline\":\"Presentes las caravanas m\u00e9dicas m\u00f3viles \u201cSalud para Tod@s\u201d en Cozumel, Tulum y Oth\u00f3n P. Blanco\",\"datePublished\":\"2024-10-28T19:10:53+00:00\",\"dateModified\":\"2024-10-28T19:10:54+00:00\",\"mainEntityOfPage\":{\"@id\":\"https:\/\/panoramaciudadano.com\/index.php\/2024\/10\/29\/presentes-las-caravanas-medicas-moviles-salud-para-tods-en-cozumel-tulum-y-othon-p-blanco\/\"},\"wordCount\":358,\"commentCount\":0,\"publisher\":{\"@id\":\"https:\/\/panoramaciudadano.com\/#organization\"},\"image\":{\"@id\":\"https:\/\/panoramaciudadano.com\/index.php\/2024\/10\/29\/presentes-las-caravanas-medicas-moviles-salud-para-tods-en-cozumel-tulum-y-othon-p-blanco\/#primaryimage\"},\"thumbnailUrl\":\"https:\/\/panoramaciudadano.com\/wp-content\/uploads\/2024\/10\/WhatsApp-Image-2024-10-28-at-08.05.36.jpeg\",\"keywords\":[\"Ana Paty Peralta\"],\"articleSection\":[\"Canc\u00fan\"],\"inLanguage\":\"es\",\"potentialAction\":[{\"@type\":\"CommentAction\",\"name\":\"Comment\",\"target\":[\"https:\/\/panoramaciudadano.com\/index.php\/2024\/10\/29\/presentes-las-caravanas-medicas-moviles-salud-para-tods-en-cozumel-tulum-y-othon-p-blanco\/#respond\"]}]},{\"@type\":\"WebPage\",\"@id\":\"https:\/\/panoramaciudadano.com\/index.php\/2024\/10\/29\/presentes-las-caravanas-medicas-moviles-salud-para-tods-en-cozumel-tulum-y-othon-p-blanco\/\",\"url\":\"https:\/\/panoramaciudadano.com\/index.php\/2024\/10\/29\/presentes-las-caravanas-medicas-moviles-salud-para-tods-en-cozumel-tulum-y-othon-p-blanco\/\",\"name\":\"Presentes las caravanas m\u00e9dicas m\u00f3viles \u201cSalud para Tod@s\u201d en Cozumel, Tulum y Oth\u00f3n P. Blanco - Panorama Ciudadano\",\"isPartOf\":{\"@id\":\"https:\/\/panoramaciudadano.com\/#website\"},\"primaryImageOfPage\":{\"@id\":\"https:\/\/panoramaciudadano.com\/index.php\/2024\/10\/29\/presentes-las-caravanas-medicas-moviles-salud-para-tods-en-cozumel-tulum-y-othon-p-blanco\/#primaryimage\"},\"image\":{\"@id\":\"https:\/\/panoramaciudadano.com\/index.php\/2024\/10\/29\/presentes-las-caravanas-medicas-moviles-salud-para-tods-en-cozumel-tulum-y-othon-p-blanco\/#primaryimage\"},\"thumbnailUrl\":\"https:\/\/panoramaciudadano.com\/wp-content\/uploads\/2024\/10\/WhatsApp-Image-2024-10-28-at-08.05.36.jpeg\",\"datePublished\":\"2024-10-28T19:10:53+00:00\",\"dateModified\":\"2024-10-28T19:10:54+00:00\",\"breadcrumb\":{\"@id\":\"https:\/\/panoramaciudadano.com\/index.php\/2024\/10\/29\/presentes-las-caravanas-medicas-moviles-salud-para-tods-en-cozumel-tulum-y-othon-p-blanco\/#breadcrumb\"},\"inLanguage\":\"es\",\"potentialAction\":[{\"@type\":\"ReadAction\",\"target\":[\"https:\/\/panoramaciudadano.com\/index.php\/2024\/10\/29\/presentes-las-caravanas-medicas-moviles-salud-para-tods-en-cozumel-tulum-y-othon-p-blanco\/\"]}]},{\"@type\":\"ImageObject\",\"inLanguage\":\"es\",\"@id\":\"https:\/\/panoramaciudadano.com\/index.php\/2024\/10\/29\/presentes-las-caravanas-medicas-moviles-salud-para-tods-en-cozumel-tulum-y-othon-p-blanco\/#primaryimage\",\"url\":\"https:\/\/panoramaciudadano.com\/wp-content\/uploads\/2024\/10\/WhatsApp-Image-2024-10-28-at-08.05.36.jpeg\",\"contentUrl\":\"https:\/\/panoramaciudadano.com\/wp-content\/uploads\/2024\/10\/WhatsApp-Image-2024-10-28-at-08.05.36.jpeg\",\"width\":960,\"height\":640},{\"@type\":\"BreadcrumbList\",\"@id\":\"https:\/\/panoramaciudadano.com\/index.php\/2024\/10\/29\/presentes-las-caravanas-medicas-moviles-salud-para-tods-en-cozumel-tulum-y-othon-p-blanco\/#breadcrumb\",\"itemListElement\":[{\"@type\":\"ListItem\",\"position\":1,\"name\":\"Portada\",\"item\":\"https:\/\/panoramaciudadano.com\/\"},{\"@type\":\"ListItem\",\"position\":2,\"name\":\"Presentes las caravanas m\u00e9dicas m\u00f3viles \u201cSalud para Tod@s\u201d en Cozumel, Tulum y Oth\u00f3n P. Blanco\"}]},{\"@type\":\"WebSite\",\"@id\":\"https:\/\/panoramaciudadano.com\/#website\",\"url\":\"https:\/\/panoramaciudadano.com\/\",\"name\":\"Panorama Ciudadano\",\"description\":\"\",\"publisher\":{\"@id\":\"https:\/\/panoramaciudadano.com\/#organization\"},\"potentialAction\":[{\"@type\":\"SearchAction\",\"target\":{\"@type\":\"EntryPoint\",\"urlTemplate\":\"https:\/\/panoramaciudadano.com\/?s={search_term_string}\"},\"query-input\":{\"@type\":\"PropertyValueSpecification\",\"valueRequired\":true,\"valueName\":\"search_term_string\"}}],\"inLanguage\":\"es\"},{\"@type\":\"Organization\",\"@id\":\"https:\/\/panoramaciudadano.com\/#organization\",\"name\":\"Panorama Ciudadano\",\"url\":\"https:\/\/panoramaciudadano.com\/\",\"logo\":{\"@type\":\"ImageObject\",\"inLanguage\":\"es\",\"@id\":\"https:\/\/panoramaciudadano.com\/#\/schema\/logo\/image\/\",\"url\":\"https:\/\/panoramaciudadano.com\/wp-content\/uploads\/2024\/05\/401498640_919267042938564_6290593609399108733_n.jpg\",\"contentUrl\":\"https:\/\/panoramaciudadano.com\/wp-content\/uploads\/2024\/05\/401498640_919267042938564_6290593609399108733_n.jpg\",\"width\":960,\"height\":957,\"caption\":\"Panorama Ciudadano\"},\"image\":{\"@id\":\"https:\/\/panoramaciudadano.com\/#\/schema\/logo\/image\/\"},\"sameAs\":[\"https:\/\/www.facebook.com\/panoramaciudadano\"]},{\"@type\":\"Person\",\"@id\":\"https:\/\/panoramaciudadano.com\/#\/schema\/person\/ffe9fe8ef47d3a93977b5761fd9e0d96\",\"name\":\"admin\",\"image\":{\"@type\":\"ImageObject\",\"inLanguage\":\"es\",\"@id\":\"https:\/\/panoramaciudadano.com\/#\/schema\/person\/image\/\",\"url\":\"https:\/\/secure.gravatar.com\/avatar\/2d5a12cacce3f18096f25fadea8abb7202fef18ed669595589853e84260ff451?s=96&d=mm&r=g\",\"contentUrl\":\"https:\/\/secure.gravatar.com\/avatar\/2d5a12cacce3f18096f25fadea8abb7202fef18ed669595589853e84260ff451?s=96&d=mm&r=g\",\"caption\":\"admin\"},\"sameAs\":[\"https:\/\/panoramaciudadano.com\"],\"url\":\"https:\/\/panoramaciudadano.com\/index.php\/author\/admin_3q6hyqq3\/\"}]}<\/script>\n<!-- \/ Yoast SEO plugin. -->","yoast_head_json":{"title":"Presentes las caravanas m\u00e9dicas m\u00f3viles \u201cSalud para Tod@s\u201d en Cozumel, Tulum y Oth\u00f3n P. Blanco - Panorama Ciudadano","robots":{"index":"index","follow":"follow","max-snippet":"max-snippet:-1","max-image-preview":"max-image-preview:large","max-video-preview":"max-video-preview:-1"},"canonical":"https:\/\/panoramaciudadano.com\/index.php\/2024\/10\/29\/presentes-las-caravanas-medicas-moviles-salud-para-tods-en-cozumel-tulum-y-othon-p-blanco\/","og_locale":"es_ES","og_type":"article","og_title":"Presentes las caravanas m\u00e9dicas m\u00f3viles \u201cSalud para Tod@s\u201d en Cozumel, Tulum y Oth\u00f3n P. Blanco - Panorama Ciudadano","og_description":"Permanecer\u00e1n dos semanas en Cozumel, \u00a0a partir de este 28 de octubre.","og_url":"https:\/\/panoramaciudadano.com\/index.php\/2024\/10\/29\/presentes-las-caravanas-medicas-moviles-salud-para-tods-en-cozumel-tulum-y-othon-p-blanco\/","og_site_name":"Panorama Ciudadano","article_publisher":"https:\/\/www.facebook.com\/panoramaciudadano","article_published_time":"2024-10-28T19:10:53+00:00","article_modified_time":"2024-10-28T19:10:54+00:00","og_image":[{"width":960,"height":640,"url":"https:\/\/panoramaciudadano.com\/wp-content\/uploads\/2024\/10\/WhatsApp-Image-2024-10-28-at-08.05.36.jpeg","type":"image\/jpeg"}],"author":"admin","twitter_card":"summary_large_image","twitter_misc":{"Escrito por":"admin","Tiempo de lectura":"4 minutos"},"schema":{"@context":"https:\/\/schema.org","@graph":[{"@type":"Article","@id":"https:\/\/panoramaciudadano.com\/index.php\/2024\/10\/29\/presentes-las-caravanas-medicas-moviles-salud-para-tods-en-cozumel-tulum-y-othon-p-blanco\/#article","isPartOf":{"@id":"https:\/\/panoramaciudadano.com\/index.php\/2024\/10\/29\/presentes-las-caravanas-medicas-moviles-salud-para-tods-en-cozumel-tulum-y-othon-p-blanco\/"},"author":{"name":"admin","@id":"https:\/\/panoramaciudadano.com\/#\/schema\/person\/ffe9fe8ef47d3a93977b5761fd9e0d96"},"headline":"Presentes las caravanas m\u00e9dicas m\u00f3viles \u201cSalud para Tod@s\u201d en Cozumel, Tulum y Oth\u00f3n P. Blanco","datePublished":"2024-10-28T19:10:53+00:00","dateModified":"2024-10-28T19:10:54+00:00","mainEntityOfPage":{"@id":"https:\/\/panoramaciudadano.com\/index.php\/2024\/10\/29\/presentes-las-caravanas-medicas-moviles-salud-para-tods-en-cozumel-tulum-y-othon-p-blanco\/"},"wordCount":358,"commentCount":0,"publisher":{"@id":"https:\/\/panoramaciudadano.com\/#organization"},"image":{"@id":"https:\/\/panoramaciudadano.com\/index.php\/2024\/10\/29\/presentes-las-caravanas-medicas-moviles-salud-para-tods-en-cozumel-tulum-y-othon-p-blanco\/#primaryimage"},"thumbnailUrl":"https:\/\/panoramaciudadano.com\/wp-content\/uploads\/2024\/10\/WhatsApp-Image-2024-10-28-at-08.05.36.jpeg","keywords":["Ana Paty Peralta"],"articleSection":["Canc\u00fan"],"inLanguage":"es","potentialAction":[{"@type":"CommentAction","name":"Comment","target":["https:\/\/panoramaciudadano.com\/index.php\/2024\/10\/29\/presentes-las-caravanas-medicas-moviles-salud-para-tods-en-cozumel-tulum-y-othon-p-blanco\/#respond"]}]},{"@type":"WebPage","@id":"https:\/\/panoramaciudadano.com\/index.php\/2024\/10\/29\/presentes-las-caravanas-medicas-moviles-salud-para-tods-en-cozumel-tulum-y-othon-p-blanco\/","url":"https:\/\/panoramaciudadano.com\/index.php\/2024\/10\/29\/presentes-las-caravanas-medicas-moviles-salud-para-tods-en-cozumel-tulum-y-othon-p-blanco\/","name":"Presentes las caravanas m\u00e9dicas m\u00f3viles \u201cSalud para Tod@s\u201d en Cozumel, Tulum y Oth\u00f3n P. Blanco - Panorama Ciudadano","isPartOf":{"@id":"https:\/\/panoramaciudadano.com\/#website"},"primaryImageOfPage":{"@id":"https:\/\/panoramaciudadano.com\/index.php\/2024\/10\/29\/presentes-las-caravanas-medicas-moviles-salud-para-tods-en-cozumel-tulum-y-othon-p-blanco\/#primaryimage"},"image":{"@id":"https:\/\/panoramaciudadano.com\/index.php\/2024\/10\/29\/presentes-las-caravanas-medicas-moviles-salud-para-tods-en-cozumel-tulum-y-othon-p-blanco\/#primaryimage"},"thumbnailUrl":"https:\/\/panoramaciudadano.com\/wp-content\/uploads\/2024\/10\/WhatsApp-Image-2024-10-28-at-08.05.36.jpeg","datePublished":"2024-10-28T19:10:53+00:00","dateModified":"2024-10-28T19:10:54+00:00","breadcrumb":{"@id":"https:\/\/panoramaciudadano.com\/index.php\/2024\/10\/29\/presentes-las-caravanas-medicas-moviles-salud-para-tods-en-cozumel-tulum-y-othon-p-blanco\/#breadcrumb"},"inLanguage":"es","potentialAction":[{"@type":"ReadAction","target":["https:\/\/panoramaciudadano.com\/index.php\/2024\/10\/29\/presentes-las-caravanas-medicas-moviles-salud-para-tods-en-cozumel-tulum-y-othon-p-blanco\/"]}]},{"@type":"ImageObject","inLanguage":"es","@id":"https:\/\/panoramaciudadano.com\/index.php\/2024\/10\/29\/presentes-las-caravanas-medicas-moviles-salud-para-tods-en-cozumel-tulum-y-othon-p-blanco\/#primaryimage","url":"https:\/\/panoramaciudadano.com\/wp-content\/uploads\/2024\/10\/WhatsApp-Image-2024-10-28-at-08.05.36.jpeg","contentUrl":"https:\/\/panoramaciudadano.com\/wp-content\/uploads\/2024\/10\/WhatsApp-Image-2024-10-28-at-08.05.36.jpeg","width":960,"height":640},{"@type":"BreadcrumbList","@id":"https:\/\/panoramaciudadano.com\/index.php\/2024\/10\/29\/presentes-las-caravanas-medicas-moviles-salud-para-tods-en-cozumel-tulum-y-othon-p-blanco\/#breadcrumb","itemListElement":[{"@type":"ListItem","position":1,"name":"Portada","item":"https:\/\/panoramaciudadano.com\/"},{"@type":"ListItem","position":2,"name":"Presentes las caravanas m\u00e9dicas m\u00f3viles \u201cSalud para Tod@s\u201d en Cozumel, Tulum y Oth\u00f3n P. Blanco"}]},{"@type":"WebSite","@id":"https:\/\/panoramaciudadano.com\/#website","url":"https:\/\/panoramaciudadano.com\/","name":"Panorama Ciudadano","description":"","publisher":{"@id":"https:\/\/panoramaciudadano.com\/#organization"},"potentialAction":[{"@type":"SearchAction","target":{"@type":"EntryPoint","urlTemplate":"https:\/\/panoramaciudadano.com\/?s={search_term_string}"},"query-input":{"@type":"PropertyValueSpecification","valueRequired":true,"valueName":"search_term_string"}}],"inLanguage":"es"},{"@type":"Organization","@id":"https:\/\/panoramaciudadano.com\/#organization","name":"Panorama Ciudadano","url":"https:\/\/panoramaciudadano.com\/","logo":{"@type":"ImageObject","inLanguage":"es","@id":"https:\/\/panoramaciudadano.com\/#\/schema\/logo\/image\/","url":"https:\/\/panoramaciudadano.com\/wp-content\/uploads\/2024\/05\/401498640_919267042938564_6290593609399108733_n.jpg","contentUrl":"https:\/\/panoramaciudadano.com\/wp-content\/uploads\/2024\/05\/401498640_919267042938564_6290593609399108733_n.jpg","width":960,"height":957,"caption":"Panorama Ciudadano"},"image":{"@id":"https:\/\/panoramaciudadano.com\/#\/schema\/logo\/image\/"},"sameAs":["https:\/\/www.facebook.com\/panoramaciudadano"]},{"@type":"Person","@id":"https:\/\/panoramaciudadano.com\/#\/schema\/person\/ffe9fe8ef47d3a93977b5761fd9e0d96","name":"admin","image":{"@type":"ImageObject","inLanguage":"es","@id":"https:\/\/panoramaciudadano.com\/#\/schema\/person\/image\/","url":"https:\/\/secure.gravatar.com\/avatar\/2d5a12cacce3f18096f25fadea8abb7202fef18ed669595589853e84260ff451?s=96&d=mm&r=g","contentUrl":"https:\/\/secure.gravatar.com\/avatar\/2d5a12cacce3f18096f25fadea8abb7202fef18ed669595589853e84260ff451?s=96&d=mm&r=g","caption":"admin"},"sameAs":["https:\/\/panoramaciudadano.com"],"url":"https:\/\/panoramaciudadano.com\/index.php\/author\/admin_3q6hyqq3\/"}]}},"_links":{"self":[{"href":"https:\/\/panoramaciudadano.com\/index.php\/wp-json\/wp\/v2\/posts\/5862","targetHints":{"allow":["GET"]}}],"collection":[{"href":"https:\/\/panoramaciudadano.com\/index.php\/wp-json\/wp\/v2\/posts"}],"about":[{"href":"https:\/\/panoramaciudadano.com\/index.php\/wp-json\/wp\/v2\/types\/post"}],"author":[{"embeddable":true,"href":"https:\/\/panoramaciudadano.com\/index.php\/wp-json\/wp\/v2\/users\/1"}],"replies":[{"embeddable":true,"href":"https:\/\/panoramaciudadano.com\/index.php\/wp-json\/wp\/v2\/comments?post=5862"}],"version-history":[{"count":1,"href":"https:\/\/panoramaciudadano.com\/index.php\/wp-json\/wp\/v2\/posts\/5862\/revisions"}],"predecessor-version":[{"id":5871,"href":"https:\/\/panoramaciudadano.com\/index.php\/wp-json\/wp\/v2\/posts\/5862\/revisions\/5871"}],"wp:featuredmedia":[{"embeddable":true,"href":"https:\/\/panoramaciudadano.com\/index.php\/wp-json\/wp\/v2\/media\/5863"}],"wp:attachment":[{"href":"https:\/\/panoramaciudadano.com\/index.php\/wp-json\/wp\/v2\/media?parent=5862"}],"wp:term":[{"taxonomy":"category","embeddable":true,"href":"https:\/\/panoramaciudadano.com\/index.php\/wp-json\/wp\/v2\/categories?post=5862"},{"taxonomy":"post_tag","embeddable":true,"href":"https:\/\/panoramaciudadano.com\/index.php\/wp-json\/wp\/v2\/tags?post=5862"}],"curies":[{"name":"wp","href":"https:\/\/api.w.org\/{rel}","templated":true}]}}