{"id":5884,"date":"2024-10-29T02:18:45","date_gmt":"2024-10-28T19:18:45","guid":{"rendered":"https:\/\/panoramaciudadano.com\/?p=5884"},"modified":"2024-10-29T02:18:46","modified_gmt":"2024-10-28T19:18:46","slug":"ambulancias-entregadas-en-cancun-permanecen-inactivas-urgen-acciones-para-mejorar-la-atencion-medica-de-emergencia","status":"publish","type":"post","link":"https:\/\/panoramaciudadano.com\/index.php\/2024\/10\/29\/ambulancias-entregadas-en-cancun-permanecen-inactivas-urgen-acciones-para-mejorar-la-atencion-medica-de-emergencia\/","title":{"rendered":"Ambulancias entregadas en Canc\u00fan permanecen inactivas; urgen acciones para mejorar la atenci\u00f3n m\u00e9dica de emergencia"},"content":{"rendered":"\n<figure class=\"wp-block-image size-large\"><img decoding=\"async\" width=\"1024\" height=\"768\" src=\"https:\/\/panoramaciudadano.com\/wp-content\/uploads\/2024\/10\/WhatsApp-Image-2024-10-28-at-12.33.57-1024x768.jpeg\" alt=\"\" class=\"wp-image-5885\" srcset=\"https:\/\/panoramaciudadano.com\/wp-content\/uploads\/2024\/10\/WhatsApp-Image-2024-10-28-at-12.33.57-1024x768.jpeg 1024w, https:\/\/panoramaciudadano.com\/wp-content\/uploads\/2024\/10\/WhatsApp-Image-2024-10-28-at-12.33.57-300x225.jpeg 300w, https:\/\/panoramaciudadano.com\/wp-content\/uploads\/2024\/10\/WhatsApp-Image-2024-10-28-at-12.33.57-768x576.jpeg 768w, https:\/\/panoramaciudadano.com\/wp-content\/uploads\/2024\/10\/WhatsApp-Image-2024-10-28-at-12.33.57-1536x1152.jpeg 1536w, https:\/\/panoramaciudadano.com\/wp-content\/uploads\/2024\/10\/WhatsApp-Image-2024-10-28-at-12.33.57.jpeg 1600w\" sizes=\"(max-width: 1024px) 100vw, 1024px\" \/><\/figure>\n\n\n\n<p>\u00abEl gobierno del estado de Quintana Roo entreg\u00f3 ambulancias a todos los municipios, pero en Canc\u00fan, estas unidades de emergencia permanecen estacionadas en el hospital general, sin prestar servicio a la poblaci\u00f3n que lo necesita. Esto resulta en retrasos en la atenci\u00f3n m\u00e9dica de emergencia, especialmente en casos de accidentes o agresiones. Es hora de que el gobierno instruya a estas unidades para que comiencen a operar y brinden la ayuda necesaria a los ciudadanos<\/p>\n\n\n\n<p>La entrega de 31 ambulancias y mil 163 apoyos funcionales por parte de la Beneficencia P\u00fablica federal fue un paso positivo, pero la inacci\u00f3n de las autoridades estatales est\u00e1 poniendo en riesgo la vida de los quintanarroenses. Es momento de exigir acci\u00f3n y resultados concretos para mejorar la atenci\u00f3n m\u00e9dica de emergencia en la entidad<\/p>\n\n\n\n<p><em>Puntos clave de la situaci\u00f3n:<\/em><\/p>\n\n\n\n<ul class=\"wp-block-list\">\n<li><em>Ambulancias inactivas<\/em>: Unidades de emergencia estacionadas en el hospital general de Canc\u00fan sin prestar servicio.<\/li>\n\n\n\n<li><em>Retrasos en la atenci\u00f3n m\u00e9dica<\/em>: Tardanza en la llegada de unidades m\u00e9dicas en casos de emergencia.<\/li>\n\n\n\n<li><em>Necesidad de acci\u00f3n gubernamental<\/em>: Exigencia de instrucci\u00f3n clara para que las unidades comiencen a operar.<\/li>\n<\/ul>\n","protected":false},"excerpt":{"rendered":"<p>\u00abEl gobierno del estado de Quintana Roo entreg\u00f3 ambulancias a todos los municipios, pero en Canc\u00fan, estas unidades de emergencia permanecen estacionadas en el hospital general, sin prestar servicio a la poblaci\u00f3n que lo necesita. Esto resulta en retrasos en la atenci\u00f3n m\u00e9dica de emergencia, especialmente en casos de accidentes o agresiones. Es hora de que el gobierno instruya a estas unidades para que comiencen a operar y brinden la ayuda necesaria a los ciudadanos<\/p>\n","protected":false},"author":1,"featured_media":5885,"comment_status":"open","ping_status":"closed","sticky":false,"template":"","format":"standard","meta":{"footnotes":""},"categories":[6],"tags":[259],"class_list":["post-5884","post","type-post","status-publish","format-standard","has-post-thumbnail","hentry","category-cancun","tag-mara-lezama"],"yoast_head":"<!-- This site is optimized with the Yoast SEO plugin v27.1.1 - https:\/\/yoast.com\/product\/yoast-seo-wordpress\/ -->\n<title>Ambulancias entregadas en Canc\u00fan permanecen inactivas; urgen acciones para mejorar la atenci\u00f3n m\u00e9dica de emergencia - Panorama Ciudadano<\/title>\n<meta name=\"robots\" content=\"index, follow, max-snippet:-1, max-image-preview:large, max-video-preview:-1\" \/>\n<link rel=\"canonical\" href=\"https:\/\/panoramaciudadano.com\/index.php\/2024\/10\/29\/ambulancias-entregadas-en-cancun-permanecen-inactivas-urgen-acciones-para-mejorar-la-atencion-medica-de-emergencia\/\" \/>\n<meta property=\"og:locale\" content=\"es_ES\" \/>\n<meta property=\"og:type\" content=\"article\" \/>\n<meta property=\"og:title\" content=\"Ambulancias entregadas en Canc\u00fan permanecen inactivas; urgen acciones para mejorar la atenci\u00f3n m\u00e9dica de emergencia - Panorama Ciudadano\" \/>\n<meta property=\"og:description\" content=\"&quot;El gobierno del estado de Quintana Roo entreg\u00f3 ambulancias a todos los municipios, pero en Canc\u00fan, estas unidades de emergencia permanecen estacionadas en el hospital general, sin prestar servicio a la poblaci\u00f3n que lo necesita. Esto resulta en retrasos en la atenci\u00f3n m\u00e9dica de emergencia, especialmente en casos de accidentes o agresiones. Es hora de que el gobierno instruya a estas unidades para que comiencen a operar y brinden la ayuda necesaria a los ciudadanos\" \/>\n<meta property=\"og:url\" content=\"https:\/\/panoramaciudadano.com\/index.php\/2024\/10\/29\/ambulancias-entregadas-en-cancun-permanecen-inactivas-urgen-acciones-para-mejorar-la-atencion-medica-de-emergencia\/\" \/>\n<meta property=\"og:site_name\" content=\"Panorama Ciudadano\" \/>\n<meta property=\"article:publisher\" content=\"https:\/\/www.facebook.com\/panoramaciudadano\" \/>\n<meta property=\"article:published_time\" content=\"2024-10-28T19:18:45+00:00\" \/>\n<meta property=\"article:modified_time\" content=\"2024-10-28T19:18:46+00:00\" \/>\n<meta property=\"og:image\" content=\"https:\/\/panoramaciudadano.com\/wp-content\/uploads\/2024\/10\/WhatsApp-Image-2024-10-28-at-12.33.57.jpeg\" \/>\n\t<meta property=\"og:image:width\" content=\"1600\" \/>\n\t<meta property=\"og:image:height\" content=\"1200\" \/>\n\t<meta property=\"og:image:type\" content=\"image\/jpeg\" \/>\n<meta name=\"author\" content=\"admin\" \/>\n<meta name=\"twitter:card\" content=\"summary_large_image\" \/>\n<meta name=\"twitter:label1\" content=\"Escrito por\" \/>\n\t<meta name=\"twitter:data1\" content=\"admin\" \/>\n\t<meta name=\"twitter:label2\" content=\"Tiempo de lectura\" \/>\n\t<meta name=\"twitter:data2\" content=\"2 minutos\" \/>\n<script type=\"application\/ld+json\" class=\"yoast-schema-graph\">{\"@context\":\"https:\/\/schema.org\",\"@graph\":[{\"@type\":\"Article\",\"@id\":\"https:\/\/panoramaciudadano.com\/index.php\/2024\/10\/29\/ambulancias-entregadas-en-cancun-permanecen-inactivas-urgen-acciones-para-mejorar-la-atencion-medica-de-emergencia\/#article\",\"isPartOf\":{\"@id\":\"https:\/\/panoramaciudadano.com\/index.php\/2024\/10\/29\/ambulancias-entregadas-en-cancun-permanecen-inactivas-urgen-acciones-para-mejorar-la-atencion-medica-de-emergencia\/\"},\"author\":{\"name\":\"admin\",\"@id\":\"https:\/\/panoramaciudadano.com\/#\/schema\/person\/ffe9fe8ef47d3a93977b5761fd9e0d96\"},\"headline\":\"Ambulancias entregadas en Canc\u00fan permanecen inactivas; urgen acciones para mejorar la atenci\u00f3n m\u00e9dica de emergencia\",\"datePublished\":\"2024-10-28T19:18:45+00:00\",\"dateModified\":\"2024-10-28T19:18:46+00:00\",\"mainEntityOfPage\":{\"@id\":\"https:\/\/panoramaciudadano.com\/index.php\/2024\/10\/29\/ambulancias-entregadas-en-cancun-permanecen-inactivas-urgen-acciones-para-mejorar-la-atencion-medica-de-emergencia\/\"},\"wordCount\":213,\"commentCount\":0,\"publisher\":{\"@id\":\"https:\/\/panoramaciudadano.com\/#organization\"},\"image\":{\"@id\":\"https:\/\/panoramaciudadano.com\/index.php\/2024\/10\/29\/ambulancias-entregadas-en-cancun-permanecen-inactivas-urgen-acciones-para-mejorar-la-atencion-medica-de-emergencia\/#primaryimage\"},\"thumbnailUrl\":\"https:\/\/panoramaciudadano.com\/wp-content\/uploads\/2024\/10\/WhatsApp-Image-2024-10-28-at-12.33.57.jpeg\",\"keywords\":[\"Mara Lezama\"],\"articleSection\":[\"Canc\u00fan\"],\"inLanguage\":\"es\",\"potentialAction\":[{\"@type\":\"CommentAction\",\"name\":\"Comment\",\"target\":[\"https:\/\/panoramaciudadano.com\/index.php\/2024\/10\/29\/ambulancias-entregadas-en-cancun-permanecen-inactivas-urgen-acciones-para-mejorar-la-atencion-medica-de-emergencia\/#respond\"]}]},{\"@type\":\"WebPage\",\"@id\":\"https:\/\/panoramaciudadano.com\/index.php\/2024\/10\/29\/ambulancias-entregadas-en-cancun-permanecen-inactivas-urgen-acciones-para-mejorar-la-atencion-medica-de-emergencia\/\",\"url\":\"https:\/\/panoramaciudadano.com\/index.php\/2024\/10\/29\/ambulancias-entregadas-en-cancun-permanecen-inactivas-urgen-acciones-para-mejorar-la-atencion-medica-de-emergencia\/\",\"name\":\"Ambulancias entregadas en Canc\u00fan permanecen inactivas; urgen acciones para mejorar la atenci\u00f3n m\u00e9dica de emergencia - Panorama Ciudadano\",\"isPartOf\":{\"@id\":\"https:\/\/panoramaciudadano.com\/#website\"},\"primaryImageOfPage\":{\"@id\":\"https:\/\/panoramaciudadano.com\/index.php\/2024\/10\/29\/ambulancias-entregadas-en-cancun-permanecen-inactivas-urgen-acciones-para-mejorar-la-atencion-medica-de-emergencia\/#primaryimage\"},\"image\":{\"@id\":\"https:\/\/panoramaciudadano.com\/index.php\/2024\/10\/29\/ambulancias-entregadas-en-cancun-permanecen-inactivas-urgen-acciones-para-mejorar-la-atencion-medica-de-emergencia\/#primaryimage\"},\"thumbnailUrl\":\"https:\/\/panoramaciudadano.com\/wp-content\/uploads\/2024\/10\/WhatsApp-Image-2024-10-28-at-12.33.57.jpeg\",\"datePublished\":\"2024-10-28T19:18:45+00:00\",\"dateModified\":\"2024-10-28T19:18:46+00:00\",\"breadcrumb\":{\"@id\":\"https:\/\/panoramaciudadano.com\/index.php\/2024\/10\/29\/ambulancias-entregadas-en-cancun-permanecen-inactivas-urgen-acciones-para-mejorar-la-atencion-medica-de-emergencia\/#breadcrumb\"},\"inLanguage\":\"es\",\"potentialAction\":[{\"@type\":\"ReadAction\",\"target\":[\"https:\/\/panoramaciudadano.com\/index.php\/2024\/10\/29\/ambulancias-entregadas-en-cancun-permanecen-inactivas-urgen-acciones-para-mejorar-la-atencion-medica-de-emergencia\/\"]}]},{\"@type\":\"ImageObject\",\"inLanguage\":\"es\",\"@id\":\"https:\/\/panoramaciudadano.com\/index.php\/2024\/10\/29\/ambulancias-entregadas-en-cancun-permanecen-inactivas-urgen-acciones-para-mejorar-la-atencion-medica-de-emergencia\/#primaryimage\",\"url\":\"https:\/\/panoramaciudadano.com\/wp-content\/uploads\/2024\/10\/WhatsApp-Image-2024-10-28-at-12.33.57.jpeg\",\"contentUrl\":\"https:\/\/panoramaciudadano.com\/wp-content\/uploads\/2024\/10\/WhatsApp-Image-2024-10-28-at-12.33.57.jpeg\",\"width\":1600,\"height\":1200},{\"@type\":\"BreadcrumbList\",\"@id\":\"https:\/\/panoramaciudadano.com\/index.php\/2024\/10\/29\/ambulancias-entregadas-en-cancun-permanecen-inactivas-urgen-acciones-para-mejorar-la-atencion-medica-de-emergencia\/#breadcrumb\",\"itemListElement\":[{\"@type\":\"ListItem\",\"position\":1,\"name\":\"Portada\",\"item\":\"https:\/\/panoramaciudadano.com\/\"},{\"@type\":\"ListItem\",\"position\":2,\"name\":\"Ambulancias entregadas en Canc\u00fan permanecen inactivas; urgen acciones para mejorar la atenci\u00f3n m\u00e9dica de emergencia\"}]},{\"@type\":\"WebSite\",\"@id\":\"https:\/\/panoramaciudadano.com\/#website\",\"url\":\"https:\/\/panoramaciudadano.com\/\",\"name\":\"Panorama Ciudadano\",\"description\":\"\",\"publisher\":{\"@id\":\"https:\/\/panoramaciudadano.com\/#organization\"},\"potentialAction\":[{\"@type\":\"SearchAction\",\"target\":{\"@type\":\"EntryPoint\",\"urlTemplate\":\"https:\/\/panoramaciudadano.com\/?s={search_term_string}\"},\"query-input\":{\"@type\":\"PropertyValueSpecification\",\"valueRequired\":true,\"valueName\":\"search_term_string\"}}],\"inLanguage\":\"es\"},{\"@type\":\"Organization\",\"@id\":\"https:\/\/panoramaciudadano.com\/#organization\",\"name\":\"Panorama Ciudadano\",\"url\":\"https:\/\/panoramaciudadano.com\/\",\"logo\":{\"@type\":\"ImageObject\",\"inLanguage\":\"es\",\"@id\":\"https:\/\/panoramaciudadano.com\/#\/schema\/logo\/image\/\",\"url\":\"https:\/\/panoramaciudadano.com\/wp-content\/uploads\/2024\/05\/401498640_919267042938564_6290593609399108733_n.jpg\",\"contentUrl\":\"https:\/\/panoramaciudadano.com\/wp-content\/uploads\/2024\/05\/401498640_919267042938564_6290593609399108733_n.jpg\",\"width\":960,\"height\":957,\"caption\":\"Panorama Ciudadano\"},\"image\":{\"@id\":\"https:\/\/panoramaciudadano.com\/#\/schema\/logo\/image\/\"},\"sameAs\":[\"https:\/\/www.facebook.com\/panoramaciudadano\"]},{\"@type\":\"Person\",\"@id\":\"https:\/\/panoramaciudadano.com\/#\/schema\/person\/ffe9fe8ef47d3a93977b5761fd9e0d96\",\"name\":\"admin\",\"image\":{\"@type\":\"ImageObject\",\"inLanguage\":\"es\",\"@id\":\"https:\/\/panoramaciudadano.com\/#\/schema\/person\/image\/\",\"url\":\"https:\/\/secure.gravatar.com\/avatar\/2d5a12cacce3f18096f25fadea8abb7202fef18ed669595589853e84260ff451?s=96&d=mm&r=g\",\"contentUrl\":\"https:\/\/secure.gravatar.com\/avatar\/2d5a12cacce3f18096f25fadea8abb7202fef18ed669595589853e84260ff451?s=96&d=mm&r=g\",\"caption\":\"admin\"},\"sameAs\":[\"https:\/\/panoramaciudadano.com\"],\"url\":\"https:\/\/panoramaciudadano.com\/index.php\/author\/admin_3q6hyqq3\/\"}]}<\/script>\n<!-- \/ Yoast SEO plugin. -->","yoast_head_json":{"title":"Ambulancias entregadas en Canc\u00fan permanecen inactivas; urgen acciones para mejorar la atenci\u00f3n m\u00e9dica de emergencia - Panorama Ciudadano","robots":{"index":"index","follow":"follow","max-snippet":"max-snippet:-1","max-image-preview":"max-image-preview:large","max-video-preview":"max-video-preview:-1"},"canonical":"https:\/\/panoramaciudadano.com\/index.php\/2024\/10\/29\/ambulancias-entregadas-en-cancun-permanecen-inactivas-urgen-acciones-para-mejorar-la-atencion-medica-de-emergencia\/","og_locale":"es_ES","og_type":"article","og_title":"Ambulancias entregadas en Canc\u00fan permanecen inactivas; urgen acciones para mejorar la atenci\u00f3n m\u00e9dica de emergencia - Panorama Ciudadano","og_description":"\"El gobierno del estado de Quintana Roo entreg\u00f3 ambulancias a todos los municipios, pero en Canc\u00fan, estas unidades de emergencia permanecen estacionadas en el hospital general, sin prestar servicio a la poblaci\u00f3n que lo necesita. Esto resulta en retrasos en la atenci\u00f3n m\u00e9dica de emergencia, especialmente en casos de accidentes o agresiones. Es hora de que el gobierno instruya a estas unidades para que comiencen a operar y brinden la ayuda necesaria a los ciudadanos","og_url":"https:\/\/panoramaciudadano.com\/index.php\/2024\/10\/29\/ambulancias-entregadas-en-cancun-permanecen-inactivas-urgen-acciones-para-mejorar-la-atencion-medica-de-emergencia\/","og_site_name":"Panorama Ciudadano","article_publisher":"https:\/\/www.facebook.com\/panoramaciudadano","article_published_time":"2024-10-28T19:18:45+00:00","article_modified_time":"2024-10-28T19:18:46+00:00","og_image":[{"width":1600,"height":1200,"url":"https:\/\/panoramaciudadano.com\/wp-content\/uploads\/2024\/10\/WhatsApp-Image-2024-10-28-at-12.33.57.jpeg","type":"image\/jpeg"}],"author":"admin","twitter_card":"summary_large_image","twitter_misc":{"Escrito por":"admin","Tiempo de lectura":"2 minutos"},"schema":{"@context":"https:\/\/schema.org","@graph":[{"@type":"Article","@id":"https:\/\/panoramaciudadano.com\/index.php\/2024\/10\/29\/ambulancias-entregadas-en-cancun-permanecen-inactivas-urgen-acciones-para-mejorar-la-atencion-medica-de-emergencia\/#article","isPartOf":{"@id":"https:\/\/panoramaciudadano.com\/index.php\/2024\/10\/29\/ambulancias-entregadas-en-cancun-permanecen-inactivas-urgen-acciones-para-mejorar-la-atencion-medica-de-emergencia\/"},"author":{"name":"admin","@id":"https:\/\/panoramaciudadano.com\/#\/schema\/person\/ffe9fe8ef47d3a93977b5761fd9e0d96"},"headline":"Ambulancias entregadas en Canc\u00fan permanecen inactivas; urgen acciones para mejorar la atenci\u00f3n m\u00e9dica de emergencia","datePublished":"2024-10-28T19:18:45+00:00","dateModified":"2024-10-28T19:18:46+00:00","mainEntityOfPage":{"@id":"https:\/\/panoramaciudadano.com\/index.php\/2024\/10\/29\/ambulancias-entregadas-en-cancun-permanecen-inactivas-urgen-acciones-para-mejorar-la-atencion-medica-de-emergencia\/"},"wordCount":213,"commentCount":0,"publisher":{"@id":"https:\/\/panoramaciudadano.com\/#organization"},"image":{"@id":"https:\/\/panoramaciudadano.com\/index.php\/2024\/10\/29\/ambulancias-entregadas-en-cancun-permanecen-inactivas-urgen-acciones-para-mejorar-la-atencion-medica-de-emergencia\/#primaryimage"},"thumbnailUrl":"https:\/\/panoramaciudadano.com\/wp-content\/uploads\/2024\/10\/WhatsApp-Image-2024-10-28-at-12.33.57.jpeg","keywords":["Mara Lezama"],"articleSection":["Canc\u00fan"],"inLanguage":"es","potentialAction":[{"@type":"CommentAction","name":"Comment","target":["https:\/\/panoramaciudadano.com\/index.php\/2024\/10\/29\/ambulancias-entregadas-en-cancun-permanecen-inactivas-urgen-acciones-para-mejorar-la-atencion-medica-de-emergencia\/#respond"]}]},{"@type":"WebPage","@id":"https:\/\/panoramaciudadano.com\/index.php\/2024\/10\/29\/ambulancias-entregadas-en-cancun-permanecen-inactivas-urgen-acciones-para-mejorar-la-atencion-medica-de-emergencia\/","url":"https:\/\/panoramaciudadano.com\/index.php\/2024\/10\/29\/ambulancias-entregadas-en-cancun-permanecen-inactivas-urgen-acciones-para-mejorar-la-atencion-medica-de-emergencia\/","name":"Ambulancias entregadas en Canc\u00fan permanecen inactivas; urgen acciones para mejorar la atenci\u00f3n m\u00e9dica de emergencia - Panorama Ciudadano","isPartOf":{"@id":"https:\/\/panoramaciudadano.com\/#website"},"primaryImageOfPage":{"@id":"https:\/\/panoramaciudadano.com\/index.php\/2024\/10\/29\/ambulancias-entregadas-en-cancun-permanecen-inactivas-urgen-acciones-para-mejorar-la-atencion-medica-de-emergencia\/#primaryimage"},"image":{"@id":"https:\/\/panoramaciudadano.com\/index.php\/2024\/10\/29\/ambulancias-entregadas-en-cancun-permanecen-inactivas-urgen-acciones-para-mejorar-la-atencion-medica-de-emergencia\/#primaryimage"},"thumbnailUrl":"https:\/\/panoramaciudadano.com\/wp-content\/uploads\/2024\/10\/WhatsApp-Image-2024-10-28-at-12.33.57.jpeg","datePublished":"2024-10-28T19:18:45+00:00","dateModified":"2024-10-28T19:18:46+00:00","breadcrumb":{"@id":"https:\/\/panoramaciudadano.com\/index.php\/2024\/10\/29\/ambulancias-entregadas-en-cancun-permanecen-inactivas-urgen-acciones-para-mejorar-la-atencion-medica-de-emergencia\/#breadcrumb"},"inLanguage":"es","potentialAction":[{"@type":"ReadAction","target":["https:\/\/panoramaciudadano.com\/index.php\/2024\/10\/29\/ambulancias-entregadas-en-cancun-permanecen-inactivas-urgen-acciones-para-mejorar-la-atencion-medica-de-emergencia\/"]}]},{"@type":"ImageObject","inLanguage":"es","@id":"https:\/\/panoramaciudadano.com\/index.php\/2024\/10\/29\/ambulancias-entregadas-en-cancun-permanecen-inactivas-urgen-acciones-para-mejorar-la-atencion-medica-de-emergencia\/#primaryimage","url":"https:\/\/panoramaciudadano.com\/wp-content\/uploads\/2024\/10\/WhatsApp-Image-2024-10-28-at-12.33.57.jpeg","contentUrl":"https:\/\/panoramaciudadano.com\/wp-content\/uploads\/2024\/10\/WhatsApp-Image-2024-10-28-at-12.33.57.jpeg","width":1600,"height":1200},{"@type":"BreadcrumbList","@id":"https:\/\/panoramaciudadano.com\/index.php\/2024\/10\/29\/ambulancias-entregadas-en-cancun-permanecen-inactivas-urgen-acciones-para-mejorar-la-atencion-medica-de-emergencia\/#breadcrumb","itemListElement":[{"@type":"ListItem","position":1,"name":"Portada","item":"https:\/\/panoramaciudadano.com\/"},{"@type":"ListItem","position":2,"name":"Ambulancias entregadas en Canc\u00fan permanecen inactivas; urgen acciones para mejorar la atenci\u00f3n m\u00e9dica de emergencia"}]},{"@type":"WebSite","@id":"https:\/\/panoramaciudadano.com\/#website","url":"https:\/\/panoramaciudadano.com\/","name":"Panorama Ciudadano","description":"","publisher":{"@id":"https:\/\/panoramaciudadano.com\/#organization"},"potentialAction":[{"@type":"SearchAction","target":{"@type":"EntryPoint","urlTemplate":"https:\/\/panoramaciudadano.com\/?s={search_term_string}"},"query-input":{"@type":"PropertyValueSpecification","valueRequired":true,"valueName":"search_term_string"}}],"inLanguage":"es"},{"@type":"Organization","@id":"https:\/\/panoramaciudadano.com\/#organization","name":"Panorama Ciudadano","url":"https:\/\/panoramaciudadano.com\/","logo":{"@type":"ImageObject","inLanguage":"es","@id":"https:\/\/panoramaciudadano.com\/#\/schema\/logo\/image\/","url":"https:\/\/panoramaciudadano.com\/wp-content\/uploads\/2024\/05\/401498640_919267042938564_6290593609399108733_n.jpg","contentUrl":"https:\/\/panoramaciudadano.com\/wp-content\/uploads\/2024\/05\/401498640_919267042938564_6290593609399108733_n.jpg","width":960,"height":957,"caption":"Panorama Ciudadano"},"image":{"@id":"https:\/\/panoramaciudadano.com\/#\/schema\/logo\/image\/"},"sameAs":["https:\/\/www.facebook.com\/panoramaciudadano"]},{"@type":"Person","@id":"https:\/\/panoramaciudadano.com\/#\/schema\/person\/ffe9fe8ef47d3a93977b5761fd9e0d96","name":"admin","image":{"@type":"ImageObject","inLanguage":"es","@id":"https:\/\/panoramaciudadano.com\/#\/schema\/person\/image\/","url":"https:\/\/secure.gravatar.com\/avatar\/2d5a12cacce3f18096f25fadea8abb7202fef18ed669595589853e84260ff451?s=96&d=mm&r=g","contentUrl":"https:\/\/secure.gravatar.com\/avatar\/2d5a12cacce3f18096f25fadea8abb7202fef18ed669595589853e84260ff451?s=96&d=mm&r=g","caption":"admin"},"sameAs":["https:\/\/panoramaciudadano.com"],"url":"https:\/\/panoramaciudadano.com\/index.php\/author\/admin_3q6hyqq3\/"}]}},"_links":{"self":[{"href":"https:\/\/panoramaciudadano.com\/index.php\/wp-json\/wp\/v2\/posts\/5884","targetHints":{"allow":["GET"]}}],"collection":[{"href":"https:\/\/panoramaciudadano.com\/index.php\/wp-json\/wp\/v2\/posts"}],"about":[{"href":"https:\/\/panoramaciudadano.com\/index.php\/wp-json\/wp\/v2\/types\/post"}],"author":[{"embeddable":true,"href":"https:\/\/panoramaciudadano.com\/index.php\/wp-json\/wp\/v2\/users\/1"}],"replies":[{"embeddable":true,"href":"https:\/\/panoramaciudadano.com\/index.php\/wp-json\/wp\/v2\/comments?post=5884"}],"version-history":[{"count":1,"href":"https:\/\/panoramaciudadano.com\/index.php\/wp-json\/wp\/v2\/posts\/5884\/revisions"}],"predecessor-version":[{"id":5886,"href":"https:\/\/panoramaciudadano.com\/index.php\/wp-json\/wp\/v2\/posts\/5884\/revisions\/5886"}],"wp:featuredmedia":[{"embeddable":true,"href":"https:\/\/panoramaciudadano.com\/index.php\/wp-json\/wp\/v2\/media\/5885"}],"wp:attachment":[{"href":"https:\/\/panoramaciudadano.com\/index.php\/wp-json\/wp\/v2\/media?parent=5884"}],"wp:term":[{"taxonomy":"category","embeddable":true,"href":"https:\/\/panoramaciudadano.com\/index.php\/wp-json\/wp\/v2\/categories?post=5884"},{"taxonomy":"post_tag","embeddable":true,"href":"https:\/\/panoramaciudadano.com\/index.php\/wp-json\/wp\/v2\/tags?post=5884"}],"curies":[{"name":"wp","href":"https:\/\/api.w.org\/{rel}","templated":true}]}}