{"id":5904,"date":"2024-10-29T20:28:35","date_gmt":"2024-10-29T13:28:35","guid":{"rendered":"https:\/\/panoramaciudadano.com\/?p=5904"},"modified":"2024-10-29T20:28:36","modified_gmt":"2024-10-29T13:28:36","slug":"policias-estatales-irrumpen-sin-orden-en-vivienda-de-villas-del-mar-y-se-llevan-taxi-y-celular-del-propietario","status":"publish","type":"post","link":"https:\/\/panoramaciudadano.com\/index.php\/2024\/10\/29\/policias-estatales-irrumpen-sin-orden-en-vivienda-de-villas-del-mar-y-se-llevan-taxi-y-celular-del-propietario\/","title":{"rendered":"Polic\u00edas estatales irrumpen sin orden en vivienda de Villas del Mar y se llevan taxi y celular del propietario"},"content":{"rendered":"\n<figure class=\"wp-block-image size-full\"><img decoding=\"async\" width=\"881\" height=\"640\" src=\"https:\/\/panoramaciudadano.com\/wp-content\/uploads\/2024\/10\/WhatsApp-Image-2024-10-28-at-19.37.23.jpeg\" alt=\"\" class=\"wp-image-5905\" srcset=\"https:\/\/panoramaciudadano.com\/wp-content\/uploads\/2024\/10\/WhatsApp-Image-2024-10-28-at-19.37.23.jpeg 881w, https:\/\/panoramaciudadano.com\/wp-content\/uploads\/2024\/10\/WhatsApp-Image-2024-10-28-at-19.37.23-300x218.jpeg 300w, https:\/\/panoramaciudadano.com\/wp-content\/uploads\/2024\/10\/WhatsApp-Image-2024-10-28-at-19.37.23-768x558.jpeg 768w\" sizes=\"(max-width: 881px) 100vw, 881px\" \/><\/figure>\n\n\n\n<p>Unos polic\u00edas estatales abusaron de su autoridad al entrar, sin orden de cateo, a un domicilio, en el fraccionamiento Villas del Mar, Etapa II, donde rompieron la puerta, se llevaron un taxi y el celular del propietario.<\/p>\n\n\n\n<p>Los hechos se registraron la tarde de este lunes, en un domicilio, ubicado en la Sexta Privada de Limoneros, en el mencionado fraccionamiento.<\/p>\n\n\n\n<p>Seg\u00fan el agraviado, quien padece diabetes, se encontraba en su casa cuando ingresaron los polic\u00edas estatales, rompieron la puerta y con armas largas lo amagaron, despu\u00e9s revisaron toda su vivienda.<\/p>\n\n\n\n<p>Posteriormente, los elementos se llevaron el taxi del operador y su celular, sin ni siquiera darle una explicaci\u00f3n sobre su actuar.<\/p>\n\n\n\n<p>El agraviado tuvo que reposar un roto, ya que a ra\u00edz del abuso de autoridad de los elementos, se le subi\u00f3 la az\u00facar\u2019.<\/p>\n","protected":false},"excerpt":{"rendered":"<p>Unos polic\u00edas estatales abusaron de su autoridad al entrar, sin orden de cateo, a un domicilio, en el fraccionamiento Villas del Mar, Etapa II, donde rompieron la puerta, se llevaron un taxi y el celular del propietario.<\/p>\n","protected":false},"author":1,"featured_media":5905,"comment_status":"open","ping_status":"closed","sticky":false,"template":"","format":"standard","meta":{"footnotes":""},"categories":[6],"tags":[36],"class_list":["post-5904","post","type-post","status-publish","format-standard","has-post-thumbnail","hentry","category-cancun","tag-policia-municipal-de-benito-juarez"],"yoast_head":"<!-- This site is optimized with the Yoast SEO plugin v27.1.1 - https:\/\/yoast.com\/product\/yoast-seo-wordpress\/ -->\n<title>Polic\u00edas estatales irrumpen sin orden en vivienda de Villas del Mar y se llevan taxi y celular del propietario - Panorama Ciudadano<\/title>\n<meta name=\"robots\" content=\"index, follow, max-snippet:-1, max-image-preview:large, max-video-preview:-1\" \/>\n<link rel=\"canonical\" href=\"https:\/\/panoramaciudadano.com\/index.php\/2024\/10\/29\/policias-estatales-irrumpen-sin-orden-en-vivienda-de-villas-del-mar-y-se-llevan-taxi-y-celular-del-propietario\/\" \/>\n<meta property=\"og:locale\" content=\"es_ES\" \/>\n<meta property=\"og:type\" content=\"article\" \/>\n<meta property=\"og:title\" content=\"Polic\u00edas estatales irrumpen sin orden en vivienda de Villas del Mar y se llevan taxi y celular del propietario - Panorama Ciudadano\" \/>\n<meta property=\"og:description\" content=\"Unos polic\u00edas estatales abusaron de su autoridad al entrar, sin orden de cateo, a un domicilio, en el fraccionamiento Villas del Mar, Etapa II, donde rompieron la puerta, se llevaron un taxi y el celular del propietario.\" \/>\n<meta property=\"og:url\" content=\"https:\/\/panoramaciudadano.com\/index.php\/2024\/10\/29\/policias-estatales-irrumpen-sin-orden-en-vivienda-de-villas-del-mar-y-se-llevan-taxi-y-celular-del-propietario\/\" \/>\n<meta property=\"og:site_name\" content=\"Panorama Ciudadano\" \/>\n<meta property=\"article:publisher\" content=\"https:\/\/www.facebook.com\/panoramaciudadano\" \/>\n<meta property=\"article:published_time\" content=\"2024-10-29T13:28:35+00:00\" \/>\n<meta property=\"article:modified_time\" content=\"2024-10-29T13:28:36+00:00\" \/>\n<meta property=\"og:image\" content=\"https:\/\/panoramaciudadano.com\/wp-content\/uploads\/2024\/10\/WhatsApp-Image-2024-10-28-at-19.37.23.jpeg\" \/>\n\t<meta property=\"og:image:width\" content=\"881\" \/>\n\t<meta property=\"og:image:height\" content=\"640\" \/>\n\t<meta property=\"og:image:type\" content=\"image\/jpeg\" \/>\n<meta name=\"author\" content=\"admin\" \/>\n<meta name=\"twitter:card\" content=\"summary_large_image\" \/>\n<meta name=\"twitter:label1\" content=\"Escrito por\" \/>\n\t<meta name=\"twitter:data1\" content=\"admin\" \/>\n\t<meta name=\"twitter:label2\" content=\"Tiempo de lectura\" \/>\n\t<meta name=\"twitter:data2\" content=\"2 minutos\" \/>\n<script type=\"application\/ld+json\" class=\"yoast-schema-graph\">{\"@context\":\"https:\/\/schema.org\",\"@graph\":[{\"@type\":\"Article\",\"@id\":\"https:\/\/panoramaciudadano.com\/index.php\/2024\/10\/29\/policias-estatales-irrumpen-sin-orden-en-vivienda-de-villas-del-mar-y-se-llevan-taxi-y-celular-del-propietario\/#article\",\"isPartOf\":{\"@id\":\"https:\/\/panoramaciudadano.com\/index.php\/2024\/10\/29\/policias-estatales-irrumpen-sin-orden-en-vivienda-de-villas-del-mar-y-se-llevan-taxi-y-celular-del-propietario\/\"},\"author\":{\"name\":\"admin\",\"@id\":\"https:\/\/panoramaciudadano.com\/#\/schema\/person\/ffe9fe8ef47d3a93977b5761fd9e0d96\"},\"headline\":\"Polic\u00edas estatales irrumpen sin orden en vivienda de Villas del Mar y se llevan taxi y celular del propietario\",\"datePublished\":\"2024-10-29T13:28:35+00:00\",\"dateModified\":\"2024-10-29T13:28:36+00:00\",\"mainEntityOfPage\":{\"@id\":\"https:\/\/panoramaciudadano.com\/index.php\/2024\/10\/29\/policias-estatales-irrumpen-sin-orden-en-vivienda-de-villas-del-mar-y-se-llevan-taxi-y-celular-del-propietario\/\"},\"wordCount\":161,\"commentCount\":0,\"publisher\":{\"@id\":\"https:\/\/panoramaciudadano.com\/#organization\"},\"image\":{\"@id\":\"https:\/\/panoramaciudadano.com\/index.php\/2024\/10\/29\/policias-estatales-irrumpen-sin-orden-en-vivienda-de-villas-del-mar-y-se-llevan-taxi-y-celular-del-propietario\/#primaryimage\"},\"thumbnailUrl\":\"https:\/\/panoramaciudadano.com\/wp-content\/uploads\/2024\/10\/WhatsApp-Image-2024-10-28-at-19.37.23.jpeg\",\"keywords\":[\"Polic\u00eda Municipal de Benito Ju\u00e1rez\"],\"articleSection\":[\"Canc\u00fan\"],\"inLanguage\":\"es\",\"potentialAction\":[{\"@type\":\"CommentAction\",\"name\":\"Comment\",\"target\":[\"https:\/\/panoramaciudadano.com\/index.php\/2024\/10\/29\/policias-estatales-irrumpen-sin-orden-en-vivienda-de-villas-del-mar-y-se-llevan-taxi-y-celular-del-propietario\/#respond\"]}]},{\"@type\":\"WebPage\",\"@id\":\"https:\/\/panoramaciudadano.com\/index.php\/2024\/10\/29\/policias-estatales-irrumpen-sin-orden-en-vivienda-de-villas-del-mar-y-se-llevan-taxi-y-celular-del-propietario\/\",\"url\":\"https:\/\/panoramaciudadano.com\/index.php\/2024\/10\/29\/policias-estatales-irrumpen-sin-orden-en-vivienda-de-villas-del-mar-y-se-llevan-taxi-y-celular-del-propietario\/\",\"name\":\"Polic\u00edas estatales irrumpen sin orden en vivienda de Villas del Mar y se llevan taxi y celular del propietario - Panorama Ciudadano\",\"isPartOf\":{\"@id\":\"https:\/\/panoramaciudadano.com\/#website\"},\"primaryImageOfPage\":{\"@id\":\"https:\/\/panoramaciudadano.com\/index.php\/2024\/10\/29\/policias-estatales-irrumpen-sin-orden-en-vivienda-de-villas-del-mar-y-se-llevan-taxi-y-celular-del-propietario\/#primaryimage\"},\"image\":{\"@id\":\"https:\/\/panoramaciudadano.com\/index.php\/2024\/10\/29\/policias-estatales-irrumpen-sin-orden-en-vivienda-de-villas-del-mar-y-se-llevan-taxi-y-celular-del-propietario\/#primaryimage\"},\"thumbnailUrl\":\"https:\/\/panoramaciudadano.com\/wp-content\/uploads\/2024\/10\/WhatsApp-Image-2024-10-28-at-19.37.23.jpeg\",\"datePublished\":\"2024-10-29T13:28:35+00:00\",\"dateModified\":\"2024-10-29T13:28:36+00:00\",\"breadcrumb\":{\"@id\":\"https:\/\/panoramaciudadano.com\/index.php\/2024\/10\/29\/policias-estatales-irrumpen-sin-orden-en-vivienda-de-villas-del-mar-y-se-llevan-taxi-y-celular-del-propietario\/#breadcrumb\"},\"inLanguage\":\"es\",\"potentialAction\":[{\"@type\":\"ReadAction\",\"target\":[\"https:\/\/panoramaciudadano.com\/index.php\/2024\/10\/29\/policias-estatales-irrumpen-sin-orden-en-vivienda-de-villas-del-mar-y-se-llevan-taxi-y-celular-del-propietario\/\"]}]},{\"@type\":\"ImageObject\",\"inLanguage\":\"es\",\"@id\":\"https:\/\/panoramaciudadano.com\/index.php\/2024\/10\/29\/policias-estatales-irrumpen-sin-orden-en-vivienda-de-villas-del-mar-y-se-llevan-taxi-y-celular-del-propietario\/#primaryimage\",\"url\":\"https:\/\/panoramaciudadano.com\/wp-content\/uploads\/2024\/10\/WhatsApp-Image-2024-10-28-at-19.37.23.jpeg\",\"contentUrl\":\"https:\/\/panoramaciudadano.com\/wp-content\/uploads\/2024\/10\/WhatsApp-Image-2024-10-28-at-19.37.23.jpeg\",\"width\":881,\"height\":640},{\"@type\":\"BreadcrumbList\",\"@id\":\"https:\/\/panoramaciudadano.com\/index.php\/2024\/10\/29\/policias-estatales-irrumpen-sin-orden-en-vivienda-de-villas-del-mar-y-se-llevan-taxi-y-celular-del-propietario\/#breadcrumb\",\"itemListElement\":[{\"@type\":\"ListItem\",\"position\":1,\"name\":\"Portada\",\"item\":\"https:\/\/panoramaciudadano.com\/\"},{\"@type\":\"ListItem\",\"position\":2,\"name\":\"Polic\u00edas estatales irrumpen sin orden en vivienda de Villas del Mar y se llevan taxi y celular del propietario\"}]},{\"@type\":\"WebSite\",\"@id\":\"https:\/\/panoramaciudadano.com\/#website\",\"url\":\"https:\/\/panoramaciudadano.com\/\",\"name\":\"Panorama Ciudadano\",\"description\":\"\",\"publisher\":{\"@id\":\"https:\/\/panoramaciudadano.com\/#organization\"},\"potentialAction\":[{\"@type\":\"SearchAction\",\"target\":{\"@type\":\"EntryPoint\",\"urlTemplate\":\"https:\/\/panoramaciudadano.com\/?s={search_term_string}\"},\"query-input\":{\"@type\":\"PropertyValueSpecification\",\"valueRequired\":true,\"valueName\":\"search_term_string\"}}],\"inLanguage\":\"es\"},{\"@type\":\"Organization\",\"@id\":\"https:\/\/panoramaciudadano.com\/#organization\",\"name\":\"Panorama Ciudadano\",\"url\":\"https:\/\/panoramaciudadano.com\/\",\"logo\":{\"@type\":\"ImageObject\",\"inLanguage\":\"es\",\"@id\":\"https:\/\/panoramaciudadano.com\/#\/schema\/logo\/image\/\",\"url\":\"https:\/\/panoramaciudadano.com\/wp-content\/uploads\/2024\/05\/401498640_919267042938564_6290593609399108733_n.jpg\",\"contentUrl\":\"https:\/\/panoramaciudadano.com\/wp-content\/uploads\/2024\/05\/401498640_919267042938564_6290593609399108733_n.jpg\",\"width\":960,\"height\":957,\"caption\":\"Panorama Ciudadano\"},\"image\":{\"@id\":\"https:\/\/panoramaciudadano.com\/#\/schema\/logo\/image\/\"},\"sameAs\":[\"https:\/\/www.facebook.com\/panoramaciudadano\"]},{\"@type\":\"Person\",\"@id\":\"https:\/\/panoramaciudadano.com\/#\/schema\/person\/ffe9fe8ef47d3a93977b5761fd9e0d96\",\"name\":\"admin\",\"image\":{\"@type\":\"ImageObject\",\"inLanguage\":\"es\",\"@id\":\"https:\/\/panoramaciudadano.com\/#\/schema\/person\/image\/\",\"url\":\"https:\/\/secure.gravatar.com\/avatar\/2d5a12cacce3f18096f25fadea8abb7202fef18ed669595589853e84260ff451?s=96&d=mm&r=g\",\"contentUrl\":\"https:\/\/secure.gravatar.com\/avatar\/2d5a12cacce3f18096f25fadea8abb7202fef18ed669595589853e84260ff451?s=96&d=mm&r=g\",\"caption\":\"admin\"},\"sameAs\":[\"https:\/\/panoramaciudadano.com\"],\"url\":\"https:\/\/panoramaciudadano.com\/index.php\/author\/admin_3q6hyqq3\/\"}]}<\/script>\n<!-- \/ Yoast SEO plugin. -->","yoast_head_json":{"title":"Polic\u00edas estatales irrumpen sin orden en vivienda de Villas del Mar y se llevan taxi y celular del propietario - Panorama Ciudadano","robots":{"index":"index","follow":"follow","max-snippet":"max-snippet:-1","max-image-preview":"max-image-preview:large","max-video-preview":"max-video-preview:-1"},"canonical":"https:\/\/panoramaciudadano.com\/index.php\/2024\/10\/29\/policias-estatales-irrumpen-sin-orden-en-vivienda-de-villas-del-mar-y-se-llevan-taxi-y-celular-del-propietario\/","og_locale":"es_ES","og_type":"article","og_title":"Polic\u00edas estatales irrumpen sin orden en vivienda de Villas del Mar y se llevan taxi y celular del propietario - Panorama Ciudadano","og_description":"Unos polic\u00edas estatales abusaron de su autoridad al entrar, sin orden de cateo, a un domicilio, en el fraccionamiento Villas del Mar, Etapa II, donde rompieron la puerta, se llevaron un taxi y el celular del propietario.","og_url":"https:\/\/panoramaciudadano.com\/index.php\/2024\/10\/29\/policias-estatales-irrumpen-sin-orden-en-vivienda-de-villas-del-mar-y-se-llevan-taxi-y-celular-del-propietario\/","og_site_name":"Panorama Ciudadano","article_publisher":"https:\/\/www.facebook.com\/panoramaciudadano","article_published_time":"2024-10-29T13:28:35+00:00","article_modified_time":"2024-10-29T13:28:36+00:00","og_image":[{"width":881,"height":640,"url":"https:\/\/panoramaciudadano.com\/wp-content\/uploads\/2024\/10\/WhatsApp-Image-2024-10-28-at-19.37.23.jpeg","type":"image\/jpeg"}],"author":"admin","twitter_card":"summary_large_image","twitter_misc":{"Escrito por":"admin","Tiempo de lectura":"2 minutos"},"schema":{"@context":"https:\/\/schema.org","@graph":[{"@type":"Article","@id":"https:\/\/panoramaciudadano.com\/index.php\/2024\/10\/29\/policias-estatales-irrumpen-sin-orden-en-vivienda-de-villas-del-mar-y-se-llevan-taxi-y-celular-del-propietario\/#article","isPartOf":{"@id":"https:\/\/panoramaciudadano.com\/index.php\/2024\/10\/29\/policias-estatales-irrumpen-sin-orden-en-vivienda-de-villas-del-mar-y-se-llevan-taxi-y-celular-del-propietario\/"},"author":{"name":"admin","@id":"https:\/\/panoramaciudadano.com\/#\/schema\/person\/ffe9fe8ef47d3a93977b5761fd9e0d96"},"headline":"Polic\u00edas estatales irrumpen sin orden en vivienda de Villas del Mar y se llevan taxi y celular del propietario","datePublished":"2024-10-29T13:28:35+00:00","dateModified":"2024-10-29T13:28:36+00:00","mainEntityOfPage":{"@id":"https:\/\/panoramaciudadano.com\/index.php\/2024\/10\/29\/policias-estatales-irrumpen-sin-orden-en-vivienda-de-villas-del-mar-y-se-llevan-taxi-y-celular-del-propietario\/"},"wordCount":161,"commentCount":0,"publisher":{"@id":"https:\/\/panoramaciudadano.com\/#organization"},"image":{"@id":"https:\/\/panoramaciudadano.com\/index.php\/2024\/10\/29\/policias-estatales-irrumpen-sin-orden-en-vivienda-de-villas-del-mar-y-se-llevan-taxi-y-celular-del-propietario\/#primaryimage"},"thumbnailUrl":"https:\/\/panoramaciudadano.com\/wp-content\/uploads\/2024\/10\/WhatsApp-Image-2024-10-28-at-19.37.23.jpeg","keywords":["Polic\u00eda Municipal de Benito Ju\u00e1rez"],"articleSection":["Canc\u00fan"],"inLanguage":"es","potentialAction":[{"@type":"CommentAction","name":"Comment","target":["https:\/\/panoramaciudadano.com\/index.php\/2024\/10\/29\/policias-estatales-irrumpen-sin-orden-en-vivienda-de-villas-del-mar-y-se-llevan-taxi-y-celular-del-propietario\/#respond"]}]},{"@type":"WebPage","@id":"https:\/\/panoramaciudadano.com\/index.php\/2024\/10\/29\/policias-estatales-irrumpen-sin-orden-en-vivienda-de-villas-del-mar-y-se-llevan-taxi-y-celular-del-propietario\/","url":"https:\/\/panoramaciudadano.com\/index.php\/2024\/10\/29\/policias-estatales-irrumpen-sin-orden-en-vivienda-de-villas-del-mar-y-se-llevan-taxi-y-celular-del-propietario\/","name":"Polic\u00edas estatales irrumpen sin orden en vivienda de Villas del Mar y se llevan taxi y celular del propietario - Panorama Ciudadano","isPartOf":{"@id":"https:\/\/panoramaciudadano.com\/#website"},"primaryImageOfPage":{"@id":"https:\/\/panoramaciudadano.com\/index.php\/2024\/10\/29\/policias-estatales-irrumpen-sin-orden-en-vivienda-de-villas-del-mar-y-se-llevan-taxi-y-celular-del-propietario\/#primaryimage"},"image":{"@id":"https:\/\/panoramaciudadano.com\/index.php\/2024\/10\/29\/policias-estatales-irrumpen-sin-orden-en-vivienda-de-villas-del-mar-y-se-llevan-taxi-y-celular-del-propietario\/#primaryimage"},"thumbnailUrl":"https:\/\/panoramaciudadano.com\/wp-content\/uploads\/2024\/10\/WhatsApp-Image-2024-10-28-at-19.37.23.jpeg","datePublished":"2024-10-29T13:28:35+00:00","dateModified":"2024-10-29T13:28:36+00:00","breadcrumb":{"@id":"https:\/\/panoramaciudadano.com\/index.php\/2024\/10\/29\/policias-estatales-irrumpen-sin-orden-en-vivienda-de-villas-del-mar-y-se-llevan-taxi-y-celular-del-propietario\/#breadcrumb"},"inLanguage":"es","potentialAction":[{"@type":"ReadAction","target":["https:\/\/panoramaciudadano.com\/index.php\/2024\/10\/29\/policias-estatales-irrumpen-sin-orden-en-vivienda-de-villas-del-mar-y-se-llevan-taxi-y-celular-del-propietario\/"]}]},{"@type":"ImageObject","inLanguage":"es","@id":"https:\/\/panoramaciudadano.com\/index.php\/2024\/10\/29\/policias-estatales-irrumpen-sin-orden-en-vivienda-de-villas-del-mar-y-se-llevan-taxi-y-celular-del-propietario\/#primaryimage","url":"https:\/\/panoramaciudadano.com\/wp-content\/uploads\/2024\/10\/WhatsApp-Image-2024-10-28-at-19.37.23.jpeg","contentUrl":"https:\/\/panoramaciudadano.com\/wp-content\/uploads\/2024\/10\/WhatsApp-Image-2024-10-28-at-19.37.23.jpeg","width":881,"height":640},{"@type":"BreadcrumbList","@id":"https:\/\/panoramaciudadano.com\/index.php\/2024\/10\/29\/policias-estatales-irrumpen-sin-orden-en-vivienda-de-villas-del-mar-y-se-llevan-taxi-y-celular-del-propietario\/#breadcrumb","itemListElement":[{"@type":"ListItem","position":1,"name":"Portada","item":"https:\/\/panoramaciudadano.com\/"},{"@type":"ListItem","position":2,"name":"Polic\u00edas estatales irrumpen sin orden en vivienda de Villas del Mar y se llevan taxi y celular del propietario"}]},{"@type":"WebSite","@id":"https:\/\/panoramaciudadano.com\/#website","url":"https:\/\/panoramaciudadano.com\/","name":"Panorama Ciudadano","description":"","publisher":{"@id":"https:\/\/panoramaciudadano.com\/#organization"},"potentialAction":[{"@type":"SearchAction","target":{"@type":"EntryPoint","urlTemplate":"https:\/\/panoramaciudadano.com\/?s={search_term_string}"},"query-input":{"@type":"PropertyValueSpecification","valueRequired":true,"valueName":"search_term_string"}}],"inLanguage":"es"},{"@type":"Organization","@id":"https:\/\/panoramaciudadano.com\/#organization","name":"Panorama Ciudadano","url":"https:\/\/panoramaciudadano.com\/","logo":{"@type":"ImageObject","inLanguage":"es","@id":"https:\/\/panoramaciudadano.com\/#\/schema\/logo\/image\/","url":"https:\/\/panoramaciudadano.com\/wp-content\/uploads\/2024\/05\/401498640_919267042938564_6290593609399108733_n.jpg","contentUrl":"https:\/\/panoramaciudadano.com\/wp-content\/uploads\/2024\/05\/401498640_919267042938564_6290593609399108733_n.jpg","width":960,"height":957,"caption":"Panorama Ciudadano"},"image":{"@id":"https:\/\/panoramaciudadano.com\/#\/schema\/logo\/image\/"},"sameAs":["https:\/\/www.facebook.com\/panoramaciudadano"]},{"@type":"Person","@id":"https:\/\/panoramaciudadano.com\/#\/schema\/person\/ffe9fe8ef47d3a93977b5761fd9e0d96","name":"admin","image":{"@type":"ImageObject","inLanguage":"es","@id":"https:\/\/panoramaciudadano.com\/#\/schema\/person\/image\/","url":"https:\/\/secure.gravatar.com\/avatar\/2d5a12cacce3f18096f25fadea8abb7202fef18ed669595589853e84260ff451?s=96&d=mm&r=g","contentUrl":"https:\/\/secure.gravatar.com\/avatar\/2d5a12cacce3f18096f25fadea8abb7202fef18ed669595589853e84260ff451?s=96&d=mm&r=g","caption":"admin"},"sameAs":["https:\/\/panoramaciudadano.com"],"url":"https:\/\/panoramaciudadano.com\/index.php\/author\/admin_3q6hyqq3\/"}]}},"_links":{"self":[{"href":"https:\/\/panoramaciudadano.com\/index.php\/wp-json\/wp\/v2\/posts\/5904","targetHints":{"allow":["GET"]}}],"collection":[{"href":"https:\/\/panoramaciudadano.com\/index.php\/wp-json\/wp\/v2\/posts"}],"about":[{"href":"https:\/\/panoramaciudadano.com\/index.php\/wp-json\/wp\/v2\/types\/post"}],"author":[{"embeddable":true,"href":"https:\/\/panoramaciudadano.com\/index.php\/wp-json\/wp\/v2\/users\/1"}],"replies":[{"embeddable":true,"href":"https:\/\/panoramaciudadano.com\/index.php\/wp-json\/wp\/v2\/comments?post=5904"}],"version-history":[{"count":1,"href":"https:\/\/panoramaciudadano.com\/index.php\/wp-json\/wp\/v2\/posts\/5904\/revisions"}],"predecessor-version":[{"id":5906,"href":"https:\/\/panoramaciudadano.com\/index.php\/wp-json\/wp\/v2\/posts\/5904\/revisions\/5906"}],"wp:featuredmedia":[{"embeddable":true,"href":"https:\/\/panoramaciudadano.com\/index.php\/wp-json\/wp\/v2\/media\/5905"}],"wp:attachment":[{"href":"https:\/\/panoramaciudadano.com\/index.php\/wp-json\/wp\/v2\/media?parent=5904"}],"wp:term":[{"taxonomy":"category","embeddable":true,"href":"https:\/\/panoramaciudadano.com\/index.php\/wp-json\/wp\/v2\/categories?post=5904"},{"taxonomy":"post_tag","embeddable":true,"href":"https:\/\/panoramaciudadano.com\/index.php\/wp-json\/wp\/v2\/tags?post=5904"}],"curies":[{"name":"wp","href":"https:\/\/api.w.org\/{rel}","templated":true}]}}