{"id":5914,"date":"2024-10-29T20:39:29","date_gmt":"2024-10-29T13:39:29","guid":{"rendered":"https:\/\/panoramaciudadano.com\/?p=5914"},"modified":"2024-10-29T20:39:31","modified_gmt":"2024-10-29T13:39:31","slug":"alerta-de-vecinos-en-cielo-nuevo-ladron-acecha-departamentos-en-la-region-251","status":"publish","type":"post","link":"https:\/\/panoramaciudadano.com\/index.php\/2024\/10\/29\/alerta-de-vecinos-en-cielo-nuevo-ladron-acecha-departamentos-en-la-region-251\/","title":{"rendered":"Alerta de vecinos en Cielo Nuevo: ladr\u00f3n acecha departamentos en la Regi\u00f3n 251"},"content":{"rendered":"\n<figure class=\"wp-block-image size-full is-resized\"><img decoding=\"async\" width=\"259\" height=\"172\" src=\"https:\/\/panoramaciudadano.com\/wp-content\/uploads\/2024\/10\/2-122.jpeg\" alt=\"\" class=\"wp-image-5915\" style=\"width:617px;height:auto\"\/><\/figure>\n\n\n\n<p>Los vecinos del fraccionamiento Cielo Nuevo, regi\u00f3n 251, lanzaron una alarma a todos los vecinos de la zona, por qu\u00e9 se est\u00e1n metiendo en los departamentos a robar.<\/p>\n\n\n\n<p>Y es que uno de los habitantes de la zona grab\u00f3 a un malandro, como sube las escaleras de los departamentos, despu\u00e9s se encarama en el barandal para posteriormente brincar a las escaleras que dan a la azotea del edificio.<\/p>\n\n\n\n<p>El delincuente viste gorra roja, bermuda de mezclilla azul, sudadera negra, tenis negros con suela blanca y carga una mochila rosada, de entre 20 y 25 a\u00f1os aproximadamente.<\/p>\n\n\n\n<p>En el departamento en el que se meti\u00f3 este ratero est\u00e1 ubicado atr\u00e1s del bar La Palapita, que se localiza sobre el Arco Vial casi esquina con avenida Lakin.<\/p>\n\n\n\n<p>Los vecinos solicitaron la intervenci\u00f3n de las autoridades policiacas para que hagan m\u00e1s recorridos de vigilancia en la zona.<\/p>\n\n\n\n<figure class=\"wp-block-image size-full\"><img decoding=\"async\" width=\"591\" height=\"682\" src=\"https:\/\/panoramaciudadano.com\/wp-content\/uploads\/2024\/10\/WhatsApp-Image-2024-10-28-at-19.51.56.jpeg\" alt=\"\" class=\"wp-image-5916\" srcset=\"https:\/\/panoramaciudadano.com\/wp-content\/uploads\/2024\/10\/WhatsApp-Image-2024-10-28-at-19.51.56.jpeg 591w, https:\/\/panoramaciudadano.com\/wp-content\/uploads\/2024\/10\/WhatsApp-Image-2024-10-28-at-19.51.56-260x300.jpeg 260w\" sizes=\"(max-width: 591px) 100vw, 591px\" \/><\/figure>\n","protected":false},"excerpt":{"rendered":"<p>Los vecinos del fraccionamiento Cielo Nuevo, regi\u00f3n 251, lanzaron una alarma a todos los vecinos de la zona, por qu\u00e9 se est\u00e1n metiendo en los departamentos a robar.<\/p>\n","protected":false},"author":1,"featured_media":5915,"comment_status":"open","ping_status":"closed","sticky":false,"template":"","format":"standard","meta":{"footnotes":""},"categories":[6],"tags":[1810],"class_list":["post-5914","post","type-post","status-publish","format-standard","has-post-thumbnail","hentry","category-cancun","tag-region-251"],"yoast_head":"<!-- This site is optimized with the Yoast SEO plugin v27.1.1 - https:\/\/yoast.com\/product\/yoast-seo-wordpress\/ -->\n<title>Alerta de vecinos en Cielo Nuevo: ladr\u00f3n acecha departamentos en la Regi\u00f3n 251 - Panorama Ciudadano<\/title>\n<meta name=\"robots\" content=\"index, follow, max-snippet:-1, max-image-preview:large, max-video-preview:-1\" \/>\n<link rel=\"canonical\" href=\"https:\/\/panoramaciudadano.com\/index.php\/2024\/10\/29\/alerta-de-vecinos-en-cielo-nuevo-ladron-acecha-departamentos-en-la-region-251\/\" \/>\n<meta property=\"og:locale\" content=\"es_ES\" \/>\n<meta property=\"og:type\" content=\"article\" \/>\n<meta property=\"og:title\" content=\"Alerta de vecinos en Cielo Nuevo: ladr\u00f3n acecha departamentos en la Regi\u00f3n 251 - Panorama Ciudadano\" \/>\n<meta property=\"og:description\" content=\"Los vecinos del fraccionamiento Cielo Nuevo, regi\u00f3n 251, lanzaron una alarma a todos los vecinos de la zona, por qu\u00e9 se est\u00e1n metiendo en los departamentos a robar.\" \/>\n<meta property=\"og:url\" content=\"https:\/\/panoramaciudadano.com\/index.php\/2024\/10\/29\/alerta-de-vecinos-en-cielo-nuevo-ladron-acecha-departamentos-en-la-region-251\/\" \/>\n<meta property=\"og:site_name\" content=\"Panorama Ciudadano\" \/>\n<meta property=\"article:publisher\" content=\"https:\/\/www.facebook.com\/panoramaciudadano\" \/>\n<meta property=\"article:published_time\" content=\"2024-10-29T13:39:29+00:00\" \/>\n<meta property=\"article:modified_time\" content=\"2024-10-29T13:39:31+00:00\" \/>\n<meta property=\"og:image\" content=\"https:\/\/panoramaciudadano.com\/wp-content\/uploads\/2024\/10\/2-122.jpeg\" \/>\n\t<meta property=\"og:image:width\" content=\"259\" \/>\n\t<meta property=\"og:image:height\" content=\"172\" \/>\n\t<meta property=\"og:image:type\" content=\"image\/jpeg\" \/>\n<meta name=\"author\" content=\"admin\" \/>\n<meta name=\"twitter:card\" content=\"summary_large_image\" \/>\n<meta name=\"twitter:label1\" content=\"Escrito por\" \/>\n\t<meta name=\"twitter:data1\" content=\"admin\" \/>\n\t<meta name=\"twitter:label2\" content=\"Tiempo de lectura\" \/>\n\t<meta name=\"twitter:data2\" content=\"2 minutos\" \/>\n<script type=\"application\/ld+json\" class=\"yoast-schema-graph\">{\"@context\":\"https:\/\/schema.org\",\"@graph\":[{\"@type\":\"Article\",\"@id\":\"https:\/\/panoramaciudadano.com\/index.php\/2024\/10\/29\/alerta-de-vecinos-en-cielo-nuevo-ladron-acecha-departamentos-en-la-region-251\/#article\",\"isPartOf\":{\"@id\":\"https:\/\/panoramaciudadano.com\/index.php\/2024\/10\/29\/alerta-de-vecinos-en-cielo-nuevo-ladron-acecha-departamentos-en-la-region-251\/\"},\"author\":{\"name\":\"admin\",\"@id\":\"https:\/\/panoramaciudadano.com\/#\/schema\/person\/ffe9fe8ef47d3a93977b5761fd9e0d96\"},\"headline\":\"Alerta de vecinos en Cielo Nuevo: ladr\u00f3n acecha departamentos en la Regi\u00f3n 251\",\"datePublished\":\"2024-10-29T13:39:29+00:00\",\"dateModified\":\"2024-10-29T13:39:31+00:00\",\"mainEntityOfPage\":{\"@id\":\"https:\/\/panoramaciudadano.com\/index.php\/2024\/10\/29\/alerta-de-vecinos-en-cielo-nuevo-ladron-acecha-departamentos-en-la-region-251\/\"},\"wordCount\":162,\"commentCount\":0,\"publisher\":{\"@id\":\"https:\/\/panoramaciudadano.com\/#organization\"},\"image\":{\"@id\":\"https:\/\/panoramaciudadano.com\/index.php\/2024\/10\/29\/alerta-de-vecinos-en-cielo-nuevo-ladron-acecha-departamentos-en-la-region-251\/#primaryimage\"},\"thumbnailUrl\":\"https:\/\/panoramaciudadano.com\/wp-content\/uploads\/2024\/10\/2-122.jpeg\",\"keywords\":[\"regi\u00f3n 251\"],\"articleSection\":[\"Canc\u00fan\"],\"inLanguage\":\"es\",\"potentialAction\":[{\"@type\":\"CommentAction\",\"name\":\"Comment\",\"target\":[\"https:\/\/panoramaciudadano.com\/index.php\/2024\/10\/29\/alerta-de-vecinos-en-cielo-nuevo-ladron-acecha-departamentos-en-la-region-251\/#respond\"]}]},{\"@type\":\"WebPage\",\"@id\":\"https:\/\/panoramaciudadano.com\/index.php\/2024\/10\/29\/alerta-de-vecinos-en-cielo-nuevo-ladron-acecha-departamentos-en-la-region-251\/\",\"url\":\"https:\/\/panoramaciudadano.com\/index.php\/2024\/10\/29\/alerta-de-vecinos-en-cielo-nuevo-ladron-acecha-departamentos-en-la-region-251\/\",\"name\":\"Alerta de vecinos en Cielo Nuevo: ladr\u00f3n acecha departamentos en la Regi\u00f3n 251 - Panorama Ciudadano\",\"isPartOf\":{\"@id\":\"https:\/\/panoramaciudadano.com\/#website\"},\"primaryImageOfPage\":{\"@id\":\"https:\/\/panoramaciudadano.com\/index.php\/2024\/10\/29\/alerta-de-vecinos-en-cielo-nuevo-ladron-acecha-departamentos-en-la-region-251\/#primaryimage\"},\"image\":{\"@id\":\"https:\/\/panoramaciudadano.com\/index.php\/2024\/10\/29\/alerta-de-vecinos-en-cielo-nuevo-ladron-acecha-departamentos-en-la-region-251\/#primaryimage\"},\"thumbnailUrl\":\"https:\/\/panoramaciudadano.com\/wp-content\/uploads\/2024\/10\/2-122.jpeg\",\"datePublished\":\"2024-10-29T13:39:29+00:00\",\"dateModified\":\"2024-10-29T13:39:31+00:00\",\"breadcrumb\":{\"@id\":\"https:\/\/panoramaciudadano.com\/index.php\/2024\/10\/29\/alerta-de-vecinos-en-cielo-nuevo-ladron-acecha-departamentos-en-la-region-251\/#breadcrumb\"},\"inLanguage\":\"es\",\"potentialAction\":[{\"@type\":\"ReadAction\",\"target\":[\"https:\/\/panoramaciudadano.com\/index.php\/2024\/10\/29\/alerta-de-vecinos-en-cielo-nuevo-ladron-acecha-departamentos-en-la-region-251\/\"]}]},{\"@type\":\"ImageObject\",\"inLanguage\":\"es\",\"@id\":\"https:\/\/panoramaciudadano.com\/index.php\/2024\/10\/29\/alerta-de-vecinos-en-cielo-nuevo-ladron-acecha-departamentos-en-la-region-251\/#primaryimage\",\"url\":\"https:\/\/panoramaciudadano.com\/wp-content\/uploads\/2024\/10\/2-122.jpeg\",\"contentUrl\":\"https:\/\/panoramaciudadano.com\/wp-content\/uploads\/2024\/10\/2-122.jpeg\",\"width\":259,\"height\":172},{\"@type\":\"BreadcrumbList\",\"@id\":\"https:\/\/panoramaciudadano.com\/index.php\/2024\/10\/29\/alerta-de-vecinos-en-cielo-nuevo-ladron-acecha-departamentos-en-la-region-251\/#breadcrumb\",\"itemListElement\":[{\"@type\":\"ListItem\",\"position\":1,\"name\":\"Portada\",\"item\":\"https:\/\/panoramaciudadano.com\/\"},{\"@type\":\"ListItem\",\"position\":2,\"name\":\"Alerta de vecinos en Cielo Nuevo: ladr\u00f3n acecha departamentos en la Regi\u00f3n 251\"}]},{\"@type\":\"WebSite\",\"@id\":\"https:\/\/panoramaciudadano.com\/#website\",\"url\":\"https:\/\/panoramaciudadano.com\/\",\"name\":\"Panorama Ciudadano\",\"description\":\"\",\"publisher\":{\"@id\":\"https:\/\/panoramaciudadano.com\/#organization\"},\"potentialAction\":[{\"@type\":\"SearchAction\",\"target\":{\"@type\":\"EntryPoint\",\"urlTemplate\":\"https:\/\/panoramaciudadano.com\/?s={search_term_string}\"},\"query-input\":{\"@type\":\"PropertyValueSpecification\",\"valueRequired\":true,\"valueName\":\"search_term_string\"}}],\"inLanguage\":\"es\"},{\"@type\":\"Organization\",\"@id\":\"https:\/\/panoramaciudadano.com\/#organization\",\"name\":\"Panorama Ciudadano\",\"url\":\"https:\/\/panoramaciudadano.com\/\",\"logo\":{\"@type\":\"ImageObject\",\"inLanguage\":\"es\",\"@id\":\"https:\/\/panoramaciudadano.com\/#\/schema\/logo\/image\/\",\"url\":\"https:\/\/panoramaciudadano.com\/wp-content\/uploads\/2024\/05\/401498640_919267042938564_6290593609399108733_n.jpg\",\"contentUrl\":\"https:\/\/panoramaciudadano.com\/wp-content\/uploads\/2024\/05\/401498640_919267042938564_6290593609399108733_n.jpg\",\"width\":960,\"height\":957,\"caption\":\"Panorama Ciudadano\"},\"image\":{\"@id\":\"https:\/\/panoramaciudadano.com\/#\/schema\/logo\/image\/\"},\"sameAs\":[\"https:\/\/www.facebook.com\/panoramaciudadano\"]},{\"@type\":\"Person\",\"@id\":\"https:\/\/panoramaciudadano.com\/#\/schema\/person\/ffe9fe8ef47d3a93977b5761fd9e0d96\",\"name\":\"admin\",\"image\":{\"@type\":\"ImageObject\",\"inLanguage\":\"es\",\"@id\":\"https:\/\/panoramaciudadano.com\/#\/schema\/person\/image\/\",\"url\":\"https:\/\/secure.gravatar.com\/avatar\/2d5a12cacce3f18096f25fadea8abb7202fef18ed669595589853e84260ff451?s=96&d=mm&r=g\",\"contentUrl\":\"https:\/\/secure.gravatar.com\/avatar\/2d5a12cacce3f18096f25fadea8abb7202fef18ed669595589853e84260ff451?s=96&d=mm&r=g\",\"caption\":\"admin\"},\"sameAs\":[\"https:\/\/panoramaciudadano.com\"],\"url\":\"https:\/\/panoramaciudadano.com\/index.php\/author\/admin_3q6hyqq3\/\"}]}<\/script>\n<!-- \/ Yoast SEO plugin. -->","yoast_head_json":{"title":"Alerta de vecinos en Cielo Nuevo: ladr\u00f3n acecha departamentos en la Regi\u00f3n 251 - Panorama Ciudadano","robots":{"index":"index","follow":"follow","max-snippet":"max-snippet:-1","max-image-preview":"max-image-preview:large","max-video-preview":"max-video-preview:-1"},"canonical":"https:\/\/panoramaciudadano.com\/index.php\/2024\/10\/29\/alerta-de-vecinos-en-cielo-nuevo-ladron-acecha-departamentos-en-la-region-251\/","og_locale":"es_ES","og_type":"article","og_title":"Alerta de vecinos en Cielo Nuevo: ladr\u00f3n acecha departamentos en la Regi\u00f3n 251 - Panorama Ciudadano","og_description":"Los vecinos del fraccionamiento Cielo Nuevo, regi\u00f3n 251, lanzaron una alarma a todos los vecinos de la zona, por qu\u00e9 se est\u00e1n metiendo en los departamentos a robar.","og_url":"https:\/\/panoramaciudadano.com\/index.php\/2024\/10\/29\/alerta-de-vecinos-en-cielo-nuevo-ladron-acecha-departamentos-en-la-region-251\/","og_site_name":"Panorama Ciudadano","article_publisher":"https:\/\/www.facebook.com\/panoramaciudadano","article_published_time":"2024-10-29T13:39:29+00:00","article_modified_time":"2024-10-29T13:39:31+00:00","og_image":[{"width":259,"height":172,"url":"https:\/\/panoramaciudadano.com\/wp-content\/uploads\/2024\/10\/2-122.jpeg","type":"image\/jpeg"}],"author":"admin","twitter_card":"summary_large_image","twitter_misc":{"Escrito por":"admin","Tiempo de lectura":"2 minutos"},"schema":{"@context":"https:\/\/schema.org","@graph":[{"@type":"Article","@id":"https:\/\/panoramaciudadano.com\/index.php\/2024\/10\/29\/alerta-de-vecinos-en-cielo-nuevo-ladron-acecha-departamentos-en-la-region-251\/#article","isPartOf":{"@id":"https:\/\/panoramaciudadano.com\/index.php\/2024\/10\/29\/alerta-de-vecinos-en-cielo-nuevo-ladron-acecha-departamentos-en-la-region-251\/"},"author":{"name":"admin","@id":"https:\/\/panoramaciudadano.com\/#\/schema\/person\/ffe9fe8ef47d3a93977b5761fd9e0d96"},"headline":"Alerta de vecinos en Cielo Nuevo: ladr\u00f3n acecha departamentos en la Regi\u00f3n 251","datePublished":"2024-10-29T13:39:29+00:00","dateModified":"2024-10-29T13:39:31+00:00","mainEntityOfPage":{"@id":"https:\/\/panoramaciudadano.com\/index.php\/2024\/10\/29\/alerta-de-vecinos-en-cielo-nuevo-ladron-acecha-departamentos-en-la-region-251\/"},"wordCount":162,"commentCount":0,"publisher":{"@id":"https:\/\/panoramaciudadano.com\/#organization"},"image":{"@id":"https:\/\/panoramaciudadano.com\/index.php\/2024\/10\/29\/alerta-de-vecinos-en-cielo-nuevo-ladron-acecha-departamentos-en-la-region-251\/#primaryimage"},"thumbnailUrl":"https:\/\/panoramaciudadano.com\/wp-content\/uploads\/2024\/10\/2-122.jpeg","keywords":["regi\u00f3n 251"],"articleSection":["Canc\u00fan"],"inLanguage":"es","potentialAction":[{"@type":"CommentAction","name":"Comment","target":["https:\/\/panoramaciudadano.com\/index.php\/2024\/10\/29\/alerta-de-vecinos-en-cielo-nuevo-ladron-acecha-departamentos-en-la-region-251\/#respond"]}]},{"@type":"WebPage","@id":"https:\/\/panoramaciudadano.com\/index.php\/2024\/10\/29\/alerta-de-vecinos-en-cielo-nuevo-ladron-acecha-departamentos-en-la-region-251\/","url":"https:\/\/panoramaciudadano.com\/index.php\/2024\/10\/29\/alerta-de-vecinos-en-cielo-nuevo-ladron-acecha-departamentos-en-la-region-251\/","name":"Alerta de vecinos en Cielo Nuevo: ladr\u00f3n acecha departamentos en la Regi\u00f3n 251 - Panorama Ciudadano","isPartOf":{"@id":"https:\/\/panoramaciudadano.com\/#website"},"primaryImageOfPage":{"@id":"https:\/\/panoramaciudadano.com\/index.php\/2024\/10\/29\/alerta-de-vecinos-en-cielo-nuevo-ladron-acecha-departamentos-en-la-region-251\/#primaryimage"},"image":{"@id":"https:\/\/panoramaciudadano.com\/index.php\/2024\/10\/29\/alerta-de-vecinos-en-cielo-nuevo-ladron-acecha-departamentos-en-la-region-251\/#primaryimage"},"thumbnailUrl":"https:\/\/panoramaciudadano.com\/wp-content\/uploads\/2024\/10\/2-122.jpeg","datePublished":"2024-10-29T13:39:29+00:00","dateModified":"2024-10-29T13:39:31+00:00","breadcrumb":{"@id":"https:\/\/panoramaciudadano.com\/index.php\/2024\/10\/29\/alerta-de-vecinos-en-cielo-nuevo-ladron-acecha-departamentos-en-la-region-251\/#breadcrumb"},"inLanguage":"es","potentialAction":[{"@type":"ReadAction","target":["https:\/\/panoramaciudadano.com\/index.php\/2024\/10\/29\/alerta-de-vecinos-en-cielo-nuevo-ladron-acecha-departamentos-en-la-region-251\/"]}]},{"@type":"ImageObject","inLanguage":"es","@id":"https:\/\/panoramaciudadano.com\/index.php\/2024\/10\/29\/alerta-de-vecinos-en-cielo-nuevo-ladron-acecha-departamentos-en-la-region-251\/#primaryimage","url":"https:\/\/panoramaciudadano.com\/wp-content\/uploads\/2024\/10\/2-122.jpeg","contentUrl":"https:\/\/panoramaciudadano.com\/wp-content\/uploads\/2024\/10\/2-122.jpeg","width":259,"height":172},{"@type":"BreadcrumbList","@id":"https:\/\/panoramaciudadano.com\/index.php\/2024\/10\/29\/alerta-de-vecinos-en-cielo-nuevo-ladron-acecha-departamentos-en-la-region-251\/#breadcrumb","itemListElement":[{"@type":"ListItem","position":1,"name":"Portada","item":"https:\/\/panoramaciudadano.com\/"},{"@type":"ListItem","position":2,"name":"Alerta de vecinos en Cielo Nuevo: ladr\u00f3n acecha departamentos en la Regi\u00f3n 251"}]},{"@type":"WebSite","@id":"https:\/\/panoramaciudadano.com\/#website","url":"https:\/\/panoramaciudadano.com\/","name":"Panorama Ciudadano","description":"","publisher":{"@id":"https:\/\/panoramaciudadano.com\/#organization"},"potentialAction":[{"@type":"SearchAction","target":{"@type":"EntryPoint","urlTemplate":"https:\/\/panoramaciudadano.com\/?s={search_term_string}"},"query-input":{"@type":"PropertyValueSpecification","valueRequired":true,"valueName":"search_term_string"}}],"inLanguage":"es"},{"@type":"Organization","@id":"https:\/\/panoramaciudadano.com\/#organization","name":"Panorama Ciudadano","url":"https:\/\/panoramaciudadano.com\/","logo":{"@type":"ImageObject","inLanguage":"es","@id":"https:\/\/panoramaciudadano.com\/#\/schema\/logo\/image\/","url":"https:\/\/panoramaciudadano.com\/wp-content\/uploads\/2024\/05\/401498640_919267042938564_6290593609399108733_n.jpg","contentUrl":"https:\/\/panoramaciudadano.com\/wp-content\/uploads\/2024\/05\/401498640_919267042938564_6290593609399108733_n.jpg","width":960,"height":957,"caption":"Panorama Ciudadano"},"image":{"@id":"https:\/\/panoramaciudadano.com\/#\/schema\/logo\/image\/"},"sameAs":["https:\/\/www.facebook.com\/panoramaciudadano"]},{"@type":"Person","@id":"https:\/\/panoramaciudadano.com\/#\/schema\/person\/ffe9fe8ef47d3a93977b5761fd9e0d96","name":"admin","image":{"@type":"ImageObject","inLanguage":"es","@id":"https:\/\/panoramaciudadano.com\/#\/schema\/person\/image\/","url":"https:\/\/secure.gravatar.com\/avatar\/2d5a12cacce3f18096f25fadea8abb7202fef18ed669595589853e84260ff451?s=96&d=mm&r=g","contentUrl":"https:\/\/secure.gravatar.com\/avatar\/2d5a12cacce3f18096f25fadea8abb7202fef18ed669595589853e84260ff451?s=96&d=mm&r=g","caption":"admin"},"sameAs":["https:\/\/panoramaciudadano.com"],"url":"https:\/\/panoramaciudadano.com\/index.php\/author\/admin_3q6hyqq3\/"}]}},"_links":{"self":[{"href":"https:\/\/panoramaciudadano.com\/index.php\/wp-json\/wp\/v2\/posts\/5914","targetHints":{"allow":["GET"]}}],"collection":[{"href":"https:\/\/panoramaciudadano.com\/index.php\/wp-json\/wp\/v2\/posts"}],"about":[{"href":"https:\/\/panoramaciudadano.com\/index.php\/wp-json\/wp\/v2\/types\/post"}],"author":[{"embeddable":true,"href":"https:\/\/panoramaciudadano.com\/index.php\/wp-json\/wp\/v2\/users\/1"}],"replies":[{"embeddable":true,"href":"https:\/\/panoramaciudadano.com\/index.php\/wp-json\/wp\/v2\/comments?post=5914"}],"version-history":[{"count":1,"href":"https:\/\/panoramaciudadano.com\/index.php\/wp-json\/wp\/v2\/posts\/5914\/revisions"}],"predecessor-version":[{"id":5917,"href":"https:\/\/panoramaciudadano.com\/index.php\/wp-json\/wp\/v2\/posts\/5914\/revisions\/5917"}],"wp:featuredmedia":[{"embeddable":true,"href":"https:\/\/panoramaciudadano.com\/index.php\/wp-json\/wp\/v2\/media\/5915"}],"wp:attachment":[{"href":"https:\/\/panoramaciudadano.com\/index.php\/wp-json\/wp\/v2\/media?parent=5914"}],"wp:term":[{"taxonomy":"category","embeddable":true,"href":"https:\/\/panoramaciudadano.com\/index.php\/wp-json\/wp\/v2\/categories?post=5914"},{"taxonomy":"post_tag","embeddable":true,"href":"https:\/\/panoramaciudadano.com\/index.php\/wp-json\/wp\/v2\/tags?post=5914"}],"curies":[{"name":"wp","href":"https:\/\/api.w.org\/{rel}","templated":true}]}}