{"id":5925,"date":"2024-10-29T20:50:17","date_gmt":"2024-10-29T13:50:17","guid":{"rendered":"https:\/\/panoramaciudadano.com\/?p=5925"},"modified":"2024-10-29T20:50:19","modified_gmt":"2024-10-29T13:50:19","slug":"mara-lezama-fomenta-el-autoempleo-y-el-empoderamiento-de-las-mujeres","status":"publish","type":"post","link":"https:\/\/panoramaciudadano.com\/index.php\/2024\/10\/29\/mara-lezama-fomenta-el-autoempleo-y-el-empoderamiento-de-las-mujeres\/","title":{"rendered":"MARA LEZAMA FOMENTA EL AUTOEMPLEO Y EL EMPODERAMIENTO DE LAS MUJERES"},"content":{"rendered":"\n<figure class=\"wp-block-gallery has-nested-images columns-default is-cropped wp-block-gallery-1 is-layout-flex wp-block-gallery-is-layout-flex\">\n<figure class=\"wp-block-image size-large\"><img decoding=\"async\" width=\"960\" height=\"640\" data-id=\"5927\" src=\"https:\/\/panoramaciudadano.com\/wp-content\/uploads\/2024\/10\/2-124.jpeg\" alt=\"\" class=\"wp-image-5927\" srcset=\"https:\/\/panoramaciudadano.com\/wp-content\/uploads\/2024\/10\/2-124.jpeg 960w, https:\/\/panoramaciudadano.com\/wp-content\/uploads\/2024\/10\/2-124-300x200.jpeg 300w, https:\/\/panoramaciudadano.com\/wp-content\/uploads\/2024\/10\/2-124-768x512.jpeg 768w\" sizes=\"(max-width: 960px) 100vw, 960px\" \/><\/figure>\n\n\n\n<figure class=\"wp-block-image size-large\"><img decoding=\"async\" width=\"960\" height=\"640\" data-id=\"5926\" src=\"https:\/\/panoramaciudadano.com\/wp-content\/uploads\/2024\/10\/3-99.jpeg\" alt=\"\" class=\"wp-image-5926\" srcset=\"https:\/\/panoramaciudadano.com\/wp-content\/uploads\/2024\/10\/3-99.jpeg 960w, https:\/\/panoramaciudadano.com\/wp-content\/uploads\/2024\/10\/3-99-300x200.jpeg 300w, https:\/\/panoramaciudadano.com\/wp-content\/uploads\/2024\/10\/3-99-768x512.jpeg 768w\" sizes=\"(max-width: 960px) 100vw, 960px\" \/><\/figure>\n<\/figure>\n\n\n\n<figure class=\"wp-block-image size-full\"><img decoding=\"async\" width=\"960\" height=\"640\" src=\"https:\/\/panoramaciudadano.com\/wp-content\/uploads\/2024\/10\/WhatsApp-Image-2024-10-29-at-07.43.43.jpeg\" alt=\"\" class=\"wp-image-5928\" srcset=\"https:\/\/panoramaciudadano.com\/wp-content\/uploads\/2024\/10\/WhatsApp-Image-2024-10-29-at-07.43.43.jpeg 960w, https:\/\/panoramaciudadano.com\/wp-content\/uploads\/2024\/10\/WhatsApp-Image-2024-10-29-at-07.43.43-300x200.jpeg 300w, https:\/\/panoramaciudadano.com\/wp-content\/uploads\/2024\/10\/WhatsApp-Image-2024-10-29-at-07.43.43-768x512.jpeg 768w\" sizes=\"(max-width: 960px) 100vw, 960px\" \/><\/figure>\n\n\n\n<p>Para empoderar a m\u00e1s mujeres, fortalecer su econom\u00eda y apoyarlas para poder decirle NO a la violencia a trav\u00e9s del fortalecimiento de los oficios y el autoempleo, la Gobernadora Mara Lezama Espinosa inici\u00f3 en Canc\u00fan la entrega de m\u00e1quinas de coser a beneficiarias y beneficiarios del programa \u201cFaro del Bienestar\u201d, en su modalidad Fortalecimiento de los Oficios.<\/p>\n\n\n\n<p>\u201cNo es tan solo una m\u00e1quina de coser, es una herramienta para que puedan empezar un negocio, su taller de costura, su taller de disfraces, que puedan tener un ingreso propio y empoderarse. Ese fue el compromiso cuando tom\u00e9 posesi\u00f3n como la primera mujer Gobernadora de Quintana Roo, a luchar por empoderarlas y lo seguir\u00e9 haciendo siempre\u201d expres\u00f3 ante las beneficiarias que se reunieron para recibir esta m\u00e1quina.<\/p>\n\n\n\n<p>Hoy en las instalaciones de Faro Quintana Roo, 300 mujeres y hombres interesados en fortalecer su oficio, obtuvieron una herramienta que contribuir\u00e1 en alcanzar su autonom\u00eda econ\u00f3mica, para garantizar su bienestar social e igualdad de oportunidades.<\/p>\n\n\n\n<p>Ante ellas y ellos, Mara Lezama asever\u00f3 que este gobierno humanista con coraz\u00f3n feminista, con base en el Nuevo Acuerdo por el Bienestar y Desarrollo de Quintana Roo, se trabaja en el empoderamiento de las mujeres, con programas y acciones como Mujer es Poder, Comemos Tod@s, porque cuando se combate la corrupci\u00f3n el dinero alcanza para m\u00e1s.<\/p>\n\n\n\n<p>Exhort\u00f3 a las mujeres a empoderarse, no permitir la violencia familiar, mejorar su econom\u00eda para no depender de nadie, para acabar con el machismo, el clasismo y el racismo.<\/p>\n\n\n\n<p>Con esta entrega, la Secretar\u00eda de Bienestar a cargo de Pablo Bustamante, promueve la transformaci\u00f3n social positiva, el aprendizaje e intercambio de conocimientos, adem\u00e1s de impulsar una cultura comunitaria y la construcci\u00f3n de paz, atendiendo las zonas de alta vulnerabilidad.<\/p>\n\n\n\n<p>El programa \u201cFaro del Bienestar\u201d, en su modalidad Fortalecimiento de los Oficios (Foro), atender\u00e1 los 11 municipios de Quintana Roo, y tiene proyectado beneficiar hasta 2 mil 478 personas.<\/p>\n\n\n\n<p>Para este martes 29 de octubre, la entrega de m\u00e1quinas de coser continuar\u00e1 en el municipio de Benito Ju\u00e1rez, en un horario de 9 de la ma\u00f1ana a 3 de la tarde; el mi\u00e9rcoles 30 de octubre la entrega se llevar\u00e1 a cabo en Playa del Carmen a partir de las 10 de ma\u00f1ana y hasta las 3 de la tarde, en el domo de la colonia Luis Donaldo Colosio.<\/p>\n\n\n\n<p>El mi\u00e9rcoles 6 de noviembre, beneficiarios recibir\u00e1n su apoyo en el H\u00e1bitat II de la colonia Comit\u00e9 Proterritorio, en Chetumal, en un horario de atenci\u00f3n de 10 de la ma\u00f1ana 3 de la tarde.<\/p>\n\n\n\n<p>Estuvieron presentes en la entrega de estas herramientas la presidenta honoraria del Sistema DIF Quintana Roo, Ver\u00f3nica Lezama Espinosa; la directora del Faro, Sof\u00eda Ochoa; y la presidenta municipal de Benito Ju\u00e1rez, Ana Paty Peralta de la Pe\u00f1a.<\/p>\n","protected":false},"excerpt":{"rendered":"<p>Para empoderar a m\u00e1s mujeres, fortalecer su econom\u00eda y apoyarlas para poder decirle NO a la violencia a trav\u00e9s del fortalecimiento de los oficios y el autoempleo, la Gobernadora Mara Lezama Espinosa inici\u00f3 en Canc\u00fan la entrega de m\u00e1quinas de coser a beneficiarias y beneficiarios del programa \u201cFaro del Bienestar\u201d, en su modalidad Fortalecimiento de los Oficios.<\/p>\n","protected":false},"author":1,"featured_media":5928,"comment_status":"open","ping_status":"closed","sticky":false,"template":"","format":"standard","meta":{"footnotes":""},"categories":[6],"tags":[145,259],"class_list":["post-5925","post","type-post","status-publish","format-standard","has-post-thumbnail","hentry","category-cancun","tag-ana-paty-peralta","tag-mara-lezama"],"yoast_head":"<!-- This site is optimized with the Yoast SEO plugin v27.1.1 - https:\/\/yoast.com\/product\/yoast-seo-wordpress\/ -->\n<title>MARA LEZAMA FOMENTA EL AUTOEMPLEO Y EL EMPODERAMIENTO DE LAS MUJERES - Panorama Ciudadano<\/title>\n<meta name=\"robots\" content=\"index, follow, max-snippet:-1, max-image-preview:large, max-video-preview:-1\" \/>\n<link rel=\"canonical\" href=\"https:\/\/panoramaciudadano.com\/index.php\/2024\/10\/29\/mara-lezama-fomenta-el-autoempleo-y-el-empoderamiento-de-las-mujeres\/\" \/>\n<meta property=\"og:locale\" content=\"es_ES\" \/>\n<meta property=\"og:type\" content=\"article\" \/>\n<meta property=\"og:title\" content=\"MARA LEZAMA FOMENTA EL AUTOEMPLEO Y EL EMPODERAMIENTO DE LAS MUJERES - Panorama Ciudadano\" \/>\n<meta property=\"og:description\" content=\"Para empoderar a m\u00e1s mujeres, fortalecer su econom\u00eda y apoyarlas para poder decirle NO a la violencia a trav\u00e9s del fortalecimiento de los oficios y el autoempleo, la Gobernadora Mara Lezama Espinosa inici\u00f3 en Canc\u00fan la entrega de m\u00e1quinas de coser a beneficiarias y beneficiarios del programa \u201cFaro del Bienestar\u201d, en su modalidad Fortalecimiento de los Oficios.\" \/>\n<meta property=\"og:url\" content=\"https:\/\/panoramaciudadano.com\/index.php\/2024\/10\/29\/mara-lezama-fomenta-el-autoempleo-y-el-empoderamiento-de-las-mujeres\/\" \/>\n<meta property=\"og:site_name\" content=\"Panorama Ciudadano\" \/>\n<meta property=\"article:publisher\" content=\"https:\/\/www.facebook.com\/panoramaciudadano\" \/>\n<meta property=\"article:published_time\" content=\"2024-10-29T13:50:17+00:00\" \/>\n<meta property=\"article:modified_time\" content=\"2024-10-29T13:50:19+00:00\" \/>\n<meta property=\"og:image\" content=\"https:\/\/panoramaciudadano.com\/wp-content\/uploads\/2024\/10\/WhatsApp-Image-2024-10-29-at-07.43.43.jpeg\" \/>\n\t<meta property=\"og:image:width\" content=\"960\" \/>\n\t<meta property=\"og:image:height\" content=\"640\" \/>\n\t<meta property=\"og:image:type\" content=\"image\/jpeg\" \/>\n<meta name=\"author\" content=\"admin\" \/>\n<meta name=\"twitter:card\" content=\"summary_large_image\" \/>\n<meta name=\"twitter:label1\" content=\"Escrito por\" \/>\n\t<meta name=\"twitter:data1\" content=\"admin\" \/>\n\t<meta name=\"twitter:label2\" content=\"Tiempo de lectura\" \/>\n\t<meta name=\"twitter:data2\" content=\"3 minutos\" \/>\n<script type=\"application\/ld+json\" class=\"yoast-schema-graph\">{\"@context\":\"https:\/\/schema.org\",\"@graph\":[{\"@type\":\"Article\",\"@id\":\"https:\/\/panoramaciudadano.com\/index.php\/2024\/10\/29\/mara-lezama-fomenta-el-autoempleo-y-el-empoderamiento-de-las-mujeres\/#article\",\"isPartOf\":{\"@id\":\"https:\/\/panoramaciudadano.com\/index.php\/2024\/10\/29\/mara-lezama-fomenta-el-autoempleo-y-el-empoderamiento-de-las-mujeres\/\"},\"author\":{\"name\":\"admin\",\"@id\":\"https:\/\/panoramaciudadano.com\/#\/schema\/person\/ffe9fe8ef47d3a93977b5761fd9e0d96\"},\"headline\":\"MARA LEZAMA FOMENTA EL AUTOEMPLEO Y EL EMPODERAMIENTO DE LAS MUJERES\",\"datePublished\":\"2024-10-29T13:50:17+00:00\",\"dateModified\":\"2024-10-29T13:50:19+00:00\",\"mainEntityOfPage\":{\"@id\":\"https:\/\/panoramaciudadano.com\/index.php\/2024\/10\/29\/mara-lezama-fomenta-el-autoempleo-y-el-empoderamiento-de-las-mujeres\/\"},\"wordCount\":489,\"commentCount\":0,\"publisher\":{\"@id\":\"https:\/\/panoramaciudadano.com\/#organization\"},\"image\":{\"@id\":\"https:\/\/panoramaciudadano.com\/index.php\/2024\/10\/29\/mara-lezama-fomenta-el-autoempleo-y-el-empoderamiento-de-las-mujeres\/#primaryimage\"},\"thumbnailUrl\":\"https:\/\/panoramaciudadano.com\/wp-content\/uploads\/2024\/10\/WhatsApp-Image-2024-10-29-at-07.43.43.jpeg\",\"keywords\":[\"Ana Paty Peralta\",\"Mara Lezama\"],\"articleSection\":[\"Canc\u00fan\"],\"inLanguage\":\"es\",\"potentialAction\":[{\"@type\":\"CommentAction\",\"name\":\"Comment\",\"target\":[\"https:\/\/panoramaciudadano.com\/index.php\/2024\/10\/29\/mara-lezama-fomenta-el-autoempleo-y-el-empoderamiento-de-las-mujeres\/#respond\"]}]},{\"@type\":\"WebPage\",\"@id\":\"https:\/\/panoramaciudadano.com\/index.php\/2024\/10\/29\/mara-lezama-fomenta-el-autoempleo-y-el-empoderamiento-de-las-mujeres\/\",\"url\":\"https:\/\/panoramaciudadano.com\/index.php\/2024\/10\/29\/mara-lezama-fomenta-el-autoempleo-y-el-empoderamiento-de-las-mujeres\/\",\"name\":\"MARA LEZAMA FOMENTA EL AUTOEMPLEO Y EL EMPODERAMIENTO DE LAS MUJERES - Panorama Ciudadano\",\"isPartOf\":{\"@id\":\"https:\/\/panoramaciudadano.com\/#website\"},\"primaryImageOfPage\":{\"@id\":\"https:\/\/panoramaciudadano.com\/index.php\/2024\/10\/29\/mara-lezama-fomenta-el-autoempleo-y-el-empoderamiento-de-las-mujeres\/#primaryimage\"},\"image\":{\"@id\":\"https:\/\/panoramaciudadano.com\/index.php\/2024\/10\/29\/mara-lezama-fomenta-el-autoempleo-y-el-empoderamiento-de-las-mujeres\/#primaryimage\"},\"thumbnailUrl\":\"https:\/\/panoramaciudadano.com\/wp-content\/uploads\/2024\/10\/WhatsApp-Image-2024-10-29-at-07.43.43.jpeg\",\"datePublished\":\"2024-10-29T13:50:17+00:00\",\"dateModified\":\"2024-10-29T13:50:19+00:00\",\"breadcrumb\":{\"@id\":\"https:\/\/panoramaciudadano.com\/index.php\/2024\/10\/29\/mara-lezama-fomenta-el-autoempleo-y-el-empoderamiento-de-las-mujeres\/#breadcrumb\"},\"inLanguage\":\"es\",\"potentialAction\":[{\"@type\":\"ReadAction\",\"target\":[\"https:\/\/panoramaciudadano.com\/index.php\/2024\/10\/29\/mara-lezama-fomenta-el-autoempleo-y-el-empoderamiento-de-las-mujeres\/\"]}]},{\"@type\":\"ImageObject\",\"inLanguage\":\"es\",\"@id\":\"https:\/\/panoramaciudadano.com\/index.php\/2024\/10\/29\/mara-lezama-fomenta-el-autoempleo-y-el-empoderamiento-de-las-mujeres\/#primaryimage\",\"url\":\"https:\/\/panoramaciudadano.com\/wp-content\/uploads\/2024\/10\/WhatsApp-Image-2024-10-29-at-07.43.43.jpeg\",\"contentUrl\":\"https:\/\/panoramaciudadano.com\/wp-content\/uploads\/2024\/10\/WhatsApp-Image-2024-10-29-at-07.43.43.jpeg\",\"width\":960,\"height\":640},{\"@type\":\"BreadcrumbList\",\"@id\":\"https:\/\/panoramaciudadano.com\/index.php\/2024\/10\/29\/mara-lezama-fomenta-el-autoempleo-y-el-empoderamiento-de-las-mujeres\/#breadcrumb\",\"itemListElement\":[{\"@type\":\"ListItem\",\"position\":1,\"name\":\"Portada\",\"item\":\"https:\/\/panoramaciudadano.com\/\"},{\"@type\":\"ListItem\",\"position\":2,\"name\":\"MARA LEZAMA FOMENTA EL AUTOEMPLEO Y EL EMPODERAMIENTO DE LAS MUJERES\"}]},{\"@type\":\"WebSite\",\"@id\":\"https:\/\/panoramaciudadano.com\/#website\",\"url\":\"https:\/\/panoramaciudadano.com\/\",\"name\":\"Panorama Ciudadano\",\"description\":\"\",\"publisher\":{\"@id\":\"https:\/\/panoramaciudadano.com\/#organization\"},\"potentialAction\":[{\"@type\":\"SearchAction\",\"target\":{\"@type\":\"EntryPoint\",\"urlTemplate\":\"https:\/\/panoramaciudadano.com\/?s={search_term_string}\"},\"query-input\":{\"@type\":\"PropertyValueSpecification\",\"valueRequired\":true,\"valueName\":\"search_term_string\"}}],\"inLanguage\":\"es\"},{\"@type\":\"Organization\",\"@id\":\"https:\/\/panoramaciudadano.com\/#organization\",\"name\":\"Panorama Ciudadano\",\"url\":\"https:\/\/panoramaciudadano.com\/\",\"logo\":{\"@type\":\"ImageObject\",\"inLanguage\":\"es\",\"@id\":\"https:\/\/panoramaciudadano.com\/#\/schema\/logo\/image\/\",\"url\":\"https:\/\/panoramaciudadano.com\/wp-content\/uploads\/2024\/05\/401498640_919267042938564_6290593609399108733_n.jpg\",\"contentUrl\":\"https:\/\/panoramaciudadano.com\/wp-content\/uploads\/2024\/05\/401498640_919267042938564_6290593609399108733_n.jpg\",\"width\":960,\"height\":957,\"caption\":\"Panorama Ciudadano\"},\"image\":{\"@id\":\"https:\/\/panoramaciudadano.com\/#\/schema\/logo\/image\/\"},\"sameAs\":[\"https:\/\/www.facebook.com\/panoramaciudadano\"]},{\"@type\":\"Person\",\"@id\":\"https:\/\/panoramaciudadano.com\/#\/schema\/person\/ffe9fe8ef47d3a93977b5761fd9e0d96\",\"name\":\"admin\",\"image\":{\"@type\":\"ImageObject\",\"inLanguage\":\"es\",\"@id\":\"https:\/\/panoramaciudadano.com\/#\/schema\/person\/image\/\",\"url\":\"https:\/\/secure.gravatar.com\/avatar\/2d5a12cacce3f18096f25fadea8abb7202fef18ed669595589853e84260ff451?s=96&d=mm&r=g\",\"contentUrl\":\"https:\/\/secure.gravatar.com\/avatar\/2d5a12cacce3f18096f25fadea8abb7202fef18ed669595589853e84260ff451?s=96&d=mm&r=g\",\"caption\":\"admin\"},\"sameAs\":[\"https:\/\/panoramaciudadano.com\"],\"url\":\"https:\/\/panoramaciudadano.com\/index.php\/author\/admin_3q6hyqq3\/\"}]}<\/script>\n<!-- \/ Yoast SEO plugin. -->","yoast_head_json":{"title":"MARA LEZAMA FOMENTA EL AUTOEMPLEO Y EL EMPODERAMIENTO DE LAS MUJERES - Panorama Ciudadano","robots":{"index":"index","follow":"follow","max-snippet":"max-snippet:-1","max-image-preview":"max-image-preview:large","max-video-preview":"max-video-preview:-1"},"canonical":"https:\/\/panoramaciudadano.com\/index.php\/2024\/10\/29\/mara-lezama-fomenta-el-autoempleo-y-el-empoderamiento-de-las-mujeres\/","og_locale":"es_ES","og_type":"article","og_title":"MARA LEZAMA FOMENTA EL AUTOEMPLEO Y EL EMPODERAMIENTO DE LAS MUJERES - Panorama Ciudadano","og_description":"Para empoderar a m\u00e1s mujeres, fortalecer su econom\u00eda y apoyarlas para poder decirle NO a la violencia a trav\u00e9s del fortalecimiento de los oficios y el autoempleo, la Gobernadora Mara Lezama Espinosa inici\u00f3 en Canc\u00fan la entrega de m\u00e1quinas de coser a beneficiarias y beneficiarios del programa \u201cFaro del Bienestar\u201d, en su modalidad Fortalecimiento de los Oficios.","og_url":"https:\/\/panoramaciudadano.com\/index.php\/2024\/10\/29\/mara-lezama-fomenta-el-autoempleo-y-el-empoderamiento-de-las-mujeres\/","og_site_name":"Panorama Ciudadano","article_publisher":"https:\/\/www.facebook.com\/panoramaciudadano","article_published_time":"2024-10-29T13:50:17+00:00","article_modified_time":"2024-10-29T13:50:19+00:00","og_image":[{"width":960,"height":640,"url":"https:\/\/panoramaciudadano.com\/wp-content\/uploads\/2024\/10\/WhatsApp-Image-2024-10-29-at-07.43.43.jpeg","type":"image\/jpeg"}],"author":"admin","twitter_card":"summary_large_image","twitter_misc":{"Escrito por":"admin","Tiempo de lectura":"3 minutos"},"schema":{"@context":"https:\/\/schema.org","@graph":[{"@type":"Article","@id":"https:\/\/panoramaciudadano.com\/index.php\/2024\/10\/29\/mara-lezama-fomenta-el-autoempleo-y-el-empoderamiento-de-las-mujeres\/#article","isPartOf":{"@id":"https:\/\/panoramaciudadano.com\/index.php\/2024\/10\/29\/mara-lezama-fomenta-el-autoempleo-y-el-empoderamiento-de-las-mujeres\/"},"author":{"name":"admin","@id":"https:\/\/panoramaciudadano.com\/#\/schema\/person\/ffe9fe8ef47d3a93977b5761fd9e0d96"},"headline":"MARA LEZAMA FOMENTA EL AUTOEMPLEO Y EL EMPODERAMIENTO DE LAS MUJERES","datePublished":"2024-10-29T13:50:17+00:00","dateModified":"2024-10-29T13:50:19+00:00","mainEntityOfPage":{"@id":"https:\/\/panoramaciudadano.com\/index.php\/2024\/10\/29\/mara-lezama-fomenta-el-autoempleo-y-el-empoderamiento-de-las-mujeres\/"},"wordCount":489,"commentCount":0,"publisher":{"@id":"https:\/\/panoramaciudadano.com\/#organization"},"image":{"@id":"https:\/\/panoramaciudadano.com\/index.php\/2024\/10\/29\/mara-lezama-fomenta-el-autoempleo-y-el-empoderamiento-de-las-mujeres\/#primaryimage"},"thumbnailUrl":"https:\/\/panoramaciudadano.com\/wp-content\/uploads\/2024\/10\/WhatsApp-Image-2024-10-29-at-07.43.43.jpeg","keywords":["Ana Paty Peralta","Mara Lezama"],"articleSection":["Canc\u00fan"],"inLanguage":"es","potentialAction":[{"@type":"CommentAction","name":"Comment","target":["https:\/\/panoramaciudadano.com\/index.php\/2024\/10\/29\/mara-lezama-fomenta-el-autoempleo-y-el-empoderamiento-de-las-mujeres\/#respond"]}]},{"@type":"WebPage","@id":"https:\/\/panoramaciudadano.com\/index.php\/2024\/10\/29\/mara-lezama-fomenta-el-autoempleo-y-el-empoderamiento-de-las-mujeres\/","url":"https:\/\/panoramaciudadano.com\/index.php\/2024\/10\/29\/mara-lezama-fomenta-el-autoempleo-y-el-empoderamiento-de-las-mujeres\/","name":"MARA LEZAMA FOMENTA EL AUTOEMPLEO Y EL EMPODERAMIENTO DE LAS MUJERES - Panorama Ciudadano","isPartOf":{"@id":"https:\/\/panoramaciudadano.com\/#website"},"primaryImageOfPage":{"@id":"https:\/\/panoramaciudadano.com\/index.php\/2024\/10\/29\/mara-lezama-fomenta-el-autoempleo-y-el-empoderamiento-de-las-mujeres\/#primaryimage"},"image":{"@id":"https:\/\/panoramaciudadano.com\/index.php\/2024\/10\/29\/mara-lezama-fomenta-el-autoempleo-y-el-empoderamiento-de-las-mujeres\/#primaryimage"},"thumbnailUrl":"https:\/\/panoramaciudadano.com\/wp-content\/uploads\/2024\/10\/WhatsApp-Image-2024-10-29-at-07.43.43.jpeg","datePublished":"2024-10-29T13:50:17+00:00","dateModified":"2024-10-29T13:50:19+00:00","breadcrumb":{"@id":"https:\/\/panoramaciudadano.com\/index.php\/2024\/10\/29\/mara-lezama-fomenta-el-autoempleo-y-el-empoderamiento-de-las-mujeres\/#breadcrumb"},"inLanguage":"es","potentialAction":[{"@type":"ReadAction","target":["https:\/\/panoramaciudadano.com\/index.php\/2024\/10\/29\/mara-lezama-fomenta-el-autoempleo-y-el-empoderamiento-de-las-mujeres\/"]}]},{"@type":"ImageObject","inLanguage":"es","@id":"https:\/\/panoramaciudadano.com\/index.php\/2024\/10\/29\/mara-lezama-fomenta-el-autoempleo-y-el-empoderamiento-de-las-mujeres\/#primaryimage","url":"https:\/\/panoramaciudadano.com\/wp-content\/uploads\/2024\/10\/WhatsApp-Image-2024-10-29-at-07.43.43.jpeg","contentUrl":"https:\/\/panoramaciudadano.com\/wp-content\/uploads\/2024\/10\/WhatsApp-Image-2024-10-29-at-07.43.43.jpeg","width":960,"height":640},{"@type":"BreadcrumbList","@id":"https:\/\/panoramaciudadano.com\/index.php\/2024\/10\/29\/mara-lezama-fomenta-el-autoempleo-y-el-empoderamiento-de-las-mujeres\/#breadcrumb","itemListElement":[{"@type":"ListItem","position":1,"name":"Portada","item":"https:\/\/panoramaciudadano.com\/"},{"@type":"ListItem","position":2,"name":"MARA LEZAMA FOMENTA EL AUTOEMPLEO Y EL EMPODERAMIENTO DE LAS MUJERES"}]},{"@type":"WebSite","@id":"https:\/\/panoramaciudadano.com\/#website","url":"https:\/\/panoramaciudadano.com\/","name":"Panorama Ciudadano","description":"","publisher":{"@id":"https:\/\/panoramaciudadano.com\/#organization"},"potentialAction":[{"@type":"SearchAction","target":{"@type":"EntryPoint","urlTemplate":"https:\/\/panoramaciudadano.com\/?s={search_term_string}"},"query-input":{"@type":"PropertyValueSpecification","valueRequired":true,"valueName":"search_term_string"}}],"inLanguage":"es"},{"@type":"Organization","@id":"https:\/\/panoramaciudadano.com\/#organization","name":"Panorama Ciudadano","url":"https:\/\/panoramaciudadano.com\/","logo":{"@type":"ImageObject","inLanguage":"es","@id":"https:\/\/panoramaciudadano.com\/#\/schema\/logo\/image\/","url":"https:\/\/panoramaciudadano.com\/wp-content\/uploads\/2024\/05\/401498640_919267042938564_6290593609399108733_n.jpg","contentUrl":"https:\/\/panoramaciudadano.com\/wp-content\/uploads\/2024\/05\/401498640_919267042938564_6290593609399108733_n.jpg","width":960,"height":957,"caption":"Panorama Ciudadano"},"image":{"@id":"https:\/\/panoramaciudadano.com\/#\/schema\/logo\/image\/"},"sameAs":["https:\/\/www.facebook.com\/panoramaciudadano"]},{"@type":"Person","@id":"https:\/\/panoramaciudadano.com\/#\/schema\/person\/ffe9fe8ef47d3a93977b5761fd9e0d96","name":"admin","image":{"@type":"ImageObject","inLanguage":"es","@id":"https:\/\/panoramaciudadano.com\/#\/schema\/person\/image\/","url":"https:\/\/secure.gravatar.com\/avatar\/2d5a12cacce3f18096f25fadea8abb7202fef18ed669595589853e84260ff451?s=96&d=mm&r=g","contentUrl":"https:\/\/secure.gravatar.com\/avatar\/2d5a12cacce3f18096f25fadea8abb7202fef18ed669595589853e84260ff451?s=96&d=mm&r=g","caption":"admin"},"sameAs":["https:\/\/panoramaciudadano.com"],"url":"https:\/\/panoramaciudadano.com\/index.php\/author\/admin_3q6hyqq3\/"}]}},"_links":{"self":[{"href":"https:\/\/panoramaciudadano.com\/index.php\/wp-json\/wp\/v2\/posts\/5925","targetHints":{"allow":["GET"]}}],"collection":[{"href":"https:\/\/panoramaciudadano.com\/index.php\/wp-json\/wp\/v2\/posts"}],"about":[{"href":"https:\/\/panoramaciudadano.com\/index.php\/wp-json\/wp\/v2\/types\/post"}],"author":[{"embeddable":true,"href":"https:\/\/panoramaciudadano.com\/index.php\/wp-json\/wp\/v2\/users\/1"}],"replies":[{"embeddable":true,"href":"https:\/\/panoramaciudadano.com\/index.php\/wp-json\/wp\/v2\/comments?post=5925"}],"version-history":[{"count":1,"href":"https:\/\/panoramaciudadano.com\/index.php\/wp-json\/wp\/v2\/posts\/5925\/revisions"}],"predecessor-version":[{"id":5929,"href":"https:\/\/panoramaciudadano.com\/index.php\/wp-json\/wp\/v2\/posts\/5925\/revisions\/5929"}],"wp:featuredmedia":[{"embeddable":true,"href":"https:\/\/panoramaciudadano.com\/index.php\/wp-json\/wp\/v2\/media\/5928"}],"wp:attachment":[{"href":"https:\/\/panoramaciudadano.com\/index.php\/wp-json\/wp\/v2\/media?parent=5925"}],"wp:term":[{"taxonomy":"category","embeddable":true,"href":"https:\/\/panoramaciudadano.com\/index.php\/wp-json\/wp\/v2\/categories?post=5925"},{"taxonomy":"post_tag","embeddable":true,"href":"https:\/\/panoramaciudadano.com\/index.php\/wp-json\/wp\/v2\/tags?post=5925"}],"curies":[{"name":"wp","href":"https:\/\/api.w.org\/{rel}","templated":true}]}}