{"id":6419,"date":"2024-11-08T10:23:34","date_gmt":"2024-11-08T03:23:34","guid":{"rendered":"https:\/\/panoramaciudadano.com\/?p=6419"},"modified":"2024-11-08T10:23:36","modified_gmt":"2024-11-08T03:23:36","slug":"milagro-en-la-colonia-el-milagro-mujer-da-a-luz-en-casa-asistida-por-paramedicos-de-proteccion-civil","status":"publish","type":"post","link":"https:\/\/panoramaciudadano.com\/index.php\/2024\/11\/08\/milagro-en-la-colonia-el-milagro-mujer-da-a-luz-en-casa-asistida-por-paramedicos-de-proteccion-civil\/","title":{"rendered":"Milagro en la colonia El Milagro: Mujer da a luz en casa asistida por param\u00e9dicos de Protecci\u00f3n Civil"},"content":{"rendered":"\n<figure class=\"wp-block-image size-full\"><img decoding=\"async\" width=\"720\" height=\"588\" src=\"https:\/\/panoramaciudadano.com\/wp-content\/uploads\/2024\/11\/WhatsApp-Image-2024-11-07-at-10.38.00.jpeg\" alt=\"\" class=\"wp-image-6420\" srcset=\"https:\/\/panoramaciudadano.com\/wp-content\/uploads\/2024\/11\/WhatsApp-Image-2024-11-07-at-10.38.00.jpeg 720w, https:\/\/panoramaciudadano.com\/wp-content\/uploads\/2024\/11\/WhatsApp-Image-2024-11-07-at-10.38.00-300x245.jpeg 300w\" sizes=\"(max-width: 720px) 100vw, 720px\" \/><\/figure>\n\n\n\n<p>La colonia El Milagro fue testigo de un verdadero milagro una mujer, que en horas previas comenz\u00f3 a sentir los primeros s\u00edntomas de su labor de parto, vio como el momento de dar la bienvenida a su beb\u00e9 lleg\u00f3 m\u00e1s r\u00e1pido de lo esperado en su hogar, rodeada de familiares y en plena tranquilidad, dio a luz<\/p>\n\n\n\n<p>La familia, preocupada por la situaci\u00f3n, solicit\u00f3 de inmediato la ayuda de Protecci\u00f3n Civil los param\u00e9dicos, r\u00e1pidos y bien capacitados, llegaron al lugar con prontitud y asistieron el parto, asegurando que todo transcurriera sin contratiempos una vez que la peque\u00f1a naci\u00f3 sana y fuerte, los param\u00e9dicos trasladaron a madre e hija en la ambulancia hacia el Hospital General, para brindarles los cuidados m\u00e9dicos necesarios.<\/p>\n\n\n\n<p>Afortunadamente, tanto la madre como su beb\u00e9 se encuentran en perfecto estado de salud, una noticia que ha alegrado a la familia y a los vecinos de la colonia.<\/p>\n","protected":false},"excerpt":{"rendered":"<p>La colonia El Milagro fue testigo de un verdadero milagro una mujer, que en horas previas comenz\u00f3 a sentir los primeros s\u00edntomas de su labor de parto, vio como el momento de dar la bienvenida a su beb\u00e9 lleg\u00f3 m\u00e1s r\u00e1pido de lo esperado en su hogar, rodeada de familiares y en plena tranquilidad, dio a luz<\/p>\n","protected":false},"author":1,"featured_media":6420,"comment_status":"open","ping_status":"closed","sticky":false,"template":"","format":"standard","meta":{"footnotes":""},"categories":[6],"tags":[555,1866],"class_list":["post-6419","post","type-post","status-publish","format-standard","has-post-thumbnail","hentry","category-cancun","tag-bomberos-a-la-direccion-de-proteccion-civil-y-bomberos","tag-el-milagro"],"yoast_head":"<!-- This site is optimized with the Yoast SEO plugin v27.1.1 - https:\/\/yoast.com\/product\/yoast-seo-wordpress\/ -->\n<title>Milagro en la colonia El Milagro: Mujer da a luz en casa asistida por param\u00e9dicos de Protecci\u00f3n Civil - Panorama Ciudadano<\/title>\n<meta name=\"robots\" content=\"index, follow, max-snippet:-1, max-image-preview:large, max-video-preview:-1\" \/>\n<link rel=\"canonical\" href=\"https:\/\/panoramaciudadano.com\/index.php\/2024\/11\/08\/milagro-en-la-colonia-el-milagro-mujer-da-a-luz-en-casa-asistida-por-paramedicos-de-proteccion-civil\/\" \/>\n<meta property=\"og:locale\" content=\"es_ES\" \/>\n<meta property=\"og:type\" content=\"article\" \/>\n<meta property=\"og:title\" content=\"Milagro en la colonia El Milagro: Mujer da a luz en casa asistida por param\u00e9dicos de Protecci\u00f3n Civil - Panorama Ciudadano\" \/>\n<meta property=\"og:description\" content=\"La colonia El Milagro fue testigo de un verdadero milagro una mujer, que en horas previas comenz\u00f3 a sentir los primeros s\u00edntomas de su labor de parto, vio como el momento de dar la bienvenida a su beb\u00e9 lleg\u00f3 m\u00e1s r\u00e1pido de lo esperado en su hogar, rodeada de familiares y en plena tranquilidad, dio a luz\" \/>\n<meta property=\"og:url\" content=\"https:\/\/panoramaciudadano.com\/index.php\/2024\/11\/08\/milagro-en-la-colonia-el-milagro-mujer-da-a-luz-en-casa-asistida-por-paramedicos-de-proteccion-civil\/\" \/>\n<meta property=\"og:site_name\" content=\"Panorama Ciudadano\" \/>\n<meta property=\"article:publisher\" content=\"https:\/\/www.facebook.com\/panoramaciudadano\" \/>\n<meta property=\"article:published_time\" content=\"2024-11-08T03:23:34+00:00\" \/>\n<meta property=\"article:modified_time\" content=\"2024-11-08T03:23:36+00:00\" \/>\n<meta property=\"og:image\" content=\"https:\/\/panoramaciudadano.com\/wp-content\/uploads\/2024\/11\/WhatsApp-Image-2024-11-07-at-10.38.00.jpeg\" \/>\n\t<meta property=\"og:image:width\" content=\"720\" \/>\n\t<meta property=\"og:image:height\" content=\"588\" \/>\n\t<meta property=\"og:image:type\" content=\"image\/jpeg\" \/>\n<meta name=\"author\" content=\"admin\" \/>\n<meta name=\"twitter:card\" content=\"summary_large_image\" \/>\n<meta name=\"twitter:label1\" content=\"Escrito por\" \/>\n\t<meta name=\"twitter:data1\" content=\"admin\" \/>\n\t<meta name=\"twitter:label2\" content=\"Tiempo de lectura\" \/>\n\t<meta name=\"twitter:data2\" content=\"2 minutos\" \/>\n<script type=\"application\/ld+json\" class=\"yoast-schema-graph\">{\"@context\":\"https:\/\/schema.org\",\"@graph\":[{\"@type\":\"Article\",\"@id\":\"https:\/\/panoramaciudadano.com\/index.php\/2024\/11\/08\/milagro-en-la-colonia-el-milagro-mujer-da-a-luz-en-casa-asistida-por-paramedicos-de-proteccion-civil\/#article\",\"isPartOf\":{\"@id\":\"https:\/\/panoramaciudadano.com\/index.php\/2024\/11\/08\/milagro-en-la-colonia-el-milagro-mujer-da-a-luz-en-casa-asistida-por-paramedicos-de-proteccion-civil\/\"},\"author\":{\"name\":\"admin\",\"@id\":\"https:\/\/panoramaciudadano.com\/#\/schema\/person\/ffe9fe8ef47d3a93977b5761fd9e0d96\"},\"headline\":\"Milagro en la colonia El Milagro: Mujer da a luz en casa asistida por param\u00e9dicos de Protecci\u00f3n Civil\",\"datePublished\":\"2024-11-08T03:23:34+00:00\",\"dateModified\":\"2024-11-08T03:23:36+00:00\",\"mainEntityOfPage\":{\"@id\":\"https:\/\/panoramaciudadano.com\/index.php\/2024\/11\/08\/milagro-en-la-colonia-el-milagro-mujer-da-a-luz-en-casa-asistida-por-paramedicos-de-proteccion-civil\/\"},\"wordCount\":180,\"commentCount\":0,\"publisher\":{\"@id\":\"https:\/\/panoramaciudadano.com\/#organization\"},\"image\":{\"@id\":\"https:\/\/panoramaciudadano.com\/index.php\/2024\/11\/08\/milagro-en-la-colonia-el-milagro-mujer-da-a-luz-en-casa-asistida-por-paramedicos-de-proteccion-civil\/#primaryimage\"},\"thumbnailUrl\":\"https:\/\/panoramaciudadano.com\/wp-content\/uploads\/2024\/11\/WhatsApp-Image-2024-11-07-at-10.38.00.jpeg\",\"keywords\":[\"Bomberos a la Direcci\u00f3n de Protecci\u00f3n Civil y Bomberos\",\"El Milagro\"],\"articleSection\":[\"Canc\u00fan\"],\"inLanguage\":\"es\",\"potentialAction\":[{\"@type\":\"CommentAction\",\"name\":\"Comment\",\"target\":[\"https:\/\/panoramaciudadano.com\/index.php\/2024\/11\/08\/milagro-en-la-colonia-el-milagro-mujer-da-a-luz-en-casa-asistida-por-paramedicos-de-proteccion-civil\/#respond\"]}]},{\"@type\":\"WebPage\",\"@id\":\"https:\/\/panoramaciudadano.com\/index.php\/2024\/11\/08\/milagro-en-la-colonia-el-milagro-mujer-da-a-luz-en-casa-asistida-por-paramedicos-de-proteccion-civil\/\",\"url\":\"https:\/\/panoramaciudadano.com\/index.php\/2024\/11\/08\/milagro-en-la-colonia-el-milagro-mujer-da-a-luz-en-casa-asistida-por-paramedicos-de-proteccion-civil\/\",\"name\":\"Milagro en la colonia El Milagro: Mujer da a luz en casa asistida por param\u00e9dicos de Protecci\u00f3n Civil - Panorama Ciudadano\",\"isPartOf\":{\"@id\":\"https:\/\/panoramaciudadano.com\/#website\"},\"primaryImageOfPage\":{\"@id\":\"https:\/\/panoramaciudadano.com\/index.php\/2024\/11\/08\/milagro-en-la-colonia-el-milagro-mujer-da-a-luz-en-casa-asistida-por-paramedicos-de-proteccion-civil\/#primaryimage\"},\"image\":{\"@id\":\"https:\/\/panoramaciudadano.com\/index.php\/2024\/11\/08\/milagro-en-la-colonia-el-milagro-mujer-da-a-luz-en-casa-asistida-por-paramedicos-de-proteccion-civil\/#primaryimage\"},\"thumbnailUrl\":\"https:\/\/panoramaciudadano.com\/wp-content\/uploads\/2024\/11\/WhatsApp-Image-2024-11-07-at-10.38.00.jpeg\",\"datePublished\":\"2024-11-08T03:23:34+00:00\",\"dateModified\":\"2024-11-08T03:23:36+00:00\",\"breadcrumb\":{\"@id\":\"https:\/\/panoramaciudadano.com\/index.php\/2024\/11\/08\/milagro-en-la-colonia-el-milagro-mujer-da-a-luz-en-casa-asistida-por-paramedicos-de-proteccion-civil\/#breadcrumb\"},\"inLanguage\":\"es\",\"potentialAction\":[{\"@type\":\"ReadAction\",\"target\":[\"https:\/\/panoramaciudadano.com\/index.php\/2024\/11\/08\/milagro-en-la-colonia-el-milagro-mujer-da-a-luz-en-casa-asistida-por-paramedicos-de-proteccion-civil\/\"]}]},{\"@type\":\"ImageObject\",\"inLanguage\":\"es\",\"@id\":\"https:\/\/panoramaciudadano.com\/index.php\/2024\/11\/08\/milagro-en-la-colonia-el-milagro-mujer-da-a-luz-en-casa-asistida-por-paramedicos-de-proteccion-civil\/#primaryimage\",\"url\":\"https:\/\/panoramaciudadano.com\/wp-content\/uploads\/2024\/11\/WhatsApp-Image-2024-11-07-at-10.38.00.jpeg\",\"contentUrl\":\"https:\/\/panoramaciudadano.com\/wp-content\/uploads\/2024\/11\/WhatsApp-Image-2024-11-07-at-10.38.00.jpeg\",\"width\":720,\"height\":588},{\"@type\":\"BreadcrumbList\",\"@id\":\"https:\/\/panoramaciudadano.com\/index.php\/2024\/11\/08\/milagro-en-la-colonia-el-milagro-mujer-da-a-luz-en-casa-asistida-por-paramedicos-de-proteccion-civil\/#breadcrumb\",\"itemListElement\":[{\"@type\":\"ListItem\",\"position\":1,\"name\":\"Portada\",\"item\":\"https:\/\/panoramaciudadano.com\/\"},{\"@type\":\"ListItem\",\"position\":2,\"name\":\"Milagro en la colonia El Milagro: Mujer da a luz en casa asistida por param\u00e9dicos de Protecci\u00f3n Civil\"}]},{\"@type\":\"WebSite\",\"@id\":\"https:\/\/panoramaciudadano.com\/#website\",\"url\":\"https:\/\/panoramaciudadano.com\/\",\"name\":\"Panorama Ciudadano\",\"description\":\"\",\"publisher\":{\"@id\":\"https:\/\/panoramaciudadano.com\/#organization\"},\"potentialAction\":[{\"@type\":\"SearchAction\",\"target\":{\"@type\":\"EntryPoint\",\"urlTemplate\":\"https:\/\/panoramaciudadano.com\/?s={search_term_string}\"},\"query-input\":{\"@type\":\"PropertyValueSpecification\",\"valueRequired\":true,\"valueName\":\"search_term_string\"}}],\"inLanguage\":\"es\"},{\"@type\":\"Organization\",\"@id\":\"https:\/\/panoramaciudadano.com\/#organization\",\"name\":\"Panorama Ciudadano\",\"url\":\"https:\/\/panoramaciudadano.com\/\",\"logo\":{\"@type\":\"ImageObject\",\"inLanguage\":\"es\",\"@id\":\"https:\/\/panoramaciudadano.com\/#\/schema\/logo\/image\/\",\"url\":\"https:\/\/panoramaciudadano.com\/wp-content\/uploads\/2024\/05\/401498640_919267042938564_6290593609399108733_n.jpg\",\"contentUrl\":\"https:\/\/panoramaciudadano.com\/wp-content\/uploads\/2024\/05\/401498640_919267042938564_6290593609399108733_n.jpg\",\"width\":960,\"height\":957,\"caption\":\"Panorama Ciudadano\"},\"image\":{\"@id\":\"https:\/\/panoramaciudadano.com\/#\/schema\/logo\/image\/\"},\"sameAs\":[\"https:\/\/www.facebook.com\/panoramaciudadano\"]},{\"@type\":\"Person\",\"@id\":\"https:\/\/panoramaciudadano.com\/#\/schema\/person\/ffe9fe8ef47d3a93977b5761fd9e0d96\",\"name\":\"admin\",\"image\":{\"@type\":\"ImageObject\",\"inLanguage\":\"es\",\"@id\":\"https:\/\/panoramaciudadano.com\/#\/schema\/person\/image\/\",\"url\":\"https:\/\/secure.gravatar.com\/avatar\/2d5a12cacce3f18096f25fadea8abb7202fef18ed669595589853e84260ff451?s=96&d=mm&r=g\",\"contentUrl\":\"https:\/\/secure.gravatar.com\/avatar\/2d5a12cacce3f18096f25fadea8abb7202fef18ed669595589853e84260ff451?s=96&d=mm&r=g\",\"caption\":\"admin\"},\"sameAs\":[\"https:\/\/panoramaciudadano.com\"],\"url\":\"https:\/\/panoramaciudadano.com\/index.php\/author\/admin_3q6hyqq3\/\"}]}<\/script>\n<!-- \/ Yoast SEO plugin. -->","yoast_head_json":{"title":"Milagro en la colonia El Milagro: Mujer da a luz en casa asistida por param\u00e9dicos de Protecci\u00f3n Civil - Panorama Ciudadano","robots":{"index":"index","follow":"follow","max-snippet":"max-snippet:-1","max-image-preview":"max-image-preview:large","max-video-preview":"max-video-preview:-1"},"canonical":"https:\/\/panoramaciudadano.com\/index.php\/2024\/11\/08\/milagro-en-la-colonia-el-milagro-mujer-da-a-luz-en-casa-asistida-por-paramedicos-de-proteccion-civil\/","og_locale":"es_ES","og_type":"article","og_title":"Milagro en la colonia El Milagro: Mujer da a luz en casa asistida por param\u00e9dicos de Protecci\u00f3n Civil - Panorama Ciudadano","og_description":"La colonia El Milagro fue testigo de un verdadero milagro una mujer, que en horas previas comenz\u00f3 a sentir los primeros s\u00edntomas de su labor de parto, vio como el momento de dar la bienvenida a su beb\u00e9 lleg\u00f3 m\u00e1s r\u00e1pido de lo esperado en su hogar, rodeada de familiares y en plena tranquilidad, dio a luz","og_url":"https:\/\/panoramaciudadano.com\/index.php\/2024\/11\/08\/milagro-en-la-colonia-el-milagro-mujer-da-a-luz-en-casa-asistida-por-paramedicos-de-proteccion-civil\/","og_site_name":"Panorama Ciudadano","article_publisher":"https:\/\/www.facebook.com\/panoramaciudadano","article_published_time":"2024-11-08T03:23:34+00:00","article_modified_time":"2024-11-08T03:23:36+00:00","og_image":[{"width":720,"height":588,"url":"https:\/\/panoramaciudadano.com\/wp-content\/uploads\/2024\/11\/WhatsApp-Image-2024-11-07-at-10.38.00.jpeg","type":"image\/jpeg"}],"author":"admin","twitter_card":"summary_large_image","twitter_misc":{"Escrito por":"admin","Tiempo de lectura":"2 minutos"},"schema":{"@context":"https:\/\/schema.org","@graph":[{"@type":"Article","@id":"https:\/\/panoramaciudadano.com\/index.php\/2024\/11\/08\/milagro-en-la-colonia-el-milagro-mujer-da-a-luz-en-casa-asistida-por-paramedicos-de-proteccion-civil\/#article","isPartOf":{"@id":"https:\/\/panoramaciudadano.com\/index.php\/2024\/11\/08\/milagro-en-la-colonia-el-milagro-mujer-da-a-luz-en-casa-asistida-por-paramedicos-de-proteccion-civil\/"},"author":{"name":"admin","@id":"https:\/\/panoramaciudadano.com\/#\/schema\/person\/ffe9fe8ef47d3a93977b5761fd9e0d96"},"headline":"Milagro en la colonia El Milagro: Mujer da a luz en casa asistida por param\u00e9dicos de Protecci\u00f3n Civil","datePublished":"2024-11-08T03:23:34+00:00","dateModified":"2024-11-08T03:23:36+00:00","mainEntityOfPage":{"@id":"https:\/\/panoramaciudadano.com\/index.php\/2024\/11\/08\/milagro-en-la-colonia-el-milagro-mujer-da-a-luz-en-casa-asistida-por-paramedicos-de-proteccion-civil\/"},"wordCount":180,"commentCount":0,"publisher":{"@id":"https:\/\/panoramaciudadano.com\/#organization"},"image":{"@id":"https:\/\/panoramaciudadano.com\/index.php\/2024\/11\/08\/milagro-en-la-colonia-el-milagro-mujer-da-a-luz-en-casa-asistida-por-paramedicos-de-proteccion-civil\/#primaryimage"},"thumbnailUrl":"https:\/\/panoramaciudadano.com\/wp-content\/uploads\/2024\/11\/WhatsApp-Image-2024-11-07-at-10.38.00.jpeg","keywords":["Bomberos a la Direcci\u00f3n de Protecci\u00f3n Civil y Bomberos","El Milagro"],"articleSection":["Canc\u00fan"],"inLanguage":"es","potentialAction":[{"@type":"CommentAction","name":"Comment","target":["https:\/\/panoramaciudadano.com\/index.php\/2024\/11\/08\/milagro-en-la-colonia-el-milagro-mujer-da-a-luz-en-casa-asistida-por-paramedicos-de-proteccion-civil\/#respond"]}]},{"@type":"WebPage","@id":"https:\/\/panoramaciudadano.com\/index.php\/2024\/11\/08\/milagro-en-la-colonia-el-milagro-mujer-da-a-luz-en-casa-asistida-por-paramedicos-de-proteccion-civil\/","url":"https:\/\/panoramaciudadano.com\/index.php\/2024\/11\/08\/milagro-en-la-colonia-el-milagro-mujer-da-a-luz-en-casa-asistida-por-paramedicos-de-proteccion-civil\/","name":"Milagro en la colonia El Milagro: Mujer da a luz en casa asistida por param\u00e9dicos de Protecci\u00f3n Civil - Panorama Ciudadano","isPartOf":{"@id":"https:\/\/panoramaciudadano.com\/#website"},"primaryImageOfPage":{"@id":"https:\/\/panoramaciudadano.com\/index.php\/2024\/11\/08\/milagro-en-la-colonia-el-milagro-mujer-da-a-luz-en-casa-asistida-por-paramedicos-de-proteccion-civil\/#primaryimage"},"image":{"@id":"https:\/\/panoramaciudadano.com\/index.php\/2024\/11\/08\/milagro-en-la-colonia-el-milagro-mujer-da-a-luz-en-casa-asistida-por-paramedicos-de-proteccion-civil\/#primaryimage"},"thumbnailUrl":"https:\/\/panoramaciudadano.com\/wp-content\/uploads\/2024\/11\/WhatsApp-Image-2024-11-07-at-10.38.00.jpeg","datePublished":"2024-11-08T03:23:34+00:00","dateModified":"2024-11-08T03:23:36+00:00","breadcrumb":{"@id":"https:\/\/panoramaciudadano.com\/index.php\/2024\/11\/08\/milagro-en-la-colonia-el-milagro-mujer-da-a-luz-en-casa-asistida-por-paramedicos-de-proteccion-civil\/#breadcrumb"},"inLanguage":"es","potentialAction":[{"@type":"ReadAction","target":["https:\/\/panoramaciudadano.com\/index.php\/2024\/11\/08\/milagro-en-la-colonia-el-milagro-mujer-da-a-luz-en-casa-asistida-por-paramedicos-de-proteccion-civil\/"]}]},{"@type":"ImageObject","inLanguage":"es","@id":"https:\/\/panoramaciudadano.com\/index.php\/2024\/11\/08\/milagro-en-la-colonia-el-milagro-mujer-da-a-luz-en-casa-asistida-por-paramedicos-de-proteccion-civil\/#primaryimage","url":"https:\/\/panoramaciudadano.com\/wp-content\/uploads\/2024\/11\/WhatsApp-Image-2024-11-07-at-10.38.00.jpeg","contentUrl":"https:\/\/panoramaciudadano.com\/wp-content\/uploads\/2024\/11\/WhatsApp-Image-2024-11-07-at-10.38.00.jpeg","width":720,"height":588},{"@type":"BreadcrumbList","@id":"https:\/\/panoramaciudadano.com\/index.php\/2024\/11\/08\/milagro-en-la-colonia-el-milagro-mujer-da-a-luz-en-casa-asistida-por-paramedicos-de-proteccion-civil\/#breadcrumb","itemListElement":[{"@type":"ListItem","position":1,"name":"Portada","item":"https:\/\/panoramaciudadano.com\/"},{"@type":"ListItem","position":2,"name":"Milagro en la colonia El Milagro: Mujer da a luz en casa asistida por param\u00e9dicos de Protecci\u00f3n Civil"}]},{"@type":"WebSite","@id":"https:\/\/panoramaciudadano.com\/#website","url":"https:\/\/panoramaciudadano.com\/","name":"Panorama Ciudadano","description":"","publisher":{"@id":"https:\/\/panoramaciudadano.com\/#organization"},"potentialAction":[{"@type":"SearchAction","target":{"@type":"EntryPoint","urlTemplate":"https:\/\/panoramaciudadano.com\/?s={search_term_string}"},"query-input":{"@type":"PropertyValueSpecification","valueRequired":true,"valueName":"search_term_string"}}],"inLanguage":"es"},{"@type":"Organization","@id":"https:\/\/panoramaciudadano.com\/#organization","name":"Panorama Ciudadano","url":"https:\/\/panoramaciudadano.com\/","logo":{"@type":"ImageObject","inLanguage":"es","@id":"https:\/\/panoramaciudadano.com\/#\/schema\/logo\/image\/","url":"https:\/\/panoramaciudadano.com\/wp-content\/uploads\/2024\/05\/401498640_919267042938564_6290593609399108733_n.jpg","contentUrl":"https:\/\/panoramaciudadano.com\/wp-content\/uploads\/2024\/05\/401498640_919267042938564_6290593609399108733_n.jpg","width":960,"height":957,"caption":"Panorama Ciudadano"},"image":{"@id":"https:\/\/panoramaciudadano.com\/#\/schema\/logo\/image\/"},"sameAs":["https:\/\/www.facebook.com\/panoramaciudadano"]},{"@type":"Person","@id":"https:\/\/panoramaciudadano.com\/#\/schema\/person\/ffe9fe8ef47d3a93977b5761fd9e0d96","name":"admin","image":{"@type":"ImageObject","inLanguage":"es","@id":"https:\/\/panoramaciudadano.com\/#\/schema\/person\/image\/","url":"https:\/\/secure.gravatar.com\/avatar\/2d5a12cacce3f18096f25fadea8abb7202fef18ed669595589853e84260ff451?s=96&d=mm&r=g","contentUrl":"https:\/\/secure.gravatar.com\/avatar\/2d5a12cacce3f18096f25fadea8abb7202fef18ed669595589853e84260ff451?s=96&d=mm&r=g","caption":"admin"},"sameAs":["https:\/\/panoramaciudadano.com"],"url":"https:\/\/panoramaciudadano.com\/index.php\/author\/admin_3q6hyqq3\/"}]}},"_links":{"self":[{"href":"https:\/\/panoramaciudadano.com\/index.php\/wp-json\/wp\/v2\/posts\/6419","targetHints":{"allow":["GET"]}}],"collection":[{"href":"https:\/\/panoramaciudadano.com\/index.php\/wp-json\/wp\/v2\/posts"}],"about":[{"href":"https:\/\/panoramaciudadano.com\/index.php\/wp-json\/wp\/v2\/types\/post"}],"author":[{"embeddable":true,"href":"https:\/\/panoramaciudadano.com\/index.php\/wp-json\/wp\/v2\/users\/1"}],"replies":[{"embeddable":true,"href":"https:\/\/panoramaciudadano.com\/index.php\/wp-json\/wp\/v2\/comments?post=6419"}],"version-history":[{"count":1,"href":"https:\/\/panoramaciudadano.com\/index.php\/wp-json\/wp\/v2\/posts\/6419\/revisions"}],"predecessor-version":[{"id":6421,"href":"https:\/\/panoramaciudadano.com\/index.php\/wp-json\/wp\/v2\/posts\/6419\/revisions\/6421"}],"wp:featuredmedia":[{"embeddable":true,"href":"https:\/\/panoramaciudadano.com\/index.php\/wp-json\/wp\/v2\/media\/6420"}],"wp:attachment":[{"href":"https:\/\/panoramaciudadano.com\/index.php\/wp-json\/wp\/v2\/media?parent=6419"}],"wp:term":[{"taxonomy":"category","embeddable":true,"href":"https:\/\/panoramaciudadano.com\/index.php\/wp-json\/wp\/v2\/categories?post=6419"},{"taxonomy":"post_tag","embeddable":true,"href":"https:\/\/panoramaciudadano.com\/index.php\/wp-json\/wp\/v2\/tags?post=6419"}],"curies":[{"name":"wp","href":"https:\/\/api.w.org\/{rel}","templated":true}]}}