{"id":6657,"date":"2024-11-12T09:35:56","date_gmt":"2024-11-12T02:35:56","guid":{"rendered":"https:\/\/panoramaciudadano.com\/?p=6657"},"modified":"2024-11-12T09:35:57","modified_gmt":"2024-11-12T02:35:57","slug":"motociclista-lesionado-en-choque-con-camioneta-en-la-avenida-periferica-transito-toma-conocimiento","status":"publish","type":"post","link":"https:\/\/panoramaciudadano.com\/index.php\/2024\/11\/12\/motociclista-lesionado-en-choque-con-camioneta-en-la-avenida-periferica-transito-toma-conocimiento\/","title":{"rendered":"Motociclista Lesionado en Choque con Camioneta en la Avenida Perif\u00e9rica; Tr\u00e1nsito Toma Conocimiento"},"content":{"rendered":"\n<figure class=\"wp-block-gallery has-nested-images columns-default is-cropped wp-block-gallery-1 is-layout-flex wp-block-gallery-is-layout-flex\">\n<figure class=\"wp-block-image size-large\"><img decoding=\"async\" width=\"1024\" height=\"768\" data-id=\"6661\" src=\"https:\/\/panoramaciudadano.com\/wp-content\/uploads\/2024\/11\/2-63-1024x768.jpeg\" alt=\"\" class=\"wp-image-6661\" srcset=\"https:\/\/panoramaciudadano.com\/wp-content\/uploads\/2024\/11\/2-63-1024x768.jpeg 1024w, https:\/\/panoramaciudadano.com\/wp-content\/uploads\/2024\/11\/2-63-300x225.jpeg 300w, https:\/\/panoramaciudadano.com\/wp-content\/uploads\/2024\/11\/2-63-768x576.jpeg 768w, https:\/\/panoramaciudadano.com\/wp-content\/uploads\/2024\/11\/2-63-1536x1152.jpeg 1536w, https:\/\/panoramaciudadano.com\/wp-content\/uploads\/2024\/11\/2-63.jpeg 1600w\" sizes=\"(max-width: 1024px) 100vw, 1024px\" \/><\/figure>\n\n\n\n<figure class=\"wp-block-image size-large\"><img decoding=\"async\" width=\"1024\" height=\"576\" data-id=\"6659\" src=\"https:\/\/panoramaciudadano.com\/wp-content\/uploads\/2024\/11\/3-53-1024x576.jpeg\" alt=\"\" class=\"wp-image-6659\" srcset=\"https:\/\/panoramaciudadano.com\/wp-content\/uploads\/2024\/11\/3-53-1024x576.jpeg 1024w, https:\/\/panoramaciudadano.com\/wp-content\/uploads\/2024\/11\/3-53-300x169.jpeg 300w, https:\/\/panoramaciudadano.com\/wp-content\/uploads\/2024\/11\/3-53-768x432.jpeg 768w, https:\/\/panoramaciudadano.com\/wp-content\/uploads\/2024\/11\/3-53-1536x864.jpeg 1536w, https:\/\/panoramaciudadano.com\/wp-content\/uploads\/2024\/11\/3-53.jpeg 1600w\" sizes=\"(max-width: 1024px) 100vw, 1024px\" \/><\/figure>\n\n\n\n<figure class=\"wp-block-image size-large\"><img decoding=\"async\" width=\"1024\" height=\"768\" data-id=\"6660\" src=\"https:\/\/panoramaciudadano.com\/wp-content\/uploads\/2024\/11\/4-44-1024x768.jpeg\" alt=\"\" class=\"wp-image-6660\" srcset=\"https:\/\/panoramaciudadano.com\/wp-content\/uploads\/2024\/11\/4-44-1024x768.jpeg 1024w, https:\/\/panoramaciudadano.com\/wp-content\/uploads\/2024\/11\/4-44-300x225.jpeg 300w, https:\/\/panoramaciudadano.com\/wp-content\/uploads\/2024\/11\/4-44-768x576.jpeg 768w, https:\/\/panoramaciudadano.com\/wp-content\/uploads\/2024\/11\/4-44-1536x1152.jpeg 1536w, https:\/\/panoramaciudadano.com\/wp-content\/uploads\/2024\/11\/4-44.jpeg 1600w\" sizes=\"(max-width: 1024px) 100vw, 1024px\" \/><\/figure>\n\n\n\n<figure class=\"wp-block-image size-large\"><img decoding=\"async\" width=\"1024\" height=\"768\" data-id=\"6658\" src=\"https:\/\/panoramaciudadano.com\/wp-content\/uploads\/2024\/11\/WhatsApp-Image-2024-11-11-at-19.39.04-1024x768.jpeg\" alt=\"\" class=\"wp-image-6658\" srcset=\"https:\/\/panoramaciudadano.com\/wp-content\/uploads\/2024\/11\/WhatsApp-Image-2024-11-11-at-19.39.04-1024x768.jpeg 1024w, https:\/\/panoramaciudadano.com\/wp-content\/uploads\/2024\/11\/WhatsApp-Image-2024-11-11-at-19.39.04-300x225.jpeg 300w, https:\/\/panoramaciudadano.com\/wp-content\/uploads\/2024\/11\/WhatsApp-Image-2024-11-11-at-19.39.04-768x576.jpeg 768w, https:\/\/panoramaciudadano.com\/wp-content\/uploads\/2024\/11\/WhatsApp-Image-2024-11-11-at-19.39.04-1536x1152.jpeg 1536w, https:\/\/panoramaciudadano.com\/wp-content\/uploads\/2024\/11\/WhatsApp-Image-2024-11-11-at-19.39.04.jpeg 1600w\" sizes=\"(max-width: 1024px) 100vw, 1024px\" \/><\/figure>\n<\/figure>\n\n\n\n<p>Da\u00f1os y lesionado deja accidente de una camioneta y una moto que se registra en la avenida perif\u00e9rica.<\/p>\n\n\n\n<p>Fue a la altura de la regi\u00f3n 243 y 247 donde se activaron las autoridades pues hab\u00eda una moto accidentada cerca de la colonia irregular.&nbsp;<\/p>\n\n\n\n<p>La camioneta tipo journey se impact\u00f3 de frente con una motocicleta que sali\u00f3 de la colonia irregular la roca, con direcci\u00f3n a la kabah.<\/p>\n\n\n\n<p>Param\u00e9dicos de una empresa particular atendieron al joven que result\u00f3 lesionado en una de sus manos por lo que llevado al hospital, pues se presume que tuviera fractura en tanto tr\u00e1nsito se hizo cargo del accidente.<\/p>\n","protected":false},"excerpt":{"rendered":"<p>Da\u00f1os y lesionado deja accidente de una camioneta y una moto que se registra en la avenida perif\u00e9rica.<\/p>\n","protected":false},"author":1,"featured_media":6660,"comment_status":"open","ping_status":"closed","sticky":false,"template":"","format":"standard","meta":{"footnotes":""},"categories":[6],"tags":[785],"class_list":["post-6657","post","type-post","status-publish","format-standard","has-post-thumbnail","hentry","category-cancun","tag-region-243"],"yoast_head":"<!-- This site is optimized with the Yoast SEO plugin v27.1.1 - https:\/\/yoast.com\/product\/yoast-seo-wordpress\/ -->\n<title>Motociclista Lesionado en Choque con Camioneta en la Avenida Perif\u00e9rica; Tr\u00e1nsito Toma Conocimiento - Panorama Ciudadano<\/title>\n<meta name=\"robots\" content=\"index, follow, max-snippet:-1, max-image-preview:large, max-video-preview:-1\" \/>\n<link rel=\"canonical\" href=\"https:\/\/panoramaciudadano.com\/index.php\/2024\/11\/12\/motociclista-lesionado-en-choque-con-camioneta-en-la-avenida-periferica-transito-toma-conocimiento\/\" \/>\n<meta property=\"og:locale\" content=\"es_ES\" \/>\n<meta property=\"og:type\" content=\"article\" \/>\n<meta property=\"og:title\" content=\"Motociclista Lesionado en Choque con Camioneta en la Avenida Perif\u00e9rica; Tr\u00e1nsito Toma Conocimiento - Panorama Ciudadano\" \/>\n<meta property=\"og:description\" content=\"Da\u00f1os y lesionado deja accidente de una camioneta y una moto que se registra en la avenida perif\u00e9rica.\" \/>\n<meta property=\"og:url\" content=\"https:\/\/panoramaciudadano.com\/index.php\/2024\/11\/12\/motociclista-lesionado-en-choque-con-camioneta-en-la-avenida-periferica-transito-toma-conocimiento\/\" \/>\n<meta property=\"og:site_name\" content=\"Panorama Ciudadano\" \/>\n<meta property=\"article:publisher\" content=\"https:\/\/www.facebook.com\/panoramaciudadano\" \/>\n<meta property=\"article:published_time\" content=\"2024-11-12T02:35:56+00:00\" \/>\n<meta property=\"article:modified_time\" content=\"2024-11-12T02:35:57+00:00\" \/>\n<meta property=\"og:image\" content=\"https:\/\/panoramaciudadano.com\/wp-content\/uploads\/2024\/11\/4-44.jpeg\" \/>\n\t<meta property=\"og:image:width\" content=\"1600\" \/>\n\t<meta property=\"og:image:height\" content=\"1200\" \/>\n\t<meta property=\"og:image:type\" content=\"image\/jpeg\" \/>\n<meta name=\"author\" content=\"admin\" \/>\n<meta name=\"twitter:card\" content=\"summary_large_image\" \/>\n<meta name=\"twitter:label1\" content=\"Escrito por\" \/>\n\t<meta name=\"twitter:data1\" content=\"admin\" \/>\n\t<meta name=\"twitter:label2\" content=\"Tiempo de lectura\" \/>\n\t<meta name=\"twitter:data2\" content=\"2 minutos\" \/>\n<script type=\"application\/ld+json\" class=\"yoast-schema-graph\">{\"@context\":\"https:\/\/schema.org\",\"@graph\":[{\"@type\":\"Article\",\"@id\":\"https:\/\/panoramaciudadano.com\/index.php\/2024\/11\/12\/motociclista-lesionado-en-choque-con-camioneta-en-la-avenida-periferica-transito-toma-conocimiento\/#article\",\"isPartOf\":{\"@id\":\"https:\/\/panoramaciudadano.com\/index.php\/2024\/11\/12\/motociclista-lesionado-en-choque-con-camioneta-en-la-avenida-periferica-transito-toma-conocimiento\/\"},\"author\":{\"name\":\"admin\",\"@id\":\"https:\/\/panoramaciudadano.com\/#\/schema\/person\/ffe9fe8ef47d3a93977b5761fd9e0d96\"},\"headline\":\"Motociclista Lesionado en Choque con Camioneta en la Avenida Perif\u00e9rica; Tr\u00e1nsito Toma Conocimiento\",\"datePublished\":\"2024-11-12T02:35:56+00:00\",\"dateModified\":\"2024-11-12T02:35:57+00:00\",\"mainEntityOfPage\":{\"@id\":\"https:\/\/panoramaciudadano.com\/index.php\/2024\/11\/12\/motociclista-lesionado-en-choque-con-camioneta-en-la-avenida-periferica-transito-toma-conocimiento\/\"},\"wordCount\":124,\"commentCount\":0,\"publisher\":{\"@id\":\"https:\/\/panoramaciudadano.com\/#organization\"},\"image\":{\"@id\":\"https:\/\/panoramaciudadano.com\/index.php\/2024\/11\/12\/motociclista-lesionado-en-choque-con-camioneta-en-la-avenida-periferica-transito-toma-conocimiento\/#primaryimage\"},\"thumbnailUrl\":\"https:\/\/panoramaciudadano.com\/wp-content\/uploads\/2024\/11\/4-44.jpeg\",\"keywords\":[\"Regi\u00f3n 243\"],\"articleSection\":[\"Canc\u00fan\"],\"inLanguage\":\"es\",\"potentialAction\":[{\"@type\":\"CommentAction\",\"name\":\"Comment\",\"target\":[\"https:\/\/panoramaciudadano.com\/index.php\/2024\/11\/12\/motociclista-lesionado-en-choque-con-camioneta-en-la-avenida-periferica-transito-toma-conocimiento\/#respond\"]}]},{\"@type\":\"WebPage\",\"@id\":\"https:\/\/panoramaciudadano.com\/index.php\/2024\/11\/12\/motociclista-lesionado-en-choque-con-camioneta-en-la-avenida-periferica-transito-toma-conocimiento\/\",\"url\":\"https:\/\/panoramaciudadano.com\/index.php\/2024\/11\/12\/motociclista-lesionado-en-choque-con-camioneta-en-la-avenida-periferica-transito-toma-conocimiento\/\",\"name\":\"Motociclista Lesionado en Choque con Camioneta en la Avenida Perif\u00e9rica; Tr\u00e1nsito Toma Conocimiento - Panorama Ciudadano\",\"isPartOf\":{\"@id\":\"https:\/\/panoramaciudadano.com\/#website\"},\"primaryImageOfPage\":{\"@id\":\"https:\/\/panoramaciudadano.com\/index.php\/2024\/11\/12\/motociclista-lesionado-en-choque-con-camioneta-en-la-avenida-periferica-transito-toma-conocimiento\/#primaryimage\"},\"image\":{\"@id\":\"https:\/\/panoramaciudadano.com\/index.php\/2024\/11\/12\/motociclista-lesionado-en-choque-con-camioneta-en-la-avenida-periferica-transito-toma-conocimiento\/#primaryimage\"},\"thumbnailUrl\":\"https:\/\/panoramaciudadano.com\/wp-content\/uploads\/2024\/11\/4-44.jpeg\",\"datePublished\":\"2024-11-12T02:35:56+00:00\",\"dateModified\":\"2024-11-12T02:35:57+00:00\",\"breadcrumb\":{\"@id\":\"https:\/\/panoramaciudadano.com\/index.php\/2024\/11\/12\/motociclista-lesionado-en-choque-con-camioneta-en-la-avenida-periferica-transito-toma-conocimiento\/#breadcrumb\"},\"inLanguage\":\"es\",\"potentialAction\":[{\"@type\":\"ReadAction\",\"target\":[\"https:\/\/panoramaciudadano.com\/index.php\/2024\/11\/12\/motociclista-lesionado-en-choque-con-camioneta-en-la-avenida-periferica-transito-toma-conocimiento\/\"]}]},{\"@type\":\"ImageObject\",\"inLanguage\":\"es\",\"@id\":\"https:\/\/panoramaciudadano.com\/index.php\/2024\/11\/12\/motociclista-lesionado-en-choque-con-camioneta-en-la-avenida-periferica-transito-toma-conocimiento\/#primaryimage\",\"url\":\"https:\/\/panoramaciudadano.com\/wp-content\/uploads\/2024\/11\/4-44.jpeg\",\"contentUrl\":\"https:\/\/panoramaciudadano.com\/wp-content\/uploads\/2024\/11\/4-44.jpeg\",\"width\":1600,\"height\":1200},{\"@type\":\"BreadcrumbList\",\"@id\":\"https:\/\/panoramaciudadano.com\/index.php\/2024\/11\/12\/motociclista-lesionado-en-choque-con-camioneta-en-la-avenida-periferica-transito-toma-conocimiento\/#breadcrumb\",\"itemListElement\":[{\"@type\":\"ListItem\",\"position\":1,\"name\":\"Portada\",\"item\":\"https:\/\/panoramaciudadano.com\/\"},{\"@type\":\"ListItem\",\"position\":2,\"name\":\"Motociclista Lesionado en Choque con Camioneta en la Avenida Perif\u00e9rica; Tr\u00e1nsito Toma Conocimiento\"}]},{\"@type\":\"WebSite\",\"@id\":\"https:\/\/panoramaciudadano.com\/#website\",\"url\":\"https:\/\/panoramaciudadano.com\/\",\"name\":\"Panorama Ciudadano\",\"description\":\"\",\"publisher\":{\"@id\":\"https:\/\/panoramaciudadano.com\/#organization\"},\"potentialAction\":[{\"@type\":\"SearchAction\",\"target\":{\"@type\":\"EntryPoint\",\"urlTemplate\":\"https:\/\/panoramaciudadano.com\/?s={search_term_string}\"},\"query-input\":{\"@type\":\"PropertyValueSpecification\",\"valueRequired\":true,\"valueName\":\"search_term_string\"}}],\"inLanguage\":\"es\"},{\"@type\":\"Organization\",\"@id\":\"https:\/\/panoramaciudadano.com\/#organization\",\"name\":\"Panorama Ciudadano\",\"url\":\"https:\/\/panoramaciudadano.com\/\",\"logo\":{\"@type\":\"ImageObject\",\"inLanguage\":\"es\",\"@id\":\"https:\/\/panoramaciudadano.com\/#\/schema\/logo\/image\/\",\"url\":\"https:\/\/panoramaciudadano.com\/wp-content\/uploads\/2024\/05\/401498640_919267042938564_6290593609399108733_n.jpg\",\"contentUrl\":\"https:\/\/panoramaciudadano.com\/wp-content\/uploads\/2024\/05\/401498640_919267042938564_6290593609399108733_n.jpg\",\"width\":960,\"height\":957,\"caption\":\"Panorama Ciudadano\"},\"image\":{\"@id\":\"https:\/\/panoramaciudadano.com\/#\/schema\/logo\/image\/\"},\"sameAs\":[\"https:\/\/www.facebook.com\/panoramaciudadano\"]},{\"@type\":\"Person\",\"@id\":\"https:\/\/panoramaciudadano.com\/#\/schema\/person\/ffe9fe8ef47d3a93977b5761fd9e0d96\",\"name\":\"admin\",\"image\":{\"@type\":\"ImageObject\",\"inLanguage\":\"es\",\"@id\":\"https:\/\/panoramaciudadano.com\/#\/schema\/person\/image\/\",\"url\":\"https:\/\/secure.gravatar.com\/avatar\/2d5a12cacce3f18096f25fadea8abb7202fef18ed669595589853e84260ff451?s=96&d=mm&r=g\",\"contentUrl\":\"https:\/\/secure.gravatar.com\/avatar\/2d5a12cacce3f18096f25fadea8abb7202fef18ed669595589853e84260ff451?s=96&d=mm&r=g\",\"caption\":\"admin\"},\"sameAs\":[\"https:\/\/panoramaciudadano.com\"],\"url\":\"https:\/\/panoramaciudadano.com\/index.php\/author\/admin_3q6hyqq3\/\"}]}<\/script>\n<!-- \/ Yoast SEO plugin. -->","yoast_head_json":{"title":"Motociclista Lesionado en Choque con Camioneta en la Avenida Perif\u00e9rica; Tr\u00e1nsito Toma Conocimiento - Panorama Ciudadano","robots":{"index":"index","follow":"follow","max-snippet":"max-snippet:-1","max-image-preview":"max-image-preview:large","max-video-preview":"max-video-preview:-1"},"canonical":"https:\/\/panoramaciudadano.com\/index.php\/2024\/11\/12\/motociclista-lesionado-en-choque-con-camioneta-en-la-avenida-periferica-transito-toma-conocimiento\/","og_locale":"es_ES","og_type":"article","og_title":"Motociclista Lesionado en Choque con Camioneta en la Avenida Perif\u00e9rica; Tr\u00e1nsito Toma Conocimiento - Panorama Ciudadano","og_description":"Da\u00f1os y lesionado deja accidente de una camioneta y una moto que se registra en la avenida perif\u00e9rica.","og_url":"https:\/\/panoramaciudadano.com\/index.php\/2024\/11\/12\/motociclista-lesionado-en-choque-con-camioneta-en-la-avenida-periferica-transito-toma-conocimiento\/","og_site_name":"Panorama Ciudadano","article_publisher":"https:\/\/www.facebook.com\/panoramaciudadano","article_published_time":"2024-11-12T02:35:56+00:00","article_modified_time":"2024-11-12T02:35:57+00:00","og_image":[{"width":1600,"height":1200,"url":"https:\/\/panoramaciudadano.com\/wp-content\/uploads\/2024\/11\/4-44.jpeg","type":"image\/jpeg"}],"author":"admin","twitter_card":"summary_large_image","twitter_misc":{"Escrito por":"admin","Tiempo de lectura":"2 minutos"},"schema":{"@context":"https:\/\/schema.org","@graph":[{"@type":"Article","@id":"https:\/\/panoramaciudadano.com\/index.php\/2024\/11\/12\/motociclista-lesionado-en-choque-con-camioneta-en-la-avenida-periferica-transito-toma-conocimiento\/#article","isPartOf":{"@id":"https:\/\/panoramaciudadano.com\/index.php\/2024\/11\/12\/motociclista-lesionado-en-choque-con-camioneta-en-la-avenida-periferica-transito-toma-conocimiento\/"},"author":{"name":"admin","@id":"https:\/\/panoramaciudadano.com\/#\/schema\/person\/ffe9fe8ef47d3a93977b5761fd9e0d96"},"headline":"Motociclista Lesionado en Choque con Camioneta en la Avenida Perif\u00e9rica; Tr\u00e1nsito Toma Conocimiento","datePublished":"2024-11-12T02:35:56+00:00","dateModified":"2024-11-12T02:35:57+00:00","mainEntityOfPage":{"@id":"https:\/\/panoramaciudadano.com\/index.php\/2024\/11\/12\/motociclista-lesionado-en-choque-con-camioneta-en-la-avenida-periferica-transito-toma-conocimiento\/"},"wordCount":124,"commentCount":0,"publisher":{"@id":"https:\/\/panoramaciudadano.com\/#organization"},"image":{"@id":"https:\/\/panoramaciudadano.com\/index.php\/2024\/11\/12\/motociclista-lesionado-en-choque-con-camioneta-en-la-avenida-periferica-transito-toma-conocimiento\/#primaryimage"},"thumbnailUrl":"https:\/\/panoramaciudadano.com\/wp-content\/uploads\/2024\/11\/4-44.jpeg","keywords":["Regi\u00f3n 243"],"articleSection":["Canc\u00fan"],"inLanguage":"es","potentialAction":[{"@type":"CommentAction","name":"Comment","target":["https:\/\/panoramaciudadano.com\/index.php\/2024\/11\/12\/motociclista-lesionado-en-choque-con-camioneta-en-la-avenida-periferica-transito-toma-conocimiento\/#respond"]}]},{"@type":"WebPage","@id":"https:\/\/panoramaciudadano.com\/index.php\/2024\/11\/12\/motociclista-lesionado-en-choque-con-camioneta-en-la-avenida-periferica-transito-toma-conocimiento\/","url":"https:\/\/panoramaciudadano.com\/index.php\/2024\/11\/12\/motociclista-lesionado-en-choque-con-camioneta-en-la-avenida-periferica-transito-toma-conocimiento\/","name":"Motociclista Lesionado en Choque con Camioneta en la Avenida Perif\u00e9rica; Tr\u00e1nsito Toma Conocimiento - Panorama Ciudadano","isPartOf":{"@id":"https:\/\/panoramaciudadano.com\/#website"},"primaryImageOfPage":{"@id":"https:\/\/panoramaciudadano.com\/index.php\/2024\/11\/12\/motociclista-lesionado-en-choque-con-camioneta-en-la-avenida-periferica-transito-toma-conocimiento\/#primaryimage"},"image":{"@id":"https:\/\/panoramaciudadano.com\/index.php\/2024\/11\/12\/motociclista-lesionado-en-choque-con-camioneta-en-la-avenida-periferica-transito-toma-conocimiento\/#primaryimage"},"thumbnailUrl":"https:\/\/panoramaciudadano.com\/wp-content\/uploads\/2024\/11\/4-44.jpeg","datePublished":"2024-11-12T02:35:56+00:00","dateModified":"2024-11-12T02:35:57+00:00","breadcrumb":{"@id":"https:\/\/panoramaciudadano.com\/index.php\/2024\/11\/12\/motociclista-lesionado-en-choque-con-camioneta-en-la-avenida-periferica-transito-toma-conocimiento\/#breadcrumb"},"inLanguage":"es","potentialAction":[{"@type":"ReadAction","target":["https:\/\/panoramaciudadano.com\/index.php\/2024\/11\/12\/motociclista-lesionado-en-choque-con-camioneta-en-la-avenida-periferica-transito-toma-conocimiento\/"]}]},{"@type":"ImageObject","inLanguage":"es","@id":"https:\/\/panoramaciudadano.com\/index.php\/2024\/11\/12\/motociclista-lesionado-en-choque-con-camioneta-en-la-avenida-periferica-transito-toma-conocimiento\/#primaryimage","url":"https:\/\/panoramaciudadano.com\/wp-content\/uploads\/2024\/11\/4-44.jpeg","contentUrl":"https:\/\/panoramaciudadano.com\/wp-content\/uploads\/2024\/11\/4-44.jpeg","width":1600,"height":1200},{"@type":"BreadcrumbList","@id":"https:\/\/panoramaciudadano.com\/index.php\/2024\/11\/12\/motociclista-lesionado-en-choque-con-camioneta-en-la-avenida-periferica-transito-toma-conocimiento\/#breadcrumb","itemListElement":[{"@type":"ListItem","position":1,"name":"Portada","item":"https:\/\/panoramaciudadano.com\/"},{"@type":"ListItem","position":2,"name":"Motociclista Lesionado en Choque con Camioneta en la Avenida Perif\u00e9rica; Tr\u00e1nsito Toma Conocimiento"}]},{"@type":"WebSite","@id":"https:\/\/panoramaciudadano.com\/#website","url":"https:\/\/panoramaciudadano.com\/","name":"Panorama Ciudadano","description":"","publisher":{"@id":"https:\/\/panoramaciudadano.com\/#organization"},"potentialAction":[{"@type":"SearchAction","target":{"@type":"EntryPoint","urlTemplate":"https:\/\/panoramaciudadano.com\/?s={search_term_string}"},"query-input":{"@type":"PropertyValueSpecification","valueRequired":true,"valueName":"search_term_string"}}],"inLanguage":"es"},{"@type":"Organization","@id":"https:\/\/panoramaciudadano.com\/#organization","name":"Panorama Ciudadano","url":"https:\/\/panoramaciudadano.com\/","logo":{"@type":"ImageObject","inLanguage":"es","@id":"https:\/\/panoramaciudadano.com\/#\/schema\/logo\/image\/","url":"https:\/\/panoramaciudadano.com\/wp-content\/uploads\/2024\/05\/401498640_919267042938564_6290593609399108733_n.jpg","contentUrl":"https:\/\/panoramaciudadano.com\/wp-content\/uploads\/2024\/05\/401498640_919267042938564_6290593609399108733_n.jpg","width":960,"height":957,"caption":"Panorama Ciudadano"},"image":{"@id":"https:\/\/panoramaciudadano.com\/#\/schema\/logo\/image\/"},"sameAs":["https:\/\/www.facebook.com\/panoramaciudadano"]},{"@type":"Person","@id":"https:\/\/panoramaciudadano.com\/#\/schema\/person\/ffe9fe8ef47d3a93977b5761fd9e0d96","name":"admin","image":{"@type":"ImageObject","inLanguage":"es","@id":"https:\/\/panoramaciudadano.com\/#\/schema\/person\/image\/","url":"https:\/\/secure.gravatar.com\/avatar\/2d5a12cacce3f18096f25fadea8abb7202fef18ed669595589853e84260ff451?s=96&d=mm&r=g","contentUrl":"https:\/\/secure.gravatar.com\/avatar\/2d5a12cacce3f18096f25fadea8abb7202fef18ed669595589853e84260ff451?s=96&d=mm&r=g","caption":"admin"},"sameAs":["https:\/\/panoramaciudadano.com"],"url":"https:\/\/panoramaciudadano.com\/index.php\/author\/admin_3q6hyqq3\/"}]}},"_links":{"self":[{"href":"https:\/\/panoramaciudadano.com\/index.php\/wp-json\/wp\/v2\/posts\/6657","targetHints":{"allow":["GET"]}}],"collection":[{"href":"https:\/\/panoramaciudadano.com\/index.php\/wp-json\/wp\/v2\/posts"}],"about":[{"href":"https:\/\/panoramaciudadano.com\/index.php\/wp-json\/wp\/v2\/types\/post"}],"author":[{"embeddable":true,"href":"https:\/\/panoramaciudadano.com\/index.php\/wp-json\/wp\/v2\/users\/1"}],"replies":[{"embeddable":true,"href":"https:\/\/panoramaciudadano.com\/index.php\/wp-json\/wp\/v2\/comments?post=6657"}],"version-history":[{"count":1,"href":"https:\/\/panoramaciudadano.com\/index.php\/wp-json\/wp\/v2\/posts\/6657\/revisions"}],"predecessor-version":[{"id":6662,"href":"https:\/\/panoramaciudadano.com\/index.php\/wp-json\/wp\/v2\/posts\/6657\/revisions\/6662"}],"wp:featuredmedia":[{"embeddable":true,"href":"https:\/\/panoramaciudadano.com\/index.php\/wp-json\/wp\/v2\/media\/6660"}],"wp:attachment":[{"href":"https:\/\/panoramaciudadano.com\/index.php\/wp-json\/wp\/v2\/media?parent=6657"}],"wp:term":[{"taxonomy":"category","embeddable":true,"href":"https:\/\/panoramaciudadano.com\/index.php\/wp-json\/wp\/v2\/categories?post=6657"},{"taxonomy":"post_tag","embeddable":true,"href":"https:\/\/panoramaciudadano.com\/index.php\/wp-json\/wp\/v2\/tags?post=6657"}],"curies":[{"name":"wp","href":"https:\/\/api.w.org\/{rel}","templated":true}]}}