{"id":6765,"date":"2024-11-13T22:55:11","date_gmt":"2024-11-13T15:55:11","guid":{"rendered":"https:\/\/panoramaciudadano.com\/?p=6765"},"modified":"2024-11-13T22:55:13","modified_gmt":"2024-11-13T15:55:13","slug":"padres-exigen-destitucion-de-directora-tras-casos-de-intoxicacion-en-secundaria-de-cancun","status":"publish","type":"post","link":"https:\/\/panoramaciudadano.com\/index.php\/2024\/11\/13\/padres-exigen-destitucion-de-directora-tras-casos-de-intoxicacion-en-secundaria-de-cancun\/","title":{"rendered":"Padres exigen destituci\u00f3n de directora tras casos de intoxicaci\u00f3n en secundaria de Canc\u00fan"},"content":{"rendered":"\n<figure class=\"wp-block-gallery has-nested-images columns-default is-cropped wp-block-gallery-1 is-layout-flex wp-block-gallery-is-layout-flex\">\n<figure class=\"wp-block-image size-large\"><img decoding=\"async\" width=\"1024\" height=\"768\" data-id=\"6767\" src=\"https:\/\/panoramaciudadano.com\/wp-content\/uploads\/2024\/11\/2-77-1024x768.jpeg\" alt=\"\" class=\"wp-image-6767\" srcset=\"https:\/\/panoramaciudadano.com\/wp-content\/uploads\/2024\/11\/2-77-1024x768.jpeg 1024w, https:\/\/panoramaciudadano.com\/wp-content\/uploads\/2024\/11\/2-77-300x225.jpeg 300w, https:\/\/panoramaciudadano.com\/wp-content\/uploads\/2024\/11\/2-77-768x576.jpeg 768w, https:\/\/panoramaciudadano.com\/wp-content\/uploads\/2024\/11\/2-77-1536x1152.jpeg 1536w, https:\/\/panoramaciudadano.com\/wp-content\/uploads\/2024\/11\/2-77.jpeg 1600w\" sizes=\"(max-width: 1024px) 100vw, 1024px\" \/><\/figure>\n\n\n\n<figure class=\"wp-block-image size-large\"><img decoding=\"async\" width=\"1024\" height=\"768\" data-id=\"6769\" src=\"https:\/\/panoramaciudadano.com\/wp-content\/uploads\/2024\/11\/3-64-1024x768.jpeg\" alt=\"\" class=\"wp-image-6769\" srcset=\"https:\/\/panoramaciudadano.com\/wp-content\/uploads\/2024\/11\/3-64-1024x768.jpeg 1024w, https:\/\/panoramaciudadano.com\/wp-content\/uploads\/2024\/11\/3-64-300x225.jpeg 300w, https:\/\/panoramaciudadano.com\/wp-content\/uploads\/2024\/11\/3-64-768x576.jpeg 768w, https:\/\/panoramaciudadano.com\/wp-content\/uploads\/2024\/11\/3-64-1536x1152.jpeg 1536w, https:\/\/panoramaciudadano.com\/wp-content\/uploads\/2024\/11\/3-64.jpeg 1600w\" sizes=\"(max-width: 1024px) 100vw, 1024px\" \/><\/figure>\n\n\n\n<figure class=\"wp-block-image size-large\"><img decoding=\"async\" width=\"1024\" height=\"768\" data-id=\"6768\" src=\"https:\/\/panoramaciudadano.com\/wp-content\/uploads\/2024\/11\/4-53-1024x768.jpeg\" alt=\"\" class=\"wp-image-6768\" srcset=\"https:\/\/panoramaciudadano.com\/wp-content\/uploads\/2024\/11\/4-53-1024x768.jpeg 1024w, https:\/\/panoramaciudadano.com\/wp-content\/uploads\/2024\/11\/4-53-300x225.jpeg 300w, https:\/\/panoramaciudadano.com\/wp-content\/uploads\/2024\/11\/4-53-768x576.jpeg 768w, https:\/\/panoramaciudadano.com\/wp-content\/uploads\/2024\/11\/4-53-1536x1152.jpeg 1536w, https:\/\/panoramaciudadano.com\/wp-content\/uploads\/2024\/11\/4-53.jpeg 1600w\" sizes=\"(max-width: 1024px) 100vw, 1024px\" \/><\/figure>\n\n\n\n<figure class=\"wp-block-image size-large\"><img decoding=\"async\" width=\"1024\" height=\"768\" data-id=\"6766\" src=\"https:\/\/panoramaciudadano.com\/wp-content\/uploads\/2024\/11\/WhatsApp-Image-2024-11-12-at-17.09.21-1024x768.jpeg\" alt=\"\" class=\"wp-image-6766\" srcset=\"https:\/\/panoramaciudadano.com\/wp-content\/uploads\/2024\/11\/WhatsApp-Image-2024-11-12-at-17.09.21-1024x768.jpeg 1024w, https:\/\/panoramaciudadano.com\/wp-content\/uploads\/2024\/11\/WhatsApp-Image-2024-11-12-at-17.09.21-300x225.jpeg 300w, https:\/\/panoramaciudadano.com\/wp-content\/uploads\/2024\/11\/WhatsApp-Image-2024-11-12-at-17.09.21-768x576.jpeg 768w, https:\/\/panoramaciudadano.com\/wp-content\/uploads\/2024\/11\/WhatsApp-Image-2024-11-12-at-17.09.21-1536x1152.jpeg 1536w, https:\/\/panoramaciudadano.com\/wp-content\/uploads\/2024\/11\/WhatsApp-Image-2024-11-12-at-17.09.21.jpeg 1600w\" sizes=\"(max-width: 1024px) 100vw, 1024px\" \/><\/figure>\n<\/figure>\n\n\n\n<p>Padres de los estudiantes llegaron a la escuela secundaria General N\u00famero 20, Jos\u00e9 Mart\u00ed, ubicada en la regi\u00f3n 236 para manifestarse y pedir la destituci\u00f3n de la directora, pero los coordinadores de la zona dijeron que se respetaran las investigaciones<\/p>\n\n\n\n<p>Los padres llevaron cartulinas donde est\u00e1n pidiendo la destituci\u00f3n de la directora de la escuela, por no hacer nada y permitir que se siguen registrando este tipo de casos entre los alumnos pues tan solo en lo que va el a\u00f1o son 5 hechos diferentes.<\/p>\n\n\n\n<p>Se\u00f1alaron que no es la primera vez que son drogados estudiantes en el interior de la escuela, y a pesar de que se sabe que es lo que pasa dentro de la secundaria, no se ha hecho nada por parte de las autoridades educativas para frenar esta situaci\u00f3n.<\/p>\n\n\n\n<p>La t\u00eda de la menor que fue ingresada inconsciente al Hospital dijo que su sobrina sigue hospitalizada y que su estado de salud es delicado, adem\u00e1s de que no saben hasta el momento que sustancia consumieron en horario de clase y sin supervisi\u00f3n.<\/p>\n\n\n\n<p>La directora dijo que todo sucedi\u00f3 en horario de comida, a\u00fan as\u00ed dio aviso a las autoridades pero que la ambulancia nunca lleg\u00f3 por lo que las afectadas fueron llevadas por sus. Familiares y que no se niega a responder, pero todo est\u00e1 bajo investigaci\u00f3n.<\/p>\n","protected":false},"excerpt":{"rendered":"<p>Padres de los estudiantes llegaron a la escuela secundaria General N\u00famero 20, Jos\u00e9 Mart\u00ed, ubicada en la regi\u00f3n 236 para manifestarse y pedir la destituci\u00f3n de la directora, pero los coordinadores de la zona dijeron que se respetaran las investigaciones.<\/p>\n<p>Los padres llevaron cartulinas donde est\u00e1n pidiendo la destituci\u00f3n de la directora de la escuela, por no hacer nada y permitir que se siguen registrando este tipo de casos entre los alumnos pues tan solo en lo que va el a\u00f1o son 5 hechos diferentes\u00a0<\/p>\n<p>Se\u00f1alaron que no es la primera vez que son drogados estudiantes en el interior de la escuela, y a pesar de que se sabe que es lo que pasa dentro de la secundaria, no se ha hecho nada por parte de las autoridades educativas para frenar esta situaci\u00f3n.\u00a0<\/p>\n<p>La t\u00eda de la menor que fue ingresada inconsciente al Hospital dijo que su sobrina sigue hospitalizada y que su estado de salud es delicado, adem\u00e1s de que no saben hasta el momento que sustancia consumieron en horario de clase y sin supervisi\u00f3n\u00a0<\/p>\n<p>La directora dijo que todo sucedi\u00f3 en horario de comida, pero aun as\u00ed dio aviso a las autoridades pero que la ambulancia nunca llego por lo que las afectadas fueron llevadas por sus. Familiares y que no se niega a responder, pero todo est\u00e1 bajo investigaci\u00f3n.<\/p>\n","protected":false},"author":1,"featured_media":6769,"comment_status":"open","ping_status":"closed","sticky":false,"template":"","format":"standard","meta":{"footnotes":""},"categories":[6],"tags":[1895],"class_list":["post-6765","post","type-post","status-publish","format-standard","has-post-thumbnail","hentry","category-cancun","tag-escuela-secundaria-general-numero-20"],"yoast_head":"<!-- This site is optimized with the Yoast SEO plugin v27.1.1 - https:\/\/yoast.com\/product\/yoast-seo-wordpress\/ -->\n<title>Padres exigen destituci\u00f3n de directora tras casos de intoxicaci\u00f3n en secundaria de Canc\u00fan - Panorama Ciudadano<\/title>\n<meta name=\"robots\" content=\"index, follow, max-snippet:-1, max-image-preview:large, max-video-preview:-1\" \/>\n<link rel=\"canonical\" href=\"https:\/\/panoramaciudadano.com\/index.php\/2024\/11\/13\/padres-exigen-destitucion-de-directora-tras-casos-de-intoxicacion-en-secundaria-de-cancun\/\" \/>\n<meta property=\"og:locale\" content=\"es_ES\" \/>\n<meta property=\"og:type\" content=\"article\" \/>\n<meta property=\"og:title\" content=\"Padres exigen destituci\u00f3n de directora tras casos de intoxicaci\u00f3n en secundaria de Canc\u00fan - Panorama Ciudadano\" \/>\n<meta property=\"og:description\" content=\"Padres de los estudiantes llegaron a la escuela secundaria General N\u00famero 20, Jos\u00e9 Mart\u00ed, ubicada en la regi\u00f3n 236 para manifestarse y pedir la destituci\u00f3n de la directora, pero los coordinadores de la zona dijeron que se respetaran las investigaciones. Los padres llevaron cartulinas donde est\u00e1n pidiendo la destituci\u00f3n de la directora de la escuela, por no hacer nada y permitir que se siguen registrando este tipo de casos entre los alumnos pues tan solo en lo que va el a\u00f1o son 5 hechos diferentes\u00a0 Se\u00f1alaron que no es la primera vez que son drogados estudiantes en el interior de la escuela, y a pesar de que se sabe que es lo que pasa dentro de la secundaria, no se ha hecho nada por parte de las autoridades educativas para frenar esta situaci\u00f3n.\u00a0 La t\u00eda de la menor que fue ingresada inconsciente al Hospital dijo que su sobrina sigue hospitalizada y que su estado de salud es delicado, adem\u00e1s de que no saben hasta el momento que sustancia consumieron en horario de clase y sin supervisi\u00f3n\u00a0 La directora dijo que todo sucedi\u00f3 en horario de comida, pero aun as\u00ed dio aviso a las autoridades pero que la ambulancia nunca llego por lo que las afectadas fueron llevadas por sus. Familiares y que no se niega a responder, pero todo est\u00e1 bajo investigaci\u00f3n.\" \/>\n<meta property=\"og:url\" content=\"https:\/\/panoramaciudadano.com\/index.php\/2024\/11\/13\/padres-exigen-destitucion-de-directora-tras-casos-de-intoxicacion-en-secundaria-de-cancun\/\" \/>\n<meta property=\"og:site_name\" content=\"Panorama Ciudadano\" \/>\n<meta property=\"article:publisher\" content=\"https:\/\/www.facebook.com\/panoramaciudadano\" \/>\n<meta property=\"article:published_time\" content=\"2024-11-13T15:55:11+00:00\" \/>\n<meta property=\"article:modified_time\" content=\"2024-11-13T15:55:13+00:00\" \/>\n<meta property=\"og:image\" content=\"https:\/\/panoramaciudadano.com\/wp-content\/uploads\/2024\/11\/3-64.jpeg\" \/>\n\t<meta property=\"og:image:width\" content=\"1600\" \/>\n\t<meta property=\"og:image:height\" content=\"1200\" \/>\n\t<meta property=\"og:image:type\" content=\"image\/jpeg\" \/>\n<meta name=\"author\" content=\"admin\" \/>\n<meta name=\"twitter:card\" content=\"summary_large_image\" \/>\n<meta name=\"twitter:label1\" content=\"Escrito por\" \/>\n\t<meta name=\"twitter:data1\" content=\"admin\" \/>\n\t<meta name=\"twitter:label2\" content=\"Tiempo de lectura\" \/>\n\t<meta name=\"twitter:data2\" content=\"3 minutos\" \/>\n<script type=\"application\/ld+json\" class=\"yoast-schema-graph\">{\"@context\":\"https:\/\/schema.org\",\"@graph\":[{\"@type\":\"Article\",\"@id\":\"https:\/\/panoramaciudadano.com\/index.php\/2024\/11\/13\/padres-exigen-destitucion-de-directora-tras-casos-de-intoxicacion-en-secundaria-de-cancun\/#article\",\"isPartOf\":{\"@id\":\"https:\/\/panoramaciudadano.com\/index.php\/2024\/11\/13\/padres-exigen-destitucion-de-directora-tras-casos-de-intoxicacion-en-secundaria-de-cancun\/\"},\"author\":{\"name\":\"admin\",\"@id\":\"https:\/\/panoramaciudadano.com\/#\/schema\/person\/ffe9fe8ef47d3a93977b5761fd9e0d96\"},\"headline\":\"Padres exigen destituci\u00f3n de directora tras casos de intoxicaci\u00f3n en secundaria de Canc\u00fan\",\"datePublished\":\"2024-11-13T15:55:11+00:00\",\"dateModified\":\"2024-11-13T15:55:13+00:00\",\"mainEntityOfPage\":{\"@id\":\"https:\/\/panoramaciudadano.com\/index.php\/2024\/11\/13\/padres-exigen-destitucion-de-directora-tras-casos-de-intoxicacion-en-secundaria-de-cancun\/\"},\"wordCount\":247,\"commentCount\":0,\"publisher\":{\"@id\":\"https:\/\/panoramaciudadano.com\/#organization\"},\"image\":{\"@id\":\"https:\/\/panoramaciudadano.com\/index.php\/2024\/11\/13\/padres-exigen-destitucion-de-directora-tras-casos-de-intoxicacion-en-secundaria-de-cancun\/#primaryimage\"},\"thumbnailUrl\":\"https:\/\/panoramaciudadano.com\/wp-content\/uploads\/2024\/11\/3-64.jpeg\",\"keywords\":[\"escuela secundaria general n\u00famero 20\"],\"articleSection\":[\"Canc\u00fan\"],\"inLanguage\":\"es\",\"potentialAction\":[{\"@type\":\"CommentAction\",\"name\":\"Comment\",\"target\":[\"https:\/\/panoramaciudadano.com\/index.php\/2024\/11\/13\/padres-exigen-destitucion-de-directora-tras-casos-de-intoxicacion-en-secundaria-de-cancun\/#respond\"]}]},{\"@type\":\"WebPage\",\"@id\":\"https:\/\/panoramaciudadano.com\/index.php\/2024\/11\/13\/padres-exigen-destitucion-de-directora-tras-casos-de-intoxicacion-en-secundaria-de-cancun\/\",\"url\":\"https:\/\/panoramaciudadano.com\/index.php\/2024\/11\/13\/padres-exigen-destitucion-de-directora-tras-casos-de-intoxicacion-en-secundaria-de-cancun\/\",\"name\":\"Padres exigen destituci\u00f3n de directora tras casos de intoxicaci\u00f3n en secundaria de Canc\u00fan - Panorama Ciudadano\",\"isPartOf\":{\"@id\":\"https:\/\/panoramaciudadano.com\/#website\"},\"primaryImageOfPage\":{\"@id\":\"https:\/\/panoramaciudadano.com\/index.php\/2024\/11\/13\/padres-exigen-destitucion-de-directora-tras-casos-de-intoxicacion-en-secundaria-de-cancun\/#primaryimage\"},\"image\":{\"@id\":\"https:\/\/panoramaciudadano.com\/index.php\/2024\/11\/13\/padres-exigen-destitucion-de-directora-tras-casos-de-intoxicacion-en-secundaria-de-cancun\/#primaryimage\"},\"thumbnailUrl\":\"https:\/\/panoramaciudadano.com\/wp-content\/uploads\/2024\/11\/3-64.jpeg\",\"datePublished\":\"2024-11-13T15:55:11+00:00\",\"dateModified\":\"2024-11-13T15:55:13+00:00\",\"breadcrumb\":{\"@id\":\"https:\/\/panoramaciudadano.com\/index.php\/2024\/11\/13\/padres-exigen-destitucion-de-directora-tras-casos-de-intoxicacion-en-secundaria-de-cancun\/#breadcrumb\"},\"inLanguage\":\"es\",\"potentialAction\":[{\"@type\":\"ReadAction\",\"target\":[\"https:\/\/panoramaciudadano.com\/index.php\/2024\/11\/13\/padres-exigen-destitucion-de-directora-tras-casos-de-intoxicacion-en-secundaria-de-cancun\/\"]}]},{\"@type\":\"ImageObject\",\"inLanguage\":\"es\",\"@id\":\"https:\/\/panoramaciudadano.com\/index.php\/2024\/11\/13\/padres-exigen-destitucion-de-directora-tras-casos-de-intoxicacion-en-secundaria-de-cancun\/#primaryimage\",\"url\":\"https:\/\/panoramaciudadano.com\/wp-content\/uploads\/2024\/11\/3-64.jpeg\",\"contentUrl\":\"https:\/\/panoramaciudadano.com\/wp-content\/uploads\/2024\/11\/3-64.jpeg\",\"width\":1600,\"height\":1200},{\"@type\":\"BreadcrumbList\",\"@id\":\"https:\/\/panoramaciudadano.com\/index.php\/2024\/11\/13\/padres-exigen-destitucion-de-directora-tras-casos-de-intoxicacion-en-secundaria-de-cancun\/#breadcrumb\",\"itemListElement\":[{\"@type\":\"ListItem\",\"position\":1,\"name\":\"Portada\",\"item\":\"https:\/\/panoramaciudadano.com\/\"},{\"@type\":\"ListItem\",\"position\":2,\"name\":\"Padres exigen destituci\u00f3n de directora tras casos de intoxicaci\u00f3n en secundaria de Canc\u00fan\"}]},{\"@type\":\"WebSite\",\"@id\":\"https:\/\/panoramaciudadano.com\/#website\",\"url\":\"https:\/\/panoramaciudadano.com\/\",\"name\":\"Panorama Ciudadano\",\"description\":\"\",\"publisher\":{\"@id\":\"https:\/\/panoramaciudadano.com\/#organization\"},\"potentialAction\":[{\"@type\":\"SearchAction\",\"target\":{\"@type\":\"EntryPoint\",\"urlTemplate\":\"https:\/\/panoramaciudadano.com\/?s={search_term_string}\"},\"query-input\":{\"@type\":\"PropertyValueSpecification\",\"valueRequired\":true,\"valueName\":\"search_term_string\"}}],\"inLanguage\":\"es\"},{\"@type\":\"Organization\",\"@id\":\"https:\/\/panoramaciudadano.com\/#organization\",\"name\":\"Panorama Ciudadano\",\"url\":\"https:\/\/panoramaciudadano.com\/\",\"logo\":{\"@type\":\"ImageObject\",\"inLanguage\":\"es\",\"@id\":\"https:\/\/panoramaciudadano.com\/#\/schema\/logo\/image\/\",\"url\":\"https:\/\/panoramaciudadano.com\/wp-content\/uploads\/2024\/05\/401498640_919267042938564_6290593609399108733_n.jpg\",\"contentUrl\":\"https:\/\/panoramaciudadano.com\/wp-content\/uploads\/2024\/05\/401498640_919267042938564_6290593609399108733_n.jpg\",\"width\":960,\"height\":957,\"caption\":\"Panorama Ciudadano\"},\"image\":{\"@id\":\"https:\/\/panoramaciudadano.com\/#\/schema\/logo\/image\/\"},\"sameAs\":[\"https:\/\/www.facebook.com\/panoramaciudadano\"]},{\"@type\":\"Person\",\"@id\":\"https:\/\/panoramaciudadano.com\/#\/schema\/person\/ffe9fe8ef47d3a93977b5761fd9e0d96\",\"name\":\"admin\",\"image\":{\"@type\":\"ImageObject\",\"inLanguage\":\"es\",\"@id\":\"https:\/\/panoramaciudadano.com\/#\/schema\/person\/image\/\",\"url\":\"https:\/\/secure.gravatar.com\/avatar\/2d5a12cacce3f18096f25fadea8abb7202fef18ed669595589853e84260ff451?s=96&d=mm&r=g\",\"contentUrl\":\"https:\/\/secure.gravatar.com\/avatar\/2d5a12cacce3f18096f25fadea8abb7202fef18ed669595589853e84260ff451?s=96&d=mm&r=g\",\"caption\":\"admin\"},\"sameAs\":[\"https:\/\/panoramaciudadano.com\"],\"url\":\"https:\/\/panoramaciudadano.com\/index.php\/author\/admin_3q6hyqq3\/\"}]}<\/script>\n<!-- \/ Yoast SEO plugin. -->","yoast_head_json":{"title":"Padres exigen destituci\u00f3n de directora tras casos de intoxicaci\u00f3n en secundaria de Canc\u00fan - Panorama Ciudadano","robots":{"index":"index","follow":"follow","max-snippet":"max-snippet:-1","max-image-preview":"max-image-preview:large","max-video-preview":"max-video-preview:-1"},"canonical":"https:\/\/panoramaciudadano.com\/index.php\/2024\/11\/13\/padres-exigen-destitucion-de-directora-tras-casos-de-intoxicacion-en-secundaria-de-cancun\/","og_locale":"es_ES","og_type":"article","og_title":"Padres exigen destituci\u00f3n de directora tras casos de intoxicaci\u00f3n en secundaria de Canc\u00fan - Panorama Ciudadano","og_description":"Padres de los estudiantes llegaron a la escuela secundaria General N\u00famero 20, Jos\u00e9 Mart\u00ed, ubicada en la regi\u00f3n 236 para manifestarse y pedir la destituci\u00f3n de la directora, pero los coordinadores de la zona dijeron que se respetaran las investigaciones. Los padres llevaron cartulinas donde est\u00e1n pidiendo la destituci\u00f3n de la directora de la escuela, por no hacer nada y permitir que se siguen registrando este tipo de casos entre los alumnos pues tan solo en lo que va el a\u00f1o son 5 hechos diferentes\u00a0 Se\u00f1alaron que no es la primera vez que son drogados estudiantes en el interior de la escuela, y a pesar de que se sabe que es lo que pasa dentro de la secundaria, no se ha hecho nada por parte de las autoridades educativas para frenar esta situaci\u00f3n.\u00a0 La t\u00eda de la menor que fue ingresada inconsciente al Hospital dijo que su sobrina sigue hospitalizada y que su estado de salud es delicado, adem\u00e1s de que no saben hasta el momento que sustancia consumieron en horario de clase y sin supervisi\u00f3n\u00a0 La directora dijo que todo sucedi\u00f3 en horario de comida, pero aun as\u00ed dio aviso a las autoridades pero que la ambulancia nunca llego por lo que las afectadas fueron llevadas por sus. Familiares y que no se niega a responder, pero todo est\u00e1 bajo investigaci\u00f3n.","og_url":"https:\/\/panoramaciudadano.com\/index.php\/2024\/11\/13\/padres-exigen-destitucion-de-directora-tras-casos-de-intoxicacion-en-secundaria-de-cancun\/","og_site_name":"Panorama Ciudadano","article_publisher":"https:\/\/www.facebook.com\/panoramaciudadano","article_published_time":"2024-11-13T15:55:11+00:00","article_modified_time":"2024-11-13T15:55:13+00:00","og_image":[{"width":1600,"height":1200,"url":"https:\/\/panoramaciudadano.com\/wp-content\/uploads\/2024\/11\/3-64.jpeg","type":"image\/jpeg"}],"author":"admin","twitter_card":"summary_large_image","twitter_misc":{"Escrito por":"admin","Tiempo de lectura":"3 minutos"},"schema":{"@context":"https:\/\/schema.org","@graph":[{"@type":"Article","@id":"https:\/\/panoramaciudadano.com\/index.php\/2024\/11\/13\/padres-exigen-destitucion-de-directora-tras-casos-de-intoxicacion-en-secundaria-de-cancun\/#article","isPartOf":{"@id":"https:\/\/panoramaciudadano.com\/index.php\/2024\/11\/13\/padres-exigen-destitucion-de-directora-tras-casos-de-intoxicacion-en-secundaria-de-cancun\/"},"author":{"name":"admin","@id":"https:\/\/panoramaciudadano.com\/#\/schema\/person\/ffe9fe8ef47d3a93977b5761fd9e0d96"},"headline":"Padres exigen destituci\u00f3n de directora tras casos de intoxicaci\u00f3n en secundaria de Canc\u00fan","datePublished":"2024-11-13T15:55:11+00:00","dateModified":"2024-11-13T15:55:13+00:00","mainEntityOfPage":{"@id":"https:\/\/panoramaciudadano.com\/index.php\/2024\/11\/13\/padres-exigen-destitucion-de-directora-tras-casos-de-intoxicacion-en-secundaria-de-cancun\/"},"wordCount":247,"commentCount":0,"publisher":{"@id":"https:\/\/panoramaciudadano.com\/#organization"},"image":{"@id":"https:\/\/panoramaciudadano.com\/index.php\/2024\/11\/13\/padres-exigen-destitucion-de-directora-tras-casos-de-intoxicacion-en-secundaria-de-cancun\/#primaryimage"},"thumbnailUrl":"https:\/\/panoramaciudadano.com\/wp-content\/uploads\/2024\/11\/3-64.jpeg","keywords":["escuela secundaria general n\u00famero 20"],"articleSection":["Canc\u00fan"],"inLanguage":"es","potentialAction":[{"@type":"CommentAction","name":"Comment","target":["https:\/\/panoramaciudadano.com\/index.php\/2024\/11\/13\/padres-exigen-destitucion-de-directora-tras-casos-de-intoxicacion-en-secundaria-de-cancun\/#respond"]}]},{"@type":"WebPage","@id":"https:\/\/panoramaciudadano.com\/index.php\/2024\/11\/13\/padres-exigen-destitucion-de-directora-tras-casos-de-intoxicacion-en-secundaria-de-cancun\/","url":"https:\/\/panoramaciudadano.com\/index.php\/2024\/11\/13\/padres-exigen-destitucion-de-directora-tras-casos-de-intoxicacion-en-secundaria-de-cancun\/","name":"Padres exigen destituci\u00f3n de directora tras casos de intoxicaci\u00f3n en secundaria de Canc\u00fan - Panorama Ciudadano","isPartOf":{"@id":"https:\/\/panoramaciudadano.com\/#website"},"primaryImageOfPage":{"@id":"https:\/\/panoramaciudadano.com\/index.php\/2024\/11\/13\/padres-exigen-destitucion-de-directora-tras-casos-de-intoxicacion-en-secundaria-de-cancun\/#primaryimage"},"image":{"@id":"https:\/\/panoramaciudadano.com\/index.php\/2024\/11\/13\/padres-exigen-destitucion-de-directora-tras-casos-de-intoxicacion-en-secundaria-de-cancun\/#primaryimage"},"thumbnailUrl":"https:\/\/panoramaciudadano.com\/wp-content\/uploads\/2024\/11\/3-64.jpeg","datePublished":"2024-11-13T15:55:11+00:00","dateModified":"2024-11-13T15:55:13+00:00","breadcrumb":{"@id":"https:\/\/panoramaciudadano.com\/index.php\/2024\/11\/13\/padres-exigen-destitucion-de-directora-tras-casos-de-intoxicacion-en-secundaria-de-cancun\/#breadcrumb"},"inLanguage":"es","potentialAction":[{"@type":"ReadAction","target":["https:\/\/panoramaciudadano.com\/index.php\/2024\/11\/13\/padres-exigen-destitucion-de-directora-tras-casos-de-intoxicacion-en-secundaria-de-cancun\/"]}]},{"@type":"ImageObject","inLanguage":"es","@id":"https:\/\/panoramaciudadano.com\/index.php\/2024\/11\/13\/padres-exigen-destitucion-de-directora-tras-casos-de-intoxicacion-en-secundaria-de-cancun\/#primaryimage","url":"https:\/\/panoramaciudadano.com\/wp-content\/uploads\/2024\/11\/3-64.jpeg","contentUrl":"https:\/\/panoramaciudadano.com\/wp-content\/uploads\/2024\/11\/3-64.jpeg","width":1600,"height":1200},{"@type":"BreadcrumbList","@id":"https:\/\/panoramaciudadano.com\/index.php\/2024\/11\/13\/padres-exigen-destitucion-de-directora-tras-casos-de-intoxicacion-en-secundaria-de-cancun\/#breadcrumb","itemListElement":[{"@type":"ListItem","position":1,"name":"Portada","item":"https:\/\/panoramaciudadano.com\/"},{"@type":"ListItem","position":2,"name":"Padres exigen destituci\u00f3n de directora tras casos de intoxicaci\u00f3n en secundaria de Canc\u00fan"}]},{"@type":"WebSite","@id":"https:\/\/panoramaciudadano.com\/#website","url":"https:\/\/panoramaciudadano.com\/","name":"Panorama Ciudadano","description":"","publisher":{"@id":"https:\/\/panoramaciudadano.com\/#organization"},"potentialAction":[{"@type":"SearchAction","target":{"@type":"EntryPoint","urlTemplate":"https:\/\/panoramaciudadano.com\/?s={search_term_string}"},"query-input":{"@type":"PropertyValueSpecification","valueRequired":true,"valueName":"search_term_string"}}],"inLanguage":"es"},{"@type":"Organization","@id":"https:\/\/panoramaciudadano.com\/#organization","name":"Panorama Ciudadano","url":"https:\/\/panoramaciudadano.com\/","logo":{"@type":"ImageObject","inLanguage":"es","@id":"https:\/\/panoramaciudadano.com\/#\/schema\/logo\/image\/","url":"https:\/\/panoramaciudadano.com\/wp-content\/uploads\/2024\/05\/401498640_919267042938564_6290593609399108733_n.jpg","contentUrl":"https:\/\/panoramaciudadano.com\/wp-content\/uploads\/2024\/05\/401498640_919267042938564_6290593609399108733_n.jpg","width":960,"height":957,"caption":"Panorama Ciudadano"},"image":{"@id":"https:\/\/panoramaciudadano.com\/#\/schema\/logo\/image\/"},"sameAs":["https:\/\/www.facebook.com\/panoramaciudadano"]},{"@type":"Person","@id":"https:\/\/panoramaciudadano.com\/#\/schema\/person\/ffe9fe8ef47d3a93977b5761fd9e0d96","name":"admin","image":{"@type":"ImageObject","inLanguage":"es","@id":"https:\/\/panoramaciudadano.com\/#\/schema\/person\/image\/","url":"https:\/\/secure.gravatar.com\/avatar\/2d5a12cacce3f18096f25fadea8abb7202fef18ed669595589853e84260ff451?s=96&d=mm&r=g","contentUrl":"https:\/\/secure.gravatar.com\/avatar\/2d5a12cacce3f18096f25fadea8abb7202fef18ed669595589853e84260ff451?s=96&d=mm&r=g","caption":"admin"},"sameAs":["https:\/\/panoramaciudadano.com"],"url":"https:\/\/panoramaciudadano.com\/index.php\/author\/admin_3q6hyqq3\/"}]}},"_links":{"self":[{"href":"https:\/\/panoramaciudadano.com\/index.php\/wp-json\/wp\/v2\/posts\/6765","targetHints":{"allow":["GET"]}}],"collection":[{"href":"https:\/\/panoramaciudadano.com\/index.php\/wp-json\/wp\/v2\/posts"}],"about":[{"href":"https:\/\/panoramaciudadano.com\/index.php\/wp-json\/wp\/v2\/types\/post"}],"author":[{"embeddable":true,"href":"https:\/\/panoramaciudadano.com\/index.php\/wp-json\/wp\/v2\/users\/1"}],"replies":[{"embeddable":true,"href":"https:\/\/panoramaciudadano.com\/index.php\/wp-json\/wp\/v2\/comments?post=6765"}],"version-history":[{"count":1,"href":"https:\/\/panoramaciudadano.com\/index.php\/wp-json\/wp\/v2\/posts\/6765\/revisions"}],"predecessor-version":[{"id":6770,"href":"https:\/\/panoramaciudadano.com\/index.php\/wp-json\/wp\/v2\/posts\/6765\/revisions\/6770"}],"wp:featuredmedia":[{"embeddable":true,"href":"https:\/\/panoramaciudadano.com\/index.php\/wp-json\/wp\/v2\/media\/6769"}],"wp:attachment":[{"href":"https:\/\/panoramaciudadano.com\/index.php\/wp-json\/wp\/v2\/media?parent=6765"}],"wp:term":[{"taxonomy":"category","embeddable":true,"href":"https:\/\/panoramaciudadano.com\/index.php\/wp-json\/wp\/v2\/categories?post=6765"},{"taxonomy":"post_tag","embeddable":true,"href":"https:\/\/panoramaciudadano.com\/index.php\/wp-json\/wp\/v2\/tags?post=6765"}],"curies":[{"name":"wp","href":"https:\/\/api.w.org\/{rel}","templated":true}]}}