{"id":6775,"date":"2024-11-13T23:01:41","date_gmt":"2024-11-13T16:01:41","guid":{"rendered":"https:\/\/panoramaciudadano.com\/?p=6775"},"modified":"2024-11-13T23:01:42","modified_gmt":"2024-11-13T16:01:42","slug":"detienen-a-sujeto-en-la-region-237-por-trata-de-personas-y-pornografia-infantil","status":"publish","type":"post","link":"https:\/\/panoramaciudadano.com\/index.php\/2024\/11\/13\/detienen-a-sujeto-en-la-region-237-por-trata-de-personas-y-pornografia-infantil\/","title":{"rendered":"Detienen a sujeto en la Regi\u00f3n 237 por trata de personas y pornograf\u00eda infantil"},"content":{"rendered":"\n<figure class=\"wp-block-image size-large\"><img decoding=\"async\" width=\"1024\" height=\"768\" src=\"https:\/\/panoramaciudadano.com\/wp-content\/uploads\/2024\/11\/WhatsApp-Image-2024-11-13-at-08.04.21-1024x768.jpeg\" alt=\"\" class=\"wp-image-6776\" srcset=\"https:\/\/panoramaciudadano.com\/wp-content\/uploads\/2024\/11\/WhatsApp-Image-2024-11-13-at-08.04.21-1024x768.jpeg 1024w, https:\/\/panoramaciudadano.com\/wp-content\/uploads\/2024\/11\/WhatsApp-Image-2024-11-13-at-08.04.21-300x225.jpeg 300w, https:\/\/panoramaciudadano.com\/wp-content\/uploads\/2024\/11\/WhatsApp-Image-2024-11-13-at-08.04.21-768x576.jpeg 768w, https:\/\/panoramaciudadano.com\/wp-content\/uploads\/2024\/11\/WhatsApp-Image-2024-11-13-at-08.04.21-1536x1152.jpeg 1536w, https:\/\/panoramaciudadano.com\/wp-content\/uploads\/2024\/11\/WhatsApp-Image-2024-11-13-at-08.04.21.jpeg 1600w\" sizes=\"(max-width: 1024px) 100vw, 1024px\" \/><\/figure>\n\n\n\n<p>Un despliegue policiaco se registr\u00f3 la tarde de hoy en un domicilio de la Regi\u00f3n 237 donde se logr\u00f3 detener a un sujeto relacionado con delitos de trata de personas y pornograf\u00eda infantil.<\/p>\n\n\n\n<p>Esta persona era buscada por la fiscal\u00eda y fue est\u00e1 tarde cuando detectaron que se meti\u00f3 a un domicilio, por lo que s\u00e9 inmediato se solicit\u00f3 una orden de cateo para poder detenerlo.<\/p>\n\n\n\n<p>Los primeros informes policiacos polic\u00eda lograron detenerlo, pero se dio a la fuga por las azoteas de varios domicilio hasta que se meti\u00f3 a uno donde se ocult\u00f3.<\/p>\n\n\n\n<p>Despu\u00e9s se hizo un operativo por parte del personal de la Fiscal\u00eda para detenerlo, este sujeto fue llevado a la dependencia para ponerlo a disposici\u00f3n del Ministerio P\u00fablico del Fuero Com\u00fan.<\/p>\n","protected":false},"excerpt":{"rendered":"<p>Un despliegue policiaco se registr\u00f3 la tarde de hoy en un domicilio de la Regi\u00f3n 237 donde se logr\u00f3 detener a un sujeto relacionado con delitos de trata de personas y pornograf\u00eda infantil.<\/p>\n","protected":false},"author":1,"featured_media":6777,"comment_status":"open","ping_status":"closed","sticky":false,"template":"","format":"standard","meta":{"footnotes":""},"categories":[6],"tags":[69],"class_list":["post-6775","post","type-post","status-publish","format-standard","has-post-thumbnail","hentry","category-cancun","tag-region-237"],"yoast_head":"<!-- This site is optimized with the Yoast SEO plugin v27.1.1 - https:\/\/yoast.com\/product\/yoast-seo-wordpress\/ -->\n<title>Detienen a sujeto en la Regi\u00f3n 237 por trata de personas y pornograf\u00eda infantil - Panorama Ciudadano<\/title>\n<meta name=\"robots\" content=\"index, follow, max-snippet:-1, max-image-preview:large, max-video-preview:-1\" \/>\n<link rel=\"canonical\" href=\"https:\/\/panoramaciudadano.com\/index.php\/2024\/11\/13\/detienen-a-sujeto-en-la-region-237-por-trata-de-personas-y-pornografia-infantil\/\" \/>\n<meta property=\"og:locale\" content=\"es_ES\" \/>\n<meta property=\"og:type\" content=\"article\" \/>\n<meta property=\"og:title\" content=\"Detienen a sujeto en la Regi\u00f3n 237 por trata de personas y pornograf\u00eda infantil - Panorama Ciudadano\" \/>\n<meta property=\"og:description\" content=\"Un despliegue policiaco se registr\u00f3 la tarde de hoy en un domicilio de la Regi\u00f3n 237 donde se logr\u00f3 detener a un sujeto relacionado con delitos de trata de personas y pornograf\u00eda infantil.\" \/>\n<meta property=\"og:url\" content=\"https:\/\/panoramaciudadano.com\/index.php\/2024\/11\/13\/detienen-a-sujeto-en-la-region-237-por-trata-de-personas-y-pornografia-infantil\/\" \/>\n<meta property=\"og:site_name\" content=\"Panorama Ciudadano\" \/>\n<meta property=\"article:publisher\" content=\"https:\/\/www.facebook.com\/panoramaciudadano\" \/>\n<meta property=\"article:published_time\" content=\"2024-11-13T16:01:41+00:00\" \/>\n<meta property=\"article:modified_time\" content=\"2024-11-13T16:01:42+00:00\" \/>\n<meta property=\"og:image\" content=\"https:\/\/panoramaciudadano.com\/wp-content\/uploads\/2024\/11\/2-79.jpeg\" \/>\n\t<meta property=\"og:image:width\" content=\"882\" \/>\n\t<meta property=\"og:image:height\" content=\"595\" \/>\n\t<meta property=\"og:image:type\" content=\"image\/jpeg\" \/>\n<meta name=\"author\" content=\"admin\" \/>\n<meta name=\"twitter:card\" content=\"summary_large_image\" \/>\n<meta name=\"twitter:label1\" content=\"Escrito por\" \/>\n\t<meta name=\"twitter:data1\" content=\"admin\" \/>\n\t<meta name=\"twitter:label2\" content=\"Tiempo de lectura\" \/>\n\t<meta name=\"twitter:data2\" content=\"1 minuto\" \/>\n<script type=\"application\/ld+json\" class=\"yoast-schema-graph\">{\"@context\":\"https:\/\/schema.org\",\"@graph\":[{\"@type\":\"Article\",\"@id\":\"https:\/\/panoramaciudadano.com\/index.php\/2024\/11\/13\/detienen-a-sujeto-en-la-region-237-por-trata-de-personas-y-pornografia-infantil\/#article\",\"isPartOf\":{\"@id\":\"https:\/\/panoramaciudadano.com\/index.php\/2024\/11\/13\/detienen-a-sujeto-en-la-region-237-por-trata-de-personas-y-pornografia-infantil\/\"},\"author\":{\"name\":\"admin\",\"@id\":\"https:\/\/panoramaciudadano.com\/#\/schema\/person\/ffe9fe8ef47d3a93977b5761fd9e0d96\"},\"headline\":\"Detienen a sujeto en la Regi\u00f3n 237 por trata de personas y pornograf\u00eda infantil\",\"datePublished\":\"2024-11-13T16:01:41+00:00\",\"dateModified\":\"2024-11-13T16:01:42+00:00\",\"mainEntityOfPage\":{\"@id\":\"https:\/\/panoramaciudadano.com\/index.php\/2024\/11\/13\/detienen-a-sujeto-en-la-region-237-por-trata-de-personas-y-pornografia-infantil\/\"},\"wordCount\":148,\"commentCount\":0,\"publisher\":{\"@id\":\"https:\/\/panoramaciudadano.com\/#organization\"},\"image\":{\"@id\":\"https:\/\/panoramaciudadano.com\/index.php\/2024\/11\/13\/detienen-a-sujeto-en-la-region-237-por-trata-de-personas-y-pornografia-infantil\/#primaryimage\"},\"thumbnailUrl\":\"https:\/\/panoramaciudadano.com\/wp-content\/uploads\/2024\/11\/2-79.jpeg\",\"keywords\":[\"regi\u00f3n 237\"],\"articleSection\":[\"Canc\u00fan\"],\"inLanguage\":\"es\",\"potentialAction\":[{\"@type\":\"CommentAction\",\"name\":\"Comment\",\"target\":[\"https:\/\/panoramaciudadano.com\/index.php\/2024\/11\/13\/detienen-a-sujeto-en-la-region-237-por-trata-de-personas-y-pornografia-infantil\/#respond\"]}]},{\"@type\":\"WebPage\",\"@id\":\"https:\/\/panoramaciudadano.com\/index.php\/2024\/11\/13\/detienen-a-sujeto-en-la-region-237-por-trata-de-personas-y-pornografia-infantil\/\",\"url\":\"https:\/\/panoramaciudadano.com\/index.php\/2024\/11\/13\/detienen-a-sujeto-en-la-region-237-por-trata-de-personas-y-pornografia-infantil\/\",\"name\":\"Detienen a sujeto en la Regi\u00f3n 237 por trata de personas y pornograf\u00eda infantil - Panorama Ciudadano\",\"isPartOf\":{\"@id\":\"https:\/\/panoramaciudadano.com\/#website\"},\"primaryImageOfPage\":{\"@id\":\"https:\/\/panoramaciudadano.com\/index.php\/2024\/11\/13\/detienen-a-sujeto-en-la-region-237-por-trata-de-personas-y-pornografia-infantil\/#primaryimage\"},\"image\":{\"@id\":\"https:\/\/panoramaciudadano.com\/index.php\/2024\/11\/13\/detienen-a-sujeto-en-la-region-237-por-trata-de-personas-y-pornografia-infantil\/#primaryimage\"},\"thumbnailUrl\":\"https:\/\/panoramaciudadano.com\/wp-content\/uploads\/2024\/11\/2-79.jpeg\",\"datePublished\":\"2024-11-13T16:01:41+00:00\",\"dateModified\":\"2024-11-13T16:01:42+00:00\",\"breadcrumb\":{\"@id\":\"https:\/\/panoramaciudadano.com\/index.php\/2024\/11\/13\/detienen-a-sujeto-en-la-region-237-por-trata-de-personas-y-pornografia-infantil\/#breadcrumb\"},\"inLanguage\":\"es\",\"potentialAction\":[{\"@type\":\"ReadAction\",\"target\":[\"https:\/\/panoramaciudadano.com\/index.php\/2024\/11\/13\/detienen-a-sujeto-en-la-region-237-por-trata-de-personas-y-pornografia-infantil\/\"]}]},{\"@type\":\"ImageObject\",\"inLanguage\":\"es\",\"@id\":\"https:\/\/panoramaciudadano.com\/index.php\/2024\/11\/13\/detienen-a-sujeto-en-la-region-237-por-trata-de-personas-y-pornografia-infantil\/#primaryimage\",\"url\":\"https:\/\/panoramaciudadano.com\/wp-content\/uploads\/2024\/11\/2-79.jpeg\",\"contentUrl\":\"https:\/\/panoramaciudadano.com\/wp-content\/uploads\/2024\/11\/2-79.jpeg\",\"width\":882,\"height\":595},{\"@type\":\"BreadcrumbList\",\"@id\":\"https:\/\/panoramaciudadano.com\/index.php\/2024\/11\/13\/detienen-a-sujeto-en-la-region-237-por-trata-de-personas-y-pornografia-infantil\/#breadcrumb\",\"itemListElement\":[{\"@type\":\"ListItem\",\"position\":1,\"name\":\"Portada\",\"item\":\"https:\/\/panoramaciudadano.com\/\"},{\"@type\":\"ListItem\",\"position\":2,\"name\":\"Detienen a sujeto en la Regi\u00f3n 237 por trata de personas y pornograf\u00eda infantil\"}]},{\"@type\":\"WebSite\",\"@id\":\"https:\/\/panoramaciudadano.com\/#website\",\"url\":\"https:\/\/panoramaciudadano.com\/\",\"name\":\"Panorama Ciudadano\",\"description\":\"\",\"publisher\":{\"@id\":\"https:\/\/panoramaciudadano.com\/#organization\"},\"potentialAction\":[{\"@type\":\"SearchAction\",\"target\":{\"@type\":\"EntryPoint\",\"urlTemplate\":\"https:\/\/panoramaciudadano.com\/?s={search_term_string}\"},\"query-input\":{\"@type\":\"PropertyValueSpecification\",\"valueRequired\":true,\"valueName\":\"search_term_string\"}}],\"inLanguage\":\"es\"},{\"@type\":\"Organization\",\"@id\":\"https:\/\/panoramaciudadano.com\/#organization\",\"name\":\"Panorama Ciudadano\",\"url\":\"https:\/\/panoramaciudadano.com\/\",\"logo\":{\"@type\":\"ImageObject\",\"inLanguage\":\"es\",\"@id\":\"https:\/\/panoramaciudadano.com\/#\/schema\/logo\/image\/\",\"url\":\"https:\/\/panoramaciudadano.com\/wp-content\/uploads\/2024\/05\/401498640_919267042938564_6290593609399108733_n.jpg\",\"contentUrl\":\"https:\/\/panoramaciudadano.com\/wp-content\/uploads\/2024\/05\/401498640_919267042938564_6290593609399108733_n.jpg\",\"width\":960,\"height\":957,\"caption\":\"Panorama Ciudadano\"},\"image\":{\"@id\":\"https:\/\/panoramaciudadano.com\/#\/schema\/logo\/image\/\"},\"sameAs\":[\"https:\/\/www.facebook.com\/panoramaciudadano\"]},{\"@type\":\"Person\",\"@id\":\"https:\/\/panoramaciudadano.com\/#\/schema\/person\/ffe9fe8ef47d3a93977b5761fd9e0d96\",\"name\":\"admin\",\"image\":{\"@type\":\"ImageObject\",\"inLanguage\":\"es\",\"@id\":\"https:\/\/panoramaciudadano.com\/#\/schema\/person\/image\/\",\"url\":\"https:\/\/secure.gravatar.com\/avatar\/2d5a12cacce3f18096f25fadea8abb7202fef18ed669595589853e84260ff451?s=96&d=mm&r=g\",\"contentUrl\":\"https:\/\/secure.gravatar.com\/avatar\/2d5a12cacce3f18096f25fadea8abb7202fef18ed669595589853e84260ff451?s=96&d=mm&r=g\",\"caption\":\"admin\"},\"sameAs\":[\"https:\/\/panoramaciudadano.com\"],\"url\":\"https:\/\/panoramaciudadano.com\/index.php\/author\/admin_3q6hyqq3\/\"}]}<\/script>\n<!-- \/ Yoast SEO plugin. -->","yoast_head_json":{"title":"Detienen a sujeto en la Regi\u00f3n 237 por trata de personas y pornograf\u00eda infantil - Panorama Ciudadano","robots":{"index":"index","follow":"follow","max-snippet":"max-snippet:-1","max-image-preview":"max-image-preview:large","max-video-preview":"max-video-preview:-1"},"canonical":"https:\/\/panoramaciudadano.com\/index.php\/2024\/11\/13\/detienen-a-sujeto-en-la-region-237-por-trata-de-personas-y-pornografia-infantil\/","og_locale":"es_ES","og_type":"article","og_title":"Detienen a sujeto en la Regi\u00f3n 237 por trata de personas y pornograf\u00eda infantil - Panorama Ciudadano","og_description":"Un despliegue policiaco se registr\u00f3 la tarde de hoy en un domicilio de la Regi\u00f3n 237 donde se logr\u00f3 detener a un sujeto relacionado con delitos de trata de personas y pornograf\u00eda infantil.","og_url":"https:\/\/panoramaciudadano.com\/index.php\/2024\/11\/13\/detienen-a-sujeto-en-la-region-237-por-trata-de-personas-y-pornografia-infantil\/","og_site_name":"Panorama Ciudadano","article_publisher":"https:\/\/www.facebook.com\/panoramaciudadano","article_published_time":"2024-11-13T16:01:41+00:00","article_modified_time":"2024-11-13T16:01:42+00:00","og_image":[{"width":882,"height":595,"url":"https:\/\/panoramaciudadano.com\/wp-content\/uploads\/2024\/11\/2-79.jpeg","type":"image\/jpeg"}],"author":"admin","twitter_card":"summary_large_image","twitter_misc":{"Escrito por":"admin","Tiempo de lectura":"1 minuto"},"schema":{"@context":"https:\/\/schema.org","@graph":[{"@type":"Article","@id":"https:\/\/panoramaciudadano.com\/index.php\/2024\/11\/13\/detienen-a-sujeto-en-la-region-237-por-trata-de-personas-y-pornografia-infantil\/#article","isPartOf":{"@id":"https:\/\/panoramaciudadano.com\/index.php\/2024\/11\/13\/detienen-a-sujeto-en-la-region-237-por-trata-de-personas-y-pornografia-infantil\/"},"author":{"name":"admin","@id":"https:\/\/panoramaciudadano.com\/#\/schema\/person\/ffe9fe8ef47d3a93977b5761fd9e0d96"},"headline":"Detienen a sujeto en la Regi\u00f3n 237 por trata de personas y pornograf\u00eda infantil","datePublished":"2024-11-13T16:01:41+00:00","dateModified":"2024-11-13T16:01:42+00:00","mainEntityOfPage":{"@id":"https:\/\/panoramaciudadano.com\/index.php\/2024\/11\/13\/detienen-a-sujeto-en-la-region-237-por-trata-de-personas-y-pornografia-infantil\/"},"wordCount":148,"commentCount":0,"publisher":{"@id":"https:\/\/panoramaciudadano.com\/#organization"},"image":{"@id":"https:\/\/panoramaciudadano.com\/index.php\/2024\/11\/13\/detienen-a-sujeto-en-la-region-237-por-trata-de-personas-y-pornografia-infantil\/#primaryimage"},"thumbnailUrl":"https:\/\/panoramaciudadano.com\/wp-content\/uploads\/2024\/11\/2-79.jpeg","keywords":["regi\u00f3n 237"],"articleSection":["Canc\u00fan"],"inLanguage":"es","potentialAction":[{"@type":"CommentAction","name":"Comment","target":["https:\/\/panoramaciudadano.com\/index.php\/2024\/11\/13\/detienen-a-sujeto-en-la-region-237-por-trata-de-personas-y-pornografia-infantil\/#respond"]}]},{"@type":"WebPage","@id":"https:\/\/panoramaciudadano.com\/index.php\/2024\/11\/13\/detienen-a-sujeto-en-la-region-237-por-trata-de-personas-y-pornografia-infantil\/","url":"https:\/\/panoramaciudadano.com\/index.php\/2024\/11\/13\/detienen-a-sujeto-en-la-region-237-por-trata-de-personas-y-pornografia-infantil\/","name":"Detienen a sujeto en la Regi\u00f3n 237 por trata de personas y pornograf\u00eda infantil - Panorama Ciudadano","isPartOf":{"@id":"https:\/\/panoramaciudadano.com\/#website"},"primaryImageOfPage":{"@id":"https:\/\/panoramaciudadano.com\/index.php\/2024\/11\/13\/detienen-a-sujeto-en-la-region-237-por-trata-de-personas-y-pornografia-infantil\/#primaryimage"},"image":{"@id":"https:\/\/panoramaciudadano.com\/index.php\/2024\/11\/13\/detienen-a-sujeto-en-la-region-237-por-trata-de-personas-y-pornografia-infantil\/#primaryimage"},"thumbnailUrl":"https:\/\/panoramaciudadano.com\/wp-content\/uploads\/2024\/11\/2-79.jpeg","datePublished":"2024-11-13T16:01:41+00:00","dateModified":"2024-11-13T16:01:42+00:00","breadcrumb":{"@id":"https:\/\/panoramaciudadano.com\/index.php\/2024\/11\/13\/detienen-a-sujeto-en-la-region-237-por-trata-de-personas-y-pornografia-infantil\/#breadcrumb"},"inLanguage":"es","potentialAction":[{"@type":"ReadAction","target":["https:\/\/panoramaciudadano.com\/index.php\/2024\/11\/13\/detienen-a-sujeto-en-la-region-237-por-trata-de-personas-y-pornografia-infantil\/"]}]},{"@type":"ImageObject","inLanguage":"es","@id":"https:\/\/panoramaciudadano.com\/index.php\/2024\/11\/13\/detienen-a-sujeto-en-la-region-237-por-trata-de-personas-y-pornografia-infantil\/#primaryimage","url":"https:\/\/panoramaciudadano.com\/wp-content\/uploads\/2024\/11\/2-79.jpeg","contentUrl":"https:\/\/panoramaciudadano.com\/wp-content\/uploads\/2024\/11\/2-79.jpeg","width":882,"height":595},{"@type":"BreadcrumbList","@id":"https:\/\/panoramaciudadano.com\/index.php\/2024\/11\/13\/detienen-a-sujeto-en-la-region-237-por-trata-de-personas-y-pornografia-infantil\/#breadcrumb","itemListElement":[{"@type":"ListItem","position":1,"name":"Portada","item":"https:\/\/panoramaciudadano.com\/"},{"@type":"ListItem","position":2,"name":"Detienen a sujeto en la Regi\u00f3n 237 por trata de personas y pornograf\u00eda infantil"}]},{"@type":"WebSite","@id":"https:\/\/panoramaciudadano.com\/#website","url":"https:\/\/panoramaciudadano.com\/","name":"Panorama Ciudadano","description":"","publisher":{"@id":"https:\/\/panoramaciudadano.com\/#organization"},"potentialAction":[{"@type":"SearchAction","target":{"@type":"EntryPoint","urlTemplate":"https:\/\/panoramaciudadano.com\/?s={search_term_string}"},"query-input":{"@type":"PropertyValueSpecification","valueRequired":true,"valueName":"search_term_string"}}],"inLanguage":"es"},{"@type":"Organization","@id":"https:\/\/panoramaciudadano.com\/#organization","name":"Panorama Ciudadano","url":"https:\/\/panoramaciudadano.com\/","logo":{"@type":"ImageObject","inLanguage":"es","@id":"https:\/\/panoramaciudadano.com\/#\/schema\/logo\/image\/","url":"https:\/\/panoramaciudadano.com\/wp-content\/uploads\/2024\/05\/401498640_919267042938564_6290593609399108733_n.jpg","contentUrl":"https:\/\/panoramaciudadano.com\/wp-content\/uploads\/2024\/05\/401498640_919267042938564_6290593609399108733_n.jpg","width":960,"height":957,"caption":"Panorama Ciudadano"},"image":{"@id":"https:\/\/panoramaciudadano.com\/#\/schema\/logo\/image\/"},"sameAs":["https:\/\/www.facebook.com\/panoramaciudadano"]},{"@type":"Person","@id":"https:\/\/panoramaciudadano.com\/#\/schema\/person\/ffe9fe8ef47d3a93977b5761fd9e0d96","name":"admin","image":{"@type":"ImageObject","inLanguage":"es","@id":"https:\/\/panoramaciudadano.com\/#\/schema\/person\/image\/","url":"https:\/\/secure.gravatar.com\/avatar\/2d5a12cacce3f18096f25fadea8abb7202fef18ed669595589853e84260ff451?s=96&d=mm&r=g","contentUrl":"https:\/\/secure.gravatar.com\/avatar\/2d5a12cacce3f18096f25fadea8abb7202fef18ed669595589853e84260ff451?s=96&d=mm&r=g","caption":"admin"},"sameAs":["https:\/\/panoramaciudadano.com"],"url":"https:\/\/panoramaciudadano.com\/index.php\/author\/admin_3q6hyqq3\/"}]}},"_links":{"self":[{"href":"https:\/\/panoramaciudadano.com\/index.php\/wp-json\/wp\/v2\/posts\/6775","targetHints":{"allow":["GET"]}}],"collection":[{"href":"https:\/\/panoramaciudadano.com\/index.php\/wp-json\/wp\/v2\/posts"}],"about":[{"href":"https:\/\/panoramaciudadano.com\/index.php\/wp-json\/wp\/v2\/types\/post"}],"author":[{"embeddable":true,"href":"https:\/\/panoramaciudadano.com\/index.php\/wp-json\/wp\/v2\/users\/1"}],"replies":[{"embeddable":true,"href":"https:\/\/panoramaciudadano.com\/index.php\/wp-json\/wp\/v2\/comments?post=6775"}],"version-history":[{"count":1,"href":"https:\/\/panoramaciudadano.com\/index.php\/wp-json\/wp\/v2\/posts\/6775\/revisions"}],"predecessor-version":[{"id":6778,"href":"https:\/\/panoramaciudadano.com\/index.php\/wp-json\/wp\/v2\/posts\/6775\/revisions\/6778"}],"wp:featuredmedia":[{"embeddable":true,"href":"https:\/\/panoramaciudadano.com\/index.php\/wp-json\/wp\/v2\/media\/6777"}],"wp:attachment":[{"href":"https:\/\/panoramaciudadano.com\/index.php\/wp-json\/wp\/v2\/media?parent=6775"}],"wp:term":[{"taxonomy":"category","embeddable":true,"href":"https:\/\/panoramaciudadano.com\/index.php\/wp-json\/wp\/v2\/categories?post=6775"},{"taxonomy":"post_tag","embeddable":true,"href":"https:\/\/panoramaciudadano.com\/index.php\/wp-json\/wp\/v2\/tags?post=6775"}],"curies":[{"name":"wp","href":"https:\/\/api.w.org\/{rel}","templated":true}]}}