{"id":6779,"date":"2024-11-13T23:26:13","date_gmt":"2024-11-13T16:26:13","guid":{"rendered":"https:\/\/panoramaciudadano.com\/?p=6779"},"modified":"2024-11-13T23:26:14","modified_gmt":"2024-11-13T16:26:14","slug":"familia-busca-a-joven-que-salio-de-yucatan-en-busca-de-trabajo-y-aparece-en-un-anexo-de-cancun-piden-intervencion-de-autoridades","status":"publish","type":"post","link":"https:\/\/panoramaciudadano.com\/index.php\/2024\/11\/13\/familia-busca-a-joven-que-salio-de-yucatan-en-busca-de-trabajo-y-aparece-en-un-anexo-de-cancun-piden-intervencion-de-autoridades\/","title":{"rendered":"Familia busca a joven que sali\u00f3 de Yucat\u00e1n en busca de trabajo y aparece en un anexo de Canc\u00fan; piden intervenci\u00f3n de autoridades"},"content":{"rendered":"\n<figure class=\"wp-block-image size-large\"><img decoding=\"async\" width=\"1024\" height=\"750\" src=\"https:\/\/panoramaciudadano.com\/wp-content\/uploads\/2024\/11\/3-65-1024x750.jpeg\" alt=\"\" class=\"wp-image-6780\" srcset=\"https:\/\/panoramaciudadano.com\/wp-content\/uploads\/2024\/11\/3-65-1024x750.jpeg 1024w, https:\/\/panoramaciudadano.com\/wp-content\/uploads\/2024\/11\/3-65-300x220.jpeg 300w, https:\/\/panoramaciudadano.com\/wp-content\/uploads\/2024\/11\/3-65-768x562.jpeg 768w, https:\/\/panoramaciudadano.com\/wp-content\/uploads\/2024\/11\/3-65.jpeg 1475w\" sizes=\"(max-width: 1024px) 100vw, 1024px\" \/><\/figure>\n\n\n\n<p>Deja el estado de Yucat\u00e1n para buscar trabajo y sus familiares&nbsp;lo ubican, semanas despu\u00e9s, anexado en la regi\u00f3n 90.<\/p>\n\n\n\n<p>La usuaria Mar\u00eda N escribi\u00f3 a esta redacci\u00f3n, menciona&nbsp;que el joven parti\u00f3 de Valladolid desde el 2 de octubre, pero fue en un operativo realizado hace unos d\u00edas, donde al parecer lo encontraron, pero al ir a buscar informaci\u00f3n con los responsables estos le dijeron que no estaba en el lugar.<\/p>\n\n\n\n<p>El familiar desesperado afirma que Hellberth de Jes\u00fas est\u00e1 en el anexo \u201cLibertad\u201d, pero por alguna raz\u00f3n no quieren dar informaci\u00f3n por lo que pide la intervenci\u00f3n de las autoridades para dar con su paradero.<\/p>\n\n\n\n<p>Hasta el momento solo cuenta con estas dos fotograf\u00edas y aunque parece complejo pueda tratarse de la misma persona si puedes compartir la publicaci\u00f3n se agradece.<\/p>\n\n\n\n<figure class=\"wp-block-image size-full\"><img decoding=\"async\" width=\"486\" height=\"464\" src=\"https:\/\/panoramaciudadano.com\/wp-content\/uploads\/2024\/11\/WhatsApp-Image-2024-11-13-at-08.07.35.jpeg\" alt=\"\" class=\"wp-image-6781\" srcset=\"https:\/\/panoramaciudadano.com\/wp-content\/uploads\/2024\/11\/WhatsApp-Image-2024-11-13-at-08.07.35.jpeg 486w, https:\/\/panoramaciudadano.com\/wp-content\/uploads\/2024\/11\/WhatsApp-Image-2024-11-13-at-08.07.35-300x286.jpeg 300w\" sizes=\"(max-width: 486px) 100vw, 486px\" \/><\/figure>\n","protected":false},"excerpt":{"rendered":"<p>Deja el estado de Yucat\u00e1n para buscar trabajo y sus familiares\u00a0lo ubican, semanas despu\u00e9s, anexado en la regi\u00f3n 90.<\/p>\n","protected":false},"author":1,"featured_media":6780,"comment_status":"open","ping_status":"closed","sticky":false,"template":"","format":"standard","meta":{"footnotes":""},"categories":[6],"tags":[1908],"class_list":["post-6779","post","type-post","status-publish","format-standard","has-post-thumbnail","hentry","category-cancun","tag-anexo-libertad"],"yoast_head":"<!-- This site is optimized with the Yoast SEO plugin v27.1.1 - https:\/\/yoast.com\/product\/yoast-seo-wordpress\/ -->\n<title>Familia busca a joven que sali\u00f3 de Yucat\u00e1n en busca de trabajo y aparece en un anexo de Canc\u00fan; piden intervenci\u00f3n de autoridades - Panorama Ciudadano<\/title>\n<meta name=\"robots\" content=\"index, follow, max-snippet:-1, max-image-preview:large, max-video-preview:-1\" \/>\n<link rel=\"canonical\" href=\"https:\/\/panoramaciudadano.com\/index.php\/2024\/11\/13\/familia-busca-a-joven-que-salio-de-yucatan-en-busca-de-trabajo-y-aparece-en-un-anexo-de-cancun-piden-intervencion-de-autoridades\/\" \/>\n<meta property=\"og:locale\" content=\"es_ES\" \/>\n<meta property=\"og:type\" content=\"article\" \/>\n<meta property=\"og:title\" content=\"Familia busca a joven que sali\u00f3 de Yucat\u00e1n en busca de trabajo y aparece en un anexo de Canc\u00fan; piden intervenci\u00f3n de autoridades - Panorama Ciudadano\" \/>\n<meta property=\"og:description\" content=\"Deja el estado de Yucat\u00e1n para buscar trabajo y sus familiares\u00a0lo ubican, semanas despu\u00e9s, anexado en la regi\u00f3n 90.\" \/>\n<meta property=\"og:url\" content=\"https:\/\/panoramaciudadano.com\/index.php\/2024\/11\/13\/familia-busca-a-joven-que-salio-de-yucatan-en-busca-de-trabajo-y-aparece-en-un-anexo-de-cancun-piden-intervencion-de-autoridades\/\" \/>\n<meta property=\"og:site_name\" content=\"Panorama Ciudadano\" \/>\n<meta property=\"article:publisher\" content=\"https:\/\/www.facebook.com\/panoramaciudadano\" \/>\n<meta property=\"article:published_time\" content=\"2024-11-13T16:26:13+00:00\" \/>\n<meta property=\"article:modified_time\" content=\"2024-11-13T16:26:14+00:00\" \/>\n<meta property=\"og:image\" content=\"https:\/\/panoramaciudadano.com\/wp-content\/uploads\/2024\/11\/3-65.jpeg\" \/>\n\t<meta property=\"og:image:width\" content=\"1475\" \/>\n\t<meta property=\"og:image:height\" content=\"1080\" \/>\n\t<meta property=\"og:image:type\" content=\"image\/jpeg\" \/>\n<meta name=\"author\" content=\"admin\" \/>\n<meta name=\"twitter:card\" content=\"summary_large_image\" \/>\n<meta name=\"twitter:label1\" content=\"Escrito por\" \/>\n\t<meta name=\"twitter:data1\" content=\"admin\" \/>\n\t<meta name=\"twitter:label2\" content=\"Tiempo de lectura\" \/>\n\t<meta name=\"twitter:data2\" content=\"2 minutos\" \/>\n<script type=\"application\/ld+json\" class=\"yoast-schema-graph\">{\"@context\":\"https:\/\/schema.org\",\"@graph\":[{\"@type\":\"Article\",\"@id\":\"https:\/\/panoramaciudadano.com\/index.php\/2024\/11\/13\/familia-busca-a-joven-que-salio-de-yucatan-en-busca-de-trabajo-y-aparece-en-un-anexo-de-cancun-piden-intervencion-de-autoridades\/#article\",\"isPartOf\":{\"@id\":\"https:\/\/panoramaciudadano.com\/index.php\/2024\/11\/13\/familia-busca-a-joven-que-salio-de-yucatan-en-busca-de-trabajo-y-aparece-en-un-anexo-de-cancun-piden-intervencion-de-autoridades\/\"},\"author\":{\"name\":\"admin\",\"@id\":\"https:\/\/panoramaciudadano.com\/#\/schema\/person\/ffe9fe8ef47d3a93977b5761fd9e0d96\"},\"headline\":\"Familia busca a joven que sali\u00f3 de Yucat\u00e1n en busca de trabajo y aparece en un anexo de Canc\u00fan; piden intervenci\u00f3n de autoridades\",\"datePublished\":\"2024-11-13T16:26:13+00:00\",\"dateModified\":\"2024-11-13T16:26:14+00:00\",\"mainEntityOfPage\":{\"@id\":\"https:\/\/panoramaciudadano.com\/index.php\/2024\/11\/13\/familia-busca-a-joven-que-salio-de-yucatan-en-busca-de-trabajo-y-aparece-en-un-anexo-de-cancun-piden-intervencion-de-autoridades\/\"},\"wordCount\":172,\"commentCount\":0,\"publisher\":{\"@id\":\"https:\/\/panoramaciudadano.com\/#organization\"},\"image\":{\"@id\":\"https:\/\/panoramaciudadano.com\/index.php\/2024\/11\/13\/familia-busca-a-joven-que-salio-de-yucatan-en-busca-de-trabajo-y-aparece-en-un-anexo-de-cancun-piden-intervencion-de-autoridades\/#primaryimage\"},\"thumbnailUrl\":\"https:\/\/panoramaciudadano.com\/wp-content\/uploads\/2024\/11\/3-65.jpeg\",\"keywords\":[\"anexo \u201cLibertad\u201d\"],\"articleSection\":[\"Canc\u00fan\"],\"inLanguage\":\"es\",\"potentialAction\":[{\"@type\":\"CommentAction\",\"name\":\"Comment\",\"target\":[\"https:\/\/panoramaciudadano.com\/index.php\/2024\/11\/13\/familia-busca-a-joven-que-salio-de-yucatan-en-busca-de-trabajo-y-aparece-en-un-anexo-de-cancun-piden-intervencion-de-autoridades\/#respond\"]}]},{\"@type\":\"WebPage\",\"@id\":\"https:\/\/panoramaciudadano.com\/index.php\/2024\/11\/13\/familia-busca-a-joven-que-salio-de-yucatan-en-busca-de-trabajo-y-aparece-en-un-anexo-de-cancun-piden-intervencion-de-autoridades\/\",\"url\":\"https:\/\/panoramaciudadano.com\/index.php\/2024\/11\/13\/familia-busca-a-joven-que-salio-de-yucatan-en-busca-de-trabajo-y-aparece-en-un-anexo-de-cancun-piden-intervencion-de-autoridades\/\",\"name\":\"Familia busca a joven que sali\u00f3 de Yucat\u00e1n en busca de trabajo y aparece en un anexo de Canc\u00fan; piden intervenci\u00f3n de autoridades - Panorama Ciudadano\",\"isPartOf\":{\"@id\":\"https:\/\/panoramaciudadano.com\/#website\"},\"primaryImageOfPage\":{\"@id\":\"https:\/\/panoramaciudadano.com\/index.php\/2024\/11\/13\/familia-busca-a-joven-que-salio-de-yucatan-en-busca-de-trabajo-y-aparece-en-un-anexo-de-cancun-piden-intervencion-de-autoridades\/#primaryimage\"},\"image\":{\"@id\":\"https:\/\/panoramaciudadano.com\/index.php\/2024\/11\/13\/familia-busca-a-joven-que-salio-de-yucatan-en-busca-de-trabajo-y-aparece-en-un-anexo-de-cancun-piden-intervencion-de-autoridades\/#primaryimage\"},\"thumbnailUrl\":\"https:\/\/panoramaciudadano.com\/wp-content\/uploads\/2024\/11\/3-65.jpeg\",\"datePublished\":\"2024-11-13T16:26:13+00:00\",\"dateModified\":\"2024-11-13T16:26:14+00:00\",\"breadcrumb\":{\"@id\":\"https:\/\/panoramaciudadano.com\/index.php\/2024\/11\/13\/familia-busca-a-joven-que-salio-de-yucatan-en-busca-de-trabajo-y-aparece-en-un-anexo-de-cancun-piden-intervencion-de-autoridades\/#breadcrumb\"},\"inLanguage\":\"es\",\"potentialAction\":[{\"@type\":\"ReadAction\",\"target\":[\"https:\/\/panoramaciudadano.com\/index.php\/2024\/11\/13\/familia-busca-a-joven-que-salio-de-yucatan-en-busca-de-trabajo-y-aparece-en-un-anexo-de-cancun-piden-intervencion-de-autoridades\/\"]}]},{\"@type\":\"ImageObject\",\"inLanguage\":\"es\",\"@id\":\"https:\/\/panoramaciudadano.com\/index.php\/2024\/11\/13\/familia-busca-a-joven-que-salio-de-yucatan-en-busca-de-trabajo-y-aparece-en-un-anexo-de-cancun-piden-intervencion-de-autoridades\/#primaryimage\",\"url\":\"https:\/\/panoramaciudadano.com\/wp-content\/uploads\/2024\/11\/3-65.jpeg\",\"contentUrl\":\"https:\/\/panoramaciudadano.com\/wp-content\/uploads\/2024\/11\/3-65.jpeg\",\"width\":1475,\"height\":1080},{\"@type\":\"BreadcrumbList\",\"@id\":\"https:\/\/panoramaciudadano.com\/index.php\/2024\/11\/13\/familia-busca-a-joven-que-salio-de-yucatan-en-busca-de-trabajo-y-aparece-en-un-anexo-de-cancun-piden-intervencion-de-autoridades\/#breadcrumb\",\"itemListElement\":[{\"@type\":\"ListItem\",\"position\":1,\"name\":\"Portada\",\"item\":\"https:\/\/panoramaciudadano.com\/\"},{\"@type\":\"ListItem\",\"position\":2,\"name\":\"Familia busca a joven que sali\u00f3 de Yucat\u00e1n en busca de trabajo y aparece en un anexo de Canc\u00fan; piden intervenci\u00f3n de autoridades\"}]},{\"@type\":\"WebSite\",\"@id\":\"https:\/\/panoramaciudadano.com\/#website\",\"url\":\"https:\/\/panoramaciudadano.com\/\",\"name\":\"Panorama Ciudadano\",\"description\":\"\",\"publisher\":{\"@id\":\"https:\/\/panoramaciudadano.com\/#organization\"},\"potentialAction\":[{\"@type\":\"SearchAction\",\"target\":{\"@type\":\"EntryPoint\",\"urlTemplate\":\"https:\/\/panoramaciudadano.com\/?s={search_term_string}\"},\"query-input\":{\"@type\":\"PropertyValueSpecification\",\"valueRequired\":true,\"valueName\":\"search_term_string\"}}],\"inLanguage\":\"es\"},{\"@type\":\"Organization\",\"@id\":\"https:\/\/panoramaciudadano.com\/#organization\",\"name\":\"Panorama Ciudadano\",\"url\":\"https:\/\/panoramaciudadano.com\/\",\"logo\":{\"@type\":\"ImageObject\",\"inLanguage\":\"es\",\"@id\":\"https:\/\/panoramaciudadano.com\/#\/schema\/logo\/image\/\",\"url\":\"https:\/\/panoramaciudadano.com\/wp-content\/uploads\/2024\/05\/401498640_919267042938564_6290593609399108733_n.jpg\",\"contentUrl\":\"https:\/\/panoramaciudadano.com\/wp-content\/uploads\/2024\/05\/401498640_919267042938564_6290593609399108733_n.jpg\",\"width\":960,\"height\":957,\"caption\":\"Panorama Ciudadano\"},\"image\":{\"@id\":\"https:\/\/panoramaciudadano.com\/#\/schema\/logo\/image\/\"},\"sameAs\":[\"https:\/\/www.facebook.com\/panoramaciudadano\"]},{\"@type\":\"Person\",\"@id\":\"https:\/\/panoramaciudadano.com\/#\/schema\/person\/ffe9fe8ef47d3a93977b5761fd9e0d96\",\"name\":\"admin\",\"image\":{\"@type\":\"ImageObject\",\"inLanguage\":\"es\",\"@id\":\"https:\/\/panoramaciudadano.com\/#\/schema\/person\/image\/\",\"url\":\"https:\/\/secure.gravatar.com\/avatar\/2d5a12cacce3f18096f25fadea8abb7202fef18ed669595589853e84260ff451?s=96&d=mm&r=g\",\"contentUrl\":\"https:\/\/secure.gravatar.com\/avatar\/2d5a12cacce3f18096f25fadea8abb7202fef18ed669595589853e84260ff451?s=96&d=mm&r=g\",\"caption\":\"admin\"},\"sameAs\":[\"https:\/\/panoramaciudadano.com\"],\"url\":\"https:\/\/panoramaciudadano.com\/index.php\/author\/admin_3q6hyqq3\/\"}]}<\/script>\n<!-- \/ Yoast SEO plugin. -->","yoast_head_json":{"title":"Familia busca a joven que sali\u00f3 de Yucat\u00e1n en busca de trabajo y aparece en un anexo de Canc\u00fan; piden intervenci\u00f3n de autoridades - Panorama Ciudadano","robots":{"index":"index","follow":"follow","max-snippet":"max-snippet:-1","max-image-preview":"max-image-preview:large","max-video-preview":"max-video-preview:-1"},"canonical":"https:\/\/panoramaciudadano.com\/index.php\/2024\/11\/13\/familia-busca-a-joven-que-salio-de-yucatan-en-busca-de-trabajo-y-aparece-en-un-anexo-de-cancun-piden-intervencion-de-autoridades\/","og_locale":"es_ES","og_type":"article","og_title":"Familia busca a joven que sali\u00f3 de Yucat\u00e1n en busca de trabajo y aparece en un anexo de Canc\u00fan; piden intervenci\u00f3n de autoridades - Panorama Ciudadano","og_description":"Deja el estado de Yucat\u00e1n para buscar trabajo y sus familiares\u00a0lo ubican, semanas despu\u00e9s, anexado en la regi\u00f3n 90.","og_url":"https:\/\/panoramaciudadano.com\/index.php\/2024\/11\/13\/familia-busca-a-joven-que-salio-de-yucatan-en-busca-de-trabajo-y-aparece-en-un-anexo-de-cancun-piden-intervencion-de-autoridades\/","og_site_name":"Panorama Ciudadano","article_publisher":"https:\/\/www.facebook.com\/panoramaciudadano","article_published_time":"2024-11-13T16:26:13+00:00","article_modified_time":"2024-11-13T16:26:14+00:00","og_image":[{"width":1475,"height":1080,"url":"https:\/\/panoramaciudadano.com\/wp-content\/uploads\/2024\/11\/3-65.jpeg","type":"image\/jpeg"}],"author":"admin","twitter_card":"summary_large_image","twitter_misc":{"Escrito por":"admin","Tiempo de lectura":"2 minutos"},"schema":{"@context":"https:\/\/schema.org","@graph":[{"@type":"Article","@id":"https:\/\/panoramaciudadano.com\/index.php\/2024\/11\/13\/familia-busca-a-joven-que-salio-de-yucatan-en-busca-de-trabajo-y-aparece-en-un-anexo-de-cancun-piden-intervencion-de-autoridades\/#article","isPartOf":{"@id":"https:\/\/panoramaciudadano.com\/index.php\/2024\/11\/13\/familia-busca-a-joven-que-salio-de-yucatan-en-busca-de-trabajo-y-aparece-en-un-anexo-de-cancun-piden-intervencion-de-autoridades\/"},"author":{"name":"admin","@id":"https:\/\/panoramaciudadano.com\/#\/schema\/person\/ffe9fe8ef47d3a93977b5761fd9e0d96"},"headline":"Familia busca a joven que sali\u00f3 de Yucat\u00e1n en busca de trabajo y aparece en un anexo de Canc\u00fan; piden intervenci\u00f3n de autoridades","datePublished":"2024-11-13T16:26:13+00:00","dateModified":"2024-11-13T16:26:14+00:00","mainEntityOfPage":{"@id":"https:\/\/panoramaciudadano.com\/index.php\/2024\/11\/13\/familia-busca-a-joven-que-salio-de-yucatan-en-busca-de-trabajo-y-aparece-en-un-anexo-de-cancun-piden-intervencion-de-autoridades\/"},"wordCount":172,"commentCount":0,"publisher":{"@id":"https:\/\/panoramaciudadano.com\/#organization"},"image":{"@id":"https:\/\/panoramaciudadano.com\/index.php\/2024\/11\/13\/familia-busca-a-joven-que-salio-de-yucatan-en-busca-de-trabajo-y-aparece-en-un-anexo-de-cancun-piden-intervencion-de-autoridades\/#primaryimage"},"thumbnailUrl":"https:\/\/panoramaciudadano.com\/wp-content\/uploads\/2024\/11\/3-65.jpeg","keywords":["anexo \u201cLibertad\u201d"],"articleSection":["Canc\u00fan"],"inLanguage":"es","potentialAction":[{"@type":"CommentAction","name":"Comment","target":["https:\/\/panoramaciudadano.com\/index.php\/2024\/11\/13\/familia-busca-a-joven-que-salio-de-yucatan-en-busca-de-trabajo-y-aparece-en-un-anexo-de-cancun-piden-intervencion-de-autoridades\/#respond"]}]},{"@type":"WebPage","@id":"https:\/\/panoramaciudadano.com\/index.php\/2024\/11\/13\/familia-busca-a-joven-que-salio-de-yucatan-en-busca-de-trabajo-y-aparece-en-un-anexo-de-cancun-piden-intervencion-de-autoridades\/","url":"https:\/\/panoramaciudadano.com\/index.php\/2024\/11\/13\/familia-busca-a-joven-que-salio-de-yucatan-en-busca-de-trabajo-y-aparece-en-un-anexo-de-cancun-piden-intervencion-de-autoridades\/","name":"Familia busca a joven que sali\u00f3 de Yucat\u00e1n en busca de trabajo y aparece en un anexo de Canc\u00fan; piden intervenci\u00f3n de autoridades - Panorama Ciudadano","isPartOf":{"@id":"https:\/\/panoramaciudadano.com\/#website"},"primaryImageOfPage":{"@id":"https:\/\/panoramaciudadano.com\/index.php\/2024\/11\/13\/familia-busca-a-joven-que-salio-de-yucatan-en-busca-de-trabajo-y-aparece-en-un-anexo-de-cancun-piden-intervencion-de-autoridades\/#primaryimage"},"image":{"@id":"https:\/\/panoramaciudadano.com\/index.php\/2024\/11\/13\/familia-busca-a-joven-que-salio-de-yucatan-en-busca-de-trabajo-y-aparece-en-un-anexo-de-cancun-piden-intervencion-de-autoridades\/#primaryimage"},"thumbnailUrl":"https:\/\/panoramaciudadano.com\/wp-content\/uploads\/2024\/11\/3-65.jpeg","datePublished":"2024-11-13T16:26:13+00:00","dateModified":"2024-11-13T16:26:14+00:00","breadcrumb":{"@id":"https:\/\/panoramaciudadano.com\/index.php\/2024\/11\/13\/familia-busca-a-joven-que-salio-de-yucatan-en-busca-de-trabajo-y-aparece-en-un-anexo-de-cancun-piden-intervencion-de-autoridades\/#breadcrumb"},"inLanguage":"es","potentialAction":[{"@type":"ReadAction","target":["https:\/\/panoramaciudadano.com\/index.php\/2024\/11\/13\/familia-busca-a-joven-que-salio-de-yucatan-en-busca-de-trabajo-y-aparece-en-un-anexo-de-cancun-piden-intervencion-de-autoridades\/"]}]},{"@type":"ImageObject","inLanguage":"es","@id":"https:\/\/panoramaciudadano.com\/index.php\/2024\/11\/13\/familia-busca-a-joven-que-salio-de-yucatan-en-busca-de-trabajo-y-aparece-en-un-anexo-de-cancun-piden-intervencion-de-autoridades\/#primaryimage","url":"https:\/\/panoramaciudadano.com\/wp-content\/uploads\/2024\/11\/3-65.jpeg","contentUrl":"https:\/\/panoramaciudadano.com\/wp-content\/uploads\/2024\/11\/3-65.jpeg","width":1475,"height":1080},{"@type":"BreadcrumbList","@id":"https:\/\/panoramaciudadano.com\/index.php\/2024\/11\/13\/familia-busca-a-joven-que-salio-de-yucatan-en-busca-de-trabajo-y-aparece-en-un-anexo-de-cancun-piden-intervencion-de-autoridades\/#breadcrumb","itemListElement":[{"@type":"ListItem","position":1,"name":"Portada","item":"https:\/\/panoramaciudadano.com\/"},{"@type":"ListItem","position":2,"name":"Familia busca a joven que sali\u00f3 de Yucat\u00e1n en busca de trabajo y aparece en un anexo de Canc\u00fan; piden intervenci\u00f3n de autoridades"}]},{"@type":"WebSite","@id":"https:\/\/panoramaciudadano.com\/#website","url":"https:\/\/panoramaciudadano.com\/","name":"Panorama Ciudadano","description":"","publisher":{"@id":"https:\/\/panoramaciudadano.com\/#organization"},"potentialAction":[{"@type":"SearchAction","target":{"@type":"EntryPoint","urlTemplate":"https:\/\/panoramaciudadano.com\/?s={search_term_string}"},"query-input":{"@type":"PropertyValueSpecification","valueRequired":true,"valueName":"search_term_string"}}],"inLanguage":"es"},{"@type":"Organization","@id":"https:\/\/panoramaciudadano.com\/#organization","name":"Panorama Ciudadano","url":"https:\/\/panoramaciudadano.com\/","logo":{"@type":"ImageObject","inLanguage":"es","@id":"https:\/\/panoramaciudadano.com\/#\/schema\/logo\/image\/","url":"https:\/\/panoramaciudadano.com\/wp-content\/uploads\/2024\/05\/401498640_919267042938564_6290593609399108733_n.jpg","contentUrl":"https:\/\/panoramaciudadano.com\/wp-content\/uploads\/2024\/05\/401498640_919267042938564_6290593609399108733_n.jpg","width":960,"height":957,"caption":"Panorama Ciudadano"},"image":{"@id":"https:\/\/panoramaciudadano.com\/#\/schema\/logo\/image\/"},"sameAs":["https:\/\/www.facebook.com\/panoramaciudadano"]},{"@type":"Person","@id":"https:\/\/panoramaciudadano.com\/#\/schema\/person\/ffe9fe8ef47d3a93977b5761fd9e0d96","name":"admin","image":{"@type":"ImageObject","inLanguage":"es","@id":"https:\/\/panoramaciudadano.com\/#\/schema\/person\/image\/","url":"https:\/\/secure.gravatar.com\/avatar\/2d5a12cacce3f18096f25fadea8abb7202fef18ed669595589853e84260ff451?s=96&d=mm&r=g","contentUrl":"https:\/\/secure.gravatar.com\/avatar\/2d5a12cacce3f18096f25fadea8abb7202fef18ed669595589853e84260ff451?s=96&d=mm&r=g","caption":"admin"},"sameAs":["https:\/\/panoramaciudadano.com"],"url":"https:\/\/panoramaciudadano.com\/index.php\/author\/admin_3q6hyqq3\/"}]}},"_links":{"self":[{"href":"https:\/\/panoramaciudadano.com\/index.php\/wp-json\/wp\/v2\/posts\/6779","targetHints":{"allow":["GET"]}}],"collection":[{"href":"https:\/\/panoramaciudadano.com\/index.php\/wp-json\/wp\/v2\/posts"}],"about":[{"href":"https:\/\/panoramaciudadano.com\/index.php\/wp-json\/wp\/v2\/types\/post"}],"author":[{"embeddable":true,"href":"https:\/\/panoramaciudadano.com\/index.php\/wp-json\/wp\/v2\/users\/1"}],"replies":[{"embeddable":true,"href":"https:\/\/panoramaciudadano.com\/index.php\/wp-json\/wp\/v2\/comments?post=6779"}],"version-history":[{"count":1,"href":"https:\/\/panoramaciudadano.com\/index.php\/wp-json\/wp\/v2\/posts\/6779\/revisions"}],"predecessor-version":[{"id":6782,"href":"https:\/\/panoramaciudadano.com\/index.php\/wp-json\/wp\/v2\/posts\/6779\/revisions\/6782"}],"wp:featuredmedia":[{"embeddable":true,"href":"https:\/\/panoramaciudadano.com\/index.php\/wp-json\/wp\/v2\/media\/6780"}],"wp:attachment":[{"href":"https:\/\/panoramaciudadano.com\/index.php\/wp-json\/wp\/v2\/media?parent=6779"}],"wp:term":[{"taxonomy":"category","embeddable":true,"href":"https:\/\/panoramaciudadano.com\/index.php\/wp-json\/wp\/v2\/categories?post=6779"},{"taxonomy":"post_tag","embeddable":true,"href":"https:\/\/panoramaciudadano.com\/index.php\/wp-json\/wp\/v2\/tags?post=6779"}],"curies":[{"name":"wp","href":"https:\/\/api.w.org\/{rel}","templated":true}]}}