{"id":6787,"date":"2024-11-13T23:33:00","date_gmt":"2024-11-13T16:33:00","guid":{"rendered":"https:\/\/panoramaciudadano.com\/?p=6787"},"modified":"2024-11-13T23:33:01","modified_gmt":"2024-11-13T16:33:01","slug":"atenea-gomez-ricalde-supervisa-atencion-en-el-cendi-mi-ranchito-en-la-zona-continental","status":"publish","type":"post","link":"https:\/\/panoramaciudadano.com\/index.php\/2024\/11\/13\/atenea-gomez-ricalde-supervisa-atencion-en-el-cendi-mi-ranchito-en-la-zona-continental\/","title":{"rendered":"Atenea G\u00f3mez Ricalde supervisa atenci\u00f3n en el Cendi \u2018Mi Ranchito\u2019 en la Zona Continental"},"content":{"rendered":"\n<figure class=\"wp-block-image size-large\"><img decoding=\"async\" width=\"1024\" height=\"682\" src=\"https:\/\/panoramaciudadano.com\/wp-content\/uploads\/2024\/11\/WhatsApp-Image-2024-11-13-at-08.18.42-1024x682.jpeg\" alt=\"\" class=\"wp-image-6788\" srcset=\"https:\/\/panoramaciudadano.com\/wp-content\/uploads\/2024\/11\/WhatsApp-Image-2024-11-13-at-08.18.42-1024x682.jpeg 1024w, https:\/\/panoramaciudadano.com\/wp-content\/uploads\/2024\/11\/WhatsApp-Image-2024-11-13-at-08.18.42-300x200.jpeg 300w, https:\/\/panoramaciudadano.com\/wp-content\/uploads\/2024\/11\/WhatsApp-Image-2024-11-13-at-08.18.42-768x512.jpeg 768w, https:\/\/panoramaciudadano.com\/wp-content\/uploads\/2024\/11\/WhatsApp-Image-2024-11-13-at-08.18.42-1536x1023.jpeg 1536w, https:\/\/panoramaciudadano.com\/wp-content\/uploads\/2024\/11\/WhatsApp-Image-2024-11-13-at-08.18.42.jpeg 1600w\" sizes=\"(max-width: 1024px) 100vw, 1024px\" \/><\/figure>\n\n\n\n<p>La Presidenta Municipal de Isla Mujeres, Atenea G\u00f3mez Ricalde, realiz\u00f3 un recorrido por las instalaciones del Centro de Desarrollo Infantil (CENDI) \u201cMi Ranchito\u201d en la Zona Continental, con el objetivo de supervisar la calidad de la atenci\u00f3n que se brinda a las ni\u00f1as y ni\u00f1os.<\/p>\n\n\n\n<p>Durante su visita, la alcaldesa isle\u00f1a destac\u00f3 el compromiso del Ayuntamiento por fortalecer los servicios educativos y de cuidado infantil en el municipio.<\/p>\n\n\n\n<p>En el marco del D\u00eda Nacional del Libro, Atenea G\u00f3mez les ley\u00f3 cuentos a los peque\u00f1os, con la finalidad de incentivar la lectura entre la ni\u00f1ez.<\/p>\n\n\n\n<p>La Coordinadora del CENDI en Zona Continental, Guadalupe Estela Hadad Castillo, inform\u00f3 los servicios que brindan est\u00e1n destinados a ni\u00f1os de entre 2 y 5 a\u00f1os, abarcando desde el nivel maternal (2 a 2 a\u00f1os y medio) hasta el primer y tercer grado de preescolar (3 a 5 a\u00f1os).<br>La funcionaria municipal refiri\u00f3 que tambi\u00e9n se ofrece un servicio de guarder\u00eda disponible de 8:00 a 15:00 horas, brindando desayuno, almuerzo y colaci\u00f3n gratuitos a los menores.<\/p>\n\n\n\n<p>Por \u00faltimo, se destac\u00f3 que el CENDI cuenta con \u00e1reas especializadas en psicolog\u00eda y enfermer\u00eda, con el fin de atender las necesidades emocionales y de salud de los ni\u00f1os, fomentando un espacio seguro y saludable para su desarrollo integral.<\/p>\n\n\n\n<p>Este recorrido refleja el compromiso del Gobierno Municipal con el Nuevo Acuerdo por el Bienestar y Desarrollo de Quintana Roo que impulsa la Gobernadora Mara Lezama, donde se trabaja para que ni\u00f1as, ni\u00f1os y j\u00f3venes, reciban una educaci\u00f3n de calidad.<\/p>\n","protected":false},"excerpt":{"rendered":"<p>La Presidenta Municipal de Isla Mujeres, Atenea G\u00f3mez Ricalde, realiz\u00f3 un recorrido por las instalaciones del Centro de Desarrollo Infantil (CENDI) \u201cMi Ranchito\u201d en la Zona Continental, con el objetivo de supervisar la calidad de la atenci\u00f3n que se brinda a las ni\u00f1as y ni\u00f1os.<\/p>\n","protected":false},"author":1,"featured_media":6789,"comment_status":"open","ping_status":"closed","sticky":false,"template":"","format":"standard","meta":{"footnotes":""},"categories":[6],"tags":[336],"class_list":["post-6787","post","type-post","status-publish","format-standard","has-post-thumbnail","hentry","category-cancun","tag-atenea-gomez-ricalde"],"yoast_head":"<!-- This site is optimized with the Yoast SEO plugin v27.1.1 - https:\/\/yoast.com\/product\/yoast-seo-wordpress\/ -->\n<title>Atenea G\u00f3mez Ricalde supervisa atenci\u00f3n en el Cendi \u2018Mi Ranchito\u2019 en la Zona Continental - Panorama Ciudadano<\/title>\n<meta name=\"robots\" content=\"index, follow, max-snippet:-1, max-image-preview:large, max-video-preview:-1\" \/>\n<link rel=\"canonical\" href=\"https:\/\/panoramaciudadano.com\/index.php\/2024\/11\/13\/atenea-gomez-ricalde-supervisa-atencion-en-el-cendi-mi-ranchito-en-la-zona-continental\/\" \/>\n<meta property=\"og:locale\" content=\"es_ES\" \/>\n<meta property=\"og:type\" content=\"article\" \/>\n<meta property=\"og:title\" content=\"Atenea G\u00f3mez Ricalde supervisa atenci\u00f3n en el Cendi \u2018Mi Ranchito\u2019 en la Zona Continental - Panorama Ciudadano\" \/>\n<meta property=\"og:description\" content=\"La Presidenta Municipal de Isla Mujeres, Atenea G\u00f3mez Ricalde, realiz\u00f3 un recorrido por las instalaciones del Centro de Desarrollo Infantil (CENDI) \u201cMi Ranchito\u201d en la Zona Continental, con el objetivo de supervisar la calidad de la atenci\u00f3n que se brinda a las ni\u00f1as y ni\u00f1os.\" \/>\n<meta property=\"og:url\" content=\"https:\/\/panoramaciudadano.com\/index.php\/2024\/11\/13\/atenea-gomez-ricalde-supervisa-atencion-en-el-cendi-mi-ranchito-en-la-zona-continental\/\" \/>\n<meta property=\"og:site_name\" content=\"Panorama Ciudadano\" \/>\n<meta property=\"article:publisher\" content=\"https:\/\/www.facebook.com\/panoramaciudadano\" \/>\n<meta property=\"article:published_time\" content=\"2024-11-13T16:33:00+00:00\" \/>\n<meta property=\"article:modified_time\" content=\"2024-11-13T16:33:01+00:00\" \/>\n<meta property=\"og:image\" content=\"https:\/\/panoramaciudadano.com\/wp-content\/uploads\/2024\/11\/2-80.jpeg\" \/>\n\t<meta property=\"og:image:width\" content=\"1600\" \/>\n\t<meta property=\"og:image:height\" content=\"1062\" \/>\n\t<meta property=\"og:image:type\" content=\"image\/jpeg\" \/>\n<meta name=\"author\" content=\"admin\" \/>\n<meta name=\"twitter:card\" content=\"summary_large_image\" \/>\n<meta name=\"twitter:label1\" content=\"Escrito por\" \/>\n\t<meta name=\"twitter:data1\" content=\"admin\" \/>\n\t<meta name=\"twitter:label2\" content=\"Tiempo de lectura\" \/>\n\t<meta name=\"twitter:data2\" content=\"2 minutos\" \/>\n<script type=\"application\/ld+json\" class=\"yoast-schema-graph\">{\"@context\":\"https:\/\/schema.org\",\"@graph\":[{\"@type\":\"Article\",\"@id\":\"https:\/\/panoramaciudadano.com\/index.php\/2024\/11\/13\/atenea-gomez-ricalde-supervisa-atencion-en-el-cendi-mi-ranchito-en-la-zona-continental\/#article\",\"isPartOf\":{\"@id\":\"https:\/\/panoramaciudadano.com\/index.php\/2024\/11\/13\/atenea-gomez-ricalde-supervisa-atencion-en-el-cendi-mi-ranchito-en-la-zona-continental\/\"},\"author\":{\"name\":\"admin\",\"@id\":\"https:\/\/panoramaciudadano.com\/#\/schema\/person\/ffe9fe8ef47d3a93977b5761fd9e0d96\"},\"headline\":\"Atenea G\u00f3mez Ricalde supervisa atenci\u00f3n en el Cendi \u2018Mi Ranchito\u2019 en la Zona Continental\",\"datePublished\":\"2024-11-13T16:33:00+00:00\",\"dateModified\":\"2024-11-13T16:33:01+00:00\",\"mainEntityOfPage\":{\"@id\":\"https:\/\/panoramaciudadano.com\/index.php\/2024\/11\/13\/atenea-gomez-ricalde-supervisa-atencion-en-el-cendi-mi-ranchito-en-la-zona-continental\/\"},\"wordCount\":281,\"commentCount\":0,\"publisher\":{\"@id\":\"https:\/\/panoramaciudadano.com\/#organization\"},\"image\":{\"@id\":\"https:\/\/panoramaciudadano.com\/index.php\/2024\/11\/13\/atenea-gomez-ricalde-supervisa-atencion-en-el-cendi-mi-ranchito-en-la-zona-continental\/#primaryimage\"},\"thumbnailUrl\":\"https:\/\/panoramaciudadano.com\/wp-content\/uploads\/2024\/11\/2-80.jpeg\",\"keywords\":[\"Atenea G\u00f3mez Ricalde\"],\"articleSection\":[\"Canc\u00fan\"],\"inLanguage\":\"es\",\"potentialAction\":[{\"@type\":\"CommentAction\",\"name\":\"Comment\",\"target\":[\"https:\/\/panoramaciudadano.com\/index.php\/2024\/11\/13\/atenea-gomez-ricalde-supervisa-atencion-en-el-cendi-mi-ranchito-en-la-zona-continental\/#respond\"]}]},{\"@type\":\"WebPage\",\"@id\":\"https:\/\/panoramaciudadano.com\/index.php\/2024\/11\/13\/atenea-gomez-ricalde-supervisa-atencion-en-el-cendi-mi-ranchito-en-la-zona-continental\/\",\"url\":\"https:\/\/panoramaciudadano.com\/index.php\/2024\/11\/13\/atenea-gomez-ricalde-supervisa-atencion-en-el-cendi-mi-ranchito-en-la-zona-continental\/\",\"name\":\"Atenea G\u00f3mez Ricalde supervisa atenci\u00f3n en el Cendi \u2018Mi Ranchito\u2019 en la Zona Continental - Panorama Ciudadano\",\"isPartOf\":{\"@id\":\"https:\/\/panoramaciudadano.com\/#website\"},\"primaryImageOfPage\":{\"@id\":\"https:\/\/panoramaciudadano.com\/index.php\/2024\/11\/13\/atenea-gomez-ricalde-supervisa-atencion-en-el-cendi-mi-ranchito-en-la-zona-continental\/#primaryimage\"},\"image\":{\"@id\":\"https:\/\/panoramaciudadano.com\/index.php\/2024\/11\/13\/atenea-gomez-ricalde-supervisa-atencion-en-el-cendi-mi-ranchito-en-la-zona-continental\/#primaryimage\"},\"thumbnailUrl\":\"https:\/\/panoramaciudadano.com\/wp-content\/uploads\/2024\/11\/2-80.jpeg\",\"datePublished\":\"2024-11-13T16:33:00+00:00\",\"dateModified\":\"2024-11-13T16:33:01+00:00\",\"breadcrumb\":{\"@id\":\"https:\/\/panoramaciudadano.com\/index.php\/2024\/11\/13\/atenea-gomez-ricalde-supervisa-atencion-en-el-cendi-mi-ranchito-en-la-zona-continental\/#breadcrumb\"},\"inLanguage\":\"es\",\"potentialAction\":[{\"@type\":\"ReadAction\",\"target\":[\"https:\/\/panoramaciudadano.com\/index.php\/2024\/11\/13\/atenea-gomez-ricalde-supervisa-atencion-en-el-cendi-mi-ranchito-en-la-zona-continental\/\"]}]},{\"@type\":\"ImageObject\",\"inLanguage\":\"es\",\"@id\":\"https:\/\/panoramaciudadano.com\/index.php\/2024\/11\/13\/atenea-gomez-ricalde-supervisa-atencion-en-el-cendi-mi-ranchito-en-la-zona-continental\/#primaryimage\",\"url\":\"https:\/\/panoramaciudadano.com\/wp-content\/uploads\/2024\/11\/2-80.jpeg\",\"contentUrl\":\"https:\/\/panoramaciudadano.com\/wp-content\/uploads\/2024\/11\/2-80.jpeg\",\"width\":1600,\"height\":1062},{\"@type\":\"BreadcrumbList\",\"@id\":\"https:\/\/panoramaciudadano.com\/index.php\/2024\/11\/13\/atenea-gomez-ricalde-supervisa-atencion-en-el-cendi-mi-ranchito-en-la-zona-continental\/#breadcrumb\",\"itemListElement\":[{\"@type\":\"ListItem\",\"position\":1,\"name\":\"Portada\",\"item\":\"https:\/\/panoramaciudadano.com\/\"},{\"@type\":\"ListItem\",\"position\":2,\"name\":\"Atenea G\u00f3mez Ricalde supervisa atenci\u00f3n en el Cendi \u2018Mi Ranchito\u2019 en la Zona Continental\"}]},{\"@type\":\"WebSite\",\"@id\":\"https:\/\/panoramaciudadano.com\/#website\",\"url\":\"https:\/\/panoramaciudadano.com\/\",\"name\":\"Panorama Ciudadano\",\"description\":\"\",\"publisher\":{\"@id\":\"https:\/\/panoramaciudadano.com\/#organization\"},\"potentialAction\":[{\"@type\":\"SearchAction\",\"target\":{\"@type\":\"EntryPoint\",\"urlTemplate\":\"https:\/\/panoramaciudadano.com\/?s={search_term_string}\"},\"query-input\":{\"@type\":\"PropertyValueSpecification\",\"valueRequired\":true,\"valueName\":\"search_term_string\"}}],\"inLanguage\":\"es\"},{\"@type\":\"Organization\",\"@id\":\"https:\/\/panoramaciudadano.com\/#organization\",\"name\":\"Panorama Ciudadano\",\"url\":\"https:\/\/panoramaciudadano.com\/\",\"logo\":{\"@type\":\"ImageObject\",\"inLanguage\":\"es\",\"@id\":\"https:\/\/panoramaciudadano.com\/#\/schema\/logo\/image\/\",\"url\":\"https:\/\/panoramaciudadano.com\/wp-content\/uploads\/2024\/05\/401498640_919267042938564_6290593609399108733_n.jpg\",\"contentUrl\":\"https:\/\/panoramaciudadano.com\/wp-content\/uploads\/2024\/05\/401498640_919267042938564_6290593609399108733_n.jpg\",\"width\":960,\"height\":957,\"caption\":\"Panorama Ciudadano\"},\"image\":{\"@id\":\"https:\/\/panoramaciudadano.com\/#\/schema\/logo\/image\/\"},\"sameAs\":[\"https:\/\/www.facebook.com\/panoramaciudadano\"]},{\"@type\":\"Person\",\"@id\":\"https:\/\/panoramaciudadano.com\/#\/schema\/person\/ffe9fe8ef47d3a93977b5761fd9e0d96\",\"name\":\"admin\",\"image\":{\"@type\":\"ImageObject\",\"inLanguage\":\"es\",\"@id\":\"https:\/\/panoramaciudadano.com\/#\/schema\/person\/image\/\",\"url\":\"https:\/\/secure.gravatar.com\/avatar\/2d5a12cacce3f18096f25fadea8abb7202fef18ed669595589853e84260ff451?s=96&d=mm&r=g\",\"contentUrl\":\"https:\/\/secure.gravatar.com\/avatar\/2d5a12cacce3f18096f25fadea8abb7202fef18ed669595589853e84260ff451?s=96&d=mm&r=g\",\"caption\":\"admin\"},\"sameAs\":[\"https:\/\/panoramaciudadano.com\"],\"url\":\"https:\/\/panoramaciudadano.com\/index.php\/author\/admin_3q6hyqq3\/\"}]}<\/script>\n<!-- \/ Yoast SEO plugin. -->","yoast_head_json":{"title":"Atenea G\u00f3mez Ricalde supervisa atenci\u00f3n en el Cendi \u2018Mi Ranchito\u2019 en la Zona Continental - Panorama Ciudadano","robots":{"index":"index","follow":"follow","max-snippet":"max-snippet:-1","max-image-preview":"max-image-preview:large","max-video-preview":"max-video-preview:-1"},"canonical":"https:\/\/panoramaciudadano.com\/index.php\/2024\/11\/13\/atenea-gomez-ricalde-supervisa-atencion-en-el-cendi-mi-ranchito-en-la-zona-continental\/","og_locale":"es_ES","og_type":"article","og_title":"Atenea G\u00f3mez Ricalde supervisa atenci\u00f3n en el Cendi \u2018Mi Ranchito\u2019 en la Zona Continental - Panorama Ciudadano","og_description":"La Presidenta Municipal de Isla Mujeres, Atenea G\u00f3mez Ricalde, realiz\u00f3 un recorrido por las instalaciones del Centro de Desarrollo Infantil (CENDI) \u201cMi Ranchito\u201d en la Zona Continental, con el objetivo de supervisar la calidad de la atenci\u00f3n que se brinda a las ni\u00f1as y ni\u00f1os.","og_url":"https:\/\/panoramaciudadano.com\/index.php\/2024\/11\/13\/atenea-gomez-ricalde-supervisa-atencion-en-el-cendi-mi-ranchito-en-la-zona-continental\/","og_site_name":"Panorama Ciudadano","article_publisher":"https:\/\/www.facebook.com\/panoramaciudadano","article_published_time":"2024-11-13T16:33:00+00:00","article_modified_time":"2024-11-13T16:33:01+00:00","og_image":[{"width":1600,"height":1062,"url":"https:\/\/panoramaciudadano.com\/wp-content\/uploads\/2024\/11\/2-80.jpeg","type":"image\/jpeg"}],"author":"admin","twitter_card":"summary_large_image","twitter_misc":{"Escrito por":"admin","Tiempo de lectura":"2 minutos"},"schema":{"@context":"https:\/\/schema.org","@graph":[{"@type":"Article","@id":"https:\/\/panoramaciudadano.com\/index.php\/2024\/11\/13\/atenea-gomez-ricalde-supervisa-atencion-en-el-cendi-mi-ranchito-en-la-zona-continental\/#article","isPartOf":{"@id":"https:\/\/panoramaciudadano.com\/index.php\/2024\/11\/13\/atenea-gomez-ricalde-supervisa-atencion-en-el-cendi-mi-ranchito-en-la-zona-continental\/"},"author":{"name":"admin","@id":"https:\/\/panoramaciudadano.com\/#\/schema\/person\/ffe9fe8ef47d3a93977b5761fd9e0d96"},"headline":"Atenea G\u00f3mez Ricalde supervisa atenci\u00f3n en el Cendi \u2018Mi Ranchito\u2019 en la Zona Continental","datePublished":"2024-11-13T16:33:00+00:00","dateModified":"2024-11-13T16:33:01+00:00","mainEntityOfPage":{"@id":"https:\/\/panoramaciudadano.com\/index.php\/2024\/11\/13\/atenea-gomez-ricalde-supervisa-atencion-en-el-cendi-mi-ranchito-en-la-zona-continental\/"},"wordCount":281,"commentCount":0,"publisher":{"@id":"https:\/\/panoramaciudadano.com\/#organization"},"image":{"@id":"https:\/\/panoramaciudadano.com\/index.php\/2024\/11\/13\/atenea-gomez-ricalde-supervisa-atencion-en-el-cendi-mi-ranchito-en-la-zona-continental\/#primaryimage"},"thumbnailUrl":"https:\/\/panoramaciudadano.com\/wp-content\/uploads\/2024\/11\/2-80.jpeg","keywords":["Atenea G\u00f3mez Ricalde"],"articleSection":["Canc\u00fan"],"inLanguage":"es","potentialAction":[{"@type":"CommentAction","name":"Comment","target":["https:\/\/panoramaciudadano.com\/index.php\/2024\/11\/13\/atenea-gomez-ricalde-supervisa-atencion-en-el-cendi-mi-ranchito-en-la-zona-continental\/#respond"]}]},{"@type":"WebPage","@id":"https:\/\/panoramaciudadano.com\/index.php\/2024\/11\/13\/atenea-gomez-ricalde-supervisa-atencion-en-el-cendi-mi-ranchito-en-la-zona-continental\/","url":"https:\/\/panoramaciudadano.com\/index.php\/2024\/11\/13\/atenea-gomez-ricalde-supervisa-atencion-en-el-cendi-mi-ranchito-en-la-zona-continental\/","name":"Atenea G\u00f3mez Ricalde supervisa atenci\u00f3n en el Cendi \u2018Mi Ranchito\u2019 en la Zona Continental - Panorama Ciudadano","isPartOf":{"@id":"https:\/\/panoramaciudadano.com\/#website"},"primaryImageOfPage":{"@id":"https:\/\/panoramaciudadano.com\/index.php\/2024\/11\/13\/atenea-gomez-ricalde-supervisa-atencion-en-el-cendi-mi-ranchito-en-la-zona-continental\/#primaryimage"},"image":{"@id":"https:\/\/panoramaciudadano.com\/index.php\/2024\/11\/13\/atenea-gomez-ricalde-supervisa-atencion-en-el-cendi-mi-ranchito-en-la-zona-continental\/#primaryimage"},"thumbnailUrl":"https:\/\/panoramaciudadano.com\/wp-content\/uploads\/2024\/11\/2-80.jpeg","datePublished":"2024-11-13T16:33:00+00:00","dateModified":"2024-11-13T16:33:01+00:00","breadcrumb":{"@id":"https:\/\/panoramaciudadano.com\/index.php\/2024\/11\/13\/atenea-gomez-ricalde-supervisa-atencion-en-el-cendi-mi-ranchito-en-la-zona-continental\/#breadcrumb"},"inLanguage":"es","potentialAction":[{"@type":"ReadAction","target":["https:\/\/panoramaciudadano.com\/index.php\/2024\/11\/13\/atenea-gomez-ricalde-supervisa-atencion-en-el-cendi-mi-ranchito-en-la-zona-continental\/"]}]},{"@type":"ImageObject","inLanguage":"es","@id":"https:\/\/panoramaciudadano.com\/index.php\/2024\/11\/13\/atenea-gomez-ricalde-supervisa-atencion-en-el-cendi-mi-ranchito-en-la-zona-continental\/#primaryimage","url":"https:\/\/panoramaciudadano.com\/wp-content\/uploads\/2024\/11\/2-80.jpeg","contentUrl":"https:\/\/panoramaciudadano.com\/wp-content\/uploads\/2024\/11\/2-80.jpeg","width":1600,"height":1062},{"@type":"BreadcrumbList","@id":"https:\/\/panoramaciudadano.com\/index.php\/2024\/11\/13\/atenea-gomez-ricalde-supervisa-atencion-en-el-cendi-mi-ranchito-en-la-zona-continental\/#breadcrumb","itemListElement":[{"@type":"ListItem","position":1,"name":"Portada","item":"https:\/\/panoramaciudadano.com\/"},{"@type":"ListItem","position":2,"name":"Atenea G\u00f3mez Ricalde supervisa atenci\u00f3n en el Cendi \u2018Mi Ranchito\u2019 en la Zona Continental"}]},{"@type":"WebSite","@id":"https:\/\/panoramaciudadano.com\/#website","url":"https:\/\/panoramaciudadano.com\/","name":"Panorama Ciudadano","description":"","publisher":{"@id":"https:\/\/panoramaciudadano.com\/#organization"},"potentialAction":[{"@type":"SearchAction","target":{"@type":"EntryPoint","urlTemplate":"https:\/\/panoramaciudadano.com\/?s={search_term_string}"},"query-input":{"@type":"PropertyValueSpecification","valueRequired":true,"valueName":"search_term_string"}}],"inLanguage":"es"},{"@type":"Organization","@id":"https:\/\/panoramaciudadano.com\/#organization","name":"Panorama Ciudadano","url":"https:\/\/panoramaciudadano.com\/","logo":{"@type":"ImageObject","inLanguage":"es","@id":"https:\/\/panoramaciudadano.com\/#\/schema\/logo\/image\/","url":"https:\/\/panoramaciudadano.com\/wp-content\/uploads\/2024\/05\/401498640_919267042938564_6290593609399108733_n.jpg","contentUrl":"https:\/\/panoramaciudadano.com\/wp-content\/uploads\/2024\/05\/401498640_919267042938564_6290593609399108733_n.jpg","width":960,"height":957,"caption":"Panorama Ciudadano"},"image":{"@id":"https:\/\/panoramaciudadano.com\/#\/schema\/logo\/image\/"},"sameAs":["https:\/\/www.facebook.com\/panoramaciudadano"]},{"@type":"Person","@id":"https:\/\/panoramaciudadano.com\/#\/schema\/person\/ffe9fe8ef47d3a93977b5761fd9e0d96","name":"admin","image":{"@type":"ImageObject","inLanguage":"es","@id":"https:\/\/panoramaciudadano.com\/#\/schema\/person\/image\/","url":"https:\/\/secure.gravatar.com\/avatar\/2d5a12cacce3f18096f25fadea8abb7202fef18ed669595589853e84260ff451?s=96&d=mm&r=g","contentUrl":"https:\/\/secure.gravatar.com\/avatar\/2d5a12cacce3f18096f25fadea8abb7202fef18ed669595589853e84260ff451?s=96&d=mm&r=g","caption":"admin"},"sameAs":["https:\/\/panoramaciudadano.com"],"url":"https:\/\/panoramaciudadano.com\/index.php\/author\/admin_3q6hyqq3\/"}]}},"_links":{"self":[{"href":"https:\/\/panoramaciudadano.com\/index.php\/wp-json\/wp\/v2\/posts\/6787","targetHints":{"allow":["GET"]}}],"collection":[{"href":"https:\/\/panoramaciudadano.com\/index.php\/wp-json\/wp\/v2\/posts"}],"about":[{"href":"https:\/\/panoramaciudadano.com\/index.php\/wp-json\/wp\/v2\/types\/post"}],"author":[{"embeddable":true,"href":"https:\/\/panoramaciudadano.com\/index.php\/wp-json\/wp\/v2\/users\/1"}],"replies":[{"embeddable":true,"href":"https:\/\/panoramaciudadano.com\/index.php\/wp-json\/wp\/v2\/comments?post=6787"}],"version-history":[{"count":1,"href":"https:\/\/panoramaciudadano.com\/index.php\/wp-json\/wp\/v2\/posts\/6787\/revisions"}],"predecessor-version":[{"id":6790,"href":"https:\/\/panoramaciudadano.com\/index.php\/wp-json\/wp\/v2\/posts\/6787\/revisions\/6790"}],"wp:featuredmedia":[{"embeddable":true,"href":"https:\/\/panoramaciudadano.com\/index.php\/wp-json\/wp\/v2\/media\/6789"}],"wp:attachment":[{"href":"https:\/\/panoramaciudadano.com\/index.php\/wp-json\/wp\/v2\/media?parent=6787"}],"wp:term":[{"taxonomy":"category","embeddable":true,"href":"https:\/\/panoramaciudadano.com\/index.php\/wp-json\/wp\/v2\/categories?post=6787"},{"taxonomy":"post_tag","embeddable":true,"href":"https:\/\/panoramaciudadano.com\/index.php\/wp-json\/wp\/v2\/tags?post=6787"}],"curies":[{"name":"wp","href":"https:\/\/api.w.org\/{rel}","templated":true}]}}