{"id":6826,"date":"2024-11-14T00:19:42","date_gmt":"2024-11-13T17:19:42","guid":{"rendered":"https:\/\/panoramaciudadano.com\/?p=6826"},"modified":"2024-11-14T00:19:43","modified_gmt":"2024-11-13T17:19:43","slug":"ratifica-cabildo-de-benito-juarez-a-directores-de-organismos-descentralizados","status":"publish","type":"post","link":"https:\/\/panoramaciudadano.com\/index.php\/2024\/11\/14\/ratifica-cabildo-de-benito-juarez-a-directores-de-organismos-descentralizados\/","title":{"rendered":"RATIFICA CABILDO DE BENITO JU\u00c1REZ A DIRECTORES DE ORGANISMOS DESCENTRALIZADOS"},"content":{"rendered":"\n<figure class=\"wp-block-image size-full\"><img decoding=\"async\" width=\"960\" height=\"691\" src=\"https:\/\/panoramaciudadano.com\/wp-content\/uploads\/2024\/11\/3-71.jpeg\" alt=\"\" class=\"wp-image-6827\" srcset=\"https:\/\/panoramaciudadano.com\/wp-content\/uploads\/2024\/11\/3-71.jpeg 960w, https:\/\/panoramaciudadano.com\/wp-content\/uploads\/2024\/11\/3-71-300x216.jpeg 300w, https:\/\/panoramaciudadano.com\/wp-content\/uploads\/2024\/11\/3-71-768x553.jpeg 768w\" sizes=\"(max-width: 960px) 100vw, 960px\" \/><\/figure>\n\n\n\n<p>Para dar continuidad a las acciones de gobierno, el Cabildo de Benito Ju\u00e1rez, encabezado por la Presidenta Municipal, Ana Paty Peralta, ratific\u00f3 por unanimidad y tom\u00f3 protesta de ley a directores de ocho organismos descentralizados de la administraci\u00f3n 2024-2027.<\/p>\n\n\n\n<p>Al dirigirse a ellos durante la Cuarta Sesi\u00f3n Ordinaria en la sala \u201c20 de abril\u201d, la Primera Autoridad Municipal los exhort\u00f3 a conducirse en total apego al Dec\u00e1logo por el Bienestar del Pueblo Cancunense, en el que se prioriza a los ciudadanos, trabajando en unidad, haciendo equipo en reducir las brechas de desigualdad y poniendo primero a quienes m\u00e1s lo necesitan.<\/p>\n\n\n\n<p>\u201cHoy m\u00e1s que nunca, hagamos un compromiso de responder a los retos de nuestra ciudad y a las exigencias de las y los cancunenses\u201d, dijo.<\/p>\n\n\n\n<p>De esta forma, rindieron protesta como titulares: Alejandro Luna L\u00f3pez, en el Instituto Municipal del Deporte (IMD); Alberto Ortu\u00f1o B\u00e1ez, en el Instituto Municipal contra las Adicciones (IMCA); Fausto Adri\u00e1n Palacios, en Radio Cultural Ayuntamiento (RCA); Miroslava Reguera Mart\u00ednez, en el Instituto Municipal de la Mujer (IMM).<\/p>\n\n\n\n<p>A ellos, se suman: Franntz Jhoann Ancira Mart\u00ednez, en Soluci\u00f3n Integral de Residuos S\u00f3lidos Canc\u00fan (SIRESOL); B\u00e1rbara Jackeline Iturralde Ort\u00edz, en el Instituto Municipal de Desarrollo Administrativo e Innovaci\u00f3n (IMDAI); Sergio Carlos L\u00f3pez Jim\u00e9nez, en el Instituto Municipal de la Cultura y las Artes; y C\u00e9sar Santiago Augusto Fr\u00edas Canch\u00e9, en el Instituto Municipal de la Juventud (IMJUVE).<\/p>\n\n\n\n<p>En otro tema, se aprob\u00f3 por unanimidad la designaci\u00f3n de los representantes de los pueblos y comunidades ind\u00edgenas y afromexicanas, instituciones de educaci\u00f3n superior, c\u00e1maras empresariales y colegios de profesionistas que formar\u00e1n parte del Comit\u00e9 de Planeaci\u00f3n Municipal (COPLADEMUN) 2024-2027.<\/p>\n\n\n\n<p>Al respecto, la Presidenta Municipal resalt\u00f3 que se avanza en materia de transparencia e inclusi\u00f3n al agregar a nuevos segmentos como pueblos y comunidades ind\u00edgenas y afromexicanas, que se suman a los dem\u00e1s sectores para priorizar las necesidades y voces de toda la ciudadan\u00eda.<\/p>\n\n\n\n<p>En el mismo sentido, dicho cuerpo cabildar acept\u00f3 por unanimidad nombrar al regidor Carlos Enrique \u00c1vila Liz\u00e1rraga como vocal, que formar\u00e1 parte de la Junta de Gobierno del Instituto de Planeaci\u00f3n de Desarrollo Urbano (IMPLAN); as\u00ed como a los representantes de los organismos empresariales (ramas econ\u00f3mica y especializada) y organismos sociales (ramas educativa y social) que pertenecer\u00e1n al Consejo Consultivo de la misma dependencia.<\/p>\n\n\n\n<p>Por \u00faltimo, se acept\u00f3 por unanimidad la convocatoria para la elecci\u00f3n del delegado de Alfredo V. Bonfil, que ser\u00e1 el pr\u00f3ximo 22 de diciembre.<\/p>\n","protected":false},"excerpt":{"rendered":"<p>Para dar continuidad a las acciones de gobierno, el Cabildo de Benito Ju\u00e1rez, encabezado por la Presidenta Municipal, Ana Paty Peralta, ratific\u00f3 por unanimidad y tom\u00f3 protesta de ley a directores de ocho organismos descentralizados de la administraci\u00f3n 2024-2027.<\/p>\n","protected":false},"author":1,"featured_media":6827,"comment_status":"open","ping_status":"closed","sticky":false,"template":"","format":"standard","meta":{"footnotes":""},"categories":[6],"tags":[145],"class_list":["post-6826","post","type-post","status-publish","format-standard","has-post-thumbnail","hentry","category-cancun","tag-ana-paty-peralta"],"yoast_head":"<!-- This site is optimized with the Yoast SEO plugin v27.1.1 - https:\/\/yoast.com\/product\/yoast-seo-wordpress\/ -->\n<title>RATIFICA CABILDO DE BENITO JU\u00c1REZ A DIRECTORES DE ORGANISMOS DESCENTRALIZADOS - Panorama Ciudadano<\/title>\n<meta name=\"robots\" content=\"index, follow, max-snippet:-1, max-image-preview:large, max-video-preview:-1\" \/>\n<link rel=\"canonical\" href=\"https:\/\/panoramaciudadano.com\/index.php\/2024\/11\/14\/ratifica-cabildo-de-benito-juarez-a-directores-de-organismos-descentralizados\/\" \/>\n<meta property=\"og:locale\" content=\"es_ES\" \/>\n<meta property=\"og:type\" content=\"article\" \/>\n<meta property=\"og:title\" content=\"RATIFICA CABILDO DE BENITO JU\u00c1REZ A DIRECTORES DE ORGANISMOS DESCENTRALIZADOS - Panorama Ciudadano\" \/>\n<meta property=\"og:description\" content=\"Para dar continuidad a las acciones de gobierno, el Cabildo de Benito Ju\u00e1rez, encabezado por la Presidenta Municipal, Ana Paty Peralta, ratific\u00f3 por unanimidad y tom\u00f3 protesta de ley a directores de ocho organismos descentralizados de la administraci\u00f3n 2024-2027.\" \/>\n<meta property=\"og:url\" content=\"https:\/\/panoramaciudadano.com\/index.php\/2024\/11\/14\/ratifica-cabildo-de-benito-juarez-a-directores-de-organismos-descentralizados\/\" \/>\n<meta property=\"og:site_name\" content=\"Panorama Ciudadano\" \/>\n<meta property=\"article:publisher\" content=\"https:\/\/www.facebook.com\/panoramaciudadano\" \/>\n<meta property=\"article:published_time\" content=\"2024-11-13T17:19:42+00:00\" \/>\n<meta property=\"article:modified_time\" content=\"2024-11-13T17:19:43+00:00\" \/>\n<meta property=\"og:image\" content=\"https:\/\/panoramaciudadano.com\/wp-content\/uploads\/2024\/11\/3-71.jpeg\" \/>\n\t<meta property=\"og:image:width\" content=\"960\" \/>\n\t<meta property=\"og:image:height\" content=\"691\" \/>\n\t<meta property=\"og:image:type\" content=\"image\/jpeg\" \/>\n<meta name=\"author\" content=\"admin\" \/>\n<meta name=\"twitter:card\" content=\"summary_large_image\" \/>\n<meta name=\"twitter:label1\" content=\"Escrito por\" \/>\n\t<meta name=\"twitter:data1\" content=\"admin\" \/>\n\t<meta name=\"twitter:label2\" content=\"Tiempo de lectura\" \/>\n\t<meta name=\"twitter:data2\" content=\"3 minutos\" \/>\n<script type=\"application\/ld+json\" class=\"yoast-schema-graph\">{\"@context\":\"https:\/\/schema.org\",\"@graph\":[{\"@type\":\"Article\",\"@id\":\"https:\/\/panoramaciudadano.com\/index.php\/2024\/11\/14\/ratifica-cabildo-de-benito-juarez-a-directores-de-organismos-descentralizados\/#article\",\"isPartOf\":{\"@id\":\"https:\/\/panoramaciudadano.com\/index.php\/2024\/11\/14\/ratifica-cabildo-de-benito-juarez-a-directores-de-organismos-descentralizados\/\"},\"author\":{\"name\":\"admin\",\"@id\":\"https:\/\/panoramaciudadano.com\/#\/schema\/person\/ffe9fe8ef47d3a93977b5761fd9e0d96\"},\"headline\":\"RATIFICA CABILDO DE BENITO JU\u00c1REZ A DIRECTORES DE ORGANISMOS DESCENTRALIZADOS\",\"datePublished\":\"2024-11-13T17:19:42+00:00\",\"dateModified\":\"2024-11-13T17:19:43+00:00\",\"mainEntityOfPage\":{\"@id\":\"https:\/\/panoramaciudadano.com\/index.php\/2024\/11\/14\/ratifica-cabildo-de-benito-juarez-a-directores-de-organismos-descentralizados\/\"},\"wordCount\":449,\"commentCount\":0,\"publisher\":{\"@id\":\"https:\/\/panoramaciudadano.com\/#organization\"},\"image\":{\"@id\":\"https:\/\/panoramaciudadano.com\/index.php\/2024\/11\/14\/ratifica-cabildo-de-benito-juarez-a-directores-de-organismos-descentralizados\/#primaryimage\"},\"thumbnailUrl\":\"https:\/\/panoramaciudadano.com\/wp-content\/uploads\/2024\/11\/3-71.jpeg\",\"keywords\":[\"Ana Paty Peralta\"],\"articleSection\":[\"Canc\u00fan\"],\"inLanguage\":\"es\",\"potentialAction\":[{\"@type\":\"CommentAction\",\"name\":\"Comment\",\"target\":[\"https:\/\/panoramaciudadano.com\/index.php\/2024\/11\/14\/ratifica-cabildo-de-benito-juarez-a-directores-de-organismos-descentralizados\/#respond\"]}]},{\"@type\":\"WebPage\",\"@id\":\"https:\/\/panoramaciudadano.com\/index.php\/2024\/11\/14\/ratifica-cabildo-de-benito-juarez-a-directores-de-organismos-descentralizados\/\",\"url\":\"https:\/\/panoramaciudadano.com\/index.php\/2024\/11\/14\/ratifica-cabildo-de-benito-juarez-a-directores-de-organismos-descentralizados\/\",\"name\":\"RATIFICA CABILDO DE BENITO JU\u00c1REZ A DIRECTORES DE ORGANISMOS DESCENTRALIZADOS - Panorama Ciudadano\",\"isPartOf\":{\"@id\":\"https:\/\/panoramaciudadano.com\/#website\"},\"primaryImageOfPage\":{\"@id\":\"https:\/\/panoramaciudadano.com\/index.php\/2024\/11\/14\/ratifica-cabildo-de-benito-juarez-a-directores-de-organismos-descentralizados\/#primaryimage\"},\"image\":{\"@id\":\"https:\/\/panoramaciudadano.com\/index.php\/2024\/11\/14\/ratifica-cabildo-de-benito-juarez-a-directores-de-organismos-descentralizados\/#primaryimage\"},\"thumbnailUrl\":\"https:\/\/panoramaciudadano.com\/wp-content\/uploads\/2024\/11\/3-71.jpeg\",\"datePublished\":\"2024-11-13T17:19:42+00:00\",\"dateModified\":\"2024-11-13T17:19:43+00:00\",\"breadcrumb\":{\"@id\":\"https:\/\/panoramaciudadano.com\/index.php\/2024\/11\/14\/ratifica-cabildo-de-benito-juarez-a-directores-de-organismos-descentralizados\/#breadcrumb\"},\"inLanguage\":\"es\",\"potentialAction\":[{\"@type\":\"ReadAction\",\"target\":[\"https:\/\/panoramaciudadano.com\/index.php\/2024\/11\/14\/ratifica-cabildo-de-benito-juarez-a-directores-de-organismos-descentralizados\/\"]}]},{\"@type\":\"ImageObject\",\"inLanguage\":\"es\",\"@id\":\"https:\/\/panoramaciudadano.com\/index.php\/2024\/11\/14\/ratifica-cabildo-de-benito-juarez-a-directores-de-organismos-descentralizados\/#primaryimage\",\"url\":\"https:\/\/panoramaciudadano.com\/wp-content\/uploads\/2024\/11\/3-71.jpeg\",\"contentUrl\":\"https:\/\/panoramaciudadano.com\/wp-content\/uploads\/2024\/11\/3-71.jpeg\",\"width\":960,\"height\":691},{\"@type\":\"BreadcrumbList\",\"@id\":\"https:\/\/panoramaciudadano.com\/index.php\/2024\/11\/14\/ratifica-cabildo-de-benito-juarez-a-directores-de-organismos-descentralizados\/#breadcrumb\",\"itemListElement\":[{\"@type\":\"ListItem\",\"position\":1,\"name\":\"Portada\",\"item\":\"https:\/\/panoramaciudadano.com\/\"},{\"@type\":\"ListItem\",\"position\":2,\"name\":\"RATIFICA CABILDO DE BENITO JU\u00c1REZ A DIRECTORES DE ORGANISMOS DESCENTRALIZADOS\"}]},{\"@type\":\"WebSite\",\"@id\":\"https:\/\/panoramaciudadano.com\/#website\",\"url\":\"https:\/\/panoramaciudadano.com\/\",\"name\":\"Panorama Ciudadano\",\"description\":\"\",\"publisher\":{\"@id\":\"https:\/\/panoramaciudadano.com\/#organization\"},\"potentialAction\":[{\"@type\":\"SearchAction\",\"target\":{\"@type\":\"EntryPoint\",\"urlTemplate\":\"https:\/\/panoramaciudadano.com\/?s={search_term_string}\"},\"query-input\":{\"@type\":\"PropertyValueSpecification\",\"valueRequired\":true,\"valueName\":\"search_term_string\"}}],\"inLanguage\":\"es\"},{\"@type\":\"Organization\",\"@id\":\"https:\/\/panoramaciudadano.com\/#organization\",\"name\":\"Panorama Ciudadano\",\"url\":\"https:\/\/panoramaciudadano.com\/\",\"logo\":{\"@type\":\"ImageObject\",\"inLanguage\":\"es\",\"@id\":\"https:\/\/panoramaciudadano.com\/#\/schema\/logo\/image\/\",\"url\":\"https:\/\/panoramaciudadano.com\/wp-content\/uploads\/2024\/05\/401498640_919267042938564_6290593609399108733_n.jpg\",\"contentUrl\":\"https:\/\/panoramaciudadano.com\/wp-content\/uploads\/2024\/05\/401498640_919267042938564_6290593609399108733_n.jpg\",\"width\":960,\"height\":957,\"caption\":\"Panorama Ciudadano\"},\"image\":{\"@id\":\"https:\/\/panoramaciudadano.com\/#\/schema\/logo\/image\/\"},\"sameAs\":[\"https:\/\/www.facebook.com\/panoramaciudadano\"]},{\"@type\":\"Person\",\"@id\":\"https:\/\/panoramaciudadano.com\/#\/schema\/person\/ffe9fe8ef47d3a93977b5761fd9e0d96\",\"name\":\"admin\",\"image\":{\"@type\":\"ImageObject\",\"inLanguage\":\"es\",\"@id\":\"https:\/\/panoramaciudadano.com\/#\/schema\/person\/image\/\",\"url\":\"https:\/\/secure.gravatar.com\/avatar\/2d5a12cacce3f18096f25fadea8abb7202fef18ed669595589853e84260ff451?s=96&d=mm&r=g\",\"contentUrl\":\"https:\/\/secure.gravatar.com\/avatar\/2d5a12cacce3f18096f25fadea8abb7202fef18ed669595589853e84260ff451?s=96&d=mm&r=g\",\"caption\":\"admin\"},\"sameAs\":[\"https:\/\/panoramaciudadano.com\"],\"url\":\"https:\/\/panoramaciudadano.com\/index.php\/author\/admin_3q6hyqq3\/\"}]}<\/script>\n<!-- \/ Yoast SEO plugin. -->","yoast_head_json":{"title":"RATIFICA CABILDO DE BENITO JU\u00c1REZ A DIRECTORES DE ORGANISMOS DESCENTRALIZADOS - Panorama Ciudadano","robots":{"index":"index","follow":"follow","max-snippet":"max-snippet:-1","max-image-preview":"max-image-preview:large","max-video-preview":"max-video-preview:-1"},"canonical":"https:\/\/panoramaciudadano.com\/index.php\/2024\/11\/14\/ratifica-cabildo-de-benito-juarez-a-directores-de-organismos-descentralizados\/","og_locale":"es_ES","og_type":"article","og_title":"RATIFICA CABILDO DE BENITO JU\u00c1REZ A DIRECTORES DE ORGANISMOS DESCENTRALIZADOS - Panorama Ciudadano","og_description":"Para dar continuidad a las acciones de gobierno, el Cabildo de Benito Ju\u00e1rez, encabezado por la Presidenta Municipal, Ana Paty Peralta, ratific\u00f3 por unanimidad y tom\u00f3 protesta de ley a directores de ocho organismos descentralizados de la administraci\u00f3n 2024-2027.","og_url":"https:\/\/panoramaciudadano.com\/index.php\/2024\/11\/14\/ratifica-cabildo-de-benito-juarez-a-directores-de-organismos-descentralizados\/","og_site_name":"Panorama Ciudadano","article_publisher":"https:\/\/www.facebook.com\/panoramaciudadano","article_published_time":"2024-11-13T17:19:42+00:00","article_modified_time":"2024-11-13T17:19:43+00:00","og_image":[{"width":960,"height":691,"url":"https:\/\/panoramaciudadano.com\/wp-content\/uploads\/2024\/11\/3-71.jpeg","type":"image\/jpeg"}],"author":"admin","twitter_card":"summary_large_image","twitter_misc":{"Escrito por":"admin","Tiempo de lectura":"3 minutos"},"schema":{"@context":"https:\/\/schema.org","@graph":[{"@type":"Article","@id":"https:\/\/panoramaciudadano.com\/index.php\/2024\/11\/14\/ratifica-cabildo-de-benito-juarez-a-directores-de-organismos-descentralizados\/#article","isPartOf":{"@id":"https:\/\/panoramaciudadano.com\/index.php\/2024\/11\/14\/ratifica-cabildo-de-benito-juarez-a-directores-de-organismos-descentralizados\/"},"author":{"name":"admin","@id":"https:\/\/panoramaciudadano.com\/#\/schema\/person\/ffe9fe8ef47d3a93977b5761fd9e0d96"},"headline":"RATIFICA CABILDO DE BENITO JU\u00c1REZ A DIRECTORES DE ORGANISMOS DESCENTRALIZADOS","datePublished":"2024-11-13T17:19:42+00:00","dateModified":"2024-11-13T17:19:43+00:00","mainEntityOfPage":{"@id":"https:\/\/panoramaciudadano.com\/index.php\/2024\/11\/14\/ratifica-cabildo-de-benito-juarez-a-directores-de-organismos-descentralizados\/"},"wordCount":449,"commentCount":0,"publisher":{"@id":"https:\/\/panoramaciudadano.com\/#organization"},"image":{"@id":"https:\/\/panoramaciudadano.com\/index.php\/2024\/11\/14\/ratifica-cabildo-de-benito-juarez-a-directores-de-organismos-descentralizados\/#primaryimage"},"thumbnailUrl":"https:\/\/panoramaciudadano.com\/wp-content\/uploads\/2024\/11\/3-71.jpeg","keywords":["Ana Paty Peralta"],"articleSection":["Canc\u00fan"],"inLanguage":"es","potentialAction":[{"@type":"CommentAction","name":"Comment","target":["https:\/\/panoramaciudadano.com\/index.php\/2024\/11\/14\/ratifica-cabildo-de-benito-juarez-a-directores-de-organismos-descentralizados\/#respond"]}]},{"@type":"WebPage","@id":"https:\/\/panoramaciudadano.com\/index.php\/2024\/11\/14\/ratifica-cabildo-de-benito-juarez-a-directores-de-organismos-descentralizados\/","url":"https:\/\/panoramaciudadano.com\/index.php\/2024\/11\/14\/ratifica-cabildo-de-benito-juarez-a-directores-de-organismos-descentralizados\/","name":"RATIFICA CABILDO DE BENITO JU\u00c1REZ A DIRECTORES DE ORGANISMOS DESCENTRALIZADOS - Panorama Ciudadano","isPartOf":{"@id":"https:\/\/panoramaciudadano.com\/#website"},"primaryImageOfPage":{"@id":"https:\/\/panoramaciudadano.com\/index.php\/2024\/11\/14\/ratifica-cabildo-de-benito-juarez-a-directores-de-organismos-descentralizados\/#primaryimage"},"image":{"@id":"https:\/\/panoramaciudadano.com\/index.php\/2024\/11\/14\/ratifica-cabildo-de-benito-juarez-a-directores-de-organismos-descentralizados\/#primaryimage"},"thumbnailUrl":"https:\/\/panoramaciudadano.com\/wp-content\/uploads\/2024\/11\/3-71.jpeg","datePublished":"2024-11-13T17:19:42+00:00","dateModified":"2024-11-13T17:19:43+00:00","breadcrumb":{"@id":"https:\/\/panoramaciudadano.com\/index.php\/2024\/11\/14\/ratifica-cabildo-de-benito-juarez-a-directores-de-organismos-descentralizados\/#breadcrumb"},"inLanguage":"es","potentialAction":[{"@type":"ReadAction","target":["https:\/\/panoramaciudadano.com\/index.php\/2024\/11\/14\/ratifica-cabildo-de-benito-juarez-a-directores-de-organismos-descentralizados\/"]}]},{"@type":"ImageObject","inLanguage":"es","@id":"https:\/\/panoramaciudadano.com\/index.php\/2024\/11\/14\/ratifica-cabildo-de-benito-juarez-a-directores-de-organismos-descentralizados\/#primaryimage","url":"https:\/\/panoramaciudadano.com\/wp-content\/uploads\/2024\/11\/3-71.jpeg","contentUrl":"https:\/\/panoramaciudadano.com\/wp-content\/uploads\/2024\/11\/3-71.jpeg","width":960,"height":691},{"@type":"BreadcrumbList","@id":"https:\/\/panoramaciudadano.com\/index.php\/2024\/11\/14\/ratifica-cabildo-de-benito-juarez-a-directores-de-organismos-descentralizados\/#breadcrumb","itemListElement":[{"@type":"ListItem","position":1,"name":"Portada","item":"https:\/\/panoramaciudadano.com\/"},{"@type":"ListItem","position":2,"name":"RATIFICA CABILDO DE BENITO JU\u00c1REZ A DIRECTORES DE ORGANISMOS DESCENTRALIZADOS"}]},{"@type":"WebSite","@id":"https:\/\/panoramaciudadano.com\/#website","url":"https:\/\/panoramaciudadano.com\/","name":"Panorama Ciudadano","description":"","publisher":{"@id":"https:\/\/panoramaciudadano.com\/#organization"},"potentialAction":[{"@type":"SearchAction","target":{"@type":"EntryPoint","urlTemplate":"https:\/\/panoramaciudadano.com\/?s={search_term_string}"},"query-input":{"@type":"PropertyValueSpecification","valueRequired":true,"valueName":"search_term_string"}}],"inLanguage":"es"},{"@type":"Organization","@id":"https:\/\/panoramaciudadano.com\/#organization","name":"Panorama Ciudadano","url":"https:\/\/panoramaciudadano.com\/","logo":{"@type":"ImageObject","inLanguage":"es","@id":"https:\/\/panoramaciudadano.com\/#\/schema\/logo\/image\/","url":"https:\/\/panoramaciudadano.com\/wp-content\/uploads\/2024\/05\/401498640_919267042938564_6290593609399108733_n.jpg","contentUrl":"https:\/\/panoramaciudadano.com\/wp-content\/uploads\/2024\/05\/401498640_919267042938564_6290593609399108733_n.jpg","width":960,"height":957,"caption":"Panorama Ciudadano"},"image":{"@id":"https:\/\/panoramaciudadano.com\/#\/schema\/logo\/image\/"},"sameAs":["https:\/\/www.facebook.com\/panoramaciudadano"]},{"@type":"Person","@id":"https:\/\/panoramaciudadano.com\/#\/schema\/person\/ffe9fe8ef47d3a93977b5761fd9e0d96","name":"admin","image":{"@type":"ImageObject","inLanguage":"es","@id":"https:\/\/panoramaciudadano.com\/#\/schema\/person\/image\/","url":"https:\/\/secure.gravatar.com\/avatar\/2d5a12cacce3f18096f25fadea8abb7202fef18ed669595589853e84260ff451?s=96&d=mm&r=g","contentUrl":"https:\/\/secure.gravatar.com\/avatar\/2d5a12cacce3f18096f25fadea8abb7202fef18ed669595589853e84260ff451?s=96&d=mm&r=g","caption":"admin"},"sameAs":["https:\/\/panoramaciudadano.com"],"url":"https:\/\/panoramaciudadano.com\/index.php\/author\/admin_3q6hyqq3\/"}]}},"_links":{"self":[{"href":"https:\/\/panoramaciudadano.com\/index.php\/wp-json\/wp\/v2\/posts\/6826","targetHints":{"allow":["GET"]}}],"collection":[{"href":"https:\/\/panoramaciudadano.com\/index.php\/wp-json\/wp\/v2\/posts"}],"about":[{"href":"https:\/\/panoramaciudadano.com\/index.php\/wp-json\/wp\/v2\/types\/post"}],"author":[{"embeddable":true,"href":"https:\/\/panoramaciudadano.com\/index.php\/wp-json\/wp\/v2\/users\/1"}],"replies":[{"embeddable":true,"href":"https:\/\/panoramaciudadano.com\/index.php\/wp-json\/wp\/v2\/comments?post=6826"}],"version-history":[{"count":1,"href":"https:\/\/panoramaciudadano.com\/index.php\/wp-json\/wp\/v2\/posts\/6826\/revisions"}],"predecessor-version":[{"id":6828,"href":"https:\/\/panoramaciudadano.com\/index.php\/wp-json\/wp\/v2\/posts\/6826\/revisions\/6828"}],"wp:featuredmedia":[{"embeddable":true,"href":"https:\/\/panoramaciudadano.com\/index.php\/wp-json\/wp\/v2\/media\/6827"}],"wp:attachment":[{"href":"https:\/\/panoramaciudadano.com\/index.php\/wp-json\/wp\/v2\/media?parent=6826"}],"wp:term":[{"taxonomy":"category","embeddable":true,"href":"https:\/\/panoramaciudadano.com\/index.php\/wp-json\/wp\/v2\/categories?post=6826"},{"taxonomy":"post_tag","embeddable":true,"href":"https:\/\/panoramaciudadano.com\/index.php\/wp-json\/wp\/v2\/tags?post=6826"}],"curies":[{"name":"wp","href":"https:\/\/api.w.org\/{rel}","templated":true}]}}