{"id":6847,"date":"2024-11-14T07:24:03","date_gmt":"2024-11-14T00:24:03","guid":{"rendered":"https:\/\/panoramaciudadano.com\/?p=6847"},"modified":"2024-11-14T07:24:04","modified_gmt":"2024-11-14T00:24:04","slug":"presencia-policial-en-secundaria-jose-marti-tras-reporte-de-alumno-con-arma-blanca-y-posible-droga","status":"publish","type":"post","link":"https:\/\/panoramaciudadano.com\/index.php\/2024\/11\/14\/presencia-policial-en-secundaria-jose-marti-tras-reporte-de-alumno-con-arma-blanca-y-posible-droga\/","title":{"rendered":"Presencia policial en secundaria Jos\u00e9 Mart\u00ed tras reporte de alumno con arma blanca y posible droga"},"content":{"rendered":"\n<figure class=\"wp-block-image size-large\"><img decoding=\"async\" width=\"1024\" height=\"768\" src=\"https:\/\/panoramaciudadano.com\/wp-content\/uploads\/2024\/11\/WhatsApp-Image-2024-11-13-at-18.58.04-1024x768.jpeg\" alt=\"\" class=\"wp-image-6848\" srcset=\"https:\/\/panoramaciudadano.com\/wp-content\/uploads\/2024\/11\/WhatsApp-Image-2024-11-13-at-18.58.04-1024x768.jpeg 1024w, https:\/\/panoramaciudadano.com\/wp-content\/uploads\/2024\/11\/WhatsApp-Image-2024-11-13-at-18.58.04-300x225.jpeg 300w, https:\/\/panoramaciudadano.com\/wp-content\/uploads\/2024\/11\/WhatsApp-Image-2024-11-13-at-18.58.04-768x576.jpeg 768w, https:\/\/panoramaciudadano.com\/wp-content\/uploads\/2024\/11\/WhatsApp-Image-2024-11-13-at-18.58.04-1536x1152.jpeg 1536w, https:\/\/panoramaciudadano.com\/wp-content\/uploads\/2024\/11\/WhatsApp-Image-2024-11-13-at-18.58.04.jpeg 1600w\" sizes=\"(max-width: 1024px) 100vw, 1024px\" \/><\/figure>\n\n\n\n<p>Una vez m\u00e1s la polic\u00eda del Geavy hizo acto de presencia en la escuela secundaria general n\u00famero 20, Jos\u00e9 Mart\u00ed, de la regi\u00f3n 236, est\u00e1 vez porque se report\u00f3 un alumno con un arma blanca y posiblemente droga.<\/p>\n\n\n\n<p>Tres unidades de esta agrupaci\u00f3n policiaca se acercaron al plantel educativo para llegar a cabo una revisi\u00f3n de mochilas en los alumnos.<\/p>\n\n\n\n<p>Se habl\u00f3 de que el estudiante sospechoso podr\u00eda ser del tercer grado, los oficiales hicieron una revisi\u00f3n en esa aula, pero no encontraron nada.<\/p>\n","protected":false},"excerpt":{"rendered":"<p>Una vez m\u00e1s la polic\u00eda del Geavy hizo acto de presencia en la escuela secundaria general n\u00famero 20, Jos\u00e9 Mart\u00ed, de la regi\u00f3n 236, est\u00e1 vez porque se report\u00f3 un alumno con un arma blanca y posiblemente droga.<\/p>\n","protected":false},"author":1,"featured_media":6848,"comment_status":"open","ping_status":"closed","sticky":false,"template":"","format":"standard","meta":{"footnotes":""},"categories":[6],"tags":[1712,568],"class_list":["post-6847","post","type-post","status-publish","format-standard","has-post-thumbnail","hentry","category-cancun","tag-geavy","tag-secundaria-general-no-20"],"yoast_head":"<!-- This site is optimized with the Yoast SEO plugin v27.1.1 - https:\/\/yoast.com\/product\/yoast-seo-wordpress\/ -->\n<title>Presencia policial en secundaria Jos\u00e9 Mart\u00ed tras reporte de alumno con arma blanca y posible droga - Panorama Ciudadano<\/title>\n<meta name=\"robots\" content=\"index, follow, max-snippet:-1, max-image-preview:large, max-video-preview:-1\" \/>\n<link rel=\"canonical\" href=\"https:\/\/panoramaciudadano.com\/index.php\/2024\/11\/14\/presencia-policial-en-secundaria-jose-marti-tras-reporte-de-alumno-con-arma-blanca-y-posible-droga\/\" \/>\n<meta property=\"og:locale\" content=\"es_ES\" \/>\n<meta property=\"og:type\" content=\"article\" \/>\n<meta property=\"og:title\" content=\"Presencia policial en secundaria Jos\u00e9 Mart\u00ed tras reporte de alumno con arma blanca y posible droga - Panorama Ciudadano\" \/>\n<meta property=\"og:description\" content=\"Una vez m\u00e1s la polic\u00eda del Geavy hizo acto de presencia en la escuela secundaria general n\u00famero 20, Jos\u00e9 Mart\u00ed, de la regi\u00f3n 236, est\u00e1 vez porque se report\u00f3 un alumno con un arma blanca y posiblemente droga.\" \/>\n<meta property=\"og:url\" content=\"https:\/\/panoramaciudadano.com\/index.php\/2024\/11\/14\/presencia-policial-en-secundaria-jose-marti-tras-reporte-de-alumno-con-arma-blanca-y-posible-droga\/\" \/>\n<meta property=\"og:site_name\" content=\"Panorama Ciudadano\" \/>\n<meta property=\"article:publisher\" content=\"https:\/\/www.facebook.com\/panoramaciudadano\" \/>\n<meta property=\"article:published_time\" content=\"2024-11-14T00:24:03+00:00\" \/>\n<meta property=\"article:modified_time\" content=\"2024-11-14T00:24:04+00:00\" \/>\n<meta property=\"og:image\" content=\"https:\/\/panoramaciudadano.com\/wp-content\/uploads\/2024\/11\/WhatsApp-Image-2024-11-13-at-18.58.04.jpeg\" \/>\n\t<meta property=\"og:image:width\" content=\"1600\" \/>\n\t<meta property=\"og:image:height\" content=\"1200\" \/>\n\t<meta property=\"og:image:type\" content=\"image\/jpeg\" \/>\n<meta name=\"author\" content=\"admin\" \/>\n<meta name=\"twitter:card\" content=\"summary_large_image\" \/>\n<meta name=\"twitter:label1\" content=\"Escrito por\" \/>\n\t<meta name=\"twitter:data1\" content=\"admin\" \/>\n\t<meta name=\"twitter:label2\" content=\"Tiempo de lectura\" \/>\n\t<meta name=\"twitter:data2\" content=\"1 minuto\" \/>\n<script type=\"application\/ld+json\" class=\"yoast-schema-graph\">{\"@context\":\"https:\/\/schema.org\",\"@graph\":[{\"@type\":\"Article\",\"@id\":\"https:\/\/panoramaciudadano.com\/index.php\/2024\/11\/14\/presencia-policial-en-secundaria-jose-marti-tras-reporte-de-alumno-con-arma-blanca-y-posible-droga\/#article\",\"isPartOf\":{\"@id\":\"https:\/\/panoramaciudadano.com\/index.php\/2024\/11\/14\/presencia-policial-en-secundaria-jose-marti-tras-reporte-de-alumno-con-arma-blanca-y-posible-droga\/\"},\"author\":{\"name\":\"admin\",\"@id\":\"https:\/\/panoramaciudadano.com\/#\/schema\/person\/ffe9fe8ef47d3a93977b5761fd9e0d96\"},\"headline\":\"Presencia policial en secundaria Jos\u00e9 Mart\u00ed tras reporte de alumno con arma blanca y posible droga\",\"datePublished\":\"2024-11-14T00:24:03+00:00\",\"dateModified\":\"2024-11-14T00:24:04+00:00\",\"mainEntityOfPage\":{\"@id\":\"https:\/\/panoramaciudadano.com\/index.php\/2024\/11\/14\/presencia-policial-en-secundaria-jose-marti-tras-reporte-de-alumno-con-arma-blanca-y-posible-droga\/\"},\"wordCount\":106,\"commentCount\":0,\"publisher\":{\"@id\":\"https:\/\/panoramaciudadano.com\/#organization\"},\"image\":{\"@id\":\"https:\/\/panoramaciudadano.com\/index.php\/2024\/11\/14\/presencia-policial-en-secundaria-jose-marti-tras-reporte-de-alumno-con-arma-blanca-y-posible-droga\/#primaryimage\"},\"thumbnailUrl\":\"https:\/\/panoramaciudadano.com\/wp-content\/uploads\/2024\/11\/WhatsApp-Image-2024-11-13-at-18.58.04.jpeg\",\"keywords\":[\"Geavy\",\"Secundaria General No. 20\"],\"articleSection\":[\"Canc\u00fan\"],\"inLanguage\":\"es\",\"potentialAction\":[{\"@type\":\"CommentAction\",\"name\":\"Comment\",\"target\":[\"https:\/\/panoramaciudadano.com\/index.php\/2024\/11\/14\/presencia-policial-en-secundaria-jose-marti-tras-reporte-de-alumno-con-arma-blanca-y-posible-droga\/#respond\"]}]},{\"@type\":\"WebPage\",\"@id\":\"https:\/\/panoramaciudadano.com\/index.php\/2024\/11\/14\/presencia-policial-en-secundaria-jose-marti-tras-reporte-de-alumno-con-arma-blanca-y-posible-droga\/\",\"url\":\"https:\/\/panoramaciudadano.com\/index.php\/2024\/11\/14\/presencia-policial-en-secundaria-jose-marti-tras-reporte-de-alumno-con-arma-blanca-y-posible-droga\/\",\"name\":\"Presencia policial en secundaria Jos\u00e9 Mart\u00ed tras reporte de alumno con arma blanca y posible droga - Panorama Ciudadano\",\"isPartOf\":{\"@id\":\"https:\/\/panoramaciudadano.com\/#website\"},\"primaryImageOfPage\":{\"@id\":\"https:\/\/panoramaciudadano.com\/index.php\/2024\/11\/14\/presencia-policial-en-secundaria-jose-marti-tras-reporte-de-alumno-con-arma-blanca-y-posible-droga\/#primaryimage\"},\"image\":{\"@id\":\"https:\/\/panoramaciudadano.com\/index.php\/2024\/11\/14\/presencia-policial-en-secundaria-jose-marti-tras-reporte-de-alumno-con-arma-blanca-y-posible-droga\/#primaryimage\"},\"thumbnailUrl\":\"https:\/\/panoramaciudadano.com\/wp-content\/uploads\/2024\/11\/WhatsApp-Image-2024-11-13-at-18.58.04.jpeg\",\"datePublished\":\"2024-11-14T00:24:03+00:00\",\"dateModified\":\"2024-11-14T00:24:04+00:00\",\"breadcrumb\":{\"@id\":\"https:\/\/panoramaciudadano.com\/index.php\/2024\/11\/14\/presencia-policial-en-secundaria-jose-marti-tras-reporte-de-alumno-con-arma-blanca-y-posible-droga\/#breadcrumb\"},\"inLanguage\":\"es\",\"potentialAction\":[{\"@type\":\"ReadAction\",\"target\":[\"https:\/\/panoramaciudadano.com\/index.php\/2024\/11\/14\/presencia-policial-en-secundaria-jose-marti-tras-reporte-de-alumno-con-arma-blanca-y-posible-droga\/\"]}]},{\"@type\":\"ImageObject\",\"inLanguage\":\"es\",\"@id\":\"https:\/\/panoramaciudadano.com\/index.php\/2024\/11\/14\/presencia-policial-en-secundaria-jose-marti-tras-reporte-de-alumno-con-arma-blanca-y-posible-droga\/#primaryimage\",\"url\":\"https:\/\/panoramaciudadano.com\/wp-content\/uploads\/2024\/11\/WhatsApp-Image-2024-11-13-at-18.58.04.jpeg\",\"contentUrl\":\"https:\/\/panoramaciudadano.com\/wp-content\/uploads\/2024\/11\/WhatsApp-Image-2024-11-13-at-18.58.04.jpeg\",\"width\":1600,\"height\":1200},{\"@type\":\"BreadcrumbList\",\"@id\":\"https:\/\/panoramaciudadano.com\/index.php\/2024\/11\/14\/presencia-policial-en-secundaria-jose-marti-tras-reporte-de-alumno-con-arma-blanca-y-posible-droga\/#breadcrumb\",\"itemListElement\":[{\"@type\":\"ListItem\",\"position\":1,\"name\":\"Portada\",\"item\":\"https:\/\/panoramaciudadano.com\/\"},{\"@type\":\"ListItem\",\"position\":2,\"name\":\"Presencia policial en secundaria Jos\u00e9 Mart\u00ed tras reporte de alumno con arma blanca y posible droga\"}]},{\"@type\":\"WebSite\",\"@id\":\"https:\/\/panoramaciudadano.com\/#website\",\"url\":\"https:\/\/panoramaciudadano.com\/\",\"name\":\"Panorama Ciudadano\",\"description\":\"\",\"publisher\":{\"@id\":\"https:\/\/panoramaciudadano.com\/#organization\"},\"potentialAction\":[{\"@type\":\"SearchAction\",\"target\":{\"@type\":\"EntryPoint\",\"urlTemplate\":\"https:\/\/panoramaciudadano.com\/?s={search_term_string}\"},\"query-input\":{\"@type\":\"PropertyValueSpecification\",\"valueRequired\":true,\"valueName\":\"search_term_string\"}}],\"inLanguage\":\"es\"},{\"@type\":\"Organization\",\"@id\":\"https:\/\/panoramaciudadano.com\/#organization\",\"name\":\"Panorama Ciudadano\",\"url\":\"https:\/\/panoramaciudadano.com\/\",\"logo\":{\"@type\":\"ImageObject\",\"inLanguage\":\"es\",\"@id\":\"https:\/\/panoramaciudadano.com\/#\/schema\/logo\/image\/\",\"url\":\"https:\/\/panoramaciudadano.com\/wp-content\/uploads\/2024\/05\/401498640_919267042938564_6290593609399108733_n.jpg\",\"contentUrl\":\"https:\/\/panoramaciudadano.com\/wp-content\/uploads\/2024\/05\/401498640_919267042938564_6290593609399108733_n.jpg\",\"width\":960,\"height\":957,\"caption\":\"Panorama Ciudadano\"},\"image\":{\"@id\":\"https:\/\/panoramaciudadano.com\/#\/schema\/logo\/image\/\"},\"sameAs\":[\"https:\/\/www.facebook.com\/panoramaciudadano\"]},{\"@type\":\"Person\",\"@id\":\"https:\/\/panoramaciudadano.com\/#\/schema\/person\/ffe9fe8ef47d3a93977b5761fd9e0d96\",\"name\":\"admin\",\"image\":{\"@type\":\"ImageObject\",\"inLanguage\":\"es\",\"@id\":\"https:\/\/panoramaciudadano.com\/#\/schema\/person\/image\/\",\"url\":\"https:\/\/secure.gravatar.com\/avatar\/2d5a12cacce3f18096f25fadea8abb7202fef18ed669595589853e84260ff451?s=96&d=mm&r=g\",\"contentUrl\":\"https:\/\/secure.gravatar.com\/avatar\/2d5a12cacce3f18096f25fadea8abb7202fef18ed669595589853e84260ff451?s=96&d=mm&r=g\",\"caption\":\"admin\"},\"sameAs\":[\"https:\/\/panoramaciudadano.com\"],\"url\":\"https:\/\/panoramaciudadano.com\/index.php\/author\/admin_3q6hyqq3\/\"}]}<\/script>\n<!-- \/ Yoast SEO plugin. -->","yoast_head_json":{"title":"Presencia policial en secundaria Jos\u00e9 Mart\u00ed tras reporte de alumno con arma blanca y posible droga - Panorama Ciudadano","robots":{"index":"index","follow":"follow","max-snippet":"max-snippet:-1","max-image-preview":"max-image-preview:large","max-video-preview":"max-video-preview:-1"},"canonical":"https:\/\/panoramaciudadano.com\/index.php\/2024\/11\/14\/presencia-policial-en-secundaria-jose-marti-tras-reporte-de-alumno-con-arma-blanca-y-posible-droga\/","og_locale":"es_ES","og_type":"article","og_title":"Presencia policial en secundaria Jos\u00e9 Mart\u00ed tras reporte de alumno con arma blanca y posible droga - Panorama Ciudadano","og_description":"Una vez m\u00e1s la polic\u00eda del Geavy hizo acto de presencia en la escuela secundaria general n\u00famero 20, Jos\u00e9 Mart\u00ed, de la regi\u00f3n 236, est\u00e1 vez porque se report\u00f3 un alumno con un arma blanca y posiblemente droga.","og_url":"https:\/\/panoramaciudadano.com\/index.php\/2024\/11\/14\/presencia-policial-en-secundaria-jose-marti-tras-reporte-de-alumno-con-arma-blanca-y-posible-droga\/","og_site_name":"Panorama Ciudadano","article_publisher":"https:\/\/www.facebook.com\/panoramaciudadano","article_published_time":"2024-11-14T00:24:03+00:00","article_modified_time":"2024-11-14T00:24:04+00:00","og_image":[{"width":1600,"height":1200,"url":"https:\/\/panoramaciudadano.com\/wp-content\/uploads\/2024\/11\/WhatsApp-Image-2024-11-13-at-18.58.04.jpeg","type":"image\/jpeg"}],"author":"admin","twitter_card":"summary_large_image","twitter_misc":{"Escrito por":"admin","Tiempo de lectura":"1 minuto"},"schema":{"@context":"https:\/\/schema.org","@graph":[{"@type":"Article","@id":"https:\/\/panoramaciudadano.com\/index.php\/2024\/11\/14\/presencia-policial-en-secundaria-jose-marti-tras-reporte-de-alumno-con-arma-blanca-y-posible-droga\/#article","isPartOf":{"@id":"https:\/\/panoramaciudadano.com\/index.php\/2024\/11\/14\/presencia-policial-en-secundaria-jose-marti-tras-reporte-de-alumno-con-arma-blanca-y-posible-droga\/"},"author":{"name":"admin","@id":"https:\/\/panoramaciudadano.com\/#\/schema\/person\/ffe9fe8ef47d3a93977b5761fd9e0d96"},"headline":"Presencia policial en secundaria Jos\u00e9 Mart\u00ed tras reporte de alumno con arma blanca y posible droga","datePublished":"2024-11-14T00:24:03+00:00","dateModified":"2024-11-14T00:24:04+00:00","mainEntityOfPage":{"@id":"https:\/\/panoramaciudadano.com\/index.php\/2024\/11\/14\/presencia-policial-en-secundaria-jose-marti-tras-reporte-de-alumno-con-arma-blanca-y-posible-droga\/"},"wordCount":106,"commentCount":0,"publisher":{"@id":"https:\/\/panoramaciudadano.com\/#organization"},"image":{"@id":"https:\/\/panoramaciudadano.com\/index.php\/2024\/11\/14\/presencia-policial-en-secundaria-jose-marti-tras-reporte-de-alumno-con-arma-blanca-y-posible-droga\/#primaryimage"},"thumbnailUrl":"https:\/\/panoramaciudadano.com\/wp-content\/uploads\/2024\/11\/WhatsApp-Image-2024-11-13-at-18.58.04.jpeg","keywords":["Geavy","Secundaria General No. 20"],"articleSection":["Canc\u00fan"],"inLanguage":"es","potentialAction":[{"@type":"CommentAction","name":"Comment","target":["https:\/\/panoramaciudadano.com\/index.php\/2024\/11\/14\/presencia-policial-en-secundaria-jose-marti-tras-reporte-de-alumno-con-arma-blanca-y-posible-droga\/#respond"]}]},{"@type":"WebPage","@id":"https:\/\/panoramaciudadano.com\/index.php\/2024\/11\/14\/presencia-policial-en-secundaria-jose-marti-tras-reporte-de-alumno-con-arma-blanca-y-posible-droga\/","url":"https:\/\/panoramaciudadano.com\/index.php\/2024\/11\/14\/presencia-policial-en-secundaria-jose-marti-tras-reporte-de-alumno-con-arma-blanca-y-posible-droga\/","name":"Presencia policial en secundaria Jos\u00e9 Mart\u00ed tras reporte de alumno con arma blanca y posible droga - Panorama Ciudadano","isPartOf":{"@id":"https:\/\/panoramaciudadano.com\/#website"},"primaryImageOfPage":{"@id":"https:\/\/panoramaciudadano.com\/index.php\/2024\/11\/14\/presencia-policial-en-secundaria-jose-marti-tras-reporte-de-alumno-con-arma-blanca-y-posible-droga\/#primaryimage"},"image":{"@id":"https:\/\/panoramaciudadano.com\/index.php\/2024\/11\/14\/presencia-policial-en-secundaria-jose-marti-tras-reporte-de-alumno-con-arma-blanca-y-posible-droga\/#primaryimage"},"thumbnailUrl":"https:\/\/panoramaciudadano.com\/wp-content\/uploads\/2024\/11\/WhatsApp-Image-2024-11-13-at-18.58.04.jpeg","datePublished":"2024-11-14T00:24:03+00:00","dateModified":"2024-11-14T00:24:04+00:00","breadcrumb":{"@id":"https:\/\/panoramaciudadano.com\/index.php\/2024\/11\/14\/presencia-policial-en-secundaria-jose-marti-tras-reporte-de-alumno-con-arma-blanca-y-posible-droga\/#breadcrumb"},"inLanguage":"es","potentialAction":[{"@type":"ReadAction","target":["https:\/\/panoramaciudadano.com\/index.php\/2024\/11\/14\/presencia-policial-en-secundaria-jose-marti-tras-reporte-de-alumno-con-arma-blanca-y-posible-droga\/"]}]},{"@type":"ImageObject","inLanguage":"es","@id":"https:\/\/panoramaciudadano.com\/index.php\/2024\/11\/14\/presencia-policial-en-secundaria-jose-marti-tras-reporte-de-alumno-con-arma-blanca-y-posible-droga\/#primaryimage","url":"https:\/\/panoramaciudadano.com\/wp-content\/uploads\/2024\/11\/WhatsApp-Image-2024-11-13-at-18.58.04.jpeg","contentUrl":"https:\/\/panoramaciudadano.com\/wp-content\/uploads\/2024\/11\/WhatsApp-Image-2024-11-13-at-18.58.04.jpeg","width":1600,"height":1200},{"@type":"BreadcrumbList","@id":"https:\/\/panoramaciudadano.com\/index.php\/2024\/11\/14\/presencia-policial-en-secundaria-jose-marti-tras-reporte-de-alumno-con-arma-blanca-y-posible-droga\/#breadcrumb","itemListElement":[{"@type":"ListItem","position":1,"name":"Portada","item":"https:\/\/panoramaciudadano.com\/"},{"@type":"ListItem","position":2,"name":"Presencia policial en secundaria Jos\u00e9 Mart\u00ed tras reporte de alumno con arma blanca y posible droga"}]},{"@type":"WebSite","@id":"https:\/\/panoramaciudadano.com\/#website","url":"https:\/\/panoramaciudadano.com\/","name":"Panorama Ciudadano","description":"","publisher":{"@id":"https:\/\/panoramaciudadano.com\/#organization"},"potentialAction":[{"@type":"SearchAction","target":{"@type":"EntryPoint","urlTemplate":"https:\/\/panoramaciudadano.com\/?s={search_term_string}"},"query-input":{"@type":"PropertyValueSpecification","valueRequired":true,"valueName":"search_term_string"}}],"inLanguage":"es"},{"@type":"Organization","@id":"https:\/\/panoramaciudadano.com\/#organization","name":"Panorama Ciudadano","url":"https:\/\/panoramaciudadano.com\/","logo":{"@type":"ImageObject","inLanguage":"es","@id":"https:\/\/panoramaciudadano.com\/#\/schema\/logo\/image\/","url":"https:\/\/panoramaciudadano.com\/wp-content\/uploads\/2024\/05\/401498640_919267042938564_6290593609399108733_n.jpg","contentUrl":"https:\/\/panoramaciudadano.com\/wp-content\/uploads\/2024\/05\/401498640_919267042938564_6290593609399108733_n.jpg","width":960,"height":957,"caption":"Panorama Ciudadano"},"image":{"@id":"https:\/\/panoramaciudadano.com\/#\/schema\/logo\/image\/"},"sameAs":["https:\/\/www.facebook.com\/panoramaciudadano"]},{"@type":"Person","@id":"https:\/\/panoramaciudadano.com\/#\/schema\/person\/ffe9fe8ef47d3a93977b5761fd9e0d96","name":"admin","image":{"@type":"ImageObject","inLanguage":"es","@id":"https:\/\/panoramaciudadano.com\/#\/schema\/person\/image\/","url":"https:\/\/secure.gravatar.com\/avatar\/2d5a12cacce3f18096f25fadea8abb7202fef18ed669595589853e84260ff451?s=96&d=mm&r=g","contentUrl":"https:\/\/secure.gravatar.com\/avatar\/2d5a12cacce3f18096f25fadea8abb7202fef18ed669595589853e84260ff451?s=96&d=mm&r=g","caption":"admin"},"sameAs":["https:\/\/panoramaciudadano.com"],"url":"https:\/\/panoramaciudadano.com\/index.php\/author\/admin_3q6hyqq3\/"}]}},"_links":{"self":[{"href":"https:\/\/panoramaciudadano.com\/index.php\/wp-json\/wp\/v2\/posts\/6847","targetHints":{"allow":["GET"]}}],"collection":[{"href":"https:\/\/panoramaciudadano.com\/index.php\/wp-json\/wp\/v2\/posts"}],"about":[{"href":"https:\/\/panoramaciudadano.com\/index.php\/wp-json\/wp\/v2\/types\/post"}],"author":[{"embeddable":true,"href":"https:\/\/panoramaciudadano.com\/index.php\/wp-json\/wp\/v2\/users\/1"}],"replies":[{"embeddable":true,"href":"https:\/\/panoramaciudadano.com\/index.php\/wp-json\/wp\/v2\/comments?post=6847"}],"version-history":[{"count":1,"href":"https:\/\/panoramaciudadano.com\/index.php\/wp-json\/wp\/v2\/posts\/6847\/revisions"}],"predecessor-version":[{"id":6849,"href":"https:\/\/panoramaciudadano.com\/index.php\/wp-json\/wp\/v2\/posts\/6847\/revisions\/6849"}],"wp:featuredmedia":[{"embeddable":true,"href":"https:\/\/panoramaciudadano.com\/index.php\/wp-json\/wp\/v2\/media\/6848"}],"wp:attachment":[{"href":"https:\/\/panoramaciudadano.com\/index.php\/wp-json\/wp\/v2\/media?parent=6847"}],"wp:term":[{"taxonomy":"category","embeddable":true,"href":"https:\/\/panoramaciudadano.com\/index.php\/wp-json\/wp\/v2\/categories?post=6847"},{"taxonomy":"post_tag","embeddable":true,"href":"https:\/\/panoramaciudadano.com\/index.php\/wp-json\/wp\/v2\/tags?post=6847"}],"curies":[{"name":"wp","href":"https:\/\/api.w.org\/{rel}","templated":true}]}}