{"id":6858,"date":"2024-11-14T07:33:52","date_gmt":"2024-11-14T00:33:52","guid":{"rendered":"https:\/\/panoramaciudadano.com\/?p=6858"},"modified":"2024-11-14T07:33:53","modified_gmt":"2024-11-14T00:33:53","slug":"incendio-en-la-caja-de-un-trailer-moviliza-a-bomberos-en-la-avenida-ninos-heroes-de-cancun","status":"publish","type":"post","link":"https:\/\/panoramaciudadano.com\/index.php\/2024\/11\/14\/incendio-en-la-caja-de-un-trailer-moviliza-a-bomberos-en-la-avenida-ninos-heroes-de-cancun\/","title":{"rendered":"Incendio en la caja de un tr\u00e1iler moviliza a bomberos en la avenida Ni\u00f1os H\u00e9roes de Canc\u00fan"},"content":{"rendered":"\n<figure class=\"wp-block-image size-large\"><img decoding=\"async\" width=\"1024\" height=\"768\" src=\"https:\/\/panoramaciudadano.com\/wp-content\/uploads\/2024\/11\/WhatsApp-Image-2024-11-13-at-18.59.34-1024x768.jpeg\" alt=\"\" class=\"wp-image-6859\" srcset=\"https:\/\/panoramaciudadano.com\/wp-content\/uploads\/2024\/11\/WhatsApp-Image-2024-11-13-at-18.59.34-1024x768.jpeg 1024w, https:\/\/panoramaciudadano.com\/wp-content\/uploads\/2024\/11\/WhatsApp-Image-2024-11-13-at-18.59.34-300x225.jpeg 300w, https:\/\/panoramaciudadano.com\/wp-content\/uploads\/2024\/11\/WhatsApp-Image-2024-11-13-at-18.59.34-768x576.jpeg 768w, https:\/\/panoramaciudadano.com\/wp-content\/uploads\/2024\/11\/WhatsApp-Image-2024-11-13-at-18.59.34-1536x1152.jpeg 1536w, https:\/\/panoramaciudadano.com\/wp-content\/uploads\/2024\/11\/WhatsApp-Image-2024-11-13-at-18.59.34.jpeg 1600w\" sizes=\"(max-width: 1024px) 100vw, 1024px\" \/><\/figure>\n\n\n\n<p>El incendio de la caja de un tr\u00e1iler sobre la avenida Ni\u00f1os H\u00e9roes al poniente de la ciudad, provoc\u00f3 la movilizaci\u00f3n del cuerpo de bomberos.<\/p>\n\n\n\n<p>Se trata de un tr\u00e1iler que se encontraba estacionado frente a la tienda de abarrotes de la cadena Dunosusa, ubicado en la Regi\u00f3n 219, sobre la citada avenida.<\/p>\n\n\n\n<p>La pesada unidad estaba cargada con abarrotes e iba a ser descargada para la tienda antes se\u00f1alada, cuando s\u00e9 pronto el interior empez\u00f3 a salir humo.<\/p>\n\n\n\n<p>El operador logr\u00f3 quitar la cabina de la caja para evitar que se incendiara, mientras se solicit\u00f3 la ayuda de bomberos para sofocar el incendio.<\/p>\n\n\n\n<p>No se reportaron lesionados, solo perdida materiales como mercanc\u00eda de abarrotes y los da\u00f1os a la caja.<\/p>\n","protected":false},"excerpt":{"rendered":"<p>El incendio de la caja de un tr\u00e1iler sobre la avenida Ni\u00f1os H\u00e9roes al poniente de la ciudad, provoc\u00f3 la movilizaci\u00f3n del cuerpo de bomberos.<\/p>\n","protected":false},"author":1,"featured_media":6859,"comment_status":"open","ping_status":"closed","sticky":false,"template":"","format":"standard","meta":{"footnotes":""},"categories":[6],"tags":[288],"class_list":["post-6858","post","type-post","status-publish","format-standard","has-post-thumbnail","hentry","category-cancun","tag-avenida-ninos-heroes"],"yoast_head":"<!-- This site is optimized with the Yoast SEO plugin v27.1.1 - https:\/\/yoast.com\/product\/yoast-seo-wordpress\/ -->\n<title>Incendio en la caja de un tr\u00e1iler moviliza a bomberos en la avenida Ni\u00f1os H\u00e9roes de Canc\u00fan - Panorama Ciudadano<\/title>\n<meta name=\"robots\" content=\"index, follow, max-snippet:-1, max-image-preview:large, max-video-preview:-1\" \/>\n<link rel=\"canonical\" href=\"https:\/\/panoramaciudadano.com\/index.php\/2024\/11\/14\/incendio-en-la-caja-de-un-trailer-moviliza-a-bomberos-en-la-avenida-ninos-heroes-de-cancun\/\" \/>\n<meta property=\"og:locale\" content=\"es_ES\" \/>\n<meta property=\"og:type\" content=\"article\" \/>\n<meta property=\"og:title\" content=\"Incendio en la caja de un tr\u00e1iler moviliza a bomberos en la avenida Ni\u00f1os H\u00e9roes de Canc\u00fan - Panorama Ciudadano\" \/>\n<meta property=\"og:description\" content=\"El incendio de la caja de un tr\u00e1iler sobre la avenida Ni\u00f1os H\u00e9roes al poniente de la ciudad, provoc\u00f3 la movilizaci\u00f3n del cuerpo de bomberos.\" \/>\n<meta property=\"og:url\" content=\"https:\/\/panoramaciudadano.com\/index.php\/2024\/11\/14\/incendio-en-la-caja-de-un-trailer-moviliza-a-bomberos-en-la-avenida-ninos-heroes-de-cancun\/\" \/>\n<meta property=\"og:site_name\" content=\"Panorama Ciudadano\" \/>\n<meta property=\"article:publisher\" content=\"https:\/\/www.facebook.com\/panoramaciudadano\" \/>\n<meta property=\"article:published_time\" content=\"2024-11-14T00:33:52+00:00\" \/>\n<meta property=\"article:modified_time\" content=\"2024-11-14T00:33:53+00:00\" \/>\n<meta property=\"og:image\" content=\"https:\/\/panoramaciudadano.com\/wp-content\/uploads\/2024\/11\/WhatsApp-Image-2024-11-13-at-18.59.34.jpeg\" \/>\n\t<meta property=\"og:image:width\" content=\"1600\" \/>\n\t<meta property=\"og:image:height\" content=\"1200\" \/>\n\t<meta property=\"og:image:type\" content=\"image\/jpeg\" \/>\n<meta name=\"author\" content=\"admin\" \/>\n<meta name=\"twitter:card\" content=\"summary_large_image\" \/>\n<meta name=\"twitter:label1\" content=\"Escrito por\" \/>\n\t<meta name=\"twitter:data1\" content=\"admin\" \/>\n\t<meta name=\"twitter:label2\" content=\"Tiempo de lectura\" \/>\n\t<meta name=\"twitter:data2\" content=\"1 minuto\" \/>\n<script type=\"application\/ld+json\" class=\"yoast-schema-graph\">{\"@context\":\"https:\/\/schema.org\",\"@graph\":[{\"@type\":\"Article\",\"@id\":\"https:\/\/panoramaciudadano.com\/index.php\/2024\/11\/14\/incendio-en-la-caja-de-un-trailer-moviliza-a-bomberos-en-la-avenida-ninos-heroes-de-cancun\/#article\",\"isPartOf\":{\"@id\":\"https:\/\/panoramaciudadano.com\/index.php\/2024\/11\/14\/incendio-en-la-caja-de-un-trailer-moviliza-a-bomberos-en-la-avenida-ninos-heroes-de-cancun\/\"},\"author\":{\"name\":\"admin\",\"@id\":\"https:\/\/panoramaciudadano.com\/#\/schema\/person\/ffe9fe8ef47d3a93977b5761fd9e0d96\"},\"headline\":\"Incendio en la caja de un tr\u00e1iler moviliza a bomberos en la avenida Ni\u00f1os H\u00e9roes de Canc\u00fan\",\"datePublished\":\"2024-11-14T00:33:52+00:00\",\"dateModified\":\"2024-11-14T00:33:53+00:00\",\"mainEntityOfPage\":{\"@id\":\"https:\/\/panoramaciudadano.com\/index.php\/2024\/11\/14\/incendio-en-la-caja-de-un-trailer-moviliza-a-bomberos-en-la-avenida-ninos-heroes-de-cancun\/\"},\"wordCount\":150,\"commentCount\":0,\"publisher\":{\"@id\":\"https:\/\/panoramaciudadano.com\/#organization\"},\"image\":{\"@id\":\"https:\/\/panoramaciudadano.com\/index.php\/2024\/11\/14\/incendio-en-la-caja-de-un-trailer-moviliza-a-bomberos-en-la-avenida-ninos-heroes-de-cancun\/#primaryimage\"},\"thumbnailUrl\":\"https:\/\/panoramaciudadano.com\/wp-content\/uploads\/2024\/11\/WhatsApp-Image-2024-11-13-at-18.59.34.jpeg\",\"keywords\":[\"Avenida Ni\u00f1os H\u00e9roes\"],\"articleSection\":[\"Canc\u00fan\"],\"inLanguage\":\"es\",\"potentialAction\":[{\"@type\":\"CommentAction\",\"name\":\"Comment\",\"target\":[\"https:\/\/panoramaciudadano.com\/index.php\/2024\/11\/14\/incendio-en-la-caja-de-un-trailer-moviliza-a-bomberos-en-la-avenida-ninos-heroes-de-cancun\/#respond\"]}]},{\"@type\":\"WebPage\",\"@id\":\"https:\/\/panoramaciudadano.com\/index.php\/2024\/11\/14\/incendio-en-la-caja-de-un-trailer-moviliza-a-bomberos-en-la-avenida-ninos-heroes-de-cancun\/\",\"url\":\"https:\/\/panoramaciudadano.com\/index.php\/2024\/11\/14\/incendio-en-la-caja-de-un-trailer-moviliza-a-bomberos-en-la-avenida-ninos-heroes-de-cancun\/\",\"name\":\"Incendio en la caja de un tr\u00e1iler moviliza a bomberos en la avenida Ni\u00f1os H\u00e9roes de Canc\u00fan - Panorama Ciudadano\",\"isPartOf\":{\"@id\":\"https:\/\/panoramaciudadano.com\/#website\"},\"primaryImageOfPage\":{\"@id\":\"https:\/\/panoramaciudadano.com\/index.php\/2024\/11\/14\/incendio-en-la-caja-de-un-trailer-moviliza-a-bomberos-en-la-avenida-ninos-heroes-de-cancun\/#primaryimage\"},\"image\":{\"@id\":\"https:\/\/panoramaciudadano.com\/index.php\/2024\/11\/14\/incendio-en-la-caja-de-un-trailer-moviliza-a-bomberos-en-la-avenida-ninos-heroes-de-cancun\/#primaryimage\"},\"thumbnailUrl\":\"https:\/\/panoramaciudadano.com\/wp-content\/uploads\/2024\/11\/WhatsApp-Image-2024-11-13-at-18.59.34.jpeg\",\"datePublished\":\"2024-11-14T00:33:52+00:00\",\"dateModified\":\"2024-11-14T00:33:53+00:00\",\"breadcrumb\":{\"@id\":\"https:\/\/panoramaciudadano.com\/index.php\/2024\/11\/14\/incendio-en-la-caja-de-un-trailer-moviliza-a-bomberos-en-la-avenida-ninos-heroes-de-cancun\/#breadcrumb\"},\"inLanguage\":\"es\",\"potentialAction\":[{\"@type\":\"ReadAction\",\"target\":[\"https:\/\/panoramaciudadano.com\/index.php\/2024\/11\/14\/incendio-en-la-caja-de-un-trailer-moviliza-a-bomberos-en-la-avenida-ninos-heroes-de-cancun\/\"]}]},{\"@type\":\"ImageObject\",\"inLanguage\":\"es\",\"@id\":\"https:\/\/panoramaciudadano.com\/index.php\/2024\/11\/14\/incendio-en-la-caja-de-un-trailer-moviliza-a-bomberos-en-la-avenida-ninos-heroes-de-cancun\/#primaryimage\",\"url\":\"https:\/\/panoramaciudadano.com\/wp-content\/uploads\/2024\/11\/WhatsApp-Image-2024-11-13-at-18.59.34.jpeg\",\"contentUrl\":\"https:\/\/panoramaciudadano.com\/wp-content\/uploads\/2024\/11\/WhatsApp-Image-2024-11-13-at-18.59.34.jpeg\",\"width\":1600,\"height\":1200},{\"@type\":\"BreadcrumbList\",\"@id\":\"https:\/\/panoramaciudadano.com\/index.php\/2024\/11\/14\/incendio-en-la-caja-de-un-trailer-moviliza-a-bomberos-en-la-avenida-ninos-heroes-de-cancun\/#breadcrumb\",\"itemListElement\":[{\"@type\":\"ListItem\",\"position\":1,\"name\":\"Portada\",\"item\":\"https:\/\/panoramaciudadano.com\/\"},{\"@type\":\"ListItem\",\"position\":2,\"name\":\"Incendio en la caja de un tr\u00e1iler moviliza a bomberos en la avenida Ni\u00f1os H\u00e9roes de Canc\u00fan\"}]},{\"@type\":\"WebSite\",\"@id\":\"https:\/\/panoramaciudadano.com\/#website\",\"url\":\"https:\/\/panoramaciudadano.com\/\",\"name\":\"Panorama Ciudadano\",\"description\":\"\",\"publisher\":{\"@id\":\"https:\/\/panoramaciudadano.com\/#organization\"},\"potentialAction\":[{\"@type\":\"SearchAction\",\"target\":{\"@type\":\"EntryPoint\",\"urlTemplate\":\"https:\/\/panoramaciudadano.com\/?s={search_term_string}\"},\"query-input\":{\"@type\":\"PropertyValueSpecification\",\"valueRequired\":true,\"valueName\":\"search_term_string\"}}],\"inLanguage\":\"es\"},{\"@type\":\"Organization\",\"@id\":\"https:\/\/panoramaciudadano.com\/#organization\",\"name\":\"Panorama Ciudadano\",\"url\":\"https:\/\/panoramaciudadano.com\/\",\"logo\":{\"@type\":\"ImageObject\",\"inLanguage\":\"es\",\"@id\":\"https:\/\/panoramaciudadano.com\/#\/schema\/logo\/image\/\",\"url\":\"https:\/\/panoramaciudadano.com\/wp-content\/uploads\/2024\/05\/401498640_919267042938564_6290593609399108733_n.jpg\",\"contentUrl\":\"https:\/\/panoramaciudadano.com\/wp-content\/uploads\/2024\/05\/401498640_919267042938564_6290593609399108733_n.jpg\",\"width\":960,\"height\":957,\"caption\":\"Panorama Ciudadano\"},\"image\":{\"@id\":\"https:\/\/panoramaciudadano.com\/#\/schema\/logo\/image\/\"},\"sameAs\":[\"https:\/\/www.facebook.com\/panoramaciudadano\"]},{\"@type\":\"Person\",\"@id\":\"https:\/\/panoramaciudadano.com\/#\/schema\/person\/ffe9fe8ef47d3a93977b5761fd9e0d96\",\"name\":\"admin\",\"image\":{\"@type\":\"ImageObject\",\"inLanguage\":\"es\",\"@id\":\"https:\/\/panoramaciudadano.com\/#\/schema\/person\/image\/\",\"url\":\"https:\/\/secure.gravatar.com\/avatar\/2d5a12cacce3f18096f25fadea8abb7202fef18ed669595589853e84260ff451?s=96&d=mm&r=g\",\"contentUrl\":\"https:\/\/secure.gravatar.com\/avatar\/2d5a12cacce3f18096f25fadea8abb7202fef18ed669595589853e84260ff451?s=96&d=mm&r=g\",\"caption\":\"admin\"},\"sameAs\":[\"https:\/\/panoramaciudadano.com\"],\"url\":\"https:\/\/panoramaciudadano.com\/index.php\/author\/admin_3q6hyqq3\/\"}]}<\/script>\n<!-- \/ Yoast SEO plugin. -->","yoast_head_json":{"title":"Incendio en la caja de un tr\u00e1iler moviliza a bomberos en la avenida Ni\u00f1os H\u00e9roes de Canc\u00fan - Panorama Ciudadano","robots":{"index":"index","follow":"follow","max-snippet":"max-snippet:-1","max-image-preview":"max-image-preview:large","max-video-preview":"max-video-preview:-1"},"canonical":"https:\/\/panoramaciudadano.com\/index.php\/2024\/11\/14\/incendio-en-la-caja-de-un-trailer-moviliza-a-bomberos-en-la-avenida-ninos-heroes-de-cancun\/","og_locale":"es_ES","og_type":"article","og_title":"Incendio en la caja de un tr\u00e1iler moviliza a bomberos en la avenida Ni\u00f1os H\u00e9roes de Canc\u00fan - Panorama Ciudadano","og_description":"El incendio de la caja de un tr\u00e1iler sobre la avenida Ni\u00f1os H\u00e9roes al poniente de la ciudad, provoc\u00f3 la movilizaci\u00f3n del cuerpo de bomberos.","og_url":"https:\/\/panoramaciudadano.com\/index.php\/2024\/11\/14\/incendio-en-la-caja-de-un-trailer-moviliza-a-bomberos-en-la-avenida-ninos-heroes-de-cancun\/","og_site_name":"Panorama Ciudadano","article_publisher":"https:\/\/www.facebook.com\/panoramaciudadano","article_published_time":"2024-11-14T00:33:52+00:00","article_modified_time":"2024-11-14T00:33:53+00:00","og_image":[{"width":1600,"height":1200,"url":"https:\/\/panoramaciudadano.com\/wp-content\/uploads\/2024\/11\/WhatsApp-Image-2024-11-13-at-18.59.34.jpeg","type":"image\/jpeg"}],"author":"admin","twitter_card":"summary_large_image","twitter_misc":{"Escrito por":"admin","Tiempo de lectura":"1 minuto"},"schema":{"@context":"https:\/\/schema.org","@graph":[{"@type":"Article","@id":"https:\/\/panoramaciudadano.com\/index.php\/2024\/11\/14\/incendio-en-la-caja-de-un-trailer-moviliza-a-bomberos-en-la-avenida-ninos-heroes-de-cancun\/#article","isPartOf":{"@id":"https:\/\/panoramaciudadano.com\/index.php\/2024\/11\/14\/incendio-en-la-caja-de-un-trailer-moviliza-a-bomberos-en-la-avenida-ninos-heroes-de-cancun\/"},"author":{"name":"admin","@id":"https:\/\/panoramaciudadano.com\/#\/schema\/person\/ffe9fe8ef47d3a93977b5761fd9e0d96"},"headline":"Incendio en la caja de un tr\u00e1iler moviliza a bomberos en la avenida Ni\u00f1os H\u00e9roes de Canc\u00fan","datePublished":"2024-11-14T00:33:52+00:00","dateModified":"2024-11-14T00:33:53+00:00","mainEntityOfPage":{"@id":"https:\/\/panoramaciudadano.com\/index.php\/2024\/11\/14\/incendio-en-la-caja-de-un-trailer-moviliza-a-bomberos-en-la-avenida-ninos-heroes-de-cancun\/"},"wordCount":150,"commentCount":0,"publisher":{"@id":"https:\/\/panoramaciudadano.com\/#organization"},"image":{"@id":"https:\/\/panoramaciudadano.com\/index.php\/2024\/11\/14\/incendio-en-la-caja-de-un-trailer-moviliza-a-bomberos-en-la-avenida-ninos-heroes-de-cancun\/#primaryimage"},"thumbnailUrl":"https:\/\/panoramaciudadano.com\/wp-content\/uploads\/2024\/11\/WhatsApp-Image-2024-11-13-at-18.59.34.jpeg","keywords":["Avenida Ni\u00f1os H\u00e9roes"],"articleSection":["Canc\u00fan"],"inLanguage":"es","potentialAction":[{"@type":"CommentAction","name":"Comment","target":["https:\/\/panoramaciudadano.com\/index.php\/2024\/11\/14\/incendio-en-la-caja-de-un-trailer-moviliza-a-bomberos-en-la-avenida-ninos-heroes-de-cancun\/#respond"]}]},{"@type":"WebPage","@id":"https:\/\/panoramaciudadano.com\/index.php\/2024\/11\/14\/incendio-en-la-caja-de-un-trailer-moviliza-a-bomberos-en-la-avenida-ninos-heroes-de-cancun\/","url":"https:\/\/panoramaciudadano.com\/index.php\/2024\/11\/14\/incendio-en-la-caja-de-un-trailer-moviliza-a-bomberos-en-la-avenida-ninos-heroes-de-cancun\/","name":"Incendio en la caja de un tr\u00e1iler moviliza a bomberos en la avenida Ni\u00f1os H\u00e9roes de Canc\u00fan - Panorama Ciudadano","isPartOf":{"@id":"https:\/\/panoramaciudadano.com\/#website"},"primaryImageOfPage":{"@id":"https:\/\/panoramaciudadano.com\/index.php\/2024\/11\/14\/incendio-en-la-caja-de-un-trailer-moviliza-a-bomberos-en-la-avenida-ninos-heroes-de-cancun\/#primaryimage"},"image":{"@id":"https:\/\/panoramaciudadano.com\/index.php\/2024\/11\/14\/incendio-en-la-caja-de-un-trailer-moviliza-a-bomberos-en-la-avenida-ninos-heroes-de-cancun\/#primaryimage"},"thumbnailUrl":"https:\/\/panoramaciudadano.com\/wp-content\/uploads\/2024\/11\/WhatsApp-Image-2024-11-13-at-18.59.34.jpeg","datePublished":"2024-11-14T00:33:52+00:00","dateModified":"2024-11-14T00:33:53+00:00","breadcrumb":{"@id":"https:\/\/panoramaciudadano.com\/index.php\/2024\/11\/14\/incendio-en-la-caja-de-un-trailer-moviliza-a-bomberos-en-la-avenida-ninos-heroes-de-cancun\/#breadcrumb"},"inLanguage":"es","potentialAction":[{"@type":"ReadAction","target":["https:\/\/panoramaciudadano.com\/index.php\/2024\/11\/14\/incendio-en-la-caja-de-un-trailer-moviliza-a-bomberos-en-la-avenida-ninos-heroes-de-cancun\/"]}]},{"@type":"ImageObject","inLanguage":"es","@id":"https:\/\/panoramaciudadano.com\/index.php\/2024\/11\/14\/incendio-en-la-caja-de-un-trailer-moviliza-a-bomberos-en-la-avenida-ninos-heroes-de-cancun\/#primaryimage","url":"https:\/\/panoramaciudadano.com\/wp-content\/uploads\/2024\/11\/WhatsApp-Image-2024-11-13-at-18.59.34.jpeg","contentUrl":"https:\/\/panoramaciudadano.com\/wp-content\/uploads\/2024\/11\/WhatsApp-Image-2024-11-13-at-18.59.34.jpeg","width":1600,"height":1200},{"@type":"BreadcrumbList","@id":"https:\/\/panoramaciudadano.com\/index.php\/2024\/11\/14\/incendio-en-la-caja-de-un-trailer-moviliza-a-bomberos-en-la-avenida-ninos-heroes-de-cancun\/#breadcrumb","itemListElement":[{"@type":"ListItem","position":1,"name":"Portada","item":"https:\/\/panoramaciudadano.com\/"},{"@type":"ListItem","position":2,"name":"Incendio en la caja de un tr\u00e1iler moviliza a bomberos en la avenida Ni\u00f1os H\u00e9roes de Canc\u00fan"}]},{"@type":"WebSite","@id":"https:\/\/panoramaciudadano.com\/#website","url":"https:\/\/panoramaciudadano.com\/","name":"Panorama Ciudadano","description":"","publisher":{"@id":"https:\/\/panoramaciudadano.com\/#organization"},"potentialAction":[{"@type":"SearchAction","target":{"@type":"EntryPoint","urlTemplate":"https:\/\/panoramaciudadano.com\/?s={search_term_string}"},"query-input":{"@type":"PropertyValueSpecification","valueRequired":true,"valueName":"search_term_string"}}],"inLanguage":"es"},{"@type":"Organization","@id":"https:\/\/panoramaciudadano.com\/#organization","name":"Panorama Ciudadano","url":"https:\/\/panoramaciudadano.com\/","logo":{"@type":"ImageObject","inLanguage":"es","@id":"https:\/\/panoramaciudadano.com\/#\/schema\/logo\/image\/","url":"https:\/\/panoramaciudadano.com\/wp-content\/uploads\/2024\/05\/401498640_919267042938564_6290593609399108733_n.jpg","contentUrl":"https:\/\/panoramaciudadano.com\/wp-content\/uploads\/2024\/05\/401498640_919267042938564_6290593609399108733_n.jpg","width":960,"height":957,"caption":"Panorama Ciudadano"},"image":{"@id":"https:\/\/panoramaciudadano.com\/#\/schema\/logo\/image\/"},"sameAs":["https:\/\/www.facebook.com\/panoramaciudadano"]},{"@type":"Person","@id":"https:\/\/panoramaciudadano.com\/#\/schema\/person\/ffe9fe8ef47d3a93977b5761fd9e0d96","name":"admin","image":{"@type":"ImageObject","inLanguage":"es","@id":"https:\/\/panoramaciudadano.com\/#\/schema\/person\/image\/","url":"https:\/\/secure.gravatar.com\/avatar\/2d5a12cacce3f18096f25fadea8abb7202fef18ed669595589853e84260ff451?s=96&d=mm&r=g","contentUrl":"https:\/\/secure.gravatar.com\/avatar\/2d5a12cacce3f18096f25fadea8abb7202fef18ed669595589853e84260ff451?s=96&d=mm&r=g","caption":"admin"},"sameAs":["https:\/\/panoramaciudadano.com"],"url":"https:\/\/panoramaciudadano.com\/index.php\/author\/admin_3q6hyqq3\/"}]}},"_links":{"self":[{"href":"https:\/\/panoramaciudadano.com\/index.php\/wp-json\/wp\/v2\/posts\/6858","targetHints":{"allow":["GET"]}}],"collection":[{"href":"https:\/\/panoramaciudadano.com\/index.php\/wp-json\/wp\/v2\/posts"}],"about":[{"href":"https:\/\/panoramaciudadano.com\/index.php\/wp-json\/wp\/v2\/types\/post"}],"author":[{"embeddable":true,"href":"https:\/\/panoramaciudadano.com\/index.php\/wp-json\/wp\/v2\/users\/1"}],"replies":[{"embeddable":true,"href":"https:\/\/panoramaciudadano.com\/index.php\/wp-json\/wp\/v2\/comments?post=6858"}],"version-history":[{"count":1,"href":"https:\/\/panoramaciudadano.com\/index.php\/wp-json\/wp\/v2\/posts\/6858\/revisions"}],"predecessor-version":[{"id":6860,"href":"https:\/\/panoramaciudadano.com\/index.php\/wp-json\/wp\/v2\/posts\/6858\/revisions\/6860"}],"wp:featuredmedia":[{"embeddable":true,"href":"https:\/\/panoramaciudadano.com\/index.php\/wp-json\/wp\/v2\/media\/6859"}],"wp:attachment":[{"href":"https:\/\/panoramaciudadano.com\/index.php\/wp-json\/wp\/v2\/media?parent=6858"}],"wp:term":[{"taxonomy":"category","embeddable":true,"href":"https:\/\/panoramaciudadano.com\/index.php\/wp-json\/wp\/v2\/categories?post=6858"},{"taxonomy":"post_tag","embeddable":true,"href":"https:\/\/panoramaciudadano.com\/index.php\/wp-json\/wp\/v2\/tags?post=6858"}],"curies":[{"name":"wp","href":"https:\/\/api.w.org\/{rel}","templated":true}]}}