{"id":7211,"date":"2024-11-26T00:55:46","date_gmt":"2024-11-25T17:55:46","guid":{"rendered":"https:\/\/panoramaciudadano.com\/?p=7211"},"modified":"2024-11-26T00:55:47","modified_gmt":"2024-11-25T17:55:47","slug":"celebran-revolucion-boxistica-en-solidaridad-con-la-presencia-de-leyendas-del-boxeo-mexicano","status":"publish","type":"post","link":"https:\/\/panoramaciudadano.com\/index.php\/2024\/11\/26\/celebran-revolucion-boxistica-en-solidaridad-con-la-presencia-de-leyendas-del-boxeo-mexicano\/","title":{"rendered":"Celebran Revoluci\u00f3n Box\u00edstica en Solidaridad con la presencia de leyendas del boxeo mexicano"},"content":{"rendered":"\n<figure class=\"wp-block-image size-large\"><img decoding=\"async\" width=\"1024\" height=\"682\" src=\"https:\/\/panoramaciudadano.com\/wp-content\/uploads\/2024\/11\/WhatsApp-Image-2024-11-25-at-10.28.03-1024x682.jpeg\" alt=\"\" class=\"wp-image-7212\" srcset=\"https:\/\/panoramaciudadano.com\/wp-content\/uploads\/2024\/11\/WhatsApp-Image-2024-11-25-at-10.28.03-1024x682.jpeg 1024w, https:\/\/panoramaciudadano.com\/wp-content\/uploads\/2024\/11\/WhatsApp-Image-2024-11-25-at-10.28.03-300x200.jpeg 300w, https:\/\/panoramaciudadano.com\/wp-content\/uploads\/2024\/11\/WhatsApp-Image-2024-11-25-at-10.28.03-768x511.jpeg 768w, https:\/\/panoramaciudadano.com\/wp-content\/uploads\/2024\/11\/WhatsApp-Image-2024-11-25-at-10.28.03.jpeg 1080w\" sizes=\"(max-width: 1024px) 100vw, 1024px\" \/><\/figure>\n\n\n\n<ul class=\"wp-block-list\">\n<li>Juan Manuel M\u00e1rquez, Jackie Nava y Rafael M\u00e1rquez engalanan celebraci\u00f3n box\u00edstica en Playa del Carmen.<\/li>\n<\/ul>\n\n\n\n<p>Playa del Carmen, Solidaridad, Q. Roo a 24 de noviembre del 2024.- Ante una gran presencia de aficionados que abarrotaron el gimnasio Poliforum, ubicado en la unidad deportiva Playa del Carmen, concluy\u00f3 una semana de celebraci\u00f3n y tributos a las leyendas del boxeo mexicano, encabezadas por Juan Manuel \u201cDinamita\u201d M\u00e1rquez, Jackie Nava, Rafael M\u00e1rquez y el analista Eduardo \u201cLalo\u201d Camarena, quienes comentaron las peleas de la funci\u00f3n \u201cRevoluci\u00f3n Box\u00edstica\u201d, que fue transmitida por el canal 6 de Multimedios, exponiendo las bellezas de Solidaridad y la calidez y pasi\u00f3n de su gente.<\/p>\n\n\n\n<p>La presidenta municipal, Estefan\u00eda Mercado, entreg\u00f3 un reconocimiento especial a los ex campeones mundiales y al comentarista Eduardo \u201cLalo\u201d Camarena, considerado como uno de los mejores analistas del boxeo a nivel mundial, la edil expres\u00f3 que el impacto en la sociedad mexicana ha sido de tal manera que hoy en d\u00eda ni\u00f1os y j\u00f3venes buscan a trav\u00e9s del deporte un cambio en sus vidas, la lucha constante por hacer realidad sus sue\u00f1os les permite construir un mejor pa\u00eds, por lo que a nombre de los solidarenses, les entreg\u00f3 a cada uno, un reconocimiento con el cari\u00f1o y el agradecimiento por lo hecho en el ring y en su vida diaria.<\/p>\n\n\n\n<figure class=\"wp-block-gallery has-nested-images columns-default is-cropped wp-block-gallery-1 is-layout-flex wp-block-gallery-is-layout-flex\">\n<figure class=\"wp-block-image size-large\"><img decoding=\"async\" width=\"1024\" height=\"683\" data-id=\"7213\" src=\"https:\/\/panoramaciudadano.com\/wp-content\/uploads\/2024\/11\/2-126-1024x683.jpeg\" alt=\"\" class=\"wp-image-7213\" srcset=\"https:\/\/panoramaciudadano.com\/wp-content\/uploads\/2024\/11\/2-126-1024x683.jpeg 1024w, https:\/\/panoramaciudadano.com\/wp-content\/uploads\/2024\/11\/2-126-300x200.jpeg 300w, https:\/\/panoramaciudadano.com\/wp-content\/uploads\/2024\/11\/2-126-768x512.jpeg 768w, https:\/\/panoramaciudadano.com\/wp-content\/uploads\/2024\/11\/2-126.jpeg 1080w\" sizes=\"(max-width: 1024px) 100vw, 1024px\" \/><\/figure>\n\n\n\n<figure class=\"wp-block-image size-large\"><img decoding=\"async\" width=\"1024\" height=\"686\" data-id=\"7219\" src=\"https:\/\/panoramaciudadano.com\/wp-content\/uploads\/2024\/11\/3-111-1024x686.jpeg\" alt=\"\" class=\"wp-image-7219\" srcset=\"https:\/\/panoramaciudadano.com\/wp-content\/uploads\/2024\/11\/3-111-1024x686.jpeg 1024w, https:\/\/panoramaciudadano.com\/wp-content\/uploads\/2024\/11\/3-111-300x201.jpeg 300w, https:\/\/panoramaciudadano.com\/wp-content\/uploads\/2024\/11\/3-111-768x514.jpeg 768w, https:\/\/panoramaciudadano.com\/wp-content\/uploads\/2024\/11\/3-111.jpeg 1080w\" sizes=\"(max-width: 1024px) 100vw, 1024px\" \/><\/figure>\n\n\n\n<figure class=\"wp-block-image size-large\"><img decoding=\"async\" width=\"1024\" height=\"683\" data-id=\"7218\" src=\"https:\/\/panoramaciudadano.com\/wp-content\/uploads\/2024\/11\/4-82-1024x683.jpeg\" alt=\"\" class=\"wp-image-7218\" srcset=\"https:\/\/panoramaciudadano.com\/wp-content\/uploads\/2024\/11\/4-82-1024x683.jpeg 1024w, https:\/\/panoramaciudadano.com\/wp-content\/uploads\/2024\/11\/4-82-300x200.jpeg 300w, https:\/\/panoramaciudadano.com\/wp-content\/uploads\/2024\/11\/4-82-768x512.jpeg 768w, https:\/\/panoramaciudadano.com\/wp-content\/uploads\/2024\/11\/4-82.jpeg 1080w\" sizes=\"(max-width: 1024px) 100vw, 1024px\" \/><\/figure>\n\n\n\n<figure class=\"wp-block-image size-large\"><img decoding=\"async\" width=\"1024\" height=\"718\" data-id=\"7215\" src=\"https:\/\/panoramaciudadano.com\/wp-content\/uploads\/2024\/11\/5-36-1024x718.jpeg\" alt=\"\" class=\"wp-image-7215\" srcset=\"https:\/\/panoramaciudadano.com\/wp-content\/uploads\/2024\/11\/5-36-1024x718.jpeg 1024w, https:\/\/panoramaciudadano.com\/wp-content\/uploads\/2024\/11\/5-36-300x210.jpeg 300w, https:\/\/panoramaciudadano.com\/wp-content\/uploads\/2024\/11\/5-36-768x538.jpeg 768w, https:\/\/panoramaciudadano.com\/wp-content\/uploads\/2024\/11\/5-36.jpeg 1080w\" sizes=\"(max-width: 1024px) 100vw, 1024px\" \/><\/figure>\n\n\n\n<figure class=\"wp-block-image size-large\"><img decoding=\"async\" width=\"1024\" height=\"683\" data-id=\"7216\" src=\"https:\/\/panoramaciudadano.com\/wp-content\/uploads\/2024\/11\/6-18-1024x683.jpeg\" alt=\"\" class=\"wp-image-7216\" srcset=\"https:\/\/panoramaciudadano.com\/wp-content\/uploads\/2024\/11\/6-18-1024x683.jpeg 1024w, https:\/\/panoramaciudadano.com\/wp-content\/uploads\/2024\/11\/6-18-300x200.jpeg 300w, https:\/\/panoramaciudadano.com\/wp-content\/uploads\/2024\/11\/6-18-768x512.jpeg 768w, https:\/\/panoramaciudadano.com\/wp-content\/uploads\/2024\/11\/6-18.jpeg 1080w\" sizes=\"(max-width: 1024px) 100vw, 1024px\" \/><\/figure>\n\n\n\n<figure class=\"wp-block-image size-large\"><img decoding=\"async\" width=\"1024\" height=\"698\" data-id=\"7217\" src=\"https:\/\/panoramaciudadano.com\/wp-content\/uploads\/2024\/11\/7-14-1024x698.jpeg\" alt=\"\" class=\"wp-image-7217\" srcset=\"https:\/\/panoramaciudadano.com\/wp-content\/uploads\/2024\/11\/7-14-1024x698.jpeg 1024w, https:\/\/panoramaciudadano.com\/wp-content\/uploads\/2024\/11\/7-14-300x204.jpeg 300w, https:\/\/panoramaciudadano.com\/wp-content\/uploads\/2024\/11\/7-14-768x523.jpeg 768w, https:\/\/panoramaciudadano.com\/wp-content\/uploads\/2024\/11\/7-14.jpeg 1080w\" sizes=\"(max-width: 1024px) 100vw, 1024px\" \/><\/figure>\n\n\n\n<figure class=\"wp-block-image size-large\"><img decoding=\"async\" width=\"1024\" height=\"749\" data-id=\"7214\" src=\"https:\/\/panoramaciudadano.com\/wp-content\/uploads\/2024\/11\/8-9-1024x749.jpeg\" alt=\"\" class=\"wp-image-7214\" srcset=\"https:\/\/panoramaciudadano.com\/wp-content\/uploads\/2024\/11\/8-9-1024x749.jpeg 1024w, https:\/\/panoramaciudadano.com\/wp-content\/uploads\/2024\/11\/8-9-300x219.jpeg 300w, https:\/\/panoramaciudadano.com\/wp-content\/uploads\/2024\/11\/8-9-768x562.jpeg 768w, https:\/\/panoramaciudadano.com\/wp-content\/uploads\/2024\/11\/8-9.jpeg 1080w\" sizes=\"(max-width: 1024px) 100vw, 1024px\" \/><\/figure>\n<\/figure>\n\n\n\n<p>En la pelea estelar de la funci\u00f3n, el capitalino Erik Badillo, la nueva estrella de la empresa TM Boxing, mantuvo su racha invicta en 17 combates, al imponerse al vallisoletano Miguel \u201cJoyita\u201d Herrera, dando c\u00e1tedra de boxeo en los ocho rounds, llev\u00e1ndose el triunfo por decisi\u00f3n un\u00e1nime, ante la ovaci\u00f3n del respetable, que disfrut\u00f3 de un gran combate sobre el cuadril\u00e1tero, poniendo punto final a la celebraci\u00f3n de aniversario de la empresa promotora que encabeza Eric Ibarra, quien en la Riviera Maya ha hecho alianza con la promotora Patricia Fajardo, para realizar funciones espectaculares para deleite de la afici\u00f3n.<\/p>\n\n\n\n<p>Como invitados de honor estuvieron el Lic. Jacobo Arzate, presidente de la Comisi\u00f3n del Deporte de Q. Roo, el Lic. Saul Barbosa Heredia, regidor del cabildo solidarense, el Mtro. Beto L\u00f3pez, director general del Instituto del Deporte del Municipio de Solidaridad, la Lic. Estefan\u00eda Hern\u00e1ndez, secretaria de Turismo municipal y el Lic. Eduardo Asencio, presidente honorario del Sistema DIF Solidaridad, quienes disfrutaron de la velada y aconpa\u00f1aron al empresario box\u00edstico sobre el ring previo al combate estelar.<\/p>\n\n\n\n<p>En otros combates realizados, Danilo Diez se impuso por decisi\u00f3n dividida a Alan Casiano; en un duelo de poder a poder femenil, la originaria de Pa\u00edses Bajos, Carmen Veekay se impuso por decisi\u00f3n un\u00e1nime a la mexicana Siria S\u00e1nchez, en tanto que en una fiesta de knockouts, Yahir Aguiar venci\u00f3 a Gerardo Barcel\u00f3 a los 2:01 del tercer round y el tijuanense Angel \u201cGuerrero\u201d Garrobo mand\u00f3 a la lona a Cesar Lara en el segundo round.<\/p>\n","protected":false},"excerpt":{"rendered":"<p>Juan Manuel M\u00e1rquez, Jackie Nava y Rafael M\u00e1rquez engalanan celebraci\u00f3n box\u00edstica en Playa del Carmen.<\/p>\n","protected":false},"author":1,"featured_media":7212,"comment_status":"open","ping_status":"closed","sticky":false,"template":"","format":"standard","meta":{"footnotes":""},"categories":[7],"tags":[238],"class_list":["post-7211","post","type-post","status-publish","format-standard","has-post-thumbnail","hentry","category-playa-del-carmen","tag-estefania-mercado"],"yoast_head":"<!-- This site is optimized with the Yoast SEO plugin v27.1.1 - https:\/\/yoast.com\/product\/yoast-seo-wordpress\/ -->\n<title>Celebran Revoluci\u00f3n Box\u00edstica en Solidaridad con la presencia de leyendas del boxeo mexicano - Panorama Ciudadano<\/title>\n<meta name=\"robots\" content=\"index, follow, max-snippet:-1, max-image-preview:large, max-video-preview:-1\" \/>\n<link rel=\"canonical\" href=\"https:\/\/panoramaciudadano.com\/index.php\/2024\/11\/26\/celebran-revolucion-boxistica-en-solidaridad-con-la-presencia-de-leyendas-del-boxeo-mexicano\/\" \/>\n<meta property=\"og:locale\" content=\"es_ES\" \/>\n<meta property=\"og:type\" content=\"article\" \/>\n<meta property=\"og:title\" content=\"Celebran Revoluci\u00f3n Box\u00edstica en Solidaridad con la presencia de leyendas del boxeo mexicano - Panorama Ciudadano\" \/>\n<meta property=\"og:description\" content=\"Juan Manuel M\u00e1rquez, Jackie Nava y Rafael M\u00e1rquez engalanan celebraci\u00f3n box\u00edstica en Playa del Carmen.\" \/>\n<meta property=\"og:url\" content=\"https:\/\/panoramaciudadano.com\/index.php\/2024\/11\/26\/celebran-revolucion-boxistica-en-solidaridad-con-la-presencia-de-leyendas-del-boxeo-mexicano\/\" \/>\n<meta property=\"og:site_name\" content=\"Panorama Ciudadano\" \/>\n<meta property=\"article:publisher\" content=\"https:\/\/www.facebook.com\/panoramaciudadano\" \/>\n<meta property=\"article:published_time\" content=\"2024-11-25T17:55:46+00:00\" \/>\n<meta property=\"article:modified_time\" content=\"2024-11-25T17:55:47+00:00\" \/>\n<meta property=\"og:image\" content=\"https:\/\/panoramaciudadano.com\/wp-content\/uploads\/2024\/11\/WhatsApp-Image-2024-11-25-at-10.28.03.jpeg\" \/>\n\t<meta property=\"og:image:width\" content=\"1080\" \/>\n\t<meta property=\"og:image:height\" content=\"719\" \/>\n\t<meta property=\"og:image:type\" content=\"image\/jpeg\" \/>\n<meta name=\"author\" content=\"admin\" \/>\n<meta name=\"twitter:card\" content=\"summary_large_image\" \/>\n<meta name=\"twitter:label1\" content=\"Escrito por\" \/>\n\t<meta name=\"twitter:data1\" content=\"admin\" \/>\n\t<meta name=\"twitter:label2\" content=\"Tiempo de lectura\" \/>\n\t<meta name=\"twitter:data2\" content=\"4 minutos\" \/>\n<script type=\"application\/ld+json\" class=\"yoast-schema-graph\">{\"@context\":\"https:\/\/schema.org\",\"@graph\":[{\"@type\":\"Article\",\"@id\":\"https:\/\/panoramaciudadano.com\/index.php\/2024\/11\/26\/celebran-revolucion-boxistica-en-solidaridad-con-la-presencia-de-leyendas-del-boxeo-mexicano\/#article\",\"isPartOf\":{\"@id\":\"https:\/\/panoramaciudadano.com\/index.php\/2024\/11\/26\/celebran-revolucion-boxistica-en-solidaridad-con-la-presencia-de-leyendas-del-boxeo-mexicano\/\"},\"author\":{\"name\":\"admin\",\"@id\":\"https:\/\/panoramaciudadano.com\/#\/schema\/person\/ffe9fe8ef47d3a93977b5761fd9e0d96\"},\"headline\":\"Celebran Revoluci\u00f3n Box\u00edstica en Solidaridad con la presencia de leyendas del boxeo mexicano\",\"datePublished\":\"2024-11-25T17:55:46+00:00\",\"dateModified\":\"2024-11-25T17:55:47+00:00\",\"mainEntityOfPage\":{\"@id\":\"https:\/\/panoramaciudadano.com\/index.php\/2024\/11\/26\/celebran-revolucion-boxistica-en-solidaridad-con-la-presencia-de-leyendas-del-boxeo-mexicano\/\"},\"wordCount\":518,\"commentCount\":0,\"publisher\":{\"@id\":\"https:\/\/panoramaciudadano.com\/#organization\"},\"image\":{\"@id\":\"https:\/\/panoramaciudadano.com\/index.php\/2024\/11\/26\/celebran-revolucion-boxistica-en-solidaridad-con-la-presencia-de-leyendas-del-boxeo-mexicano\/#primaryimage\"},\"thumbnailUrl\":\"https:\/\/panoramaciudadano.com\/wp-content\/uploads\/2024\/11\/WhatsApp-Image-2024-11-25-at-10.28.03.jpeg\",\"keywords\":[\"Estefan\u00eda Mercado\"],\"articleSection\":[\"Playa del Carmen\"],\"inLanguage\":\"es\",\"potentialAction\":[{\"@type\":\"CommentAction\",\"name\":\"Comment\",\"target\":[\"https:\/\/panoramaciudadano.com\/index.php\/2024\/11\/26\/celebran-revolucion-boxistica-en-solidaridad-con-la-presencia-de-leyendas-del-boxeo-mexicano\/#respond\"]}]},{\"@type\":\"WebPage\",\"@id\":\"https:\/\/panoramaciudadano.com\/index.php\/2024\/11\/26\/celebran-revolucion-boxistica-en-solidaridad-con-la-presencia-de-leyendas-del-boxeo-mexicano\/\",\"url\":\"https:\/\/panoramaciudadano.com\/index.php\/2024\/11\/26\/celebran-revolucion-boxistica-en-solidaridad-con-la-presencia-de-leyendas-del-boxeo-mexicano\/\",\"name\":\"Celebran Revoluci\u00f3n Box\u00edstica en Solidaridad con la presencia de leyendas del boxeo mexicano - Panorama Ciudadano\",\"isPartOf\":{\"@id\":\"https:\/\/panoramaciudadano.com\/#website\"},\"primaryImageOfPage\":{\"@id\":\"https:\/\/panoramaciudadano.com\/index.php\/2024\/11\/26\/celebran-revolucion-boxistica-en-solidaridad-con-la-presencia-de-leyendas-del-boxeo-mexicano\/#primaryimage\"},\"image\":{\"@id\":\"https:\/\/panoramaciudadano.com\/index.php\/2024\/11\/26\/celebran-revolucion-boxistica-en-solidaridad-con-la-presencia-de-leyendas-del-boxeo-mexicano\/#primaryimage\"},\"thumbnailUrl\":\"https:\/\/panoramaciudadano.com\/wp-content\/uploads\/2024\/11\/WhatsApp-Image-2024-11-25-at-10.28.03.jpeg\",\"datePublished\":\"2024-11-25T17:55:46+00:00\",\"dateModified\":\"2024-11-25T17:55:47+00:00\",\"breadcrumb\":{\"@id\":\"https:\/\/panoramaciudadano.com\/index.php\/2024\/11\/26\/celebran-revolucion-boxistica-en-solidaridad-con-la-presencia-de-leyendas-del-boxeo-mexicano\/#breadcrumb\"},\"inLanguage\":\"es\",\"potentialAction\":[{\"@type\":\"ReadAction\",\"target\":[\"https:\/\/panoramaciudadano.com\/index.php\/2024\/11\/26\/celebran-revolucion-boxistica-en-solidaridad-con-la-presencia-de-leyendas-del-boxeo-mexicano\/\"]}]},{\"@type\":\"ImageObject\",\"inLanguage\":\"es\",\"@id\":\"https:\/\/panoramaciudadano.com\/index.php\/2024\/11\/26\/celebran-revolucion-boxistica-en-solidaridad-con-la-presencia-de-leyendas-del-boxeo-mexicano\/#primaryimage\",\"url\":\"https:\/\/panoramaciudadano.com\/wp-content\/uploads\/2024\/11\/WhatsApp-Image-2024-11-25-at-10.28.03.jpeg\",\"contentUrl\":\"https:\/\/panoramaciudadano.com\/wp-content\/uploads\/2024\/11\/WhatsApp-Image-2024-11-25-at-10.28.03.jpeg\",\"width\":1080,\"height\":719},{\"@type\":\"BreadcrumbList\",\"@id\":\"https:\/\/panoramaciudadano.com\/index.php\/2024\/11\/26\/celebran-revolucion-boxistica-en-solidaridad-con-la-presencia-de-leyendas-del-boxeo-mexicano\/#breadcrumb\",\"itemListElement\":[{\"@type\":\"ListItem\",\"position\":1,\"name\":\"Portada\",\"item\":\"https:\/\/panoramaciudadano.com\/\"},{\"@type\":\"ListItem\",\"position\":2,\"name\":\"Celebran Revoluci\u00f3n Box\u00edstica en Solidaridad con la presencia de leyendas del boxeo mexicano\"}]},{\"@type\":\"WebSite\",\"@id\":\"https:\/\/panoramaciudadano.com\/#website\",\"url\":\"https:\/\/panoramaciudadano.com\/\",\"name\":\"Panorama Ciudadano\",\"description\":\"\",\"publisher\":{\"@id\":\"https:\/\/panoramaciudadano.com\/#organization\"},\"potentialAction\":[{\"@type\":\"SearchAction\",\"target\":{\"@type\":\"EntryPoint\",\"urlTemplate\":\"https:\/\/panoramaciudadano.com\/?s={search_term_string}\"},\"query-input\":{\"@type\":\"PropertyValueSpecification\",\"valueRequired\":true,\"valueName\":\"search_term_string\"}}],\"inLanguage\":\"es\"},{\"@type\":\"Organization\",\"@id\":\"https:\/\/panoramaciudadano.com\/#organization\",\"name\":\"Panorama Ciudadano\",\"url\":\"https:\/\/panoramaciudadano.com\/\",\"logo\":{\"@type\":\"ImageObject\",\"inLanguage\":\"es\",\"@id\":\"https:\/\/panoramaciudadano.com\/#\/schema\/logo\/image\/\",\"url\":\"https:\/\/panoramaciudadano.com\/wp-content\/uploads\/2024\/05\/401498640_919267042938564_6290593609399108733_n.jpg\",\"contentUrl\":\"https:\/\/panoramaciudadano.com\/wp-content\/uploads\/2024\/05\/401498640_919267042938564_6290593609399108733_n.jpg\",\"width\":960,\"height\":957,\"caption\":\"Panorama Ciudadano\"},\"image\":{\"@id\":\"https:\/\/panoramaciudadano.com\/#\/schema\/logo\/image\/\"},\"sameAs\":[\"https:\/\/www.facebook.com\/panoramaciudadano\"]},{\"@type\":\"Person\",\"@id\":\"https:\/\/panoramaciudadano.com\/#\/schema\/person\/ffe9fe8ef47d3a93977b5761fd9e0d96\",\"name\":\"admin\",\"image\":{\"@type\":\"ImageObject\",\"inLanguage\":\"es\",\"@id\":\"https:\/\/panoramaciudadano.com\/#\/schema\/person\/image\/\",\"url\":\"https:\/\/secure.gravatar.com\/avatar\/2d5a12cacce3f18096f25fadea8abb7202fef18ed669595589853e84260ff451?s=96&d=mm&r=g\",\"contentUrl\":\"https:\/\/secure.gravatar.com\/avatar\/2d5a12cacce3f18096f25fadea8abb7202fef18ed669595589853e84260ff451?s=96&d=mm&r=g\",\"caption\":\"admin\"},\"sameAs\":[\"https:\/\/panoramaciudadano.com\"],\"url\":\"https:\/\/panoramaciudadano.com\/index.php\/author\/admin_3q6hyqq3\/\"}]}<\/script>\n<!-- \/ Yoast SEO plugin. -->","yoast_head_json":{"title":"Celebran Revoluci\u00f3n Box\u00edstica en Solidaridad con la presencia de leyendas del boxeo mexicano - Panorama Ciudadano","robots":{"index":"index","follow":"follow","max-snippet":"max-snippet:-1","max-image-preview":"max-image-preview:large","max-video-preview":"max-video-preview:-1"},"canonical":"https:\/\/panoramaciudadano.com\/index.php\/2024\/11\/26\/celebran-revolucion-boxistica-en-solidaridad-con-la-presencia-de-leyendas-del-boxeo-mexicano\/","og_locale":"es_ES","og_type":"article","og_title":"Celebran Revoluci\u00f3n Box\u00edstica en Solidaridad con la presencia de leyendas del boxeo mexicano - Panorama Ciudadano","og_description":"Juan Manuel M\u00e1rquez, Jackie Nava y Rafael M\u00e1rquez engalanan celebraci\u00f3n box\u00edstica en Playa del Carmen.","og_url":"https:\/\/panoramaciudadano.com\/index.php\/2024\/11\/26\/celebran-revolucion-boxistica-en-solidaridad-con-la-presencia-de-leyendas-del-boxeo-mexicano\/","og_site_name":"Panorama Ciudadano","article_publisher":"https:\/\/www.facebook.com\/panoramaciudadano","article_published_time":"2024-11-25T17:55:46+00:00","article_modified_time":"2024-11-25T17:55:47+00:00","og_image":[{"width":1080,"height":719,"url":"https:\/\/panoramaciudadano.com\/wp-content\/uploads\/2024\/11\/WhatsApp-Image-2024-11-25-at-10.28.03.jpeg","type":"image\/jpeg"}],"author":"admin","twitter_card":"summary_large_image","twitter_misc":{"Escrito por":"admin","Tiempo de lectura":"4 minutos"},"schema":{"@context":"https:\/\/schema.org","@graph":[{"@type":"Article","@id":"https:\/\/panoramaciudadano.com\/index.php\/2024\/11\/26\/celebran-revolucion-boxistica-en-solidaridad-con-la-presencia-de-leyendas-del-boxeo-mexicano\/#article","isPartOf":{"@id":"https:\/\/panoramaciudadano.com\/index.php\/2024\/11\/26\/celebran-revolucion-boxistica-en-solidaridad-con-la-presencia-de-leyendas-del-boxeo-mexicano\/"},"author":{"name":"admin","@id":"https:\/\/panoramaciudadano.com\/#\/schema\/person\/ffe9fe8ef47d3a93977b5761fd9e0d96"},"headline":"Celebran Revoluci\u00f3n Box\u00edstica en Solidaridad con la presencia de leyendas del boxeo mexicano","datePublished":"2024-11-25T17:55:46+00:00","dateModified":"2024-11-25T17:55:47+00:00","mainEntityOfPage":{"@id":"https:\/\/panoramaciudadano.com\/index.php\/2024\/11\/26\/celebran-revolucion-boxistica-en-solidaridad-con-la-presencia-de-leyendas-del-boxeo-mexicano\/"},"wordCount":518,"commentCount":0,"publisher":{"@id":"https:\/\/panoramaciudadano.com\/#organization"},"image":{"@id":"https:\/\/panoramaciudadano.com\/index.php\/2024\/11\/26\/celebran-revolucion-boxistica-en-solidaridad-con-la-presencia-de-leyendas-del-boxeo-mexicano\/#primaryimage"},"thumbnailUrl":"https:\/\/panoramaciudadano.com\/wp-content\/uploads\/2024\/11\/WhatsApp-Image-2024-11-25-at-10.28.03.jpeg","keywords":["Estefan\u00eda Mercado"],"articleSection":["Playa del Carmen"],"inLanguage":"es","potentialAction":[{"@type":"CommentAction","name":"Comment","target":["https:\/\/panoramaciudadano.com\/index.php\/2024\/11\/26\/celebran-revolucion-boxistica-en-solidaridad-con-la-presencia-de-leyendas-del-boxeo-mexicano\/#respond"]}]},{"@type":"WebPage","@id":"https:\/\/panoramaciudadano.com\/index.php\/2024\/11\/26\/celebran-revolucion-boxistica-en-solidaridad-con-la-presencia-de-leyendas-del-boxeo-mexicano\/","url":"https:\/\/panoramaciudadano.com\/index.php\/2024\/11\/26\/celebran-revolucion-boxistica-en-solidaridad-con-la-presencia-de-leyendas-del-boxeo-mexicano\/","name":"Celebran Revoluci\u00f3n Box\u00edstica en Solidaridad con la presencia de leyendas del boxeo mexicano - Panorama Ciudadano","isPartOf":{"@id":"https:\/\/panoramaciudadano.com\/#website"},"primaryImageOfPage":{"@id":"https:\/\/panoramaciudadano.com\/index.php\/2024\/11\/26\/celebran-revolucion-boxistica-en-solidaridad-con-la-presencia-de-leyendas-del-boxeo-mexicano\/#primaryimage"},"image":{"@id":"https:\/\/panoramaciudadano.com\/index.php\/2024\/11\/26\/celebran-revolucion-boxistica-en-solidaridad-con-la-presencia-de-leyendas-del-boxeo-mexicano\/#primaryimage"},"thumbnailUrl":"https:\/\/panoramaciudadano.com\/wp-content\/uploads\/2024\/11\/WhatsApp-Image-2024-11-25-at-10.28.03.jpeg","datePublished":"2024-11-25T17:55:46+00:00","dateModified":"2024-11-25T17:55:47+00:00","breadcrumb":{"@id":"https:\/\/panoramaciudadano.com\/index.php\/2024\/11\/26\/celebran-revolucion-boxistica-en-solidaridad-con-la-presencia-de-leyendas-del-boxeo-mexicano\/#breadcrumb"},"inLanguage":"es","potentialAction":[{"@type":"ReadAction","target":["https:\/\/panoramaciudadano.com\/index.php\/2024\/11\/26\/celebran-revolucion-boxistica-en-solidaridad-con-la-presencia-de-leyendas-del-boxeo-mexicano\/"]}]},{"@type":"ImageObject","inLanguage":"es","@id":"https:\/\/panoramaciudadano.com\/index.php\/2024\/11\/26\/celebran-revolucion-boxistica-en-solidaridad-con-la-presencia-de-leyendas-del-boxeo-mexicano\/#primaryimage","url":"https:\/\/panoramaciudadano.com\/wp-content\/uploads\/2024\/11\/WhatsApp-Image-2024-11-25-at-10.28.03.jpeg","contentUrl":"https:\/\/panoramaciudadano.com\/wp-content\/uploads\/2024\/11\/WhatsApp-Image-2024-11-25-at-10.28.03.jpeg","width":1080,"height":719},{"@type":"BreadcrumbList","@id":"https:\/\/panoramaciudadano.com\/index.php\/2024\/11\/26\/celebran-revolucion-boxistica-en-solidaridad-con-la-presencia-de-leyendas-del-boxeo-mexicano\/#breadcrumb","itemListElement":[{"@type":"ListItem","position":1,"name":"Portada","item":"https:\/\/panoramaciudadano.com\/"},{"@type":"ListItem","position":2,"name":"Celebran Revoluci\u00f3n Box\u00edstica en Solidaridad con la presencia de leyendas del boxeo mexicano"}]},{"@type":"WebSite","@id":"https:\/\/panoramaciudadano.com\/#website","url":"https:\/\/panoramaciudadano.com\/","name":"Panorama Ciudadano","description":"","publisher":{"@id":"https:\/\/panoramaciudadano.com\/#organization"},"potentialAction":[{"@type":"SearchAction","target":{"@type":"EntryPoint","urlTemplate":"https:\/\/panoramaciudadano.com\/?s={search_term_string}"},"query-input":{"@type":"PropertyValueSpecification","valueRequired":true,"valueName":"search_term_string"}}],"inLanguage":"es"},{"@type":"Organization","@id":"https:\/\/panoramaciudadano.com\/#organization","name":"Panorama Ciudadano","url":"https:\/\/panoramaciudadano.com\/","logo":{"@type":"ImageObject","inLanguage":"es","@id":"https:\/\/panoramaciudadano.com\/#\/schema\/logo\/image\/","url":"https:\/\/panoramaciudadano.com\/wp-content\/uploads\/2024\/05\/401498640_919267042938564_6290593609399108733_n.jpg","contentUrl":"https:\/\/panoramaciudadano.com\/wp-content\/uploads\/2024\/05\/401498640_919267042938564_6290593609399108733_n.jpg","width":960,"height":957,"caption":"Panorama Ciudadano"},"image":{"@id":"https:\/\/panoramaciudadano.com\/#\/schema\/logo\/image\/"},"sameAs":["https:\/\/www.facebook.com\/panoramaciudadano"]},{"@type":"Person","@id":"https:\/\/panoramaciudadano.com\/#\/schema\/person\/ffe9fe8ef47d3a93977b5761fd9e0d96","name":"admin","image":{"@type":"ImageObject","inLanguage":"es","@id":"https:\/\/panoramaciudadano.com\/#\/schema\/person\/image\/","url":"https:\/\/secure.gravatar.com\/avatar\/2d5a12cacce3f18096f25fadea8abb7202fef18ed669595589853e84260ff451?s=96&d=mm&r=g","contentUrl":"https:\/\/secure.gravatar.com\/avatar\/2d5a12cacce3f18096f25fadea8abb7202fef18ed669595589853e84260ff451?s=96&d=mm&r=g","caption":"admin"},"sameAs":["https:\/\/panoramaciudadano.com"],"url":"https:\/\/panoramaciudadano.com\/index.php\/author\/admin_3q6hyqq3\/"}]}},"_links":{"self":[{"href":"https:\/\/panoramaciudadano.com\/index.php\/wp-json\/wp\/v2\/posts\/7211","targetHints":{"allow":["GET"]}}],"collection":[{"href":"https:\/\/panoramaciudadano.com\/index.php\/wp-json\/wp\/v2\/posts"}],"about":[{"href":"https:\/\/panoramaciudadano.com\/index.php\/wp-json\/wp\/v2\/types\/post"}],"author":[{"embeddable":true,"href":"https:\/\/panoramaciudadano.com\/index.php\/wp-json\/wp\/v2\/users\/1"}],"replies":[{"embeddable":true,"href":"https:\/\/panoramaciudadano.com\/index.php\/wp-json\/wp\/v2\/comments?post=7211"}],"version-history":[{"count":1,"href":"https:\/\/panoramaciudadano.com\/index.php\/wp-json\/wp\/v2\/posts\/7211\/revisions"}],"predecessor-version":[{"id":7220,"href":"https:\/\/panoramaciudadano.com\/index.php\/wp-json\/wp\/v2\/posts\/7211\/revisions\/7220"}],"wp:featuredmedia":[{"embeddable":true,"href":"https:\/\/panoramaciudadano.com\/index.php\/wp-json\/wp\/v2\/media\/7212"}],"wp:attachment":[{"href":"https:\/\/panoramaciudadano.com\/index.php\/wp-json\/wp\/v2\/media?parent=7211"}],"wp:term":[{"taxonomy":"category","embeddable":true,"href":"https:\/\/panoramaciudadano.com\/index.php\/wp-json\/wp\/v2\/categories?post=7211"},{"taxonomy":"post_tag","embeddable":true,"href":"https:\/\/panoramaciudadano.com\/index.php\/wp-json\/wp\/v2\/tags?post=7211"}],"curies":[{"name":"wp","href":"https:\/\/api.w.org\/{rel}","templated":true}]}}