{"id":7247,"date":"2024-11-27T05:20:51","date_gmt":"2024-11-26T22:20:51","guid":{"rendered":"https:\/\/panoramaciudadano.com\/?p=7247"},"modified":"2024-11-27T05:20:52","modified_gmt":"2024-11-26T22:20:52","slug":"instala-estefania-mercado-el-consejo-directivo-del-instituto-de-la-juventud-de-solidaridad","status":"publish","type":"post","link":"https:\/\/panoramaciudadano.com\/index.php\/2024\/11\/27\/instala-estefania-mercado-el-consejo-directivo-del-instituto-de-la-juventud-de-solidaridad\/","title":{"rendered":"Instala Estefan\u00eda Mercado el Consejo Directivo del Instituto de la Juventud de Solidaridad"},"content":{"rendered":"\n<figure class=\"wp-block-image size-full\"><img decoding=\"async\" width=\"960\" height=\"640\" src=\"https:\/\/panoramaciudadano.com\/wp-content\/uploads\/2024\/11\/2-129.jpeg\" alt=\"\" class=\"wp-image-7248\" srcset=\"https:\/\/panoramaciudadano.com\/wp-content\/uploads\/2024\/11\/2-129.jpeg 960w, https:\/\/panoramaciudadano.com\/wp-content\/uploads\/2024\/11\/2-129-300x200.jpeg 300w, https:\/\/panoramaciudadano.com\/wp-content\/uploads\/2024\/11\/2-129-768x512.jpeg 768w\" sizes=\"(max-width: 960px) 100vw, 960px\" \/><\/figure>\n\n\n\n<p>El Consejo Directivo del Instituto de la Juventud de Solidaridad es un espacio que simboliza el compromiso de esta administraci\u00f3n con las y los j\u00f3venes, quienes son el presente activo y transformador de la sociedad, destac\u00f3 la presidenta municipal Estefan\u00eda Mercado.<\/p>\n\n\n\n<p>Durante la sesi\u00f3n de instalaci\u00f3n y toma de protesta de los integrantes del Consejo, que tuvo lugar en el sal\u00f3n \u201cLeona Vicario\u201d, reconoci\u00f3 que la juventud enfrenta grandes retos en el municipio, pero tambi\u00e9n posee una energ\u00eda imparable y una visi\u00f3n fresca que puede construir una ciudad m\u00e1s justa, inclusiva y llena de oportunidades.<\/p>\n\n\n\n<p>\u201cEste Instituto tiene la misi\u00f3n de convertir las ideas, los sue\u00f1os y las aspiraciones de las y los j\u00f3venes solidarenses en proyectos reales que transformen nuestra comunidad. Queremos un municipio donde las juventudes encuentren espacios seguros, oportunidades de desarrollo y apoyo para convertir sus metas en una realidad\u201d, resalt\u00f3.<\/p>\n\n\n\n<p>Asimismo, Estefan\u00eda Mercado se\u00f1al\u00f3 que el gobierno municipal trabajar\u00e1 para hacer del Instituto un verdadero aliado de la juventud, fortaleciendo programas de becas, impulsando el emprendimiento joven, promoviendo el acceso actividades culturales y deportivas y generando espacios donde puedan expresarse libremente y participar activamente en la vida p\u00fablica.<\/p>\n\n\n\n<p>Acompa\u00f1ada por el director del Instituto de la Juventud, F\u00e9lix Teh Cen, la Presidenta Municipal destac\u00f3 su compromiso de fomentar valores como la empat\u00eda, el respeto y la participaci\u00f3n ciudadana, para que las juventudes de Solidaridad sean protagonistas de su propio desarrollo y tambi\u00e9n agentes de cambio en sus comunidades.<\/p>\n\n\n\n<p>\u201cA las y los j\u00f3venes de Solidaridad les digo: conf\u00eden en su potencial, en su capacidad de transformar y en su poder de construir un municipio m\u00e1s humano y m\u00e1s solidario\u201d, remarc\u00f3<\/p>\n\n\n\n<p>Durante la sesi\u00f3n, Estefan\u00eda Mercado tambi\u00e9n tom\u00f3 protesta a Gilberto Rom\u00e1n M\u00e9ndez Pool, como director administrativo del Instituto de la Juventud del Municipio de Solidaridad.<\/p>\n","protected":false},"excerpt":{"rendered":"<p>La Presidenta Municipal destaca que las y los j\u00f3venes poseen una energ\u00eda imparable y una visi\u00f3n fresca para construir una ciudad m\u00e1s justa, inclusiva y llena de oportunidades.<\/p>\n","protected":false},"author":1,"featured_media":7249,"comment_status":"open","ping_status":"closed","sticky":false,"template":"","format":"standard","meta":{"footnotes":""},"categories":[7],"tags":[238],"class_list":["post-7247","post","type-post","status-publish","format-standard","has-post-thumbnail","hentry","category-playa-del-carmen","tag-estefania-mercado"],"yoast_head":"<!-- This site is optimized with the Yoast SEO plugin v27.1.1 - https:\/\/yoast.com\/product\/yoast-seo-wordpress\/ -->\n<title>Instala Estefan\u00eda Mercado el Consejo Directivo del Instituto de la Juventud de Solidaridad - Panorama Ciudadano<\/title>\n<meta name=\"robots\" content=\"index, follow, max-snippet:-1, max-image-preview:large, max-video-preview:-1\" \/>\n<link rel=\"canonical\" href=\"https:\/\/panoramaciudadano.com\/index.php\/2024\/11\/27\/instala-estefania-mercado-el-consejo-directivo-del-instituto-de-la-juventud-de-solidaridad\/\" \/>\n<meta property=\"og:locale\" content=\"es_ES\" \/>\n<meta property=\"og:type\" content=\"article\" \/>\n<meta property=\"og:title\" content=\"Instala Estefan\u00eda Mercado el Consejo Directivo del Instituto de la Juventud de Solidaridad - Panorama Ciudadano\" \/>\n<meta property=\"og:description\" content=\"La Presidenta Municipal destaca que las y los j\u00f3venes poseen una energ\u00eda imparable y una visi\u00f3n fresca para construir una ciudad m\u00e1s justa, inclusiva y llena de oportunidades.\" \/>\n<meta property=\"og:url\" content=\"https:\/\/panoramaciudadano.com\/index.php\/2024\/11\/27\/instala-estefania-mercado-el-consejo-directivo-del-instituto-de-la-juventud-de-solidaridad\/\" \/>\n<meta property=\"og:site_name\" content=\"Panorama Ciudadano\" \/>\n<meta property=\"article:publisher\" content=\"https:\/\/www.facebook.com\/panoramaciudadano\" \/>\n<meta property=\"article:published_time\" content=\"2024-11-26T22:20:51+00:00\" \/>\n<meta property=\"article:modified_time\" content=\"2024-11-26T22:20:52+00:00\" \/>\n<meta property=\"og:image\" content=\"https:\/\/panoramaciudadano.com\/wp-content\/uploads\/2024\/11\/WhatsApp-Image-2024-11-26-at-08.03.01.jpeg\" \/>\n\t<meta property=\"og:image:width\" content=\"960\" \/>\n\t<meta property=\"og:image:height\" content=\"640\" \/>\n\t<meta property=\"og:image:type\" content=\"image\/jpeg\" \/>\n<meta name=\"author\" content=\"admin\" \/>\n<meta name=\"twitter:card\" content=\"summary_large_image\" \/>\n<meta name=\"twitter:label1\" content=\"Escrito por\" \/>\n\t<meta name=\"twitter:data1\" content=\"admin\" \/>\n\t<meta name=\"twitter:label2\" content=\"Tiempo de lectura\" \/>\n\t<meta name=\"twitter:data2\" content=\"2 minutos\" \/>\n<script type=\"application\/ld+json\" class=\"yoast-schema-graph\">{\"@context\":\"https:\/\/schema.org\",\"@graph\":[{\"@type\":\"Article\",\"@id\":\"https:\/\/panoramaciudadano.com\/index.php\/2024\/11\/27\/instala-estefania-mercado-el-consejo-directivo-del-instituto-de-la-juventud-de-solidaridad\/#article\",\"isPartOf\":{\"@id\":\"https:\/\/panoramaciudadano.com\/index.php\/2024\/11\/27\/instala-estefania-mercado-el-consejo-directivo-del-instituto-de-la-juventud-de-solidaridad\/\"},\"author\":{\"name\":\"admin\",\"@id\":\"https:\/\/panoramaciudadano.com\/#\/schema\/person\/ffe9fe8ef47d3a93977b5761fd9e0d96\"},\"headline\":\"Instala Estefan\u00eda Mercado el Consejo Directivo del Instituto de la Juventud de Solidaridad\",\"datePublished\":\"2024-11-26T22:20:51+00:00\",\"dateModified\":\"2024-11-26T22:20:52+00:00\",\"mainEntityOfPage\":{\"@id\":\"https:\/\/panoramaciudadano.com\/index.php\/2024\/11\/27\/instala-estefania-mercado-el-consejo-directivo-del-instituto-de-la-juventud-de-solidaridad\/\"},\"wordCount\":343,\"commentCount\":0,\"publisher\":{\"@id\":\"https:\/\/panoramaciudadano.com\/#organization\"},\"image\":{\"@id\":\"https:\/\/panoramaciudadano.com\/index.php\/2024\/11\/27\/instala-estefania-mercado-el-consejo-directivo-del-instituto-de-la-juventud-de-solidaridad\/#primaryimage\"},\"thumbnailUrl\":\"https:\/\/panoramaciudadano.com\/wp-content\/uploads\/2024\/11\/WhatsApp-Image-2024-11-26-at-08.03.01.jpeg\",\"keywords\":[\"Estefan\u00eda Mercado\"],\"articleSection\":[\"Playa del Carmen\"],\"inLanguage\":\"es\",\"potentialAction\":[{\"@type\":\"CommentAction\",\"name\":\"Comment\",\"target\":[\"https:\/\/panoramaciudadano.com\/index.php\/2024\/11\/27\/instala-estefania-mercado-el-consejo-directivo-del-instituto-de-la-juventud-de-solidaridad\/#respond\"]}]},{\"@type\":\"WebPage\",\"@id\":\"https:\/\/panoramaciudadano.com\/index.php\/2024\/11\/27\/instala-estefania-mercado-el-consejo-directivo-del-instituto-de-la-juventud-de-solidaridad\/\",\"url\":\"https:\/\/panoramaciudadano.com\/index.php\/2024\/11\/27\/instala-estefania-mercado-el-consejo-directivo-del-instituto-de-la-juventud-de-solidaridad\/\",\"name\":\"Instala Estefan\u00eda Mercado el Consejo Directivo del Instituto de la Juventud de Solidaridad - Panorama Ciudadano\",\"isPartOf\":{\"@id\":\"https:\/\/panoramaciudadano.com\/#website\"},\"primaryImageOfPage\":{\"@id\":\"https:\/\/panoramaciudadano.com\/index.php\/2024\/11\/27\/instala-estefania-mercado-el-consejo-directivo-del-instituto-de-la-juventud-de-solidaridad\/#primaryimage\"},\"image\":{\"@id\":\"https:\/\/panoramaciudadano.com\/index.php\/2024\/11\/27\/instala-estefania-mercado-el-consejo-directivo-del-instituto-de-la-juventud-de-solidaridad\/#primaryimage\"},\"thumbnailUrl\":\"https:\/\/panoramaciudadano.com\/wp-content\/uploads\/2024\/11\/WhatsApp-Image-2024-11-26-at-08.03.01.jpeg\",\"datePublished\":\"2024-11-26T22:20:51+00:00\",\"dateModified\":\"2024-11-26T22:20:52+00:00\",\"breadcrumb\":{\"@id\":\"https:\/\/panoramaciudadano.com\/index.php\/2024\/11\/27\/instala-estefania-mercado-el-consejo-directivo-del-instituto-de-la-juventud-de-solidaridad\/#breadcrumb\"},\"inLanguage\":\"es\",\"potentialAction\":[{\"@type\":\"ReadAction\",\"target\":[\"https:\/\/panoramaciudadano.com\/index.php\/2024\/11\/27\/instala-estefania-mercado-el-consejo-directivo-del-instituto-de-la-juventud-de-solidaridad\/\"]}]},{\"@type\":\"ImageObject\",\"inLanguage\":\"es\",\"@id\":\"https:\/\/panoramaciudadano.com\/index.php\/2024\/11\/27\/instala-estefania-mercado-el-consejo-directivo-del-instituto-de-la-juventud-de-solidaridad\/#primaryimage\",\"url\":\"https:\/\/panoramaciudadano.com\/wp-content\/uploads\/2024\/11\/WhatsApp-Image-2024-11-26-at-08.03.01.jpeg\",\"contentUrl\":\"https:\/\/panoramaciudadano.com\/wp-content\/uploads\/2024\/11\/WhatsApp-Image-2024-11-26-at-08.03.01.jpeg\",\"width\":960,\"height\":640},{\"@type\":\"BreadcrumbList\",\"@id\":\"https:\/\/panoramaciudadano.com\/index.php\/2024\/11\/27\/instala-estefania-mercado-el-consejo-directivo-del-instituto-de-la-juventud-de-solidaridad\/#breadcrumb\",\"itemListElement\":[{\"@type\":\"ListItem\",\"position\":1,\"name\":\"Portada\",\"item\":\"https:\/\/panoramaciudadano.com\/\"},{\"@type\":\"ListItem\",\"position\":2,\"name\":\"Instala Estefan\u00eda Mercado el Consejo Directivo del Instituto de la Juventud de Solidaridad\"}]},{\"@type\":\"WebSite\",\"@id\":\"https:\/\/panoramaciudadano.com\/#website\",\"url\":\"https:\/\/panoramaciudadano.com\/\",\"name\":\"Panorama Ciudadano\",\"description\":\"\",\"publisher\":{\"@id\":\"https:\/\/panoramaciudadano.com\/#organization\"},\"potentialAction\":[{\"@type\":\"SearchAction\",\"target\":{\"@type\":\"EntryPoint\",\"urlTemplate\":\"https:\/\/panoramaciudadano.com\/?s={search_term_string}\"},\"query-input\":{\"@type\":\"PropertyValueSpecification\",\"valueRequired\":true,\"valueName\":\"search_term_string\"}}],\"inLanguage\":\"es\"},{\"@type\":\"Organization\",\"@id\":\"https:\/\/panoramaciudadano.com\/#organization\",\"name\":\"Panorama Ciudadano\",\"url\":\"https:\/\/panoramaciudadano.com\/\",\"logo\":{\"@type\":\"ImageObject\",\"inLanguage\":\"es\",\"@id\":\"https:\/\/panoramaciudadano.com\/#\/schema\/logo\/image\/\",\"url\":\"https:\/\/panoramaciudadano.com\/wp-content\/uploads\/2024\/05\/401498640_919267042938564_6290593609399108733_n.jpg\",\"contentUrl\":\"https:\/\/panoramaciudadano.com\/wp-content\/uploads\/2024\/05\/401498640_919267042938564_6290593609399108733_n.jpg\",\"width\":960,\"height\":957,\"caption\":\"Panorama Ciudadano\"},\"image\":{\"@id\":\"https:\/\/panoramaciudadano.com\/#\/schema\/logo\/image\/\"},\"sameAs\":[\"https:\/\/www.facebook.com\/panoramaciudadano\"]},{\"@type\":\"Person\",\"@id\":\"https:\/\/panoramaciudadano.com\/#\/schema\/person\/ffe9fe8ef47d3a93977b5761fd9e0d96\",\"name\":\"admin\",\"image\":{\"@type\":\"ImageObject\",\"inLanguage\":\"es\",\"@id\":\"https:\/\/panoramaciudadano.com\/#\/schema\/person\/image\/\",\"url\":\"https:\/\/secure.gravatar.com\/avatar\/2d5a12cacce3f18096f25fadea8abb7202fef18ed669595589853e84260ff451?s=96&d=mm&r=g\",\"contentUrl\":\"https:\/\/secure.gravatar.com\/avatar\/2d5a12cacce3f18096f25fadea8abb7202fef18ed669595589853e84260ff451?s=96&d=mm&r=g\",\"caption\":\"admin\"},\"sameAs\":[\"https:\/\/panoramaciudadano.com\"],\"url\":\"https:\/\/panoramaciudadano.com\/index.php\/author\/admin_3q6hyqq3\/\"}]}<\/script>\n<!-- \/ Yoast SEO plugin. -->","yoast_head_json":{"title":"Instala Estefan\u00eda Mercado el Consejo Directivo del Instituto de la Juventud de Solidaridad - Panorama Ciudadano","robots":{"index":"index","follow":"follow","max-snippet":"max-snippet:-1","max-image-preview":"max-image-preview:large","max-video-preview":"max-video-preview:-1"},"canonical":"https:\/\/panoramaciudadano.com\/index.php\/2024\/11\/27\/instala-estefania-mercado-el-consejo-directivo-del-instituto-de-la-juventud-de-solidaridad\/","og_locale":"es_ES","og_type":"article","og_title":"Instala Estefan\u00eda Mercado el Consejo Directivo del Instituto de la Juventud de Solidaridad - Panorama Ciudadano","og_description":"La Presidenta Municipal destaca que las y los j\u00f3venes poseen una energ\u00eda imparable y una visi\u00f3n fresca para construir una ciudad m\u00e1s justa, inclusiva y llena de oportunidades.","og_url":"https:\/\/panoramaciudadano.com\/index.php\/2024\/11\/27\/instala-estefania-mercado-el-consejo-directivo-del-instituto-de-la-juventud-de-solidaridad\/","og_site_name":"Panorama Ciudadano","article_publisher":"https:\/\/www.facebook.com\/panoramaciudadano","article_published_time":"2024-11-26T22:20:51+00:00","article_modified_time":"2024-11-26T22:20:52+00:00","og_image":[{"width":960,"height":640,"url":"https:\/\/panoramaciudadano.com\/wp-content\/uploads\/2024\/11\/WhatsApp-Image-2024-11-26-at-08.03.01.jpeg","type":"image\/jpeg"}],"author":"admin","twitter_card":"summary_large_image","twitter_misc":{"Escrito por":"admin","Tiempo de lectura":"2 minutos"},"schema":{"@context":"https:\/\/schema.org","@graph":[{"@type":"Article","@id":"https:\/\/panoramaciudadano.com\/index.php\/2024\/11\/27\/instala-estefania-mercado-el-consejo-directivo-del-instituto-de-la-juventud-de-solidaridad\/#article","isPartOf":{"@id":"https:\/\/panoramaciudadano.com\/index.php\/2024\/11\/27\/instala-estefania-mercado-el-consejo-directivo-del-instituto-de-la-juventud-de-solidaridad\/"},"author":{"name":"admin","@id":"https:\/\/panoramaciudadano.com\/#\/schema\/person\/ffe9fe8ef47d3a93977b5761fd9e0d96"},"headline":"Instala Estefan\u00eda Mercado el Consejo Directivo del Instituto de la Juventud de Solidaridad","datePublished":"2024-11-26T22:20:51+00:00","dateModified":"2024-11-26T22:20:52+00:00","mainEntityOfPage":{"@id":"https:\/\/panoramaciudadano.com\/index.php\/2024\/11\/27\/instala-estefania-mercado-el-consejo-directivo-del-instituto-de-la-juventud-de-solidaridad\/"},"wordCount":343,"commentCount":0,"publisher":{"@id":"https:\/\/panoramaciudadano.com\/#organization"},"image":{"@id":"https:\/\/panoramaciudadano.com\/index.php\/2024\/11\/27\/instala-estefania-mercado-el-consejo-directivo-del-instituto-de-la-juventud-de-solidaridad\/#primaryimage"},"thumbnailUrl":"https:\/\/panoramaciudadano.com\/wp-content\/uploads\/2024\/11\/WhatsApp-Image-2024-11-26-at-08.03.01.jpeg","keywords":["Estefan\u00eda Mercado"],"articleSection":["Playa del Carmen"],"inLanguage":"es","potentialAction":[{"@type":"CommentAction","name":"Comment","target":["https:\/\/panoramaciudadano.com\/index.php\/2024\/11\/27\/instala-estefania-mercado-el-consejo-directivo-del-instituto-de-la-juventud-de-solidaridad\/#respond"]}]},{"@type":"WebPage","@id":"https:\/\/panoramaciudadano.com\/index.php\/2024\/11\/27\/instala-estefania-mercado-el-consejo-directivo-del-instituto-de-la-juventud-de-solidaridad\/","url":"https:\/\/panoramaciudadano.com\/index.php\/2024\/11\/27\/instala-estefania-mercado-el-consejo-directivo-del-instituto-de-la-juventud-de-solidaridad\/","name":"Instala Estefan\u00eda Mercado el Consejo Directivo del Instituto de la Juventud de Solidaridad - Panorama Ciudadano","isPartOf":{"@id":"https:\/\/panoramaciudadano.com\/#website"},"primaryImageOfPage":{"@id":"https:\/\/panoramaciudadano.com\/index.php\/2024\/11\/27\/instala-estefania-mercado-el-consejo-directivo-del-instituto-de-la-juventud-de-solidaridad\/#primaryimage"},"image":{"@id":"https:\/\/panoramaciudadano.com\/index.php\/2024\/11\/27\/instala-estefania-mercado-el-consejo-directivo-del-instituto-de-la-juventud-de-solidaridad\/#primaryimage"},"thumbnailUrl":"https:\/\/panoramaciudadano.com\/wp-content\/uploads\/2024\/11\/WhatsApp-Image-2024-11-26-at-08.03.01.jpeg","datePublished":"2024-11-26T22:20:51+00:00","dateModified":"2024-11-26T22:20:52+00:00","breadcrumb":{"@id":"https:\/\/panoramaciudadano.com\/index.php\/2024\/11\/27\/instala-estefania-mercado-el-consejo-directivo-del-instituto-de-la-juventud-de-solidaridad\/#breadcrumb"},"inLanguage":"es","potentialAction":[{"@type":"ReadAction","target":["https:\/\/panoramaciudadano.com\/index.php\/2024\/11\/27\/instala-estefania-mercado-el-consejo-directivo-del-instituto-de-la-juventud-de-solidaridad\/"]}]},{"@type":"ImageObject","inLanguage":"es","@id":"https:\/\/panoramaciudadano.com\/index.php\/2024\/11\/27\/instala-estefania-mercado-el-consejo-directivo-del-instituto-de-la-juventud-de-solidaridad\/#primaryimage","url":"https:\/\/panoramaciudadano.com\/wp-content\/uploads\/2024\/11\/WhatsApp-Image-2024-11-26-at-08.03.01.jpeg","contentUrl":"https:\/\/panoramaciudadano.com\/wp-content\/uploads\/2024\/11\/WhatsApp-Image-2024-11-26-at-08.03.01.jpeg","width":960,"height":640},{"@type":"BreadcrumbList","@id":"https:\/\/panoramaciudadano.com\/index.php\/2024\/11\/27\/instala-estefania-mercado-el-consejo-directivo-del-instituto-de-la-juventud-de-solidaridad\/#breadcrumb","itemListElement":[{"@type":"ListItem","position":1,"name":"Portada","item":"https:\/\/panoramaciudadano.com\/"},{"@type":"ListItem","position":2,"name":"Instala Estefan\u00eda Mercado el Consejo Directivo del Instituto de la Juventud de Solidaridad"}]},{"@type":"WebSite","@id":"https:\/\/panoramaciudadano.com\/#website","url":"https:\/\/panoramaciudadano.com\/","name":"Panorama Ciudadano","description":"","publisher":{"@id":"https:\/\/panoramaciudadano.com\/#organization"},"potentialAction":[{"@type":"SearchAction","target":{"@type":"EntryPoint","urlTemplate":"https:\/\/panoramaciudadano.com\/?s={search_term_string}"},"query-input":{"@type":"PropertyValueSpecification","valueRequired":true,"valueName":"search_term_string"}}],"inLanguage":"es"},{"@type":"Organization","@id":"https:\/\/panoramaciudadano.com\/#organization","name":"Panorama Ciudadano","url":"https:\/\/panoramaciudadano.com\/","logo":{"@type":"ImageObject","inLanguage":"es","@id":"https:\/\/panoramaciudadano.com\/#\/schema\/logo\/image\/","url":"https:\/\/panoramaciudadano.com\/wp-content\/uploads\/2024\/05\/401498640_919267042938564_6290593609399108733_n.jpg","contentUrl":"https:\/\/panoramaciudadano.com\/wp-content\/uploads\/2024\/05\/401498640_919267042938564_6290593609399108733_n.jpg","width":960,"height":957,"caption":"Panorama Ciudadano"},"image":{"@id":"https:\/\/panoramaciudadano.com\/#\/schema\/logo\/image\/"},"sameAs":["https:\/\/www.facebook.com\/panoramaciudadano"]},{"@type":"Person","@id":"https:\/\/panoramaciudadano.com\/#\/schema\/person\/ffe9fe8ef47d3a93977b5761fd9e0d96","name":"admin","image":{"@type":"ImageObject","inLanguage":"es","@id":"https:\/\/panoramaciudadano.com\/#\/schema\/person\/image\/","url":"https:\/\/secure.gravatar.com\/avatar\/2d5a12cacce3f18096f25fadea8abb7202fef18ed669595589853e84260ff451?s=96&d=mm&r=g","contentUrl":"https:\/\/secure.gravatar.com\/avatar\/2d5a12cacce3f18096f25fadea8abb7202fef18ed669595589853e84260ff451?s=96&d=mm&r=g","caption":"admin"},"sameAs":["https:\/\/panoramaciudadano.com"],"url":"https:\/\/panoramaciudadano.com\/index.php\/author\/admin_3q6hyqq3\/"}]}},"_links":{"self":[{"href":"https:\/\/panoramaciudadano.com\/index.php\/wp-json\/wp\/v2\/posts\/7247","targetHints":{"allow":["GET"]}}],"collection":[{"href":"https:\/\/panoramaciudadano.com\/index.php\/wp-json\/wp\/v2\/posts"}],"about":[{"href":"https:\/\/panoramaciudadano.com\/index.php\/wp-json\/wp\/v2\/types\/post"}],"author":[{"embeddable":true,"href":"https:\/\/panoramaciudadano.com\/index.php\/wp-json\/wp\/v2\/users\/1"}],"replies":[{"embeddable":true,"href":"https:\/\/panoramaciudadano.com\/index.php\/wp-json\/wp\/v2\/comments?post=7247"}],"version-history":[{"count":1,"href":"https:\/\/panoramaciudadano.com\/index.php\/wp-json\/wp\/v2\/posts\/7247\/revisions"}],"predecessor-version":[{"id":7250,"href":"https:\/\/panoramaciudadano.com\/index.php\/wp-json\/wp\/v2\/posts\/7247\/revisions\/7250"}],"wp:featuredmedia":[{"embeddable":true,"href":"https:\/\/panoramaciudadano.com\/index.php\/wp-json\/wp\/v2\/media\/7249"}],"wp:attachment":[{"href":"https:\/\/panoramaciudadano.com\/index.php\/wp-json\/wp\/v2\/media?parent=7247"}],"wp:term":[{"taxonomy":"category","embeddable":true,"href":"https:\/\/panoramaciudadano.com\/index.php\/wp-json\/wp\/v2\/categories?post=7247"},{"taxonomy":"post_tag","embeddable":true,"href":"https:\/\/panoramaciudadano.com\/index.php\/wp-json\/wp\/v2\/tags?post=7247"}],"curies":[{"name":"wp","href":"https:\/\/api.w.org\/{rel}","templated":true}]}}