{"id":763,"date":"2024-06-24T13:42:30","date_gmt":"2024-06-24T13:42:30","guid":{"rendered":"https:\/\/panoramaciudadano.com\/?p=763"},"modified":"2024-06-24T13:42:32","modified_gmt":"2024-06-24T13:42:32","slug":"cuba-participara-como-tercer-pais-en-demanda-de-sudafrica-contra-israel","status":"publish","type":"post","link":"https:\/\/panoramaciudadano.com\/index.php\/2024\/06\/24\/cuba-participara-como-tercer-pais-en-demanda-de-sudafrica-contra-israel\/","title":{"rendered":"Cuba participar\u00e1 como tercer pa\u00eds En demanda de Sud\u00e1frica contra Israel"},"content":{"rendered":"\n<figure class=\"wp-block-image size-full\"><img decoding=\"async\" width=\"960\" height=\"540\" src=\"https:\/\/panoramaciudadano.com\/wp-content\/uploads\/2024\/06\/WhatsApp-Image-2024-06-22-at-12.32.09.jpeg\" alt=\"\" class=\"wp-image-764\" srcset=\"https:\/\/panoramaciudadano.com\/wp-content\/uploads\/2024\/06\/WhatsApp-Image-2024-06-22-at-12.32.09.jpeg 960w, https:\/\/panoramaciudadano.com\/wp-content\/uploads\/2024\/06\/WhatsApp-Image-2024-06-22-at-12.32.09-300x169.jpeg 300w, https:\/\/panoramaciudadano.com\/wp-content\/uploads\/2024\/06\/WhatsApp-Image-2024-06-22-at-12.32.09-768x432.jpeg 768w\" sizes=\"(max-width: 960px) 100vw, 960px\" \/><\/figure>\n\n\n\n<p>El gobierno cubano anunci\u00f3 este viernes que se unir\u00e1 como \u00abtercer pa\u00eds\u00bb a la demanda interpuesta por Sud\u00e1frica contra Israel ante la Corte Internacional de Justicia (CIJ) por su operaci\u00f3n en Gaza, inform\u00f3 la canciller\u00eda.<\/p>\n\n\n\n<p>\u00abCuba ha decidido participar como Tercer Estado en demanda de Sud\u00e1frica contra Israel ante la CIJ\u00bb, m\u00e1ximo tribunal de Naciones Unidas, dijo en un mensaje de X el canciller Bruno Rodr\u00edguez.<\/p>\n\n\n\n<p>El jefe de la diplomacia cubana indic\u00f3 que su pa\u00eds \u00abargumentar\u00e1\u00bb ante CIJ \u00abla transgresi\u00f3n de la Convenci\u00f3n sobre el Genocidio\u00bb cometido, seg\u00fan el funcionario, por Israel en Gaza.<\/p>\n\n\n\n<p>En un comunicado, la canciller\u00eda precis\u00f3 que Cuba, como Estado parte de la Convenci\u00f3n para la Prevenci\u00f3n y la Sanci\u00f3n del Delito de Genocidio, har\u00e1 uso de su derecho a presentar \u00absu interpretaci\u00f3n de las normas de la Convenci\u00f3n que Israel ha violado flagrantemente con sus acciones en el territorio palestino ilegalmente ocupado de la Franja de Gaza\u00bb.<\/p>\n\n\n\n<p>Un tercer Estado, que no sea parte del litigio, puede presentar sus argumentos jur\u00eddicos en apoyo de una interpretaci\u00f3n de la convenci\u00f3n sobre genocidio.<\/p>\n\n\n\n<p>El a\u00f1o pasado, Sud\u00e1frica inici\u00f3 este proceso ante la CIJ, con sede en La Haya, alegando que la ofensiva israel\u00ed en Gaza viola la convenci\u00f3n de la ONU sobre el genocidio de 1948, una acusaci\u00f3n que Israel desmiente con firmeza.<\/p>\n\n\n\n<p>En otra decisi\u00f3n adoptada en enero, la Corte orden\u00f3 a Israel que hiciera todo lo posible para evitar actos de genocidio durante sus operaciones militares en Gaza.<\/p>\n\n\n\n<p>Cuba indic\u00f3 que la demanda presentada por Sud\u00e1frica \u00abtiene como objetivo principal detener las atrocidades contra el pueblo palestino como resultado del uso desproporcionado e indiscriminado de la fuerza por parte de Israel\u00bb.<\/p>\n\n\n\n<p>Se\u00f1al\u00f3 que Israel, con total impunidad y protegido por Estados Unidos, \u00abignora sus obligaciones como Potencia Ocupante en virtud del Cuarto Convenio de Ginebra\u00bb.<\/p>\n\n\n\n<blockquote class=\"wp-block-quote is-layout-flow wp-block-quote-is-layout-flow\">\n<p>\u00abEl genocidio, el Apartheid, el desplazamiento forzado y los castigos colectivos, no pueden tener cabida en el mundo actual\u00bb<\/p>\n<cite>A\u00f1adi\u00f3 la canciller\u00eda cubana<\/cite><\/blockquote>\n\n\n\n<p>El 24 de mayo, el tribunal orden\u00f3 a Israel que detuviera \u00abinmediatamente\u00bb su ofensiva militar en la ciudad de Rafah, en el sur de la Franja de Gaza, donde se aglutinaron cientos de miles de civiles desde el inicio del conflicto entre Hamas e Israel.<\/p>\n\n\n\n<p>La guerra estall\u00f3 el 7 de octubre, cuando milicianos islamistas mataron a mil 194 personas, en su mayor\u00eda civiles, y secuestraron a 251 en el sur de Israel, seg\u00fan un recuento basado en datos oficiales israel\u00edes.<\/p>\n\n\n\n<p>En respuesta, Israel lanz\u00f3 una ofensiva que ya ha dejado al menos 37 mil 431 muertos en Gaza, seg\u00fan el Ministerio de Salud del gobierno de Ham\u00e1s.<\/p>\n\n\n\n<p>Varios pa\u00edses latinoamericanos, como Colombia o M\u00e9xico, se unieron a la demanda de Sud\u00e1frica ante la CIJ, o avanzaron su intenci\u00f3n de hacerlo, como es el caso de Chile.<\/p>\n","protected":false},"excerpt":{"rendered":"<p>El gobierno cubano anunci\u00f3 este viernes que se unir\u00e1 como \u00abtercer pa\u00eds\u00bb a la demanda interpuesta por Sud\u00e1frica contra Israel ante la Corte Internacional de Justicia (CIJ) por su operaci\u00f3n en Gaza, inform\u00f3 la canciller\u00eda.<\/p>\n","protected":false},"author":1,"featured_media":764,"comment_status":"open","ping_status":"closed","sticky":false,"template":"","format":"standard","meta":{"footnotes":""},"categories":[4],"tags":[484,483,482,485],"class_list":["post-763","post","type-post","status-publish","format-standard","has-post-thumbnail","hentry","category-internacional","tag-bruno-rodriguez","tag-corte-internacional-de-justicia","tag-cuba","tag-franja-de-gaza"],"yoast_head":"<!-- This site is optimized with the Yoast SEO plugin v27.1.1 - https:\/\/yoast.com\/product\/yoast-seo-wordpress\/ -->\n<title>Cuba participar\u00e1 como tercer pa\u00eds En demanda de Sud\u00e1frica contra Israel - Panorama Ciudadano<\/title>\n<meta name=\"robots\" content=\"index, follow, max-snippet:-1, max-image-preview:large, max-video-preview:-1\" \/>\n<link rel=\"canonical\" href=\"https:\/\/panoramaciudadano.com\/index.php\/2024\/06\/24\/cuba-participara-como-tercer-pais-en-demanda-de-sudafrica-contra-israel\/\" \/>\n<meta property=\"og:locale\" content=\"es_ES\" \/>\n<meta property=\"og:type\" content=\"article\" \/>\n<meta property=\"og:title\" content=\"Cuba participar\u00e1 como tercer pa\u00eds En demanda de Sud\u00e1frica contra Israel - Panorama Ciudadano\" \/>\n<meta property=\"og:description\" content=\"El gobierno cubano anunci\u00f3 este viernes que se unir\u00e1 como &quot;tercer pa\u00eds&quot; a la demanda interpuesta por Sud\u00e1frica contra Israel ante la Corte Internacional de Justicia (CIJ) por su operaci\u00f3n en Gaza, inform\u00f3 la canciller\u00eda.\" \/>\n<meta property=\"og:url\" content=\"https:\/\/panoramaciudadano.com\/index.php\/2024\/06\/24\/cuba-participara-como-tercer-pais-en-demanda-de-sudafrica-contra-israel\/\" \/>\n<meta property=\"og:site_name\" content=\"Panorama Ciudadano\" \/>\n<meta property=\"article:publisher\" content=\"https:\/\/www.facebook.com\/panoramaciudadano\" \/>\n<meta property=\"article:published_time\" content=\"2024-06-24T13:42:30+00:00\" \/>\n<meta property=\"article:modified_time\" content=\"2024-06-24T13:42:32+00:00\" \/>\n<meta property=\"og:image\" content=\"https:\/\/panoramaciudadano.com\/wp-content\/uploads\/2024\/06\/WhatsApp-Image-2024-06-22-at-12.32.09.jpeg\" \/>\n\t<meta property=\"og:image:width\" content=\"960\" \/>\n\t<meta property=\"og:image:height\" content=\"540\" \/>\n\t<meta property=\"og:image:type\" content=\"image\/jpeg\" \/>\n<meta name=\"author\" content=\"admin\" \/>\n<meta name=\"twitter:card\" content=\"summary_large_image\" \/>\n<meta name=\"twitter:label1\" content=\"Escrito por\" \/>\n\t<meta name=\"twitter:data1\" content=\"admin\" \/>\n\t<meta name=\"twitter:label2\" content=\"Tiempo de lectura\" \/>\n\t<meta name=\"twitter:data2\" content=\"3 minutos\" \/>\n<script type=\"application\/ld+json\" class=\"yoast-schema-graph\">{\"@context\":\"https:\/\/schema.org\",\"@graph\":[{\"@type\":\"Article\",\"@id\":\"https:\/\/panoramaciudadano.com\/index.php\/2024\/06\/24\/cuba-participara-como-tercer-pais-en-demanda-de-sudafrica-contra-israel\/#article\",\"isPartOf\":{\"@id\":\"https:\/\/panoramaciudadano.com\/index.php\/2024\/06\/24\/cuba-participara-como-tercer-pais-en-demanda-de-sudafrica-contra-israel\/\"},\"author\":{\"name\":\"admin\",\"@id\":\"https:\/\/panoramaciudadano.com\/#\/schema\/person\/ffe9fe8ef47d3a93977b5761fd9e0d96\"},\"headline\":\"Cuba participar\u00e1 como tercer pa\u00eds En demanda de Sud\u00e1frica contra Israel\",\"datePublished\":\"2024-06-24T13:42:30+00:00\",\"dateModified\":\"2024-06-24T13:42:32+00:00\",\"mainEntityOfPage\":{\"@id\":\"https:\/\/panoramaciudadano.com\/index.php\/2024\/06\/24\/cuba-participara-como-tercer-pais-en-demanda-de-sudafrica-contra-israel\/\"},\"wordCount\":505,\"commentCount\":0,\"publisher\":{\"@id\":\"https:\/\/panoramaciudadano.com\/#organization\"},\"image\":{\"@id\":\"https:\/\/panoramaciudadano.com\/index.php\/2024\/06\/24\/cuba-participara-como-tercer-pais-en-demanda-de-sudafrica-contra-israel\/#primaryimage\"},\"thumbnailUrl\":\"https:\/\/panoramaciudadano.com\/wp-content\/uploads\/2024\/06\/WhatsApp-Image-2024-06-22-at-12.32.09.jpeg\",\"keywords\":[\"Bruno Rodr\u00edguez\",\"Corte Internacional de Justicia\",\"Cuba\",\"Franja de Gaza\"],\"articleSection\":[\"Internacional\"],\"inLanguage\":\"es\",\"potentialAction\":[{\"@type\":\"CommentAction\",\"name\":\"Comment\",\"target\":[\"https:\/\/panoramaciudadano.com\/index.php\/2024\/06\/24\/cuba-participara-como-tercer-pais-en-demanda-de-sudafrica-contra-israel\/#respond\"]}]},{\"@type\":\"WebPage\",\"@id\":\"https:\/\/panoramaciudadano.com\/index.php\/2024\/06\/24\/cuba-participara-como-tercer-pais-en-demanda-de-sudafrica-contra-israel\/\",\"url\":\"https:\/\/panoramaciudadano.com\/index.php\/2024\/06\/24\/cuba-participara-como-tercer-pais-en-demanda-de-sudafrica-contra-israel\/\",\"name\":\"Cuba participar\u00e1 como tercer pa\u00eds En demanda de Sud\u00e1frica contra Israel - Panorama Ciudadano\",\"isPartOf\":{\"@id\":\"https:\/\/panoramaciudadano.com\/#website\"},\"primaryImageOfPage\":{\"@id\":\"https:\/\/panoramaciudadano.com\/index.php\/2024\/06\/24\/cuba-participara-como-tercer-pais-en-demanda-de-sudafrica-contra-israel\/#primaryimage\"},\"image\":{\"@id\":\"https:\/\/panoramaciudadano.com\/index.php\/2024\/06\/24\/cuba-participara-como-tercer-pais-en-demanda-de-sudafrica-contra-israel\/#primaryimage\"},\"thumbnailUrl\":\"https:\/\/panoramaciudadano.com\/wp-content\/uploads\/2024\/06\/WhatsApp-Image-2024-06-22-at-12.32.09.jpeg\",\"datePublished\":\"2024-06-24T13:42:30+00:00\",\"dateModified\":\"2024-06-24T13:42:32+00:00\",\"breadcrumb\":{\"@id\":\"https:\/\/panoramaciudadano.com\/index.php\/2024\/06\/24\/cuba-participara-como-tercer-pais-en-demanda-de-sudafrica-contra-israel\/#breadcrumb\"},\"inLanguage\":\"es\",\"potentialAction\":[{\"@type\":\"ReadAction\",\"target\":[\"https:\/\/panoramaciudadano.com\/index.php\/2024\/06\/24\/cuba-participara-como-tercer-pais-en-demanda-de-sudafrica-contra-israel\/\"]}]},{\"@type\":\"ImageObject\",\"inLanguage\":\"es\",\"@id\":\"https:\/\/panoramaciudadano.com\/index.php\/2024\/06\/24\/cuba-participara-como-tercer-pais-en-demanda-de-sudafrica-contra-israel\/#primaryimage\",\"url\":\"https:\/\/panoramaciudadano.com\/wp-content\/uploads\/2024\/06\/WhatsApp-Image-2024-06-22-at-12.32.09.jpeg\",\"contentUrl\":\"https:\/\/panoramaciudadano.com\/wp-content\/uploads\/2024\/06\/WhatsApp-Image-2024-06-22-at-12.32.09.jpeg\",\"width\":960,\"height\":540},{\"@type\":\"BreadcrumbList\",\"@id\":\"https:\/\/panoramaciudadano.com\/index.php\/2024\/06\/24\/cuba-participara-como-tercer-pais-en-demanda-de-sudafrica-contra-israel\/#breadcrumb\",\"itemListElement\":[{\"@type\":\"ListItem\",\"position\":1,\"name\":\"Portada\",\"item\":\"https:\/\/panoramaciudadano.com\/\"},{\"@type\":\"ListItem\",\"position\":2,\"name\":\"Cuba participar\u00e1 como tercer pa\u00eds En demanda de Sud\u00e1frica contra Israel\"}]},{\"@type\":\"WebSite\",\"@id\":\"https:\/\/panoramaciudadano.com\/#website\",\"url\":\"https:\/\/panoramaciudadano.com\/\",\"name\":\"Panorama Ciudadano\",\"description\":\"\",\"publisher\":{\"@id\":\"https:\/\/panoramaciudadano.com\/#organization\"},\"potentialAction\":[{\"@type\":\"SearchAction\",\"target\":{\"@type\":\"EntryPoint\",\"urlTemplate\":\"https:\/\/panoramaciudadano.com\/?s={search_term_string}\"},\"query-input\":{\"@type\":\"PropertyValueSpecification\",\"valueRequired\":true,\"valueName\":\"search_term_string\"}}],\"inLanguage\":\"es\"},{\"@type\":\"Organization\",\"@id\":\"https:\/\/panoramaciudadano.com\/#organization\",\"name\":\"Panorama Ciudadano\",\"url\":\"https:\/\/panoramaciudadano.com\/\",\"logo\":{\"@type\":\"ImageObject\",\"inLanguage\":\"es\",\"@id\":\"https:\/\/panoramaciudadano.com\/#\/schema\/logo\/image\/\",\"url\":\"https:\/\/panoramaciudadano.com\/wp-content\/uploads\/2024\/05\/401498640_919267042938564_6290593609399108733_n.jpg\",\"contentUrl\":\"https:\/\/panoramaciudadano.com\/wp-content\/uploads\/2024\/05\/401498640_919267042938564_6290593609399108733_n.jpg\",\"width\":960,\"height\":957,\"caption\":\"Panorama Ciudadano\"},\"image\":{\"@id\":\"https:\/\/panoramaciudadano.com\/#\/schema\/logo\/image\/\"},\"sameAs\":[\"https:\/\/www.facebook.com\/panoramaciudadano\"]},{\"@type\":\"Person\",\"@id\":\"https:\/\/panoramaciudadano.com\/#\/schema\/person\/ffe9fe8ef47d3a93977b5761fd9e0d96\",\"name\":\"admin\",\"image\":{\"@type\":\"ImageObject\",\"inLanguage\":\"es\",\"@id\":\"https:\/\/panoramaciudadano.com\/#\/schema\/person\/image\/\",\"url\":\"https:\/\/secure.gravatar.com\/avatar\/2d5a12cacce3f18096f25fadea8abb7202fef18ed669595589853e84260ff451?s=96&d=mm&r=g\",\"contentUrl\":\"https:\/\/secure.gravatar.com\/avatar\/2d5a12cacce3f18096f25fadea8abb7202fef18ed669595589853e84260ff451?s=96&d=mm&r=g\",\"caption\":\"admin\"},\"sameAs\":[\"https:\/\/panoramaciudadano.com\"],\"url\":\"https:\/\/panoramaciudadano.com\/index.php\/author\/admin_3q6hyqq3\/\"}]}<\/script>\n<!-- \/ Yoast SEO plugin. -->","yoast_head_json":{"title":"Cuba participar\u00e1 como tercer pa\u00eds En demanda de Sud\u00e1frica contra Israel - Panorama Ciudadano","robots":{"index":"index","follow":"follow","max-snippet":"max-snippet:-1","max-image-preview":"max-image-preview:large","max-video-preview":"max-video-preview:-1"},"canonical":"https:\/\/panoramaciudadano.com\/index.php\/2024\/06\/24\/cuba-participara-como-tercer-pais-en-demanda-de-sudafrica-contra-israel\/","og_locale":"es_ES","og_type":"article","og_title":"Cuba participar\u00e1 como tercer pa\u00eds En demanda de Sud\u00e1frica contra Israel - Panorama Ciudadano","og_description":"El gobierno cubano anunci\u00f3 este viernes que se unir\u00e1 como \"tercer pa\u00eds\" a la demanda interpuesta por Sud\u00e1frica contra Israel ante la Corte Internacional de Justicia (CIJ) por su operaci\u00f3n en Gaza, inform\u00f3 la canciller\u00eda.","og_url":"https:\/\/panoramaciudadano.com\/index.php\/2024\/06\/24\/cuba-participara-como-tercer-pais-en-demanda-de-sudafrica-contra-israel\/","og_site_name":"Panorama Ciudadano","article_publisher":"https:\/\/www.facebook.com\/panoramaciudadano","article_published_time":"2024-06-24T13:42:30+00:00","article_modified_time":"2024-06-24T13:42:32+00:00","og_image":[{"width":960,"height":540,"url":"https:\/\/panoramaciudadano.com\/wp-content\/uploads\/2024\/06\/WhatsApp-Image-2024-06-22-at-12.32.09.jpeg","type":"image\/jpeg"}],"author":"admin","twitter_card":"summary_large_image","twitter_misc":{"Escrito por":"admin","Tiempo de lectura":"3 minutos"},"schema":{"@context":"https:\/\/schema.org","@graph":[{"@type":"Article","@id":"https:\/\/panoramaciudadano.com\/index.php\/2024\/06\/24\/cuba-participara-como-tercer-pais-en-demanda-de-sudafrica-contra-israel\/#article","isPartOf":{"@id":"https:\/\/panoramaciudadano.com\/index.php\/2024\/06\/24\/cuba-participara-como-tercer-pais-en-demanda-de-sudafrica-contra-israel\/"},"author":{"name":"admin","@id":"https:\/\/panoramaciudadano.com\/#\/schema\/person\/ffe9fe8ef47d3a93977b5761fd9e0d96"},"headline":"Cuba participar\u00e1 como tercer pa\u00eds En demanda de Sud\u00e1frica contra Israel","datePublished":"2024-06-24T13:42:30+00:00","dateModified":"2024-06-24T13:42:32+00:00","mainEntityOfPage":{"@id":"https:\/\/panoramaciudadano.com\/index.php\/2024\/06\/24\/cuba-participara-como-tercer-pais-en-demanda-de-sudafrica-contra-israel\/"},"wordCount":505,"commentCount":0,"publisher":{"@id":"https:\/\/panoramaciudadano.com\/#organization"},"image":{"@id":"https:\/\/panoramaciudadano.com\/index.php\/2024\/06\/24\/cuba-participara-como-tercer-pais-en-demanda-de-sudafrica-contra-israel\/#primaryimage"},"thumbnailUrl":"https:\/\/panoramaciudadano.com\/wp-content\/uploads\/2024\/06\/WhatsApp-Image-2024-06-22-at-12.32.09.jpeg","keywords":["Bruno Rodr\u00edguez","Corte Internacional de Justicia","Cuba","Franja de Gaza"],"articleSection":["Internacional"],"inLanguage":"es","potentialAction":[{"@type":"CommentAction","name":"Comment","target":["https:\/\/panoramaciudadano.com\/index.php\/2024\/06\/24\/cuba-participara-como-tercer-pais-en-demanda-de-sudafrica-contra-israel\/#respond"]}]},{"@type":"WebPage","@id":"https:\/\/panoramaciudadano.com\/index.php\/2024\/06\/24\/cuba-participara-como-tercer-pais-en-demanda-de-sudafrica-contra-israel\/","url":"https:\/\/panoramaciudadano.com\/index.php\/2024\/06\/24\/cuba-participara-como-tercer-pais-en-demanda-de-sudafrica-contra-israel\/","name":"Cuba participar\u00e1 como tercer pa\u00eds En demanda de Sud\u00e1frica contra Israel - Panorama Ciudadano","isPartOf":{"@id":"https:\/\/panoramaciudadano.com\/#website"},"primaryImageOfPage":{"@id":"https:\/\/panoramaciudadano.com\/index.php\/2024\/06\/24\/cuba-participara-como-tercer-pais-en-demanda-de-sudafrica-contra-israel\/#primaryimage"},"image":{"@id":"https:\/\/panoramaciudadano.com\/index.php\/2024\/06\/24\/cuba-participara-como-tercer-pais-en-demanda-de-sudafrica-contra-israel\/#primaryimage"},"thumbnailUrl":"https:\/\/panoramaciudadano.com\/wp-content\/uploads\/2024\/06\/WhatsApp-Image-2024-06-22-at-12.32.09.jpeg","datePublished":"2024-06-24T13:42:30+00:00","dateModified":"2024-06-24T13:42:32+00:00","breadcrumb":{"@id":"https:\/\/panoramaciudadano.com\/index.php\/2024\/06\/24\/cuba-participara-como-tercer-pais-en-demanda-de-sudafrica-contra-israel\/#breadcrumb"},"inLanguage":"es","potentialAction":[{"@type":"ReadAction","target":["https:\/\/panoramaciudadano.com\/index.php\/2024\/06\/24\/cuba-participara-como-tercer-pais-en-demanda-de-sudafrica-contra-israel\/"]}]},{"@type":"ImageObject","inLanguage":"es","@id":"https:\/\/panoramaciudadano.com\/index.php\/2024\/06\/24\/cuba-participara-como-tercer-pais-en-demanda-de-sudafrica-contra-israel\/#primaryimage","url":"https:\/\/panoramaciudadano.com\/wp-content\/uploads\/2024\/06\/WhatsApp-Image-2024-06-22-at-12.32.09.jpeg","contentUrl":"https:\/\/panoramaciudadano.com\/wp-content\/uploads\/2024\/06\/WhatsApp-Image-2024-06-22-at-12.32.09.jpeg","width":960,"height":540},{"@type":"BreadcrumbList","@id":"https:\/\/panoramaciudadano.com\/index.php\/2024\/06\/24\/cuba-participara-como-tercer-pais-en-demanda-de-sudafrica-contra-israel\/#breadcrumb","itemListElement":[{"@type":"ListItem","position":1,"name":"Portada","item":"https:\/\/panoramaciudadano.com\/"},{"@type":"ListItem","position":2,"name":"Cuba participar\u00e1 como tercer pa\u00eds En demanda de Sud\u00e1frica contra Israel"}]},{"@type":"WebSite","@id":"https:\/\/panoramaciudadano.com\/#website","url":"https:\/\/panoramaciudadano.com\/","name":"Panorama Ciudadano","description":"","publisher":{"@id":"https:\/\/panoramaciudadano.com\/#organization"},"potentialAction":[{"@type":"SearchAction","target":{"@type":"EntryPoint","urlTemplate":"https:\/\/panoramaciudadano.com\/?s={search_term_string}"},"query-input":{"@type":"PropertyValueSpecification","valueRequired":true,"valueName":"search_term_string"}}],"inLanguage":"es"},{"@type":"Organization","@id":"https:\/\/panoramaciudadano.com\/#organization","name":"Panorama Ciudadano","url":"https:\/\/panoramaciudadano.com\/","logo":{"@type":"ImageObject","inLanguage":"es","@id":"https:\/\/panoramaciudadano.com\/#\/schema\/logo\/image\/","url":"https:\/\/panoramaciudadano.com\/wp-content\/uploads\/2024\/05\/401498640_919267042938564_6290593609399108733_n.jpg","contentUrl":"https:\/\/panoramaciudadano.com\/wp-content\/uploads\/2024\/05\/401498640_919267042938564_6290593609399108733_n.jpg","width":960,"height":957,"caption":"Panorama Ciudadano"},"image":{"@id":"https:\/\/panoramaciudadano.com\/#\/schema\/logo\/image\/"},"sameAs":["https:\/\/www.facebook.com\/panoramaciudadano"]},{"@type":"Person","@id":"https:\/\/panoramaciudadano.com\/#\/schema\/person\/ffe9fe8ef47d3a93977b5761fd9e0d96","name":"admin","image":{"@type":"ImageObject","inLanguage":"es","@id":"https:\/\/panoramaciudadano.com\/#\/schema\/person\/image\/","url":"https:\/\/secure.gravatar.com\/avatar\/2d5a12cacce3f18096f25fadea8abb7202fef18ed669595589853e84260ff451?s=96&d=mm&r=g","contentUrl":"https:\/\/secure.gravatar.com\/avatar\/2d5a12cacce3f18096f25fadea8abb7202fef18ed669595589853e84260ff451?s=96&d=mm&r=g","caption":"admin"},"sameAs":["https:\/\/panoramaciudadano.com"],"url":"https:\/\/panoramaciudadano.com\/index.php\/author\/admin_3q6hyqq3\/"}]}},"_links":{"self":[{"href":"https:\/\/panoramaciudadano.com\/index.php\/wp-json\/wp\/v2\/posts\/763","targetHints":{"allow":["GET"]}}],"collection":[{"href":"https:\/\/panoramaciudadano.com\/index.php\/wp-json\/wp\/v2\/posts"}],"about":[{"href":"https:\/\/panoramaciudadano.com\/index.php\/wp-json\/wp\/v2\/types\/post"}],"author":[{"embeddable":true,"href":"https:\/\/panoramaciudadano.com\/index.php\/wp-json\/wp\/v2\/users\/1"}],"replies":[{"embeddable":true,"href":"https:\/\/panoramaciudadano.com\/index.php\/wp-json\/wp\/v2\/comments?post=763"}],"version-history":[{"count":1,"href":"https:\/\/panoramaciudadano.com\/index.php\/wp-json\/wp\/v2\/posts\/763\/revisions"}],"predecessor-version":[{"id":765,"href":"https:\/\/panoramaciudadano.com\/index.php\/wp-json\/wp\/v2\/posts\/763\/revisions\/765"}],"wp:featuredmedia":[{"embeddable":true,"href":"https:\/\/panoramaciudadano.com\/index.php\/wp-json\/wp\/v2\/media\/764"}],"wp:attachment":[{"href":"https:\/\/panoramaciudadano.com\/index.php\/wp-json\/wp\/v2\/media?parent=763"}],"wp:term":[{"taxonomy":"category","embeddable":true,"href":"https:\/\/panoramaciudadano.com\/index.php\/wp-json\/wp\/v2\/categories?post=763"},{"taxonomy":"post_tag","embeddable":true,"href":"https:\/\/panoramaciudadano.com\/index.php\/wp-json\/wp\/v2\/tags?post=763"}],"curies":[{"name":"wp","href":"https:\/\/api.w.org\/{rel}","templated":true}]}}