{"id":813,"date":"2024-06-25T19:16:28","date_gmt":"2024-06-25T19:16:28","guid":{"rendered":"https:\/\/panoramaciudadano.com\/?p=813"},"modified":"2024-06-25T19:16:31","modified_gmt":"2024-06-25T19:16:31","slug":"garantiza-gobierno-bj-playas-limpias-y-conservacion-del-ecosistema","status":"publish","type":"post","link":"https:\/\/panoramaciudadano.com\/index.php\/2024\/06\/25\/garantiza-gobierno-bj-playas-limpias-y-conservacion-del-ecosistema\/","title":{"rendered":"GARANTIZA GOBIERNO BJ PLAYAS LIMPIAS Y CONSERVACI\u00d3N DEL ECOSISTEMA"},"content":{"rendered":"\n<figure class=\"wp-block-image size-large\"><img decoding=\"async\" width=\"1024\" height=\"709\" src=\"https:\/\/panoramaciudadano.com\/wp-content\/uploads\/2024\/06\/WhatsApp-Image-2024-06-25-at-12.40.19-1024x709.jpeg\" alt=\"\" class=\"wp-image-814\" srcset=\"https:\/\/panoramaciudadano.com\/wp-content\/uploads\/2024\/06\/WhatsApp-Image-2024-06-25-at-12.40.19-1024x709.jpeg 1024w, https:\/\/panoramaciudadano.com\/wp-content\/uploads\/2024\/06\/WhatsApp-Image-2024-06-25-at-12.40.19-300x208.jpeg 300w, https:\/\/panoramaciudadano.com\/wp-content\/uploads\/2024\/06\/WhatsApp-Image-2024-06-25-at-12.40.19-768x532.jpeg 768w, https:\/\/panoramaciudadano.com\/wp-content\/uploads\/2024\/06\/WhatsApp-Image-2024-06-25-at-12.40.19.jpeg 1280w\" sizes=\"(max-width: 1024px) 100vw, 1024px\" \/><\/figure>\n\n\n\n<ul class=\"wp-block-list\">\n<li>Funcionarios p\u00fablicos se suman a la limpieza de playa Forum<\/li>\n<\/ul>\n\n\n\n<p>Como parte del cuidado a las playas del Caribe Mexicano, y seguir promoviendo a Canc\u00fan como destino tur\u00edstico en Latinoam\u00e9rica, personal del Ayuntamiento de Benito Ju\u00e1rez, encabezados por el Encargado de Despacho de la Presidencia Municipal, Pablo Guti\u00e9rrez Fern\u00e1ndez, llevaron a cabo una limpieza general en Playa Gaviota Azul para preservar el medio ambiente, en donde destac\u00f3 que este 2024 se han retirado m\u00e1s de 190 mil kilos de basura de los arenales p\u00fablicos.<\/p>\n\n\n\n<p>\u201cEste a\u00f1o se han llevado a cabo 65 actividades de limpieza de playas p\u00fablicas, se han recolectado 3 mil 468 metros c\u00fabicos de sargazo, pero lo m\u00e1s preocupante son los residuos s\u00f3lidos, 194 mil 282 kilos de residuos s\u00f3lidos\u201d, concientiz\u00f3 Pablo Guti\u00e9rrez a las decenas de funcionarios que participaron en dicha actividad.<\/p>\n\n\n\n<p>Asegur\u00f3 que esta actividad es tan importante para el medio ambiente y el Municipio, por ser el principal destino tur\u00edstico del mundo, por lo que agradeci\u00f3 la participaci\u00f3n de las y los colaboradores, regidores y directores de las diferentes \u00e1reas del Ayuntamiento.<\/p>\n\n\n\n<p>Durante la limpieza de Playa Gaviota Azul, el Encargado de Despacho fue felicitado por el alcalde de Cant\u00f3n de Abangares de la provincia de Guanacaste, Costa Rica, Heriberto Cubero Morera, quien dijo estar muy impresionado del trabajo que realiza el Gobierno Municipal, porque es un gran reto que tienen todas las comunidades y el mundo, como es el tema de la basura; \u201cfelicitar al alcalde, Pablo Guti\u00e9rrez por el esfuerzo que viene haciendo, y hay que pregonar con el ejemplo, me gusta que sea el primero en la fila\u201d, subray\u00f3.<\/p>\n\n\n\n<figure class=\"wp-block-gallery has-nested-images columns-default is-cropped wp-block-gallery-1 is-layout-flex wp-block-gallery-is-layout-flex\">\n<figure class=\"wp-block-image size-large\"><img decoding=\"async\" width=\"1024\" height=\"768\" data-id=\"816\" src=\"https:\/\/panoramaciudadano.com\/wp-content\/uploads\/2024\/06\/2-14-1024x768.jpeg\" alt=\"\" class=\"wp-image-816\" srcset=\"https:\/\/panoramaciudadano.com\/wp-content\/uploads\/2024\/06\/2-14-1024x768.jpeg 1024w, https:\/\/panoramaciudadano.com\/wp-content\/uploads\/2024\/06\/2-14-300x225.jpeg 300w, https:\/\/panoramaciudadano.com\/wp-content\/uploads\/2024\/06\/2-14-768x576.jpeg 768w, https:\/\/panoramaciudadano.com\/wp-content\/uploads\/2024\/06\/2-14.jpeg 1280w\" sizes=\"(max-width: 1024px) 100vw, 1024px\" \/><\/figure>\n\n\n\n<figure class=\"wp-block-image size-large\"><img decoding=\"async\" width=\"1024\" height=\"634\" data-id=\"815\" src=\"https:\/\/panoramaciudadano.com\/wp-content\/uploads\/2024\/06\/3-13-1024x634.jpeg\" alt=\"\" class=\"wp-image-815\" srcset=\"https:\/\/panoramaciudadano.com\/wp-content\/uploads\/2024\/06\/3-13-1024x634.jpeg 1024w, https:\/\/panoramaciudadano.com\/wp-content\/uploads\/2024\/06\/3-13-300x186.jpeg 300w, https:\/\/panoramaciudadano.com\/wp-content\/uploads\/2024\/06\/3-13-768x476.jpeg 768w, https:\/\/panoramaciudadano.com\/wp-content\/uploads\/2024\/06\/3-13.jpeg 1280w\" sizes=\"(max-width: 1024px) 100vw, 1024px\" \/><\/figure>\n\n\n\n<figure class=\"wp-block-image size-large\"><img decoding=\"async\" width=\"1024\" height=\"576\" data-id=\"820\" src=\"https:\/\/panoramaciudadano.com\/wp-content\/uploads\/2024\/06\/4-15-1024x576.jpeg\" alt=\"\" class=\"wp-image-820\" srcset=\"https:\/\/panoramaciudadano.com\/wp-content\/uploads\/2024\/06\/4-15-1024x576.jpeg 1024w, https:\/\/panoramaciudadano.com\/wp-content\/uploads\/2024\/06\/4-15-300x169.jpeg 300w, https:\/\/panoramaciudadano.com\/wp-content\/uploads\/2024\/06\/4-15-768x432.jpeg 768w, https:\/\/panoramaciudadano.com\/wp-content\/uploads\/2024\/06\/4-15.jpeg 1280w\" sizes=\"(max-width: 1024px) 100vw, 1024px\" \/><\/figure>\n\n\n\n<figure class=\"wp-block-image size-large\"><img decoding=\"async\" width=\"1024\" height=\"682\" data-id=\"817\" src=\"https:\/\/panoramaciudadano.com\/wp-content\/uploads\/2024\/06\/5-13-1024x682.jpeg\" alt=\"\" class=\"wp-image-817\" srcset=\"https:\/\/panoramaciudadano.com\/wp-content\/uploads\/2024\/06\/5-13-1024x682.jpeg 1024w, https:\/\/panoramaciudadano.com\/wp-content\/uploads\/2024\/06\/5-13-300x200.jpeg 300w, https:\/\/panoramaciudadano.com\/wp-content\/uploads\/2024\/06\/5-13-768x512.jpeg 768w, https:\/\/panoramaciudadano.com\/wp-content\/uploads\/2024\/06\/5-13.jpeg 1280w\" sizes=\"(max-width: 1024px) 100vw, 1024px\" \/><\/figure>\n\n\n\n<figure class=\"wp-block-image size-large\"><img decoding=\"async\" width=\"1024\" height=\"868\" data-id=\"819\" src=\"https:\/\/panoramaciudadano.com\/wp-content\/uploads\/2024\/06\/6-10-1024x868.jpeg\" alt=\"\" class=\"wp-image-819\" srcset=\"https:\/\/panoramaciudadano.com\/wp-content\/uploads\/2024\/06\/6-10-1024x868.jpeg 1024w, https:\/\/panoramaciudadano.com\/wp-content\/uploads\/2024\/06\/6-10-300x254.jpeg 300w, https:\/\/panoramaciudadano.com\/wp-content\/uploads\/2024\/06\/6-10-768x651.jpeg 768w, https:\/\/panoramaciudadano.com\/wp-content\/uploads\/2024\/06\/6-10.jpeg 1280w\" sizes=\"(max-width: 1024px) 100vw, 1024px\" \/><\/figure>\n\n\n\n<figure class=\"wp-block-image size-large\"><img decoding=\"async\" width=\"1024\" height=\"907\" data-id=\"818\" src=\"https:\/\/panoramaciudadano.com\/wp-content\/uploads\/2024\/06\/7-8-1024x907.jpeg\" alt=\"\" class=\"wp-image-818\" srcset=\"https:\/\/panoramaciudadano.com\/wp-content\/uploads\/2024\/06\/7-8-1024x907.jpeg 1024w, https:\/\/panoramaciudadano.com\/wp-content\/uploads\/2024\/06\/7-8-300x266.jpeg 300w, https:\/\/panoramaciudadano.com\/wp-content\/uploads\/2024\/06\/7-8-768x680.jpeg 768w, https:\/\/panoramaciudadano.com\/wp-content\/uploads\/2024\/06\/7-8.jpeg 1280w\" sizes=\"(max-width: 1024px) 100vw, 1024px\" \/><\/figure>\n<\/figure>\n\n\n\n<p>Los trabajadores del Ayuntamiento de las diferentes \u00e1reas se integraron por equipos, para realizar la limpieza manual y el cribado de arena, encontr\u00e1ndose colillas de cigarro, tapas de termos, corcholatas, pl\u00e1sticos, popotes, y micropl\u00e1sticos que afectan las playas turquesas.<\/p>\n\n\n\n<p>Por \u00faltimo, las autoridades municipales pidieron a las y los benitojuarenses, as\u00ed como a los visitantes, apoyar en mantener los arenales p\u00fablicos libres de impurezas, ya que se pretende no generar m\u00e1s residuos s\u00f3lidos que afectan al medio ambiente, y sobre todo, al desove de tortugas marinas que se encuentran en peligro de extinci\u00f3n.<\/p>\n","protected":false},"excerpt":{"rendered":"<p>Funcionarios p\u00fablicos se suman a la limpieza de playa Forum.<\/p>\n","protected":false},"author":1,"featured_media":820,"comment_status":"open","ping_status":"closed","sticky":false,"template":"","format":"standard","meta":{"footnotes":""},"categories":[6],"tags":[523,520,500,521,524],"class_list":["post-813","post","type-post","status-publish","format-standard","has-post-thumbnail","hentry","category-cancun","tag-bernardo-cueto","tag-caribe-mexicano","tag-limpieza-de-playas","tag-pablo-gutierrez-fernandez-2","tag-playa-forum"],"yoast_head":"<!-- This site is optimized with the Yoast SEO plugin v27.1.1 - https:\/\/yoast.com\/product\/yoast-seo-wordpress\/ -->\n<title>GARANTIZA GOBIERNO BJ PLAYAS LIMPIAS Y CONSERVACI\u00d3N DEL ECOSISTEMA - Panorama Ciudadano<\/title>\n<meta name=\"robots\" content=\"index, follow, max-snippet:-1, max-image-preview:large, max-video-preview:-1\" \/>\n<link rel=\"canonical\" href=\"https:\/\/panoramaciudadano.com\/index.php\/2024\/06\/25\/garantiza-gobierno-bj-playas-limpias-y-conservacion-del-ecosistema\/\" \/>\n<meta property=\"og:locale\" content=\"es_ES\" \/>\n<meta property=\"og:type\" content=\"article\" \/>\n<meta property=\"og:title\" content=\"GARANTIZA GOBIERNO BJ PLAYAS LIMPIAS Y CONSERVACI\u00d3N DEL ECOSISTEMA - Panorama Ciudadano\" \/>\n<meta property=\"og:description\" content=\"Funcionarios p\u00fablicos se suman a la limpieza de playa Forum.\" \/>\n<meta property=\"og:url\" content=\"https:\/\/panoramaciudadano.com\/index.php\/2024\/06\/25\/garantiza-gobierno-bj-playas-limpias-y-conservacion-del-ecosistema\/\" \/>\n<meta property=\"og:site_name\" content=\"Panorama Ciudadano\" \/>\n<meta property=\"article:publisher\" content=\"https:\/\/www.facebook.com\/panoramaciudadano\" \/>\n<meta property=\"article:published_time\" content=\"2024-06-25T19:16:28+00:00\" \/>\n<meta property=\"article:modified_time\" content=\"2024-06-25T19:16:31+00:00\" \/>\n<meta property=\"og:image\" content=\"https:\/\/panoramaciudadano.com\/wp-content\/uploads\/2024\/06\/4-15.jpeg\" \/>\n\t<meta property=\"og:image:width\" content=\"1280\" \/>\n\t<meta property=\"og:image:height\" content=\"720\" \/>\n\t<meta property=\"og:image:type\" content=\"image\/jpeg\" \/>\n<meta name=\"author\" content=\"admin\" \/>\n<meta name=\"twitter:card\" content=\"summary_large_image\" \/>\n<meta name=\"twitter:label1\" content=\"Escrito por\" \/>\n\t<meta name=\"twitter:data1\" content=\"admin\" \/>\n\t<meta name=\"twitter:label2\" content=\"Tiempo de lectura\" \/>\n\t<meta name=\"twitter:data2\" content=\"4 minutos\" \/>\n<script type=\"application\/ld+json\" class=\"yoast-schema-graph\">{\"@context\":\"https:\/\/schema.org\",\"@graph\":[{\"@type\":\"Article\",\"@id\":\"https:\/\/panoramaciudadano.com\/index.php\/2024\/06\/25\/garantiza-gobierno-bj-playas-limpias-y-conservacion-del-ecosistema\/#article\",\"isPartOf\":{\"@id\":\"https:\/\/panoramaciudadano.com\/index.php\/2024\/06\/25\/garantiza-gobierno-bj-playas-limpias-y-conservacion-del-ecosistema\/\"},\"author\":{\"name\":\"admin\",\"@id\":\"https:\/\/panoramaciudadano.com\/#\/schema\/person\/ffe9fe8ef47d3a93977b5761fd9e0d96\"},\"headline\":\"GARANTIZA GOBIERNO BJ PLAYAS LIMPIAS Y CONSERVACI\u00d3N DEL ECOSISTEMA\",\"datePublished\":\"2024-06-25T19:16:28+00:00\",\"dateModified\":\"2024-06-25T19:16:31+00:00\",\"mainEntityOfPage\":{\"@id\":\"https:\/\/panoramaciudadano.com\/index.php\/2024\/06\/25\/garantiza-gobierno-bj-playas-limpias-y-conservacion-del-ecosistema\/\"},\"wordCount\":391,\"commentCount\":0,\"publisher\":{\"@id\":\"https:\/\/panoramaciudadano.com\/#organization\"},\"image\":{\"@id\":\"https:\/\/panoramaciudadano.com\/index.php\/2024\/06\/25\/garantiza-gobierno-bj-playas-limpias-y-conservacion-del-ecosistema\/#primaryimage\"},\"thumbnailUrl\":\"https:\/\/panoramaciudadano.com\/wp-content\/uploads\/2024\/06\/4-15.jpeg\",\"keywords\":[\"Bernardo Cueto\",\"Caribe Mexicano\",\"limpieza de playas\",\"Pablo Gutierrez Fern\u00e1ndez\",\"Playa Forum\"],\"articleSection\":[\"Canc\u00fan\"],\"inLanguage\":\"es\",\"potentialAction\":[{\"@type\":\"CommentAction\",\"name\":\"Comment\",\"target\":[\"https:\/\/panoramaciudadano.com\/index.php\/2024\/06\/25\/garantiza-gobierno-bj-playas-limpias-y-conservacion-del-ecosistema\/#respond\"]}]},{\"@type\":\"WebPage\",\"@id\":\"https:\/\/panoramaciudadano.com\/index.php\/2024\/06\/25\/garantiza-gobierno-bj-playas-limpias-y-conservacion-del-ecosistema\/\",\"url\":\"https:\/\/panoramaciudadano.com\/index.php\/2024\/06\/25\/garantiza-gobierno-bj-playas-limpias-y-conservacion-del-ecosistema\/\",\"name\":\"GARANTIZA GOBIERNO BJ PLAYAS LIMPIAS Y CONSERVACI\u00d3N DEL ECOSISTEMA - Panorama Ciudadano\",\"isPartOf\":{\"@id\":\"https:\/\/panoramaciudadano.com\/#website\"},\"primaryImageOfPage\":{\"@id\":\"https:\/\/panoramaciudadano.com\/index.php\/2024\/06\/25\/garantiza-gobierno-bj-playas-limpias-y-conservacion-del-ecosistema\/#primaryimage\"},\"image\":{\"@id\":\"https:\/\/panoramaciudadano.com\/index.php\/2024\/06\/25\/garantiza-gobierno-bj-playas-limpias-y-conservacion-del-ecosistema\/#primaryimage\"},\"thumbnailUrl\":\"https:\/\/panoramaciudadano.com\/wp-content\/uploads\/2024\/06\/4-15.jpeg\",\"datePublished\":\"2024-06-25T19:16:28+00:00\",\"dateModified\":\"2024-06-25T19:16:31+00:00\",\"breadcrumb\":{\"@id\":\"https:\/\/panoramaciudadano.com\/index.php\/2024\/06\/25\/garantiza-gobierno-bj-playas-limpias-y-conservacion-del-ecosistema\/#breadcrumb\"},\"inLanguage\":\"es\",\"potentialAction\":[{\"@type\":\"ReadAction\",\"target\":[\"https:\/\/panoramaciudadano.com\/index.php\/2024\/06\/25\/garantiza-gobierno-bj-playas-limpias-y-conservacion-del-ecosistema\/\"]}]},{\"@type\":\"ImageObject\",\"inLanguage\":\"es\",\"@id\":\"https:\/\/panoramaciudadano.com\/index.php\/2024\/06\/25\/garantiza-gobierno-bj-playas-limpias-y-conservacion-del-ecosistema\/#primaryimage\",\"url\":\"https:\/\/panoramaciudadano.com\/wp-content\/uploads\/2024\/06\/4-15.jpeg\",\"contentUrl\":\"https:\/\/panoramaciudadano.com\/wp-content\/uploads\/2024\/06\/4-15.jpeg\",\"width\":1280,\"height\":720},{\"@type\":\"BreadcrumbList\",\"@id\":\"https:\/\/panoramaciudadano.com\/index.php\/2024\/06\/25\/garantiza-gobierno-bj-playas-limpias-y-conservacion-del-ecosistema\/#breadcrumb\",\"itemListElement\":[{\"@type\":\"ListItem\",\"position\":1,\"name\":\"Portada\",\"item\":\"https:\/\/panoramaciudadano.com\/\"},{\"@type\":\"ListItem\",\"position\":2,\"name\":\"GARANTIZA GOBIERNO BJ PLAYAS LIMPIAS Y CONSERVACI\u00d3N DEL ECOSISTEMA\"}]},{\"@type\":\"WebSite\",\"@id\":\"https:\/\/panoramaciudadano.com\/#website\",\"url\":\"https:\/\/panoramaciudadano.com\/\",\"name\":\"Panorama Ciudadano\",\"description\":\"\",\"publisher\":{\"@id\":\"https:\/\/panoramaciudadano.com\/#organization\"},\"potentialAction\":[{\"@type\":\"SearchAction\",\"target\":{\"@type\":\"EntryPoint\",\"urlTemplate\":\"https:\/\/panoramaciudadano.com\/?s={search_term_string}\"},\"query-input\":{\"@type\":\"PropertyValueSpecification\",\"valueRequired\":true,\"valueName\":\"search_term_string\"}}],\"inLanguage\":\"es\"},{\"@type\":\"Organization\",\"@id\":\"https:\/\/panoramaciudadano.com\/#organization\",\"name\":\"Panorama Ciudadano\",\"url\":\"https:\/\/panoramaciudadano.com\/\",\"logo\":{\"@type\":\"ImageObject\",\"inLanguage\":\"es\",\"@id\":\"https:\/\/panoramaciudadano.com\/#\/schema\/logo\/image\/\",\"url\":\"https:\/\/panoramaciudadano.com\/wp-content\/uploads\/2024\/05\/401498640_919267042938564_6290593609399108733_n.jpg\",\"contentUrl\":\"https:\/\/panoramaciudadano.com\/wp-content\/uploads\/2024\/05\/401498640_919267042938564_6290593609399108733_n.jpg\",\"width\":960,\"height\":957,\"caption\":\"Panorama Ciudadano\"},\"image\":{\"@id\":\"https:\/\/panoramaciudadano.com\/#\/schema\/logo\/image\/\"},\"sameAs\":[\"https:\/\/www.facebook.com\/panoramaciudadano\"]},{\"@type\":\"Person\",\"@id\":\"https:\/\/panoramaciudadano.com\/#\/schema\/person\/ffe9fe8ef47d3a93977b5761fd9e0d96\",\"name\":\"admin\",\"image\":{\"@type\":\"ImageObject\",\"inLanguage\":\"es\",\"@id\":\"https:\/\/panoramaciudadano.com\/#\/schema\/person\/image\/\",\"url\":\"https:\/\/secure.gravatar.com\/avatar\/2d5a12cacce3f18096f25fadea8abb7202fef18ed669595589853e84260ff451?s=96&d=mm&r=g\",\"contentUrl\":\"https:\/\/secure.gravatar.com\/avatar\/2d5a12cacce3f18096f25fadea8abb7202fef18ed669595589853e84260ff451?s=96&d=mm&r=g\",\"caption\":\"admin\"},\"sameAs\":[\"https:\/\/panoramaciudadano.com\"],\"url\":\"https:\/\/panoramaciudadano.com\/index.php\/author\/admin_3q6hyqq3\/\"}]}<\/script>\n<!-- \/ Yoast SEO plugin. -->","yoast_head_json":{"title":"GARANTIZA GOBIERNO BJ PLAYAS LIMPIAS Y CONSERVACI\u00d3N DEL ECOSISTEMA - Panorama Ciudadano","robots":{"index":"index","follow":"follow","max-snippet":"max-snippet:-1","max-image-preview":"max-image-preview:large","max-video-preview":"max-video-preview:-1"},"canonical":"https:\/\/panoramaciudadano.com\/index.php\/2024\/06\/25\/garantiza-gobierno-bj-playas-limpias-y-conservacion-del-ecosistema\/","og_locale":"es_ES","og_type":"article","og_title":"GARANTIZA GOBIERNO BJ PLAYAS LIMPIAS Y CONSERVACI\u00d3N DEL ECOSISTEMA - Panorama Ciudadano","og_description":"Funcionarios p\u00fablicos se suman a la limpieza de playa Forum.","og_url":"https:\/\/panoramaciudadano.com\/index.php\/2024\/06\/25\/garantiza-gobierno-bj-playas-limpias-y-conservacion-del-ecosistema\/","og_site_name":"Panorama Ciudadano","article_publisher":"https:\/\/www.facebook.com\/panoramaciudadano","article_published_time":"2024-06-25T19:16:28+00:00","article_modified_time":"2024-06-25T19:16:31+00:00","og_image":[{"width":1280,"height":720,"url":"https:\/\/panoramaciudadano.com\/wp-content\/uploads\/2024\/06\/4-15.jpeg","type":"image\/jpeg"}],"author":"admin","twitter_card":"summary_large_image","twitter_misc":{"Escrito por":"admin","Tiempo de lectura":"4 minutos"},"schema":{"@context":"https:\/\/schema.org","@graph":[{"@type":"Article","@id":"https:\/\/panoramaciudadano.com\/index.php\/2024\/06\/25\/garantiza-gobierno-bj-playas-limpias-y-conservacion-del-ecosistema\/#article","isPartOf":{"@id":"https:\/\/panoramaciudadano.com\/index.php\/2024\/06\/25\/garantiza-gobierno-bj-playas-limpias-y-conservacion-del-ecosistema\/"},"author":{"name":"admin","@id":"https:\/\/panoramaciudadano.com\/#\/schema\/person\/ffe9fe8ef47d3a93977b5761fd9e0d96"},"headline":"GARANTIZA GOBIERNO BJ PLAYAS LIMPIAS Y CONSERVACI\u00d3N DEL ECOSISTEMA","datePublished":"2024-06-25T19:16:28+00:00","dateModified":"2024-06-25T19:16:31+00:00","mainEntityOfPage":{"@id":"https:\/\/panoramaciudadano.com\/index.php\/2024\/06\/25\/garantiza-gobierno-bj-playas-limpias-y-conservacion-del-ecosistema\/"},"wordCount":391,"commentCount":0,"publisher":{"@id":"https:\/\/panoramaciudadano.com\/#organization"},"image":{"@id":"https:\/\/panoramaciudadano.com\/index.php\/2024\/06\/25\/garantiza-gobierno-bj-playas-limpias-y-conservacion-del-ecosistema\/#primaryimage"},"thumbnailUrl":"https:\/\/panoramaciudadano.com\/wp-content\/uploads\/2024\/06\/4-15.jpeg","keywords":["Bernardo Cueto","Caribe Mexicano","limpieza de playas","Pablo Gutierrez Fern\u00e1ndez","Playa Forum"],"articleSection":["Canc\u00fan"],"inLanguage":"es","potentialAction":[{"@type":"CommentAction","name":"Comment","target":["https:\/\/panoramaciudadano.com\/index.php\/2024\/06\/25\/garantiza-gobierno-bj-playas-limpias-y-conservacion-del-ecosistema\/#respond"]}]},{"@type":"WebPage","@id":"https:\/\/panoramaciudadano.com\/index.php\/2024\/06\/25\/garantiza-gobierno-bj-playas-limpias-y-conservacion-del-ecosistema\/","url":"https:\/\/panoramaciudadano.com\/index.php\/2024\/06\/25\/garantiza-gobierno-bj-playas-limpias-y-conservacion-del-ecosistema\/","name":"GARANTIZA GOBIERNO BJ PLAYAS LIMPIAS Y CONSERVACI\u00d3N DEL ECOSISTEMA - Panorama Ciudadano","isPartOf":{"@id":"https:\/\/panoramaciudadano.com\/#website"},"primaryImageOfPage":{"@id":"https:\/\/panoramaciudadano.com\/index.php\/2024\/06\/25\/garantiza-gobierno-bj-playas-limpias-y-conservacion-del-ecosistema\/#primaryimage"},"image":{"@id":"https:\/\/panoramaciudadano.com\/index.php\/2024\/06\/25\/garantiza-gobierno-bj-playas-limpias-y-conservacion-del-ecosistema\/#primaryimage"},"thumbnailUrl":"https:\/\/panoramaciudadano.com\/wp-content\/uploads\/2024\/06\/4-15.jpeg","datePublished":"2024-06-25T19:16:28+00:00","dateModified":"2024-06-25T19:16:31+00:00","breadcrumb":{"@id":"https:\/\/panoramaciudadano.com\/index.php\/2024\/06\/25\/garantiza-gobierno-bj-playas-limpias-y-conservacion-del-ecosistema\/#breadcrumb"},"inLanguage":"es","potentialAction":[{"@type":"ReadAction","target":["https:\/\/panoramaciudadano.com\/index.php\/2024\/06\/25\/garantiza-gobierno-bj-playas-limpias-y-conservacion-del-ecosistema\/"]}]},{"@type":"ImageObject","inLanguage":"es","@id":"https:\/\/panoramaciudadano.com\/index.php\/2024\/06\/25\/garantiza-gobierno-bj-playas-limpias-y-conservacion-del-ecosistema\/#primaryimage","url":"https:\/\/panoramaciudadano.com\/wp-content\/uploads\/2024\/06\/4-15.jpeg","contentUrl":"https:\/\/panoramaciudadano.com\/wp-content\/uploads\/2024\/06\/4-15.jpeg","width":1280,"height":720},{"@type":"BreadcrumbList","@id":"https:\/\/panoramaciudadano.com\/index.php\/2024\/06\/25\/garantiza-gobierno-bj-playas-limpias-y-conservacion-del-ecosistema\/#breadcrumb","itemListElement":[{"@type":"ListItem","position":1,"name":"Portada","item":"https:\/\/panoramaciudadano.com\/"},{"@type":"ListItem","position":2,"name":"GARANTIZA GOBIERNO BJ PLAYAS LIMPIAS Y CONSERVACI\u00d3N DEL ECOSISTEMA"}]},{"@type":"WebSite","@id":"https:\/\/panoramaciudadano.com\/#website","url":"https:\/\/panoramaciudadano.com\/","name":"Panorama Ciudadano","description":"","publisher":{"@id":"https:\/\/panoramaciudadano.com\/#organization"},"potentialAction":[{"@type":"SearchAction","target":{"@type":"EntryPoint","urlTemplate":"https:\/\/panoramaciudadano.com\/?s={search_term_string}"},"query-input":{"@type":"PropertyValueSpecification","valueRequired":true,"valueName":"search_term_string"}}],"inLanguage":"es"},{"@type":"Organization","@id":"https:\/\/panoramaciudadano.com\/#organization","name":"Panorama Ciudadano","url":"https:\/\/panoramaciudadano.com\/","logo":{"@type":"ImageObject","inLanguage":"es","@id":"https:\/\/panoramaciudadano.com\/#\/schema\/logo\/image\/","url":"https:\/\/panoramaciudadano.com\/wp-content\/uploads\/2024\/05\/401498640_919267042938564_6290593609399108733_n.jpg","contentUrl":"https:\/\/panoramaciudadano.com\/wp-content\/uploads\/2024\/05\/401498640_919267042938564_6290593609399108733_n.jpg","width":960,"height":957,"caption":"Panorama Ciudadano"},"image":{"@id":"https:\/\/panoramaciudadano.com\/#\/schema\/logo\/image\/"},"sameAs":["https:\/\/www.facebook.com\/panoramaciudadano"]},{"@type":"Person","@id":"https:\/\/panoramaciudadano.com\/#\/schema\/person\/ffe9fe8ef47d3a93977b5761fd9e0d96","name":"admin","image":{"@type":"ImageObject","inLanguage":"es","@id":"https:\/\/panoramaciudadano.com\/#\/schema\/person\/image\/","url":"https:\/\/secure.gravatar.com\/avatar\/2d5a12cacce3f18096f25fadea8abb7202fef18ed669595589853e84260ff451?s=96&d=mm&r=g","contentUrl":"https:\/\/secure.gravatar.com\/avatar\/2d5a12cacce3f18096f25fadea8abb7202fef18ed669595589853e84260ff451?s=96&d=mm&r=g","caption":"admin"},"sameAs":["https:\/\/panoramaciudadano.com"],"url":"https:\/\/panoramaciudadano.com\/index.php\/author\/admin_3q6hyqq3\/"}]}},"_links":{"self":[{"href":"https:\/\/panoramaciudadano.com\/index.php\/wp-json\/wp\/v2\/posts\/813","targetHints":{"allow":["GET"]}}],"collection":[{"href":"https:\/\/panoramaciudadano.com\/index.php\/wp-json\/wp\/v2\/posts"}],"about":[{"href":"https:\/\/panoramaciudadano.com\/index.php\/wp-json\/wp\/v2\/types\/post"}],"author":[{"embeddable":true,"href":"https:\/\/panoramaciudadano.com\/index.php\/wp-json\/wp\/v2\/users\/1"}],"replies":[{"embeddable":true,"href":"https:\/\/panoramaciudadano.com\/index.php\/wp-json\/wp\/v2\/comments?post=813"}],"version-history":[{"count":1,"href":"https:\/\/panoramaciudadano.com\/index.php\/wp-json\/wp\/v2\/posts\/813\/revisions"}],"predecessor-version":[{"id":821,"href":"https:\/\/panoramaciudadano.com\/index.php\/wp-json\/wp\/v2\/posts\/813\/revisions\/821"}],"wp:featuredmedia":[{"embeddable":true,"href":"https:\/\/panoramaciudadano.com\/index.php\/wp-json\/wp\/v2\/media\/820"}],"wp:attachment":[{"href":"https:\/\/panoramaciudadano.com\/index.php\/wp-json\/wp\/v2\/media?parent=813"}],"wp:term":[{"taxonomy":"category","embeddable":true,"href":"https:\/\/panoramaciudadano.com\/index.php\/wp-json\/wp\/v2\/categories?post=813"},{"taxonomy":"post_tag","embeddable":true,"href":"https:\/\/panoramaciudadano.com\/index.php\/wp-json\/wp\/v2\/tags?post=813"}],"curies":[{"name":"wp","href":"https:\/\/api.w.org\/{rel}","templated":true}]}}