{"id":822,"date":"2024-06-25T19:20:54","date_gmt":"2024-06-25T19:20:54","guid":{"rendered":"https:\/\/panoramaciudadano.com\/?p=822"},"modified":"2024-06-25T19:20:57","modified_gmt":"2024-06-25T19:20:57","slug":"abuelito-pide-ayuda-y-logra-salvar-su-vehiculo-que-empezaba-a-incendiarse","status":"publish","type":"post","link":"https:\/\/panoramaciudadano.com\/index.php\/2024\/06\/25\/abuelito-pide-ayuda-y-logra-salvar-su-vehiculo-que-empezaba-a-incendiarse\/","title":{"rendered":"Abuelito pide ayuda y logra salvar su veh\u00edculo que empezaba a incendiarse"},"content":{"rendered":"\n<figure class=\"wp-block-image size-full\"><img decoding=\"async\" width=\"960\" height=\"540\" src=\"https:\/\/panoramaciudadano.com\/wp-content\/uploads\/2024\/06\/8-8.jpeg\" alt=\"\" class=\"wp-image-823\" srcset=\"https:\/\/panoramaciudadano.com\/wp-content\/uploads\/2024\/06\/8-8.jpeg 960w, https:\/\/panoramaciudadano.com\/wp-content\/uploads\/2024\/06\/8-8-300x169.jpeg 300w, https:\/\/panoramaciudadano.com\/wp-content\/uploads\/2024\/06\/8-8-768x432.jpeg 768w\" sizes=\"(max-width: 960px) 100vw, 960px\" \/><\/figure>\n\n\n\n<p>Abuelito pide ayuda y logra salvar su veh\u00edculo que empezaba a incendiarse en la regi\u00f3n 236.<\/p>\n\n\n\n<p>Fue anoche cuando el 911 recibi\u00f3 una llamada de emergencia para pedir la ayuda de brigadistas sobre la avenida Rancho Viejo.<\/p>\n\n\n\n<p>Bomberos llegaron al sitio donde se encontraba un auto tipo Chevy de modelo antiguo, el cual se iniciaba el fuego y lograron controlar la situaci\u00f3n a la brevedad.<\/p>\n\n\n\n<p>El hombre de nombre Seferino de casi 80 a\u00f1os estuvo agradecido con los brigadistas pues el fuego se hab\u00eda iniciado por un corto circuito y logro salvar su patrimonio.<\/p>\n\n\n\n<figure class=\"wp-block-gallery has-nested-images columns-default is-cropped wp-block-gallery-1 is-layout-flex wp-block-gallery-is-layout-flex\">\n<figure class=\"wp-block-image size-large\"><img decoding=\"async\" width=\"960\" height=\"540\" data-id=\"825\" src=\"https:\/\/panoramaciudadano.com\/wp-content\/uploads\/2024\/06\/9-7.jpeg\" alt=\"\" class=\"wp-image-825\" srcset=\"https:\/\/panoramaciudadano.com\/wp-content\/uploads\/2024\/06\/9-7.jpeg 960w, https:\/\/panoramaciudadano.com\/wp-content\/uploads\/2024\/06\/9-7-300x169.jpeg 300w, https:\/\/panoramaciudadano.com\/wp-content\/uploads\/2024\/06\/9-7-768x432.jpeg 768w\" sizes=\"(max-width: 960px) 100vw, 960px\" \/><\/figure>\n\n\n\n<figure class=\"wp-block-image size-large\"><img decoding=\"async\" width=\"960\" height=\"540\" data-id=\"824\" src=\"https:\/\/panoramaciudadano.com\/wp-content\/uploads\/2024\/06\/10-5.jpeg\" alt=\"\" class=\"wp-image-824\" srcset=\"https:\/\/panoramaciudadano.com\/wp-content\/uploads\/2024\/06\/10-5.jpeg 960w, https:\/\/panoramaciudadano.com\/wp-content\/uploads\/2024\/06\/10-5-300x169.jpeg 300w, https:\/\/panoramaciudadano.com\/wp-content\/uploads\/2024\/06\/10-5-768x432.jpeg 768w\" sizes=\"(max-width: 960px) 100vw, 960px\" \/><\/figure>\n<\/figure>\n","protected":false},"excerpt":{"rendered":"<p>Abuelito pide ayuda y logra salvar su veh\u00edculo que empezaba a incendiarse en la regi\u00f3n 236.<\/p>\n","protected":false},"author":1,"featured_media":823,"comment_status":"open","ping_status":"closed","sticky":false,"template":"","format":"standard","meta":{"footnotes":""},"categories":[6],"tags":[525],"class_list":["post-822","post","type-post","status-publish","format-standard","has-post-thumbnail","hentry","category-cancun","tag-se-incendia-auto"],"yoast_head":"<!-- This site is optimized with the Yoast SEO plugin v27.1.1 - https:\/\/yoast.com\/product\/yoast-seo-wordpress\/ -->\n<title>Abuelito pide ayuda y logra salvar su veh\u00edculo que empezaba a incendiarse - Panorama Ciudadano<\/title>\n<meta name=\"robots\" content=\"index, follow, max-snippet:-1, max-image-preview:large, max-video-preview:-1\" \/>\n<link rel=\"canonical\" href=\"https:\/\/panoramaciudadano.com\/index.php\/2024\/06\/25\/abuelito-pide-ayuda-y-logra-salvar-su-vehiculo-que-empezaba-a-incendiarse\/\" \/>\n<meta property=\"og:locale\" content=\"es_ES\" \/>\n<meta property=\"og:type\" content=\"article\" \/>\n<meta property=\"og:title\" content=\"Abuelito pide ayuda y logra salvar su veh\u00edculo que empezaba a incendiarse - Panorama Ciudadano\" \/>\n<meta property=\"og:description\" content=\"Abuelito pide ayuda y logra salvar su veh\u00edculo que empezaba a incendiarse en la regi\u00f3n 236.\" \/>\n<meta property=\"og:url\" content=\"https:\/\/panoramaciudadano.com\/index.php\/2024\/06\/25\/abuelito-pide-ayuda-y-logra-salvar-su-vehiculo-que-empezaba-a-incendiarse\/\" \/>\n<meta property=\"og:site_name\" content=\"Panorama Ciudadano\" \/>\n<meta property=\"article:publisher\" content=\"https:\/\/www.facebook.com\/panoramaciudadano\" \/>\n<meta property=\"article:published_time\" content=\"2024-06-25T19:20:54+00:00\" \/>\n<meta property=\"article:modified_time\" content=\"2024-06-25T19:20:57+00:00\" \/>\n<meta property=\"og:image\" content=\"https:\/\/panoramaciudadano.com\/wp-content\/uploads\/2024\/06\/8-8.jpeg\" \/>\n\t<meta property=\"og:image:width\" content=\"960\" \/>\n\t<meta property=\"og:image:height\" content=\"540\" \/>\n\t<meta property=\"og:image:type\" content=\"image\/jpeg\" \/>\n<meta name=\"author\" content=\"admin\" \/>\n<meta name=\"twitter:card\" content=\"summary_large_image\" \/>\n<meta name=\"twitter:label1\" content=\"Escrito por\" \/>\n\t<meta name=\"twitter:data1\" content=\"admin\" \/>\n\t<meta name=\"twitter:label2\" content=\"Tiempo de lectura\" \/>\n\t<meta name=\"twitter:data2\" content=\"2 minutos\" \/>\n<script type=\"application\/ld+json\" class=\"yoast-schema-graph\">{\"@context\":\"https:\/\/schema.org\",\"@graph\":[{\"@type\":\"Article\",\"@id\":\"https:\/\/panoramaciudadano.com\/index.php\/2024\/06\/25\/abuelito-pide-ayuda-y-logra-salvar-su-vehiculo-que-empezaba-a-incendiarse\/#article\",\"isPartOf\":{\"@id\":\"https:\/\/panoramaciudadano.com\/index.php\/2024\/06\/25\/abuelito-pide-ayuda-y-logra-salvar-su-vehiculo-que-empezaba-a-incendiarse\/\"},\"author\":{\"name\":\"admin\",\"@id\":\"https:\/\/panoramaciudadano.com\/#\/schema\/person\/ffe9fe8ef47d3a93977b5761fd9e0d96\"},\"headline\":\"Abuelito pide ayuda y logra salvar su veh\u00edculo que empezaba a incendiarse\",\"datePublished\":\"2024-06-25T19:20:54+00:00\",\"dateModified\":\"2024-06-25T19:20:57+00:00\",\"mainEntityOfPage\":{\"@id\":\"https:\/\/panoramaciudadano.com\/index.php\/2024\/06\/25\/abuelito-pide-ayuda-y-logra-salvar-su-vehiculo-que-empezaba-a-incendiarse\/\"},\"wordCount\":109,\"commentCount\":0,\"publisher\":{\"@id\":\"https:\/\/panoramaciudadano.com\/#organization\"},\"image\":{\"@id\":\"https:\/\/panoramaciudadano.com\/index.php\/2024\/06\/25\/abuelito-pide-ayuda-y-logra-salvar-su-vehiculo-que-empezaba-a-incendiarse\/#primaryimage\"},\"thumbnailUrl\":\"https:\/\/panoramaciudadano.com\/wp-content\/uploads\/2024\/06\/8-8.jpeg\",\"keywords\":[\"se incendia auto\"],\"articleSection\":[\"Canc\u00fan\"],\"inLanguage\":\"es\",\"potentialAction\":[{\"@type\":\"CommentAction\",\"name\":\"Comment\",\"target\":[\"https:\/\/panoramaciudadano.com\/index.php\/2024\/06\/25\/abuelito-pide-ayuda-y-logra-salvar-su-vehiculo-que-empezaba-a-incendiarse\/#respond\"]}]},{\"@type\":\"WebPage\",\"@id\":\"https:\/\/panoramaciudadano.com\/index.php\/2024\/06\/25\/abuelito-pide-ayuda-y-logra-salvar-su-vehiculo-que-empezaba-a-incendiarse\/\",\"url\":\"https:\/\/panoramaciudadano.com\/index.php\/2024\/06\/25\/abuelito-pide-ayuda-y-logra-salvar-su-vehiculo-que-empezaba-a-incendiarse\/\",\"name\":\"Abuelito pide ayuda y logra salvar su veh\u00edculo que empezaba a incendiarse - Panorama Ciudadano\",\"isPartOf\":{\"@id\":\"https:\/\/panoramaciudadano.com\/#website\"},\"primaryImageOfPage\":{\"@id\":\"https:\/\/panoramaciudadano.com\/index.php\/2024\/06\/25\/abuelito-pide-ayuda-y-logra-salvar-su-vehiculo-que-empezaba-a-incendiarse\/#primaryimage\"},\"image\":{\"@id\":\"https:\/\/panoramaciudadano.com\/index.php\/2024\/06\/25\/abuelito-pide-ayuda-y-logra-salvar-su-vehiculo-que-empezaba-a-incendiarse\/#primaryimage\"},\"thumbnailUrl\":\"https:\/\/panoramaciudadano.com\/wp-content\/uploads\/2024\/06\/8-8.jpeg\",\"datePublished\":\"2024-06-25T19:20:54+00:00\",\"dateModified\":\"2024-06-25T19:20:57+00:00\",\"breadcrumb\":{\"@id\":\"https:\/\/panoramaciudadano.com\/index.php\/2024\/06\/25\/abuelito-pide-ayuda-y-logra-salvar-su-vehiculo-que-empezaba-a-incendiarse\/#breadcrumb\"},\"inLanguage\":\"es\",\"potentialAction\":[{\"@type\":\"ReadAction\",\"target\":[\"https:\/\/panoramaciudadano.com\/index.php\/2024\/06\/25\/abuelito-pide-ayuda-y-logra-salvar-su-vehiculo-que-empezaba-a-incendiarse\/\"]}]},{\"@type\":\"ImageObject\",\"inLanguage\":\"es\",\"@id\":\"https:\/\/panoramaciudadano.com\/index.php\/2024\/06\/25\/abuelito-pide-ayuda-y-logra-salvar-su-vehiculo-que-empezaba-a-incendiarse\/#primaryimage\",\"url\":\"https:\/\/panoramaciudadano.com\/wp-content\/uploads\/2024\/06\/8-8.jpeg\",\"contentUrl\":\"https:\/\/panoramaciudadano.com\/wp-content\/uploads\/2024\/06\/8-8.jpeg\",\"width\":960,\"height\":540},{\"@type\":\"BreadcrumbList\",\"@id\":\"https:\/\/panoramaciudadano.com\/index.php\/2024\/06\/25\/abuelito-pide-ayuda-y-logra-salvar-su-vehiculo-que-empezaba-a-incendiarse\/#breadcrumb\",\"itemListElement\":[{\"@type\":\"ListItem\",\"position\":1,\"name\":\"Portada\",\"item\":\"https:\/\/panoramaciudadano.com\/\"},{\"@type\":\"ListItem\",\"position\":2,\"name\":\"Abuelito pide ayuda y logra salvar su veh\u00edculo que empezaba a incendiarse\"}]},{\"@type\":\"WebSite\",\"@id\":\"https:\/\/panoramaciudadano.com\/#website\",\"url\":\"https:\/\/panoramaciudadano.com\/\",\"name\":\"Panorama Ciudadano\",\"description\":\"\",\"publisher\":{\"@id\":\"https:\/\/panoramaciudadano.com\/#organization\"},\"potentialAction\":[{\"@type\":\"SearchAction\",\"target\":{\"@type\":\"EntryPoint\",\"urlTemplate\":\"https:\/\/panoramaciudadano.com\/?s={search_term_string}\"},\"query-input\":{\"@type\":\"PropertyValueSpecification\",\"valueRequired\":true,\"valueName\":\"search_term_string\"}}],\"inLanguage\":\"es\"},{\"@type\":\"Organization\",\"@id\":\"https:\/\/panoramaciudadano.com\/#organization\",\"name\":\"Panorama Ciudadano\",\"url\":\"https:\/\/panoramaciudadano.com\/\",\"logo\":{\"@type\":\"ImageObject\",\"inLanguage\":\"es\",\"@id\":\"https:\/\/panoramaciudadano.com\/#\/schema\/logo\/image\/\",\"url\":\"https:\/\/panoramaciudadano.com\/wp-content\/uploads\/2024\/05\/401498640_919267042938564_6290593609399108733_n.jpg\",\"contentUrl\":\"https:\/\/panoramaciudadano.com\/wp-content\/uploads\/2024\/05\/401498640_919267042938564_6290593609399108733_n.jpg\",\"width\":960,\"height\":957,\"caption\":\"Panorama Ciudadano\"},\"image\":{\"@id\":\"https:\/\/panoramaciudadano.com\/#\/schema\/logo\/image\/\"},\"sameAs\":[\"https:\/\/www.facebook.com\/panoramaciudadano\"]},{\"@type\":\"Person\",\"@id\":\"https:\/\/panoramaciudadano.com\/#\/schema\/person\/ffe9fe8ef47d3a93977b5761fd9e0d96\",\"name\":\"admin\",\"image\":{\"@type\":\"ImageObject\",\"inLanguage\":\"es\",\"@id\":\"https:\/\/panoramaciudadano.com\/#\/schema\/person\/image\/\",\"url\":\"https:\/\/secure.gravatar.com\/avatar\/2d5a12cacce3f18096f25fadea8abb7202fef18ed669595589853e84260ff451?s=96&d=mm&r=g\",\"contentUrl\":\"https:\/\/secure.gravatar.com\/avatar\/2d5a12cacce3f18096f25fadea8abb7202fef18ed669595589853e84260ff451?s=96&d=mm&r=g\",\"caption\":\"admin\"},\"sameAs\":[\"https:\/\/panoramaciudadano.com\"],\"url\":\"https:\/\/panoramaciudadano.com\/index.php\/author\/admin_3q6hyqq3\/\"}]}<\/script>\n<!-- \/ Yoast SEO plugin. -->","yoast_head_json":{"title":"Abuelito pide ayuda y logra salvar su veh\u00edculo que empezaba a incendiarse - Panorama Ciudadano","robots":{"index":"index","follow":"follow","max-snippet":"max-snippet:-1","max-image-preview":"max-image-preview:large","max-video-preview":"max-video-preview:-1"},"canonical":"https:\/\/panoramaciudadano.com\/index.php\/2024\/06\/25\/abuelito-pide-ayuda-y-logra-salvar-su-vehiculo-que-empezaba-a-incendiarse\/","og_locale":"es_ES","og_type":"article","og_title":"Abuelito pide ayuda y logra salvar su veh\u00edculo que empezaba a incendiarse - Panorama Ciudadano","og_description":"Abuelito pide ayuda y logra salvar su veh\u00edculo que empezaba a incendiarse en la regi\u00f3n 236.","og_url":"https:\/\/panoramaciudadano.com\/index.php\/2024\/06\/25\/abuelito-pide-ayuda-y-logra-salvar-su-vehiculo-que-empezaba-a-incendiarse\/","og_site_name":"Panorama Ciudadano","article_publisher":"https:\/\/www.facebook.com\/panoramaciudadano","article_published_time":"2024-06-25T19:20:54+00:00","article_modified_time":"2024-06-25T19:20:57+00:00","og_image":[{"width":960,"height":540,"url":"https:\/\/panoramaciudadano.com\/wp-content\/uploads\/2024\/06\/8-8.jpeg","type":"image\/jpeg"}],"author":"admin","twitter_card":"summary_large_image","twitter_misc":{"Escrito por":"admin","Tiempo de lectura":"2 minutos"},"schema":{"@context":"https:\/\/schema.org","@graph":[{"@type":"Article","@id":"https:\/\/panoramaciudadano.com\/index.php\/2024\/06\/25\/abuelito-pide-ayuda-y-logra-salvar-su-vehiculo-que-empezaba-a-incendiarse\/#article","isPartOf":{"@id":"https:\/\/panoramaciudadano.com\/index.php\/2024\/06\/25\/abuelito-pide-ayuda-y-logra-salvar-su-vehiculo-que-empezaba-a-incendiarse\/"},"author":{"name":"admin","@id":"https:\/\/panoramaciudadano.com\/#\/schema\/person\/ffe9fe8ef47d3a93977b5761fd9e0d96"},"headline":"Abuelito pide ayuda y logra salvar su veh\u00edculo que empezaba a incendiarse","datePublished":"2024-06-25T19:20:54+00:00","dateModified":"2024-06-25T19:20:57+00:00","mainEntityOfPage":{"@id":"https:\/\/panoramaciudadano.com\/index.php\/2024\/06\/25\/abuelito-pide-ayuda-y-logra-salvar-su-vehiculo-que-empezaba-a-incendiarse\/"},"wordCount":109,"commentCount":0,"publisher":{"@id":"https:\/\/panoramaciudadano.com\/#organization"},"image":{"@id":"https:\/\/panoramaciudadano.com\/index.php\/2024\/06\/25\/abuelito-pide-ayuda-y-logra-salvar-su-vehiculo-que-empezaba-a-incendiarse\/#primaryimage"},"thumbnailUrl":"https:\/\/panoramaciudadano.com\/wp-content\/uploads\/2024\/06\/8-8.jpeg","keywords":["se incendia auto"],"articleSection":["Canc\u00fan"],"inLanguage":"es","potentialAction":[{"@type":"CommentAction","name":"Comment","target":["https:\/\/panoramaciudadano.com\/index.php\/2024\/06\/25\/abuelito-pide-ayuda-y-logra-salvar-su-vehiculo-que-empezaba-a-incendiarse\/#respond"]}]},{"@type":"WebPage","@id":"https:\/\/panoramaciudadano.com\/index.php\/2024\/06\/25\/abuelito-pide-ayuda-y-logra-salvar-su-vehiculo-que-empezaba-a-incendiarse\/","url":"https:\/\/panoramaciudadano.com\/index.php\/2024\/06\/25\/abuelito-pide-ayuda-y-logra-salvar-su-vehiculo-que-empezaba-a-incendiarse\/","name":"Abuelito pide ayuda y logra salvar su veh\u00edculo que empezaba a incendiarse - Panorama Ciudadano","isPartOf":{"@id":"https:\/\/panoramaciudadano.com\/#website"},"primaryImageOfPage":{"@id":"https:\/\/panoramaciudadano.com\/index.php\/2024\/06\/25\/abuelito-pide-ayuda-y-logra-salvar-su-vehiculo-que-empezaba-a-incendiarse\/#primaryimage"},"image":{"@id":"https:\/\/panoramaciudadano.com\/index.php\/2024\/06\/25\/abuelito-pide-ayuda-y-logra-salvar-su-vehiculo-que-empezaba-a-incendiarse\/#primaryimage"},"thumbnailUrl":"https:\/\/panoramaciudadano.com\/wp-content\/uploads\/2024\/06\/8-8.jpeg","datePublished":"2024-06-25T19:20:54+00:00","dateModified":"2024-06-25T19:20:57+00:00","breadcrumb":{"@id":"https:\/\/panoramaciudadano.com\/index.php\/2024\/06\/25\/abuelito-pide-ayuda-y-logra-salvar-su-vehiculo-que-empezaba-a-incendiarse\/#breadcrumb"},"inLanguage":"es","potentialAction":[{"@type":"ReadAction","target":["https:\/\/panoramaciudadano.com\/index.php\/2024\/06\/25\/abuelito-pide-ayuda-y-logra-salvar-su-vehiculo-que-empezaba-a-incendiarse\/"]}]},{"@type":"ImageObject","inLanguage":"es","@id":"https:\/\/panoramaciudadano.com\/index.php\/2024\/06\/25\/abuelito-pide-ayuda-y-logra-salvar-su-vehiculo-que-empezaba-a-incendiarse\/#primaryimage","url":"https:\/\/panoramaciudadano.com\/wp-content\/uploads\/2024\/06\/8-8.jpeg","contentUrl":"https:\/\/panoramaciudadano.com\/wp-content\/uploads\/2024\/06\/8-8.jpeg","width":960,"height":540},{"@type":"BreadcrumbList","@id":"https:\/\/panoramaciudadano.com\/index.php\/2024\/06\/25\/abuelito-pide-ayuda-y-logra-salvar-su-vehiculo-que-empezaba-a-incendiarse\/#breadcrumb","itemListElement":[{"@type":"ListItem","position":1,"name":"Portada","item":"https:\/\/panoramaciudadano.com\/"},{"@type":"ListItem","position":2,"name":"Abuelito pide ayuda y logra salvar su veh\u00edculo que empezaba a incendiarse"}]},{"@type":"WebSite","@id":"https:\/\/panoramaciudadano.com\/#website","url":"https:\/\/panoramaciudadano.com\/","name":"Panorama Ciudadano","description":"","publisher":{"@id":"https:\/\/panoramaciudadano.com\/#organization"},"potentialAction":[{"@type":"SearchAction","target":{"@type":"EntryPoint","urlTemplate":"https:\/\/panoramaciudadano.com\/?s={search_term_string}"},"query-input":{"@type":"PropertyValueSpecification","valueRequired":true,"valueName":"search_term_string"}}],"inLanguage":"es"},{"@type":"Organization","@id":"https:\/\/panoramaciudadano.com\/#organization","name":"Panorama Ciudadano","url":"https:\/\/panoramaciudadano.com\/","logo":{"@type":"ImageObject","inLanguage":"es","@id":"https:\/\/panoramaciudadano.com\/#\/schema\/logo\/image\/","url":"https:\/\/panoramaciudadano.com\/wp-content\/uploads\/2024\/05\/401498640_919267042938564_6290593609399108733_n.jpg","contentUrl":"https:\/\/panoramaciudadano.com\/wp-content\/uploads\/2024\/05\/401498640_919267042938564_6290593609399108733_n.jpg","width":960,"height":957,"caption":"Panorama Ciudadano"},"image":{"@id":"https:\/\/panoramaciudadano.com\/#\/schema\/logo\/image\/"},"sameAs":["https:\/\/www.facebook.com\/panoramaciudadano"]},{"@type":"Person","@id":"https:\/\/panoramaciudadano.com\/#\/schema\/person\/ffe9fe8ef47d3a93977b5761fd9e0d96","name":"admin","image":{"@type":"ImageObject","inLanguage":"es","@id":"https:\/\/panoramaciudadano.com\/#\/schema\/person\/image\/","url":"https:\/\/secure.gravatar.com\/avatar\/2d5a12cacce3f18096f25fadea8abb7202fef18ed669595589853e84260ff451?s=96&d=mm&r=g","contentUrl":"https:\/\/secure.gravatar.com\/avatar\/2d5a12cacce3f18096f25fadea8abb7202fef18ed669595589853e84260ff451?s=96&d=mm&r=g","caption":"admin"},"sameAs":["https:\/\/panoramaciudadano.com"],"url":"https:\/\/panoramaciudadano.com\/index.php\/author\/admin_3q6hyqq3\/"}]}},"_links":{"self":[{"href":"https:\/\/panoramaciudadano.com\/index.php\/wp-json\/wp\/v2\/posts\/822","targetHints":{"allow":["GET"]}}],"collection":[{"href":"https:\/\/panoramaciudadano.com\/index.php\/wp-json\/wp\/v2\/posts"}],"about":[{"href":"https:\/\/panoramaciudadano.com\/index.php\/wp-json\/wp\/v2\/types\/post"}],"author":[{"embeddable":true,"href":"https:\/\/panoramaciudadano.com\/index.php\/wp-json\/wp\/v2\/users\/1"}],"replies":[{"embeddable":true,"href":"https:\/\/panoramaciudadano.com\/index.php\/wp-json\/wp\/v2\/comments?post=822"}],"version-history":[{"count":1,"href":"https:\/\/panoramaciudadano.com\/index.php\/wp-json\/wp\/v2\/posts\/822\/revisions"}],"predecessor-version":[{"id":826,"href":"https:\/\/panoramaciudadano.com\/index.php\/wp-json\/wp\/v2\/posts\/822\/revisions\/826"}],"wp:featuredmedia":[{"embeddable":true,"href":"https:\/\/panoramaciudadano.com\/index.php\/wp-json\/wp\/v2\/media\/823"}],"wp:attachment":[{"href":"https:\/\/panoramaciudadano.com\/index.php\/wp-json\/wp\/v2\/media?parent=822"}],"wp:term":[{"taxonomy":"category","embeddable":true,"href":"https:\/\/panoramaciudadano.com\/index.php\/wp-json\/wp\/v2\/categories?post=822"},{"taxonomy":"post_tag","embeddable":true,"href":"https:\/\/panoramaciudadano.com\/index.php\/wp-json\/wp\/v2\/tags?post=822"}],"curies":[{"name":"wp","href":"https:\/\/api.w.org\/{rel}","templated":true}]}}