{"id":850,"date":"2024-06-26T13:30:53","date_gmt":"2024-06-26T13:30:53","guid":{"rendered":"https:\/\/panoramaciudadano.com\/?p=850"},"modified":"2024-06-26T13:30:55","modified_gmt":"2024-06-26T13:30:55","slug":"menores-podran-tramitar-su-permiso-de-conducir-a-traves-del-imoveqroo","status":"publish","type":"post","link":"https:\/\/panoramaciudadano.com\/index.php\/2024\/06\/26\/menores-podran-tramitar-su-permiso-de-conducir-a-traves-del-imoveqroo\/","title":{"rendered":"Menores podr\u00e1n tramitar su permiso de conducir a trav\u00e9s del Imoveqroo\u2026."},"content":{"rendered":"\n<figure class=\"wp-block-image size-full is-resized\"><img decoding=\"async\" width=\"960\" height=\"641\" src=\"https:\/\/panoramaciudadano.com\/wp-content\/uploads\/2024\/06\/6-11.jpeg\" alt=\"\" class=\"wp-image-851\" style=\"width:840px;height:auto\" srcset=\"https:\/\/panoramaciudadano.com\/wp-content\/uploads\/2024\/06\/6-11.jpeg 960w, https:\/\/panoramaciudadano.com\/wp-content\/uploads\/2024\/06\/6-11-300x200.jpeg 300w, https:\/\/panoramaciudadano.com\/wp-content\/uploads\/2024\/06\/6-11-768x513.jpeg 768w\" sizes=\"(max-width: 960px) 100vw, 960px\" \/><\/figure>\n\n\n\n<p>El titular del Instituto de Movilidad del Estado de Quintana Roo (Imoveqroo), Rodrigo Alc\u00e1zar Urrutia, inform\u00f3 que los menores de edad que deseen conducir un veh\u00edculo en la entidad, podr\u00e1n realizar el tr\u00e1mite de su permiso ante el Imoveqroo.<\/p>\n\n\n\n<p>Alc\u00e1zar Urrutia detall\u00f3 que, de enero a la fecha, el instituto ha emitido mil 77 permisos de conducir a menores de edad, y a\u00f1adi\u00f3 que este tr\u00e1mite podr\u00e1n realizarlo en cualquiera de los m\u00f3dulos con los que cuenta el Imoveqroo en el Estado.<\/p>\n\n\n\n<p>Explic\u00f3 que, como primer paso, podr\u00e1n descargar desde la p\u00e1gina web del instituto <a href=\"http:\/\/qroo.gob.mx\/imoveqroo\">qroo.gob.mx\/imoveqroo<\/a> el formato de solicitud del permiso o licencia, llenar sus datos y deber\u00e1 estar firmado por su madre, padre o tutor legal.<\/p>\n\n\n\n<blockquote class=\"wp-block-quote is-layout-flow wp-block-quote-is-layout-flow\">\n<p>\u201cEl permiso para menores es exclusivamente para la modalidad A1, que es de automovilista, ya que nos han llegado solicitudes para tramitar permios de moto y se les informa que no se puede ya que est\u00e1 prohibido por ley. Es por ello, que hago un llamado a los padres, ya que muchas veces se enojan con el personal, pero es por seguridad e integridad de la vida de su hija e hijo\u201d.<\/p>\n<cite>Rodrigo Alc\u00e1zar<\/cite><\/blockquote>\n\n\n\n<blockquote class=\"wp-block-quote is-layout-flow wp-block-quote-is-layout-flow\">\n<p>\u201cLa firma de la madre, padre o tutor legal es importante, pues al tratarse de menores de edad, quien firma es el responsable de las infracciones administrativas o la responsabilidad por da\u00f1os civiles que pudiera llegar a cometer el titular del permiso de conducir\u201d.<\/p>\n<cite>Inform\u00f3 el titular de la dependencia.<\/cite><\/blockquote>\n\n\n\n<p>Mencion\u00f3 que, adem\u00e1s de la solicitud, figuran los siguientes requisitos para realizar el tr\u00e1mite: Acta de nacimiento del menor; Identificaci\u00f3n del menor, puede ser credencial escolar, que cuente con fotograf\u00eda; CURP del menor; INE del padre, madre o tutor; Certificado de manejo del menor; Examen de la vista del menor; Comprobante de domicilio menor a 3 meses y hacer el pago correspondiente con cualquier tarjeta, de manera directa en los m\u00f3dulos, o en l\u00ednea en la p\u00e1gina web del instituto.<\/p>\n\n\n\n<p>Indic\u00f3 que, en cada municipio, el costo del permiso de conducir es diferente, quedando de siguiente manera: Bacalar 760 pesos; Benito Ju\u00e1rez, mil 232 pesos; Cozumel 522 pesos; Felipe Carrillo Puerto 666 pesos; Isla Mujeres mil 629 pesos; Jos\u00e9 Mar\u00eda Morelos 669 pesos; L\u00e1zaro C\u00e1rdenas 326 pesos; Oth\u00f3n P. Blanco 837 pesos; Puerto Morelos 717 pesos; Solidaridad 837 pesos y Tulum 814 pesos.<\/p>\n\n\n\n<p>Cabe recordar que el examen de la vista y el certificado de manejo no los expide el Instituto, lo realizan las instituciones acreditadas por la dependencia y pueden ser consultadas en la p\u00e1gina oficial del Imoveqroo.<\/p>\n\n\n\n<p>Explic\u00f3 que los permisos de conducir para menores tienen una vigencia de 180 d\u00edas (6 meses), por lo que, si desean renovar este permiso a su vencimiento, deber\u00e1n acudir nuevamente a un m\u00f3dulo de atenci\u00f3n, la constancia de manejo ya no ser\u00eda requerida, pero el resto de los requisitos si es necesario.<\/p>\n\n\n\n<p>Destac\u00f3 tambi\u00e9n que solo se podr\u00e1n renovar permisos de conducir para menores emitidos en el Estado. Adem\u00e1s, al t\u00e9rmino de la vigencia del permiso, si el titular ha cumplido 18 a\u00f1os, podr\u00e1 realizar el tr\u00e1mite de su licencia, y no requerir\u00e1 presentar una constancia de manejo presentando su permiso de conducir.<\/p>\n","protected":false},"excerpt":{"rendered":"<p>De enero a la fecha, se han emitido mil 77 permisos de conducir a menores de edad.<\/p>\n","protected":false},"author":1,"featured_media":851,"comment_status":"open","ping_status":"closed","sticky":false,"template":"","format":"standard","meta":{"footnotes":""},"categories":[6],"tags":[531,368,108,530,369],"class_list":["post-850","post","type-post","status-publish","format-standard","has-post-thumbnail","hentry","category-cancun","tag-curp","tag-imoveqroo","tag-ine","tag-menores","tag-rodrigo-alcazar"],"yoast_head":"<!-- This site is optimized with the Yoast SEO plugin v27.1.1 - https:\/\/yoast.com\/product\/yoast-seo-wordpress\/ -->\n<title>Menores podr\u00e1n tramitar su permiso de conducir a trav\u00e9s del Imoveqroo\u2026. - Panorama Ciudadano<\/title>\n<meta name=\"robots\" content=\"index, follow, max-snippet:-1, max-image-preview:large, max-video-preview:-1\" \/>\n<link rel=\"canonical\" href=\"https:\/\/panoramaciudadano.com\/index.php\/2024\/06\/26\/menores-podran-tramitar-su-permiso-de-conducir-a-traves-del-imoveqroo\/\" \/>\n<meta property=\"og:locale\" content=\"es_ES\" \/>\n<meta property=\"og:type\" content=\"article\" \/>\n<meta property=\"og:title\" content=\"Menores podr\u00e1n tramitar su permiso de conducir a trav\u00e9s del Imoveqroo\u2026. - Panorama Ciudadano\" \/>\n<meta property=\"og:description\" content=\"De enero a la fecha, se han emitido mil 77 permisos de conducir a menores de edad.\" \/>\n<meta property=\"og:url\" content=\"https:\/\/panoramaciudadano.com\/index.php\/2024\/06\/26\/menores-podran-tramitar-su-permiso-de-conducir-a-traves-del-imoveqroo\/\" \/>\n<meta property=\"og:site_name\" content=\"Panorama Ciudadano\" \/>\n<meta property=\"article:publisher\" content=\"https:\/\/www.facebook.com\/panoramaciudadano\" \/>\n<meta property=\"article:published_time\" content=\"2024-06-26T13:30:53+00:00\" \/>\n<meta property=\"article:modified_time\" content=\"2024-06-26T13:30:55+00:00\" \/>\n<meta property=\"og:image\" content=\"https:\/\/panoramaciudadano.com\/wp-content\/uploads\/2024\/06\/6-11.jpeg\" \/>\n\t<meta property=\"og:image:width\" content=\"960\" \/>\n\t<meta property=\"og:image:height\" content=\"641\" \/>\n\t<meta property=\"og:image:type\" content=\"image\/jpeg\" \/>\n<meta name=\"author\" content=\"admin\" \/>\n<meta name=\"twitter:card\" content=\"summary_large_image\" \/>\n<meta name=\"twitter:label1\" content=\"Escrito por\" \/>\n\t<meta name=\"twitter:data1\" content=\"admin\" \/>\n\t<meta name=\"twitter:label2\" content=\"Tiempo de lectura\" \/>\n\t<meta name=\"twitter:data2\" content=\"3 minutos\" \/>\n<script type=\"application\/ld+json\" class=\"yoast-schema-graph\">{\"@context\":\"https:\/\/schema.org\",\"@graph\":[{\"@type\":\"Article\",\"@id\":\"https:\/\/panoramaciudadano.com\/index.php\/2024\/06\/26\/menores-podran-tramitar-su-permiso-de-conducir-a-traves-del-imoveqroo\/#article\",\"isPartOf\":{\"@id\":\"https:\/\/panoramaciudadano.com\/index.php\/2024\/06\/26\/menores-podran-tramitar-su-permiso-de-conducir-a-traves-del-imoveqroo\/\"},\"author\":{\"name\":\"admin\",\"@id\":\"https:\/\/panoramaciudadano.com\/#\/schema\/person\/ffe9fe8ef47d3a93977b5761fd9e0d96\"},\"headline\":\"Menores podr\u00e1n tramitar su permiso de conducir a trav\u00e9s del Imoveqroo\u2026.\",\"datePublished\":\"2024-06-26T13:30:53+00:00\",\"dateModified\":\"2024-06-26T13:30:55+00:00\",\"mainEntityOfPage\":{\"@id\":\"https:\/\/panoramaciudadano.com\/index.php\/2024\/06\/26\/menores-podran-tramitar-su-permiso-de-conducir-a-traves-del-imoveqroo\/\"},\"wordCount\":561,\"commentCount\":0,\"publisher\":{\"@id\":\"https:\/\/panoramaciudadano.com\/#organization\"},\"image\":{\"@id\":\"https:\/\/panoramaciudadano.com\/index.php\/2024\/06\/26\/menores-podran-tramitar-su-permiso-de-conducir-a-traves-del-imoveqroo\/#primaryimage\"},\"thumbnailUrl\":\"https:\/\/panoramaciudadano.com\/wp-content\/uploads\/2024\/06\/6-11.jpeg\",\"keywords\":[\"CURP\",\"IMOVEQROO\",\"INE\",\"menores\",\"Rodrigo Alc\u00e1zar\"],\"articleSection\":[\"Canc\u00fan\"],\"inLanguage\":\"es\",\"potentialAction\":[{\"@type\":\"CommentAction\",\"name\":\"Comment\",\"target\":[\"https:\/\/panoramaciudadano.com\/index.php\/2024\/06\/26\/menores-podran-tramitar-su-permiso-de-conducir-a-traves-del-imoveqroo\/#respond\"]}]},{\"@type\":\"WebPage\",\"@id\":\"https:\/\/panoramaciudadano.com\/index.php\/2024\/06\/26\/menores-podran-tramitar-su-permiso-de-conducir-a-traves-del-imoveqroo\/\",\"url\":\"https:\/\/panoramaciudadano.com\/index.php\/2024\/06\/26\/menores-podran-tramitar-su-permiso-de-conducir-a-traves-del-imoveqroo\/\",\"name\":\"Menores podr\u00e1n tramitar su permiso de conducir a trav\u00e9s del Imoveqroo\u2026. - Panorama Ciudadano\",\"isPartOf\":{\"@id\":\"https:\/\/panoramaciudadano.com\/#website\"},\"primaryImageOfPage\":{\"@id\":\"https:\/\/panoramaciudadano.com\/index.php\/2024\/06\/26\/menores-podran-tramitar-su-permiso-de-conducir-a-traves-del-imoveqroo\/#primaryimage\"},\"image\":{\"@id\":\"https:\/\/panoramaciudadano.com\/index.php\/2024\/06\/26\/menores-podran-tramitar-su-permiso-de-conducir-a-traves-del-imoveqroo\/#primaryimage\"},\"thumbnailUrl\":\"https:\/\/panoramaciudadano.com\/wp-content\/uploads\/2024\/06\/6-11.jpeg\",\"datePublished\":\"2024-06-26T13:30:53+00:00\",\"dateModified\":\"2024-06-26T13:30:55+00:00\",\"breadcrumb\":{\"@id\":\"https:\/\/panoramaciudadano.com\/index.php\/2024\/06\/26\/menores-podran-tramitar-su-permiso-de-conducir-a-traves-del-imoveqroo\/#breadcrumb\"},\"inLanguage\":\"es\",\"potentialAction\":[{\"@type\":\"ReadAction\",\"target\":[\"https:\/\/panoramaciudadano.com\/index.php\/2024\/06\/26\/menores-podran-tramitar-su-permiso-de-conducir-a-traves-del-imoveqroo\/\"]}]},{\"@type\":\"ImageObject\",\"inLanguage\":\"es\",\"@id\":\"https:\/\/panoramaciudadano.com\/index.php\/2024\/06\/26\/menores-podran-tramitar-su-permiso-de-conducir-a-traves-del-imoveqroo\/#primaryimage\",\"url\":\"https:\/\/panoramaciudadano.com\/wp-content\/uploads\/2024\/06\/6-11.jpeg\",\"contentUrl\":\"https:\/\/panoramaciudadano.com\/wp-content\/uploads\/2024\/06\/6-11.jpeg\",\"width\":960,\"height\":641},{\"@type\":\"BreadcrumbList\",\"@id\":\"https:\/\/panoramaciudadano.com\/index.php\/2024\/06\/26\/menores-podran-tramitar-su-permiso-de-conducir-a-traves-del-imoveqroo\/#breadcrumb\",\"itemListElement\":[{\"@type\":\"ListItem\",\"position\":1,\"name\":\"Portada\",\"item\":\"https:\/\/panoramaciudadano.com\/\"},{\"@type\":\"ListItem\",\"position\":2,\"name\":\"Menores podr\u00e1n tramitar su permiso de conducir a trav\u00e9s del Imoveqroo\u2026.\"}]},{\"@type\":\"WebSite\",\"@id\":\"https:\/\/panoramaciudadano.com\/#website\",\"url\":\"https:\/\/panoramaciudadano.com\/\",\"name\":\"Panorama Ciudadano\",\"description\":\"\",\"publisher\":{\"@id\":\"https:\/\/panoramaciudadano.com\/#organization\"},\"potentialAction\":[{\"@type\":\"SearchAction\",\"target\":{\"@type\":\"EntryPoint\",\"urlTemplate\":\"https:\/\/panoramaciudadano.com\/?s={search_term_string}\"},\"query-input\":{\"@type\":\"PropertyValueSpecification\",\"valueRequired\":true,\"valueName\":\"search_term_string\"}}],\"inLanguage\":\"es\"},{\"@type\":\"Organization\",\"@id\":\"https:\/\/panoramaciudadano.com\/#organization\",\"name\":\"Panorama Ciudadano\",\"url\":\"https:\/\/panoramaciudadano.com\/\",\"logo\":{\"@type\":\"ImageObject\",\"inLanguage\":\"es\",\"@id\":\"https:\/\/panoramaciudadano.com\/#\/schema\/logo\/image\/\",\"url\":\"https:\/\/panoramaciudadano.com\/wp-content\/uploads\/2024\/05\/401498640_919267042938564_6290593609399108733_n.jpg\",\"contentUrl\":\"https:\/\/panoramaciudadano.com\/wp-content\/uploads\/2024\/05\/401498640_919267042938564_6290593609399108733_n.jpg\",\"width\":960,\"height\":957,\"caption\":\"Panorama Ciudadano\"},\"image\":{\"@id\":\"https:\/\/panoramaciudadano.com\/#\/schema\/logo\/image\/\"},\"sameAs\":[\"https:\/\/www.facebook.com\/panoramaciudadano\"]},{\"@type\":\"Person\",\"@id\":\"https:\/\/panoramaciudadano.com\/#\/schema\/person\/ffe9fe8ef47d3a93977b5761fd9e0d96\",\"name\":\"admin\",\"image\":{\"@type\":\"ImageObject\",\"inLanguage\":\"es\",\"@id\":\"https:\/\/panoramaciudadano.com\/#\/schema\/person\/image\/\",\"url\":\"https:\/\/secure.gravatar.com\/avatar\/2d5a12cacce3f18096f25fadea8abb7202fef18ed669595589853e84260ff451?s=96&d=mm&r=g\",\"contentUrl\":\"https:\/\/secure.gravatar.com\/avatar\/2d5a12cacce3f18096f25fadea8abb7202fef18ed669595589853e84260ff451?s=96&d=mm&r=g\",\"caption\":\"admin\"},\"sameAs\":[\"https:\/\/panoramaciudadano.com\"],\"url\":\"https:\/\/panoramaciudadano.com\/index.php\/author\/admin_3q6hyqq3\/\"}]}<\/script>\n<!-- \/ Yoast SEO plugin. -->","yoast_head_json":{"title":"Menores podr\u00e1n tramitar su permiso de conducir a trav\u00e9s del Imoveqroo\u2026. - Panorama Ciudadano","robots":{"index":"index","follow":"follow","max-snippet":"max-snippet:-1","max-image-preview":"max-image-preview:large","max-video-preview":"max-video-preview:-1"},"canonical":"https:\/\/panoramaciudadano.com\/index.php\/2024\/06\/26\/menores-podran-tramitar-su-permiso-de-conducir-a-traves-del-imoveqroo\/","og_locale":"es_ES","og_type":"article","og_title":"Menores podr\u00e1n tramitar su permiso de conducir a trav\u00e9s del Imoveqroo\u2026. - Panorama Ciudadano","og_description":"De enero a la fecha, se han emitido mil 77 permisos de conducir a menores de edad.","og_url":"https:\/\/panoramaciudadano.com\/index.php\/2024\/06\/26\/menores-podran-tramitar-su-permiso-de-conducir-a-traves-del-imoveqroo\/","og_site_name":"Panorama Ciudadano","article_publisher":"https:\/\/www.facebook.com\/panoramaciudadano","article_published_time":"2024-06-26T13:30:53+00:00","article_modified_time":"2024-06-26T13:30:55+00:00","og_image":[{"width":960,"height":641,"url":"https:\/\/panoramaciudadano.com\/wp-content\/uploads\/2024\/06\/6-11.jpeg","type":"image\/jpeg"}],"author":"admin","twitter_card":"summary_large_image","twitter_misc":{"Escrito por":"admin","Tiempo de lectura":"3 minutos"},"schema":{"@context":"https:\/\/schema.org","@graph":[{"@type":"Article","@id":"https:\/\/panoramaciudadano.com\/index.php\/2024\/06\/26\/menores-podran-tramitar-su-permiso-de-conducir-a-traves-del-imoveqroo\/#article","isPartOf":{"@id":"https:\/\/panoramaciudadano.com\/index.php\/2024\/06\/26\/menores-podran-tramitar-su-permiso-de-conducir-a-traves-del-imoveqroo\/"},"author":{"name":"admin","@id":"https:\/\/panoramaciudadano.com\/#\/schema\/person\/ffe9fe8ef47d3a93977b5761fd9e0d96"},"headline":"Menores podr\u00e1n tramitar su permiso de conducir a trav\u00e9s del Imoveqroo\u2026.","datePublished":"2024-06-26T13:30:53+00:00","dateModified":"2024-06-26T13:30:55+00:00","mainEntityOfPage":{"@id":"https:\/\/panoramaciudadano.com\/index.php\/2024\/06\/26\/menores-podran-tramitar-su-permiso-de-conducir-a-traves-del-imoveqroo\/"},"wordCount":561,"commentCount":0,"publisher":{"@id":"https:\/\/panoramaciudadano.com\/#organization"},"image":{"@id":"https:\/\/panoramaciudadano.com\/index.php\/2024\/06\/26\/menores-podran-tramitar-su-permiso-de-conducir-a-traves-del-imoveqroo\/#primaryimage"},"thumbnailUrl":"https:\/\/panoramaciudadano.com\/wp-content\/uploads\/2024\/06\/6-11.jpeg","keywords":["CURP","IMOVEQROO","INE","menores","Rodrigo Alc\u00e1zar"],"articleSection":["Canc\u00fan"],"inLanguage":"es","potentialAction":[{"@type":"CommentAction","name":"Comment","target":["https:\/\/panoramaciudadano.com\/index.php\/2024\/06\/26\/menores-podran-tramitar-su-permiso-de-conducir-a-traves-del-imoveqroo\/#respond"]}]},{"@type":"WebPage","@id":"https:\/\/panoramaciudadano.com\/index.php\/2024\/06\/26\/menores-podran-tramitar-su-permiso-de-conducir-a-traves-del-imoveqroo\/","url":"https:\/\/panoramaciudadano.com\/index.php\/2024\/06\/26\/menores-podran-tramitar-su-permiso-de-conducir-a-traves-del-imoveqroo\/","name":"Menores podr\u00e1n tramitar su permiso de conducir a trav\u00e9s del Imoveqroo\u2026. - Panorama Ciudadano","isPartOf":{"@id":"https:\/\/panoramaciudadano.com\/#website"},"primaryImageOfPage":{"@id":"https:\/\/panoramaciudadano.com\/index.php\/2024\/06\/26\/menores-podran-tramitar-su-permiso-de-conducir-a-traves-del-imoveqroo\/#primaryimage"},"image":{"@id":"https:\/\/panoramaciudadano.com\/index.php\/2024\/06\/26\/menores-podran-tramitar-su-permiso-de-conducir-a-traves-del-imoveqroo\/#primaryimage"},"thumbnailUrl":"https:\/\/panoramaciudadano.com\/wp-content\/uploads\/2024\/06\/6-11.jpeg","datePublished":"2024-06-26T13:30:53+00:00","dateModified":"2024-06-26T13:30:55+00:00","breadcrumb":{"@id":"https:\/\/panoramaciudadano.com\/index.php\/2024\/06\/26\/menores-podran-tramitar-su-permiso-de-conducir-a-traves-del-imoveqroo\/#breadcrumb"},"inLanguage":"es","potentialAction":[{"@type":"ReadAction","target":["https:\/\/panoramaciudadano.com\/index.php\/2024\/06\/26\/menores-podran-tramitar-su-permiso-de-conducir-a-traves-del-imoveqroo\/"]}]},{"@type":"ImageObject","inLanguage":"es","@id":"https:\/\/panoramaciudadano.com\/index.php\/2024\/06\/26\/menores-podran-tramitar-su-permiso-de-conducir-a-traves-del-imoveqroo\/#primaryimage","url":"https:\/\/panoramaciudadano.com\/wp-content\/uploads\/2024\/06\/6-11.jpeg","contentUrl":"https:\/\/panoramaciudadano.com\/wp-content\/uploads\/2024\/06\/6-11.jpeg","width":960,"height":641},{"@type":"BreadcrumbList","@id":"https:\/\/panoramaciudadano.com\/index.php\/2024\/06\/26\/menores-podran-tramitar-su-permiso-de-conducir-a-traves-del-imoveqroo\/#breadcrumb","itemListElement":[{"@type":"ListItem","position":1,"name":"Portada","item":"https:\/\/panoramaciudadano.com\/"},{"@type":"ListItem","position":2,"name":"Menores podr\u00e1n tramitar su permiso de conducir a trav\u00e9s del Imoveqroo\u2026."}]},{"@type":"WebSite","@id":"https:\/\/panoramaciudadano.com\/#website","url":"https:\/\/panoramaciudadano.com\/","name":"Panorama Ciudadano","description":"","publisher":{"@id":"https:\/\/panoramaciudadano.com\/#organization"},"potentialAction":[{"@type":"SearchAction","target":{"@type":"EntryPoint","urlTemplate":"https:\/\/panoramaciudadano.com\/?s={search_term_string}"},"query-input":{"@type":"PropertyValueSpecification","valueRequired":true,"valueName":"search_term_string"}}],"inLanguage":"es"},{"@type":"Organization","@id":"https:\/\/panoramaciudadano.com\/#organization","name":"Panorama Ciudadano","url":"https:\/\/panoramaciudadano.com\/","logo":{"@type":"ImageObject","inLanguage":"es","@id":"https:\/\/panoramaciudadano.com\/#\/schema\/logo\/image\/","url":"https:\/\/panoramaciudadano.com\/wp-content\/uploads\/2024\/05\/401498640_919267042938564_6290593609399108733_n.jpg","contentUrl":"https:\/\/panoramaciudadano.com\/wp-content\/uploads\/2024\/05\/401498640_919267042938564_6290593609399108733_n.jpg","width":960,"height":957,"caption":"Panorama Ciudadano"},"image":{"@id":"https:\/\/panoramaciudadano.com\/#\/schema\/logo\/image\/"},"sameAs":["https:\/\/www.facebook.com\/panoramaciudadano"]},{"@type":"Person","@id":"https:\/\/panoramaciudadano.com\/#\/schema\/person\/ffe9fe8ef47d3a93977b5761fd9e0d96","name":"admin","image":{"@type":"ImageObject","inLanguage":"es","@id":"https:\/\/panoramaciudadano.com\/#\/schema\/person\/image\/","url":"https:\/\/secure.gravatar.com\/avatar\/2d5a12cacce3f18096f25fadea8abb7202fef18ed669595589853e84260ff451?s=96&d=mm&r=g","contentUrl":"https:\/\/secure.gravatar.com\/avatar\/2d5a12cacce3f18096f25fadea8abb7202fef18ed669595589853e84260ff451?s=96&d=mm&r=g","caption":"admin"},"sameAs":["https:\/\/panoramaciudadano.com"],"url":"https:\/\/panoramaciudadano.com\/index.php\/author\/admin_3q6hyqq3\/"}]}},"_links":{"self":[{"href":"https:\/\/panoramaciudadano.com\/index.php\/wp-json\/wp\/v2\/posts\/850","targetHints":{"allow":["GET"]}}],"collection":[{"href":"https:\/\/panoramaciudadano.com\/index.php\/wp-json\/wp\/v2\/posts"}],"about":[{"href":"https:\/\/panoramaciudadano.com\/index.php\/wp-json\/wp\/v2\/types\/post"}],"author":[{"embeddable":true,"href":"https:\/\/panoramaciudadano.com\/index.php\/wp-json\/wp\/v2\/users\/1"}],"replies":[{"embeddable":true,"href":"https:\/\/panoramaciudadano.com\/index.php\/wp-json\/wp\/v2\/comments?post=850"}],"version-history":[{"count":1,"href":"https:\/\/panoramaciudadano.com\/index.php\/wp-json\/wp\/v2\/posts\/850\/revisions"}],"predecessor-version":[{"id":852,"href":"https:\/\/panoramaciudadano.com\/index.php\/wp-json\/wp\/v2\/posts\/850\/revisions\/852"}],"wp:featuredmedia":[{"embeddable":true,"href":"https:\/\/panoramaciudadano.com\/index.php\/wp-json\/wp\/v2\/media\/851"}],"wp:attachment":[{"href":"https:\/\/panoramaciudadano.com\/index.php\/wp-json\/wp\/v2\/media?parent=850"}],"wp:term":[{"taxonomy":"category","embeddable":true,"href":"https:\/\/panoramaciudadano.com\/index.php\/wp-json\/wp\/v2\/categories?post=850"},{"taxonomy":"post_tag","embeddable":true,"href":"https:\/\/panoramaciudadano.com\/index.php\/wp-json\/wp\/v2\/tags?post=850"}],"curies":[{"name":"wp","href":"https:\/\/api.w.org\/{rel}","templated":true}]}}