{"id":8520,"date":"2025-01-03T08:08:20","date_gmt":"2025-01-03T13:08:20","guid":{"rendered":"https:\/\/panoramaciudadano.com\/?p=8520"},"modified":"2025-01-03T08:08:22","modified_gmt":"2025-01-03T13:08:22","slug":"linchamiento-en-paseos-kusamil-vecinos-golpean-a-hombre-acusado-de-abuso-contra-menor","status":"publish","type":"post","link":"https:\/\/panoramaciudadano.com\/index.php\/2025\/01\/03\/linchamiento-en-paseos-kusamil-vecinos-golpean-a-hombre-acusado-de-abuso-contra-menor\/","title":{"rendered":"Linchamiento en Paseos Kusamil: Vecinos golpean a hombre acusado de abuso contra menor"},"content":{"rendered":"\n<figure class=\"wp-block-image size-large\"><img decoding=\"async\" width=\"1024\" height=\"771\" src=\"https:\/\/panoramaciudadano.com\/wp-content\/uploads\/2025\/01\/WhatsApp-Image-2025-01-03-at-07.49.07-1024x771.jpeg\" alt=\"\" class=\"wp-image-8521\" srcset=\"https:\/\/panoramaciudadano.com\/wp-content\/uploads\/2025\/01\/WhatsApp-Image-2025-01-03-at-07.49.07-1024x771.jpeg 1024w, https:\/\/panoramaciudadano.com\/wp-content\/uploads\/2025\/01\/WhatsApp-Image-2025-01-03-at-07.49.07-300x226.jpeg 300w, https:\/\/panoramaciudadano.com\/wp-content\/uploads\/2025\/01\/WhatsApp-Image-2025-01-03-at-07.49.07-768x578.jpeg 768w, https:\/\/panoramaciudadano.com\/wp-content\/uploads\/2025\/01\/WhatsApp-Image-2025-01-03-at-07.49.07.jpeg 1435w\" sizes=\"(max-width: 1024px) 100vw, 1024px\" \/><\/figure>\n\n\n\n<p>Un se\u00f1or fue linchado por vecinos y extra\u00f1os por supuesto actos inadecuados en agravio de una menor de 10 a\u00f1os en paseos kusamil.<\/p>\n\n\n\n<p>La tranquilidad de esta noche se perdi\u00f3 luego de que habitantes enardecidos golpearan a un sujeto de 58 a\u00f1os que presuntamente manoseo a la jovencita.<\/p>\n\n\n\n<p>El hecho lo dio a conocer por la madre de la agraviada que alert\u00f3 a sus vecinos y pese a que dio aviso al 911, los polic\u00edas no llegaban provocando que la gente se calentaran y fuera por el presunto.<\/p>\n\n\n\n<p>Al parecer se les pas\u00f3 la mano y aunque lleg\u00f3 la polic\u00eda estatal los \u00e1nimos no se enfriaban por lo que param\u00e9dicos de Erum trasladaron al hombre que se dol\u00eda de la terapia que le dieron.<\/p>\n","protected":false},"excerpt":{"rendered":"<p>Un se\u00f1or fue linchado por vecinos y extra\u00f1os por supuesto actos inadecuados en agravio de una menor de 10 a\u00f1os en paseos kusamil.<\/p>\n","protected":false},"author":1,"featured_media":8521,"comment_status":"open","ping_status":"closed","sticky":false,"template":"","format":"standard","meta":{"footnotes":""},"categories":[6],"tags":[1907],"class_list":["post-8520","post","type-post","status-publish","format-standard","has-post-thumbnail","hentry","category-cancun","tag-paseos-kusamil"],"yoast_head":"<!-- This site is optimized with the Yoast SEO plugin v27.1.1 - https:\/\/yoast.com\/product\/yoast-seo-wordpress\/ -->\n<title>Linchamiento en Paseos Kusamil: Vecinos golpean a hombre acusado de abuso contra menor - Panorama Ciudadano<\/title>\n<meta name=\"robots\" content=\"index, follow, max-snippet:-1, max-image-preview:large, max-video-preview:-1\" \/>\n<link rel=\"canonical\" href=\"https:\/\/panoramaciudadano.com\/index.php\/2025\/01\/03\/linchamiento-en-paseos-kusamil-vecinos-golpean-a-hombre-acusado-de-abuso-contra-menor\/\" \/>\n<meta property=\"og:locale\" content=\"es_ES\" \/>\n<meta property=\"og:type\" content=\"article\" \/>\n<meta property=\"og:title\" content=\"Linchamiento en Paseos Kusamil: Vecinos golpean a hombre acusado de abuso contra menor - Panorama Ciudadano\" \/>\n<meta property=\"og:description\" content=\"Un se\u00f1or fue linchado por vecinos y extra\u00f1os por supuesto actos inadecuados en agravio de una menor de 10 a\u00f1os en paseos kusamil.\" \/>\n<meta property=\"og:url\" content=\"https:\/\/panoramaciudadano.com\/index.php\/2025\/01\/03\/linchamiento-en-paseos-kusamil-vecinos-golpean-a-hombre-acusado-de-abuso-contra-menor\/\" \/>\n<meta property=\"og:site_name\" content=\"Panorama Ciudadano\" \/>\n<meta property=\"article:publisher\" content=\"https:\/\/www.facebook.com\/panoramaciudadano\" \/>\n<meta property=\"article:published_time\" content=\"2025-01-03T13:08:20+00:00\" \/>\n<meta property=\"article:modified_time\" content=\"2025-01-03T13:08:22+00:00\" \/>\n<meta property=\"og:image\" content=\"https:\/\/panoramaciudadano.com\/wp-content\/uploads\/2025\/01\/WhatsApp-Image-2025-01-03-at-07.49.07.jpeg\" \/>\n\t<meta property=\"og:image:width\" content=\"1435\" \/>\n\t<meta property=\"og:image:height\" content=\"1080\" \/>\n\t<meta property=\"og:image:type\" content=\"image\/jpeg\" \/>\n<meta name=\"author\" content=\"admin\" \/>\n<meta name=\"twitter:card\" content=\"summary_large_image\" \/>\n<meta name=\"twitter:label1\" content=\"Escrito por\" \/>\n\t<meta name=\"twitter:data1\" content=\"admin\" \/>\n\t<meta name=\"twitter:label2\" content=\"Tiempo de lectura\" \/>\n\t<meta name=\"twitter:data2\" content=\"1 minuto\" \/>\n<script type=\"application\/ld+json\" class=\"yoast-schema-graph\">{\"@context\":\"https:\/\/schema.org\",\"@graph\":[{\"@type\":\"Article\",\"@id\":\"https:\/\/panoramaciudadano.com\/index.php\/2025\/01\/03\/linchamiento-en-paseos-kusamil-vecinos-golpean-a-hombre-acusado-de-abuso-contra-menor\/#article\",\"isPartOf\":{\"@id\":\"https:\/\/panoramaciudadano.com\/index.php\/2025\/01\/03\/linchamiento-en-paseos-kusamil-vecinos-golpean-a-hombre-acusado-de-abuso-contra-menor\/\"},\"author\":{\"name\":\"admin\",\"@id\":\"https:\/\/panoramaciudadano.com\/#\/schema\/person\/ffe9fe8ef47d3a93977b5761fd9e0d96\"},\"headline\":\"Linchamiento en Paseos Kusamil: Vecinos golpean a hombre acusado de abuso contra menor\",\"datePublished\":\"2025-01-03T13:08:20+00:00\",\"dateModified\":\"2025-01-03T13:08:22+00:00\",\"mainEntityOfPage\":{\"@id\":\"https:\/\/panoramaciudadano.com\/index.php\/2025\/01\/03\/linchamiento-en-paseos-kusamil-vecinos-golpean-a-hombre-acusado-de-abuso-contra-menor\/\"},\"wordCount\":142,\"commentCount\":0,\"publisher\":{\"@id\":\"https:\/\/panoramaciudadano.com\/#organization\"},\"image\":{\"@id\":\"https:\/\/panoramaciudadano.com\/index.php\/2025\/01\/03\/linchamiento-en-paseos-kusamil-vecinos-golpean-a-hombre-acusado-de-abuso-contra-menor\/#primaryimage\"},\"thumbnailUrl\":\"https:\/\/panoramaciudadano.com\/wp-content\/uploads\/2025\/01\/WhatsApp-Image-2025-01-03-at-07.49.07.jpeg\",\"keywords\":[\"paseos Kusamil\"],\"articleSection\":[\"Canc\u00fan\"],\"inLanguage\":\"es\",\"potentialAction\":[{\"@type\":\"CommentAction\",\"name\":\"Comment\",\"target\":[\"https:\/\/panoramaciudadano.com\/index.php\/2025\/01\/03\/linchamiento-en-paseos-kusamil-vecinos-golpean-a-hombre-acusado-de-abuso-contra-menor\/#respond\"]}]},{\"@type\":\"WebPage\",\"@id\":\"https:\/\/panoramaciudadano.com\/index.php\/2025\/01\/03\/linchamiento-en-paseos-kusamil-vecinos-golpean-a-hombre-acusado-de-abuso-contra-menor\/\",\"url\":\"https:\/\/panoramaciudadano.com\/index.php\/2025\/01\/03\/linchamiento-en-paseos-kusamil-vecinos-golpean-a-hombre-acusado-de-abuso-contra-menor\/\",\"name\":\"Linchamiento en Paseos Kusamil: Vecinos golpean a hombre acusado de abuso contra menor - Panorama Ciudadano\",\"isPartOf\":{\"@id\":\"https:\/\/panoramaciudadano.com\/#website\"},\"primaryImageOfPage\":{\"@id\":\"https:\/\/panoramaciudadano.com\/index.php\/2025\/01\/03\/linchamiento-en-paseos-kusamil-vecinos-golpean-a-hombre-acusado-de-abuso-contra-menor\/#primaryimage\"},\"image\":{\"@id\":\"https:\/\/panoramaciudadano.com\/index.php\/2025\/01\/03\/linchamiento-en-paseos-kusamil-vecinos-golpean-a-hombre-acusado-de-abuso-contra-menor\/#primaryimage\"},\"thumbnailUrl\":\"https:\/\/panoramaciudadano.com\/wp-content\/uploads\/2025\/01\/WhatsApp-Image-2025-01-03-at-07.49.07.jpeg\",\"datePublished\":\"2025-01-03T13:08:20+00:00\",\"dateModified\":\"2025-01-03T13:08:22+00:00\",\"breadcrumb\":{\"@id\":\"https:\/\/panoramaciudadano.com\/index.php\/2025\/01\/03\/linchamiento-en-paseos-kusamil-vecinos-golpean-a-hombre-acusado-de-abuso-contra-menor\/#breadcrumb\"},\"inLanguage\":\"es\",\"potentialAction\":[{\"@type\":\"ReadAction\",\"target\":[\"https:\/\/panoramaciudadano.com\/index.php\/2025\/01\/03\/linchamiento-en-paseos-kusamil-vecinos-golpean-a-hombre-acusado-de-abuso-contra-menor\/\"]}]},{\"@type\":\"ImageObject\",\"inLanguage\":\"es\",\"@id\":\"https:\/\/panoramaciudadano.com\/index.php\/2025\/01\/03\/linchamiento-en-paseos-kusamil-vecinos-golpean-a-hombre-acusado-de-abuso-contra-menor\/#primaryimage\",\"url\":\"https:\/\/panoramaciudadano.com\/wp-content\/uploads\/2025\/01\/WhatsApp-Image-2025-01-03-at-07.49.07.jpeg\",\"contentUrl\":\"https:\/\/panoramaciudadano.com\/wp-content\/uploads\/2025\/01\/WhatsApp-Image-2025-01-03-at-07.49.07.jpeg\",\"width\":1435,\"height\":1080},{\"@type\":\"BreadcrumbList\",\"@id\":\"https:\/\/panoramaciudadano.com\/index.php\/2025\/01\/03\/linchamiento-en-paseos-kusamil-vecinos-golpean-a-hombre-acusado-de-abuso-contra-menor\/#breadcrumb\",\"itemListElement\":[{\"@type\":\"ListItem\",\"position\":1,\"name\":\"Portada\",\"item\":\"https:\/\/panoramaciudadano.com\/\"},{\"@type\":\"ListItem\",\"position\":2,\"name\":\"Linchamiento en Paseos Kusamil: Vecinos golpean a hombre acusado de abuso contra menor\"}]},{\"@type\":\"WebSite\",\"@id\":\"https:\/\/panoramaciudadano.com\/#website\",\"url\":\"https:\/\/panoramaciudadano.com\/\",\"name\":\"Panorama Ciudadano\",\"description\":\"\",\"publisher\":{\"@id\":\"https:\/\/panoramaciudadano.com\/#organization\"},\"potentialAction\":[{\"@type\":\"SearchAction\",\"target\":{\"@type\":\"EntryPoint\",\"urlTemplate\":\"https:\/\/panoramaciudadano.com\/?s={search_term_string}\"},\"query-input\":{\"@type\":\"PropertyValueSpecification\",\"valueRequired\":true,\"valueName\":\"search_term_string\"}}],\"inLanguage\":\"es\"},{\"@type\":\"Organization\",\"@id\":\"https:\/\/panoramaciudadano.com\/#organization\",\"name\":\"Panorama Ciudadano\",\"url\":\"https:\/\/panoramaciudadano.com\/\",\"logo\":{\"@type\":\"ImageObject\",\"inLanguage\":\"es\",\"@id\":\"https:\/\/panoramaciudadano.com\/#\/schema\/logo\/image\/\",\"url\":\"https:\/\/panoramaciudadano.com\/wp-content\/uploads\/2024\/05\/401498640_919267042938564_6290593609399108733_n.jpg\",\"contentUrl\":\"https:\/\/panoramaciudadano.com\/wp-content\/uploads\/2024\/05\/401498640_919267042938564_6290593609399108733_n.jpg\",\"width\":960,\"height\":957,\"caption\":\"Panorama Ciudadano\"},\"image\":{\"@id\":\"https:\/\/panoramaciudadano.com\/#\/schema\/logo\/image\/\"},\"sameAs\":[\"https:\/\/www.facebook.com\/panoramaciudadano\"]},{\"@type\":\"Person\",\"@id\":\"https:\/\/panoramaciudadano.com\/#\/schema\/person\/ffe9fe8ef47d3a93977b5761fd9e0d96\",\"name\":\"admin\",\"image\":{\"@type\":\"ImageObject\",\"inLanguage\":\"es\",\"@id\":\"https:\/\/panoramaciudadano.com\/#\/schema\/person\/image\/\",\"url\":\"https:\/\/secure.gravatar.com\/avatar\/2d5a12cacce3f18096f25fadea8abb7202fef18ed669595589853e84260ff451?s=96&d=mm&r=g\",\"contentUrl\":\"https:\/\/secure.gravatar.com\/avatar\/2d5a12cacce3f18096f25fadea8abb7202fef18ed669595589853e84260ff451?s=96&d=mm&r=g\",\"caption\":\"admin\"},\"sameAs\":[\"https:\/\/panoramaciudadano.com\"],\"url\":\"https:\/\/panoramaciudadano.com\/index.php\/author\/admin_3q6hyqq3\/\"}]}<\/script>\n<!-- \/ Yoast SEO plugin. -->","yoast_head_json":{"title":"Linchamiento en Paseos Kusamil: Vecinos golpean a hombre acusado de abuso contra menor - Panorama Ciudadano","robots":{"index":"index","follow":"follow","max-snippet":"max-snippet:-1","max-image-preview":"max-image-preview:large","max-video-preview":"max-video-preview:-1"},"canonical":"https:\/\/panoramaciudadano.com\/index.php\/2025\/01\/03\/linchamiento-en-paseos-kusamil-vecinos-golpean-a-hombre-acusado-de-abuso-contra-menor\/","og_locale":"es_ES","og_type":"article","og_title":"Linchamiento en Paseos Kusamil: Vecinos golpean a hombre acusado de abuso contra menor - Panorama Ciudadano","og_description":"Un se\u00f1or fue linchado por vecinos y extra\u00f1os por supuesto actos inadecuados en agravio de una menor de 10 a\u00f1os en paseos kusamil.","og_url":"https:\/\/panoramaciudadano.com\/index.php\/2025\/01\/03\/linchamiento-en-paseos-kusamil-vecinos-golpean-a-hombre-acusado-de-abuso-contra-menor\/","og_site_name":"Panorama Ciudadano","article_publisher":"https:\/\/www.facebook.com\/panoramaciudadano","article_published_time":"2025-01-03T13:08:20+00:00","article_modified_time":"2025-01-03T13:08:22+00:00","og_image":[{"width":1435,"height":1080,"url":"https:\/\/panoramaciudadano.com\/wp-content\/uploads\/2025\/01\/WhatsApp-Image-2025-01-03-at-07.49.07.jpeg","type":"image\/jpeg"}],"author":"admin","twitter_card":"summary_large_image","twitter_misc":{"Escrito por":"admin","Tiempo de lectura":"1 minuto"},"schema":{"@context":"https:\/\/schema.org","@graph":[{"@type":"Article","@id":"https:\/\/panoramaciudadano.com\/index.php\/2025\/01\/03\/linchamiento-en-paseos-kusamil-vecinos-golpean-a-hombre-acusado-de-abuso-contra-menor\/#article","isPartOf":{"@id":"https:\/\/panoramaciudadano.com\/index.php\/2025\/01\/03\/linchamiento-en-paseos-kusamil-vecinos-golpean-a-hombre-acusado-de-abuso-contra-menor\/"},"author":{"name":"admin","@id":"https:\/\/panoramaciudadano.com\/#\/schema\/person\/ffe9fe8ef47d3a93977b5761fd9e0d96"},"headline":"Linchamiento en Paseos Kusamil: Vecinos golpean a hombre acusado de abuso contra menor","datePublished":"2025-01-03T13:08:20+00:00","dateModified":"2025-01-03T13:08:22+00:00","mainEntityOfPage":{"@id":"https:\/\/panoramaciudadano.com\/index.php\/2025\/01\/03\/linchamiento-en-paseos-kusamil-vecinos-golpean-a-hombre-acusado-de-abuso-contra-menor\/"},"wordCount":142,"commentCount":0,"publisher":{"@id":"https:\/\/panoramaciudadano.com\/#organization"},"image":{"@id":"https:\/\/panoramaciudadano.com\/index.php\/2025\/01\/03\/linchamiento-en-paseos-kusamil-vecinos-golpean-a-hombre-acusado-de-abuso-contra-menor\/#primaryimage"},"thumbnailUrl":"https:\/\/panoramaciudadano.com\/wp-content\/uploads\/2025\/01\/WhatsApp-Image-2025-01-03-at-07.49.07.jpeg","keywords":["paseos Kusamil"],"articleSection":["Canc\u00fan"],"inLanguage":"es","potentialAction":[{"@type":"CommentAction","name":"Comment","target":["https:\/\/panoramaciudadano.com\/index.php\/2025\/01\/03\/linchamiento-en-paseos-kusamil-vecinos-golpean-a-hombre-acusado-de-abuso-contra-menor\/#respond"]}]},{"@type":"WebPage","@id":"https:\/\/panoramaciudadano.com\/index.php\/2025\/01\/03\/linchamiento-en-paseos-kusamil-vecinos-golpean-a-hombre-acusado-de-abuso-contra-menor\/","url":"https:\/\/panoramaciudadano.com\/index.php\/2025\/01\/03\/linchamiento-en-paseos-kusamil-vecinos-golpean-a-hombre-acusado-de-abuso-contra-menor\/","name":"Linchamiento en Paseos Kusamil: Vecinos golpean a hombre acusado de abuso contra menor - Panorama Ciudadano","isPartOf":{"@id":"https:\/\/panoramaciudadano.com\/#website"},"primaryImageOfPage":{"@id":"https:\/\/panoramaciudadano.com\/index.php\/2025\/01\/03\/linchamiento-en-paseos-kusamil-vecinos-golpean-a-hombre-acusado-de-abuso-contra-menor\/#primaryimage"},"image":{"@id":"https:\/\/panoramaciudadano.com\/index.php\/2025\/01\/03\/linchamiento-en-paseos-kusamil-vecinos-golpean-a-hombre-acusado-de-abuso-contra-menor\/#primaryimage"},"thumbnailUrl":"https:\/\/panoramaciudadano.com\/wp-content\/uploads\/2025\/01\/WhatsApp-Image-2025-01-03-at-07.49.07.jpeg","datePublished":"2025-01-03T13:08:20+00:00","dateModified":"2025-01-03T13:08:22+00:00","breadcrumb":{"@id":"https:\/\/panoramaciudadano.com\/index.php\/2025\/01\/03\/linchamiento-en-paseos-kusamil-vecinos-golpean-a-hombre-acusado-de-abuso-contra-menor\/#breadcrumb"},"inLanguage":"es","potentialAction":[{"@type":"ReadAction","target":["https:\/\/panoramaciudadano.com\/index.php\/2025\/01\/03\/linchamiento-en-paseos-kusamil-vecinos-golpean-a-hombre-acusado-de-abuso-contra-menor\/"]}]},{"@type":"ImageObject","inLanguage":"es","@id":"https:\/\/panoramaciudadano.com\/index.php\/2025\/01\/03\/linchamiento-en-paseos-kusamil-vecinos-golpean-a-hombre-acusado-de-abuso-contra-menor\/#primaryimage","url":"https:\/\/panoramaciudadano.com\/wp-content\/uploads\/2025\/01\/WhatsApp-Image-2025-01-03-at-07.49.07.jpeg","contentUrl":"https:\/\/panoramaciudadano.com\/wp-content\/uploads\/2025\/01\/WhatsApp-Image-2025-01-03-at-07.49.07.jpeg","width":1435,"height":1080},{"@type":"BreadcrumbList","@id":"https:\/\/panoramaciudadano.com\/index.php\/2025\/01\/03\/linchamiento-en-paseos-kusamil-vecinos-golpean-a-hombre-acusado-de-abuso-contra-menor\/#breadcrumb","itemListElement":[{"@type":"ListItem","position":1,"name":"Portada","item":"https:\/\/panoramaciudadano.com\/"},{"@type":"ListItem","position":2,"name":"Linchamiento en Paseos Kusamil: Vecinos golpean a hombre acusado de abuso contra menor"}]},{"@type":"WebSite","@id":"https:\/\/panoramaciudadano.com\/#website","url":"https:\/\/panoramaciudadano.com\/","name":"Panorama Ciudadano","description":"","publisher":{"@id":"https:\/\/panoramaciudadano.com\/#organization"},"potentialAction":[{"@type":"SearchAction","target":{"@type":"EntryPoint","urlTemplate":"https:\/\/panoramaciudadano.com\/?s={search_term_string}"},"query-input":{"@type":"PropertyValueSpecification","valueRequired":true,"valueName":"search_term_string"}}],"inLanguage":"es"},{"@type":"Organization","@id":"https:\/\/panoramaciudadano.com\/#organization","name":"Panorama Ciudadano","url":"https:\/\/panoramaciudadano.com\/","logo":{"@type":"ImageObject","inLanguage":"es","@id":"https:\/\/panoramaciudadano.com\/#\/schema\/logo\/image\/","url":"https:\/\/panoramaciudadano.com\/wp-content\/uploads\/2024\/05\/401498640_919267042938564_6290593609399108733_n.jpg","contentUrl":"https:\/\/panoramaciudadano.com\/wp-content\/uploads\/2024\/05\/401498640_919267042938564_6290593609399108733_n.jpg","width":960,"height":957,"caption":"Panorama Ciudadano"},"image":{"@id":"https:\/\/panoramaciudadano.com\/#\/schema\/logo\/image\/"},"sameAs":["https:\/\/www.facebook.com\/panoramaciudadano"]},{"@type":"Person","@id":"https:\/\/panoramaciudadano.com\/#\/schema\/person\/ffe9fe8ef47d3a93977b5761fd9e0d96","name":"admin","image":{"@type":"ImageObject","inLanguage":"es","@id":"https:\/\/panoramaciudadano.com\/#\/schema\/person\/image\/","url":"https:\/\/secure.gravatar.com\/avatar\/2d5a12cacce3f18096f25fadea8abb7202fef18ed669595589853e84260ff451?s=96&d=mm&r=g","contentUrl":"https:\/\/secure.gravatar.com\/avatar\/2d5a12cacce3f18096f25fadea8abb7202fef18ed669595589853e84260ff451?s=96&d=mm&r=g","caption":"admin"},"sameAs":["https:\/\/panoramaciudadano.com"],"url":"https:\/\/panoramaciudadano.com\/index.php\/author\/admin_3q6hyqq3\/"}]}},"_links":{"self":[{"href":"https:\/\/panoramaciudadano.com\/index.php\/wp-json\/wp\/v2\/posts\/8520","targetHints":{"allow":["GET"]}}],"collection":[{"href":"https:\/\/panoramaciudadano.com\/index.php\/wp-json\/wp\/v2\/posts"}],"about":[{"href":"https:\/\/panoramaciudadano.com\/index.php\/wp-json\/wp\/v2\/types\/post"}],"author":[{"embeddable":true,"href":"https:\/\/panoramaciudadano.com\/index.php\/wp-json\/wp\/v2\/users\/1"}],"replies":[{"embeddable":true,"href":"https:\/\/panoramaciudadano.com\/index.php\/wp-json\/wp\/v2\/comments?post=8520"}],"version-history":[{"count":1,"href":"https:\/\/panoramaciudadano.com\/index.php\/wp-json\/wp\/v2\/posts\/8520\/revisions"}],"predecessor-version":[{"id":8522,"href":"https:\/\/panoramaciudadano.com\/index.php\/wp-json\/wp\/v2\/posts\/8520\/revisions\/8522"}],"wp:featuredmedia":[{"embeddable":true,"href":"https:\/\/panoramaciudadano.com\/index.php\/wp-json\/wp\/v2\/media\/8521"}],"wp:attachment":[{"href":"https:\/\/panoramaciudadano.com\/index.php\/wp-json\/wp\/v2\/media?parent=8520"}],"wp:term":[{"taxonomy":"category","embeddable":true,"href":"https:\/\/panoramaciudadano.com\/index.php\/wp-json\/wp\/v2\/categories?post=8520"},{"taxonomy":"post_tag","embeddable":true,"href":"https:\/\/panoramaciudadano.com\/index.php\/wp-json\/wp\/v2\/tags?post=8520"}],"curies":[{"name":"wp","href":"https:\/\/api.w.org\/{rel}","templated":true}]}}