{"id":8523,"date":"2025-01-03T08:10:30","date_gmt":"2025-01-03T13:10:30","guid":{"rendered":"https:\/\/panoramaciudadano.com\/?p=8523"},"modified":"2025-01-03T08:10:32","modified_gmt":"2025-01-03T13:10:32","slug":"ataque-armado-en-villas-otoch-paraiso-deja-una-victima-mortal-crece-la-preocupacion-por-la-inseguridad","status":"publish","type":"post","link":"https:\/\/panoramaciudadano.com\/index.php\/2025\/01\/03\/ataque-armado-en-villas-otoch-paraiso-deja-una-victima-mortal-crece-la-preocupacion-por-la-inseguridad\/","title":{"rendered":"Ataque armado en Villas Otoch Para\u00edso deja una v\u00edctima mortal; crece la preocupaci\u00f3n por la inseguridad"},"content":{"rendered":"\n<figure class=\"wp-block-image size-large\"><img decoding=\"async\" width=\"1024\" height=\"768\" src=\"https:\/\/panoramaciudadano.com\/wp-content\/uploads\/2025\/01\/WhatsApp-Image-2025-01-03-at-07.52.09-1024x768.jpeg\" alt=\"\" class=\"wp-image-8524\" srcset=\"https:\/\/panoramaciudadano.com\/wp-content\/uploads\/2025\/01\/WhatsApp-Image-2025-01-03-at-07.52.09-1024x768.jpeg 1024w, https:\/\/panoramaciudadano.com\/wp-content\/uploads\/2025\/01\/WhatsApp-Image-2025-01-03-at-07.52.09-300x225.jpeg 300w, https:\/\/panoramaciudadano.com\/wp-content\/uploads\/2025\/01\/WhatsApp-Image-2025-01-03-at-07.52.09-768x576.jpeg 768w, https:\/\/panoramaciudadano.com\/wp-content\/uploads\/2025\/01\/WhatsApp-Image-2025-01-03-at-07.52.09-1536x1152.jpeg 1536w, https:\/\/panoramaciudadano.com\/wp-content\/uploads\/2025\/01\/WhatsApp-Image-2025-01-03-at-07.52.09.jpeg 1600w\" sizes=\"(max-width: 1024px) 100vw, 1024px\" \/><\/figure>\n\n\n\n<p>La violencia no cesa en Canc\u00fan. En apenas dos d\u00edas, la ciudad ha registrado otro ataque armado del a\u00f1o. La \u00faltima v\u00edctima cay\u00f3 en la Regi\u00f3n 259, en el fraccionamiento Villas Otoch Para\u00edso, conocido como Las Favelas de Canc\u00fan.<\/p>\n\n\n\n<p>El ataque armado ocurri\u00f3 en la Avenida Ni\u00f1os H\u00e9roes, donde la v\u00edctima recibi\u00f3 impactos de arma de fuego que le quitaron la vida. Los elementos polic\u00edacos acordonaron la zona y se lanz\u00f3 un operativo para tratar de localizar a los responsables.<\/p>\n\n\n\n<p>La comunidad exige justicia para la v\u00edctima y su familia. La falta de seguridad en la zona es un tema que preocupa a los residentes, quienes claman por m\u00e1s presencia policial y medidas efectivas para combatir la delincuencia.<\/p>\n\n\n\n<p>Los agentes ministeriales y periciales se hicieron cargo de las diligencias para el levantamiento del cuerpo para su traslado al Semefo.<\/p>\n","protected":false},"excerpt":{"rendered":"<p>La violencia no cesa en Canc\u00fan. En apenas dos d\u00edas, la ciudad ha registrado otro ataque armado del a\u00f1o. La \u00faltima v\u00edctima cay\u00f3 en la Regi\u00f3n 259, en el fraccionamiento Villas Otoch Para\u00edso, conocido como Las Favelas de Canc\u00fan.<\/p>\n","protected":false},"author":1,"featured_media":8525,"comment_status":"open","ping_status":"closed","sticky":false,"template":"","format":"standard","meta":{"footnotes":""},"categories":[6],"tags":[1867],"class_list":["post-8523","post","type-post","status-publish","format-standard","has-post-thumbnail","hentry","category-cancun","tag-villas-otoch-paraiso"],"yoast_head":"<!-- This site is optimized with the Yoast SEO plugin v27.1.1 - https:\/\/yoast.com\/product\/yoast-seo-wordpress\/ -->\n<title>Ataque armado en Villas Otoch Para\u00edso deja una v\u00edctima mortal; crece la preocupaci\u00f3n por la inseguridad - Panorama Ciudadano<\/title>\n<meta name=\"robots\" content=\"index, follow, max-snippet:-1, max-image-preview:large, max-video-preview:-1\" \/>\n<link rel=\"canonical\" href=\"https:\/\/panoramaciudadano.com\/index.php\/2025\/01\/03\/ataque-armado-en-villas-otoch-paraiso-deja-una-victima-mortal-crece-la-preocupacion-por-la-inseguridad\/\" \/>\n<meta property=\"og:locale\" content=\"es_ES\" \/>\n<meta property=\"og:type\" content=\"article\" \/>\n<meta property=\"og:title\" content=\"Ataque armado en Villas Otoch Para\u00edso deja una v\u00edctima mortal; crece la preocupaci\u00f3n por la inseguridad - Panorama Ciudadano\" \/>\n<meta property=\"og:description\" content=\"La violencia no cesa en Canc\u00fan. En apenas dos d\u00edas, la ciudad ha registrado otro ataque armado del a\u00f1o. La \u00faltima v\u00edctima cay\u00f3 en la Regi\u00f3n 259, en el fraccionamiento Villas Otoch Para\u00edso, conocido como Las Favelas de Canc\u00fan.\" \/>\n<meta property=\"og:url\" content=\"https:\/\/panoramaciudadano.com\/index.php\/2025\/01\/03\/ataque-armado-en-villas-otoch-paraiso-deja-una-victima-mortal-crece-la-preocupacion-por-la-inseguridad\/\" \/>\n<meta property=\"og:site_name\" content=\"Panorama Ciudadano\" \/>\n<meta property=\"article:publisher\" content=\"https:\/\/www.facebook.com\/panoramaciudadano\" \/>\n<meta property=\"article:published_time\" content=\"2025-01-03T13:10:30+00:00\" \/>\n<meta property=\"article:modified_time\" content=\"2025-01-03T13:10:32+00:00\" \/>\n<meta property=\"og:image\" content=\"https:\/\/panoramaciudadano.com\/wp-content\/uploads\/2025\/01\/2-4.jpeg\" \/>\n\t<meta property=\"og:image:width\" content=\"1600\" \/>\n\t<meta property=\"og:image:height\" content=\"1200\" \/>\n\t<meta property=\"og:image:type\" content=\"image\/jpeg\" \/>\n<meta name=\"author\" content=\"admin\" \/>\n<meta name=\"twitter:card\" content=\"summary_large_image\" \/>\n<meta name=\"twitter:label1\" content=\"Escrito por\" \/>\n\t<meta name=\"twitter:data1\" content=\"admin\" \/>\n\t<meta name=\"twitter:label2\" content=\"Tiempo de lectura\" \/>\n\t<meta name=\"twitter:data2\" content=\"2 minutos\" \/>\n<script type=\"application\/ld+json\" class=\"yoast-schema-graph\">{\"@context\":\"https:\/\/schema.org\",\"@graph\":[{\"@type\":\"Article\",\"@id\":\"https:\/\/panoramaciudadano.com\/index.php\/2025\/01\/03\/ataque-armado-en-villas-otoch-paraiso-deja-una-victima-mortal-crece-la-preocupacion-por-la-inseguridad\/#article\",\"isPartOf\":{\"@id\":\"https:\/\/panoramaciudadano.com\/index.php\/2025\/01\/03\/ataque-armado-en-villas-otoch-paraiso-deja-una-victima-mortal-crece-la-preocupacion-por-la-inseguridad\/\"},\"author\":{\"name\":\"admin\",\"@id\":\"https:\/\/panoramaciudadano.com\/#\/schema\/person\/ffe9fe8ef47d3a93977b5761fd9e0d96\"},\"headline\":\"Ataque armado en Villas Otoch Para\u00edso deja una v\u00edctima mortal; crece la preocupaci\u00f3n por la inseguridad\",\"datePublished\":\"2025-01-03T13:10:30+00:00\",\"dateModified\":\"2025-01-03T13:10:32+00:00\",\"mainEntityOfPage\":{\"@id\":\"https:\/\/panoramaciudadano.com\/index.php\/2025\/01\/03\/ataque-armado-en-villas-otoch-paraiso-deja-una-victima-mortal-crece-la-preocupacion-por-la-inseguridad\/\"},\"wordCount\":170,\"commentCount\":0,\"publisher\":{\"@id\":\"https:\/\/panoramaciudadano.com\/#organization\"},\"image\":{\"@id\":\"https:\/\/panoramaciudadano.com\/index.php\/2025\/01\/03\/ataque-armado-en-villas-otoch-paraiso-deja-una-victima-mortal-crece-la-preocupacion-por-la-inseguridad\/#primaryimage\"},\"thumbnailUrl\":\"https:\/\/panoramaciudadano.com\/wp-content\/uploads\/2025\/01\/2-4.jpeg\",\"keywords\":[\"Villas Otoch Para\u00edso\"],\"articleSection\":[\"Canc\u00fan\"],\"inLanguage\":\"es\",\"potentialAction\":[{\"@type\":\"CommentAction\",\"name\":\"Comment\",\"target\":[\"https:\/\/panoramaciudadano.com\/index.php\/2025\/01\/03\/ataque-armado-en-villas-otoch-paraiso-deja-una-victima-mortal-crece-la-preocupacion-por-la-inseguridad\/#respond\"]}]},{\"@type\":\"WebPage\",\"@id\":\"https:\/\/panoramaciudadano.com\/index.php\/2025\/01\/03\/ataque-armado-en-villas-otoch-paraiso-deja-una-victima-mortal-crece-la-preocupacion-por-la-inseguridad\/\",\"url\":\"https:\/\/panoramaciudadano.com\/index.php\/2025\/01\/03\/ataque-armado-en-villas-otoch-paraiso-deja-una-victima-mortal-crece-la-preocupacion-por-la-inseguridad\/\",\"name\":\"Ataque armado en Villas Otoch Para\u00edso deja una v\u00edctima mortal; crece la preocupaci\u00f3n por la inseguridad - Panorama Ciudadano\",\"isPartOf\":{\"@id\":\"https:\/\/panoramaciudadano.com\/#website\"},\"primaryImageOfPage\":{\"@id\":\"https:\/\/panoramaciudadano.com\/index.php\/2025\/01\/03\/ataque-armado-en-villas-otoch-paraiso-deja-una-victima-mortal-crece-la-preocupacion-por-la-inseguridad\/#primaryimage\"},\"image\":{\"@id\":\"https:\/\/panoramaciudadano.com\/index.php\/2025\/01\/03\/ataque-armado-en-villas-otoch-paraiso-deja-una-victima-mortal-crece-la-preocupacion-por-la-inseguridad\/#primaryimage\"},\"thumbnailUrl\":\"https:\/\/panoramaciudadano.com\/wp-content\/uploads\/2025\/01\/2-4.jpeg\",\"datePublished\":\"2025-01-03T13:10:30+00:00\",\"dateModified\":\"2025-01-03T13:10:32+00:00\",\"breadcrumb\":{\"@id\":\"https:\/\/panoramaciudadano.com\/index.php\/2025\/01\/03\/ataque-armado-en-villas-otoch-paraiso-deja-una-victima-mortal-crece-la-preocupacion-por-la-inseguridad\/#breadcrumb\"},\"inLanguage\":\"es\",\"potentialAction\":[{\"@type\":\"ReadAction\",\"target\":[\"https:\/\/panoramaciudadano.com\/index.php\/2025\/01\/03\/ataque-armado-en-villas-otoch-paraiso-deja-una-victima-mortal-crece-la-preocupacion-por-la-inseguridad\/\"]}]},{\"@type\":\"ImageObject\",\"inLanguage\":\"es\",\"@id\":\"https:\/\/panoramaciudadano.com\/index.php\/2025\/01\/03\/ataque-armado-en-villas-otoch-paraiso-deja-una-victima-mortal-crece-la-preocupacion-por-la-inseguridad\/#primaryimage\",\"url\":\"https:\/\/panoramaciudadano.com\/wp-content\/uploads\/2025\/01\/2-4.jpeg\",\"contentUrl\":\"https:\/\/panoramaciudadano.com\/wp-content\/uploads\/2025\/01\/2-4.jpeg\",\"width\":1600,\"height\":1200},{\"@type\":\"BreadcrumbList\",\"@id\":\"https:\/\/panoramaciudadano.com\/index.php\/2025\/01\/03\/ataque-armado-en-villas-otoch-paraiso-deja-una-victima-mortal-crece-la-preocupacion-por-la-inseguridad\/#breadcrumb\",\"itemListElement\":[{\"@type\":\"ListItem\",\"position\":1,\"name\":\"Portada\",\"item\":\"https:\/\/panoramaciudadano.com\/\"},{\"@type\":\"ListItem\",\"position\":2,\"name\":\"Ataque armado en Villas Otoch Para\u00edso deja una v\u00edctima mortal; crece la preocupaci\u00f3n por la inseguridad\"}]},{\"@type\":\"WebSite\",\"@id\":\"https:\/\/panoramaciudadano.com\/#website\",\"url\":\"https:\/\/panoramaciudadano.com\/\",\"name\":\"Panorama Ciudadano\",\"description\":\"\",\"publisher\":{\"@id\":\"https:\/\/panoramaciudadano.com\/#organization\"},\"potentialAction\":[{\"@type\":\"SearchAction\",\"target\":{\"@type\":\"EntryPoint\",\"urlTemplate\":\"https:\/\/panoramaciudadano.com\/?s={search_term_string}\"},\"query-input\":{\"@type\":\"PropertyValueSpecification\",\"valueRequired\":true,\"valueName\":\"search_term_string\"}}],\"inLanguage\":\"es\"},{\"@type\":\"Organization\",\"@id\":\"https:\/\/panoramaciudadano.com\/#organization\",\"name\":\"Panorama Ciudadano\",\"url\":\"https:\/\/panoramaciudadano.com\/\",\"logo\":{\"@type\":\"ImageObject\",\"inLanguage\":\"es\",\"@id\":\"https:\/\/panoramaciudadano.com\/#\/schema\/logo\/image\/\",\"url\":\"https:\/\/panoramaciudadano.com\/wp-content\/uploads\/2024\/05\/401498640_919267042938564_6290593609399108733_n.jpg\",\"contentUrl\":\"https:\/\/panoramaciudadano.com\/wp-content\/uploads\/2024\/05\/401498640_919267042938564_6290593609399108733_n.jpg\",\"width\":960,\"height\":957,\"caption\":\"Panorama Ciudadano\"},\"image\":{\"@id\":\"https:\/\/panoramaciudadano.com\/#\/schema\/logo\/image\/\"},\"sameAs\":[\"https:\/\/www.facebook.com\/panoramaciudadano\"]},{\"@type\":\"Person\",\"@id\":\"https:\/\/panoramaciudadano.com\/#\/schema\/person\/ffe9fe8ef47d3a93977b5761fd9e0d96\",\"name\":\"admin\",\"image\":{\"@type\":\"ImageObject\",\"inLanguage\":\"es\",\"@id\":\"https:\/\/panoramaciudadano.com\/#\/schema\/person\/image\/\",\"url\":\"https:\/\/secure.gravatar.com\/avatar\/2d5a12cacce3f18096f25fadea8abb7202fef18ed669595589853e84260ff451?s=96&d=mm&r=g\",\"contentUrl\":\"https:\/\/secure.gravatar.com\/avatar\/2d5a12cacce3f18096f25fadea8abb7202fef18ed669595589853e84260ff451?s=96&d=mm&r=g\",\"caption\":\"admin\"},\"sameAs\":[\"https:\/\/panoramaciudadano.com\"],\"url\":\"https:\/\/panoramaciudadano.com\/index.php\/author\/admin_3q6hyqq3\/\"}]}<\/script>\n<!-- \/ Yoast SEO plugin. -->","yoast_head_json":{"title":"Ataque armado en Villas Otoch Para\u00edso deja una v\u00edctima mortal; crece la preocupaci\u00f3n por la inseguridad - Panorama Ciudadano","robots":{"index":"index","follow":"follow","max-snippet":"max-snippet:-1","max-image-preview":"max-image-preview:large","max-video-preview":"max-video-preview:-1"},"canonical":"https:\/\/panoramaciudadano.com\/index.php\/2025\/01\/03\/ataque-armado-en-villas-otoch-paraiso-deja-una-victima-mortal-crece-la-preocupacion-por-la-inseguridad\/","og_locale":"es_ES","og_type":"article","og_title":"Ataque armado en Villas Otoch Para\u00edso deja una v\u00edctima mortal; crece la preocupaci\u00f3n por la inseguridad - Panorama Ciudadano","og_description":"La violencia no cesa en Canc\u00fan. En apenas dos d\u00edas, la ciudad ha registrado otro ataque armado del a\u00f1o. La \u00faltima v\u00edctima cay\u00f3 en la Regi\u00f3n 259, en el fraccionamiento Villas Otoch Para\u00edso, conocido como Las Favelas de Canc\u00fan.","og_url":"https:\/\/panoramaciudadano.com\/index.php\/2025\/01\/03\/ataque-armado-en-villas-otoch-paraiso-deja-una-victima-mortal-crece-la-preocupacion-por-la-inseguridad\/","og_site_name":"Panorama Ciudadano","article_publisher":"https:\/\/www.facebook.com\/panoramaciudadano","article_published_time":"2025-01-03T13:10:30+00:00","article_modified_time":"2025-01-03T13:10:32+00:00","og_image":[{"width":1600,"height":1200,"url":"https:\/\/panoramaciudadano.com\/wp-content\/uploads\/2025\/01\/2-4.jpeg","type":"image\/jpeg"}],"author":"admin","twitter_card":"summary_large_image","twitter_misc":{"Escrito por":"admin","Tiempo de lectura":"2 minutos"},"schema":{"@context":"https:\/\/schema.org","@graph":[{"@type":"Article","@id":"https:\/\/panoramaciudadano.com\/index.php\/2025\/01\/03\/ataque-armado-en-villas-otoch-paraiso-deja-una-victima-mortal-crece-la-preocupacion-por-la-inseguridad\/#article","isPartOf":{"@id":"https:\/\/panoramaciudadano.com\/index.php\/2025\/01\/03\/ataque-armado-en-villas-otoch-paraiso-deja-una-victima-mortal-crece-la-preocupacion-por-la-inseguridad\/"},"author":{"name":"admin","@id":"https:\/\/panoramaciudadano.com\/#\/schema\/person\/ffe9fe8ef47d3a93977b5761fd9e0d96"},"headline":"Ataque armado en Villas Otoch Para\u00edso deja una v\u00edctima mortal; crece la preocupaci\u00f3n por la inseguridad","datePublished":"2025-01-03T13:10:30+00:00","dateModified":"2025-01-03T13:10:32+00:00","mainEntityOfPage":{"@id":"https:\/\/panoramaciudadano.com\/index.php\/2025\/01\/03\/ataque-armado-en-villas-otoch-paraiso-deja-una-victima-mortal-crece-la-preocupacion-por-la-inseguridad\/"},"wordCount":170,"commentCount":0,"publisher":{"@id":"https:\/\/panoramaciudadano.com\/#organization"},"image":{"@id":"https:\/\/panoramaciudadano.com\/index.php\/2025\/01\/03\/ataque-armado-en-villas-otoch-paraiso-deja-una-victima-mortal-crece-la-preocupacion-por-la-inseguridad\/#primaryimage"},"thumbnailUrl":"https:\/\/panoramaciudadano.com\/wp-content\/uploads\/2025\/01\/2-4.jpeg","keywords":["Villas Otoch Para\u00edso"],"articleSection":["Canc\u00fan"],"inLanguage":"es","potentialAction":[{"@type":"CommentAction","name":"Comment","target":["https:\/\/panoramaciudadano.com\/index.php\/2025\/01\/03\/ataque-armado-en-villas-otoch-paraiso-deja-una-victima-mortal-crece-la-preocupacion-por-la-inseguridad\/#respond"]}]},{"@type":"WebPage","@id":"https:\/\/panoramaciudadano.com\/index.php\/2025\/01\/03\/ataque-armado-en-villas-otoch-paraiso-deja-una-victima-mortal-crece-la-preocupacion-por-la-inseguridad\/","url":"https:\/\/panoramaciudadano.com\/index.php\/2025\/01\/03\/ataque-armado-en-villas-otoch-paraiso-deja-una-victima-mortal-crece-la-preocupacion-por-la-inseguridad\/","name":"Ataque armado en Villas Otoch Para\u00edso deja una v\u00edctima mortal; crece la preocupaci\u00f3n por la inseguridad - Panorama Ciudadano","isPartOf":{"@id":"https:\/\/panoramaciudadano.com\/#website"},"primaryImageOfPage":{"@id":"https:\/\/panoramaciudadano.com\/index.php\/2025\/01\/03\/ataque-armado-en-villas-otoch-paraiso-deja-una-victima-mortal-crece-la-preocupacion-por-la-inseguridad\/#primaryimage"},"image":{"@id":"https:\/\/panoramaciudadano.com\/index.php\/2025\/01\/03\/ataque-armado-en-villas-otoch-paraiso-deja-una-victima-mortal-crece-la-preocupacion-por-la-inseguridad\/#primaryimage"},"thumbnailUrl":"https:\/\/panoramaciudadano.com\/wp-content\/uploads\/2025\/01\/2-4.jpeg","datePublished":"2025-01-03T13:10:30+00:00","dateModified":"2025-01-03T13:10:32+00:00","breadcrumb":{"@id":"https:\/\/panoramaciudadano.com\/index.php\/2025\/01\/03\/ataque-armado-en-villas-otoch-paraiso-deja-una-victima-mortal-crece-la-preocupacion-por-la-inseguridad\/#breadcrumb"},"inLanguage":"es","potentialAction":[{"@type":"ReadAction","target":["https:\/\/panoramaciudadano.com\/index.php\/2025\/01\/03\/ataque-armado-en-villas-otoch-paraiso-deja-una-victima-mortal-crece-la-preocupacion-por-la-inseguridad\/"]}]},{"@type":"ImageObject","inLanguage":"es","@id":"https:\/\/panoramaciudadano.com\/index.php\/2025\/01\/03\/ataque-armado-en-villas-otoch-paraiso-deja-una-victima-mortal-crece-la-preocupacion-por-la-inseguridad\/#primaryimage","url":"https:\/\/panoramaciudadano.com\/wp-content\/uploads\/2025\/01\/2-4.jpeg","contentUrl":"https:\/\/panoramaciudadano.com\/wp-content\/uploads\/2025\/01\/2-4.jpeg","width":1600,"height":1200},{"@type":"BreadcrumbList","@id":"https:\/\/panoramaciudadano.com\/index.php\/2025\/01\/03\/ataque-armado-en-villas-otoch-paraiso-deja-una-victima-mortal-crece-la-preocupacion-por-la-inseguridad\/#breadcrumb","itemListElement":[{"@type":"ListItem","position":1,"name":"Portada","item":"https:\/\/panoramaciudadano.com\/"},{"@type":"ListItem","position":2,"name":"Ataque armado en Villas Otoch Para\u00edso deja una v\u00edctima mortal; crece la preocupaci\u00f3n por la inseguridad"}]},{"@type":"WebSite","@id":"https:\/\/panoramaciudadano.com\/#website","url":"https:\/\/panoramaciudadano.com\/","name":"Panorama Ciudadano","description":"","publisher":{"@id":"https:\/\/panoramaciudadano.com\/#organization"},"potentialAction":[{"@type":"SearchAction","target":{"@type":"EntryPoint","urlTemplate":"https:\/\/panoramaciudadano.com\/?s={search_term_string}"},"query-input":{"@type":"PropertyValueSpecification","valueRequired":true,"valueName":"search_term_string"}}],"inLanguage":"es"},{"@type":"Organization","@id":"https:\/\/panoramaciudadano.com\/#organization","name":"Panorama Ciudadano","url":"https:\/\/panoramaciudadano.com\/","logo":{"@type":"ImageObject","inLanguage":"es","@id":"https:\/\/panoramaciudadano.com\/#\/schema\/logo\/image\/","url":"https:\/\/panoramaciudadano.com\/wp-content\/uploads\/2024\/05\/401498640_919267042938564_6290593609399108733_n.jpg","contentUrl":"https:\/\/panoramaciudadano.com\/wp-content\/uploads\/2024\/05\/401498640_919267042938564_6290593609399108733_n.jpg","width":960,"height":957,"caption":"Panorama Ciudadano"},"image":{"@id":"https:\/\/panoramaciudadano.com\/#\/schema\/logo\/image\/"},"sameAs":["https:\/\/www.facebook.com\/panoramaciudadano"]},{"@type":"Person","@id":"https:\/\/panoramaciudadano.com\/#\/schema\/person\/ffe9fe8ef47d3a93977b5761fd9e0d96","name":"admin","image":{"@type":"ImageObject","inLanguage":"es","@id":"https:\/\/panoramaciudadano.com\/#\/schema\/person\/image\/","url":"https:\/\/secure.gravatar.com\/avatar\/2d5a12cacce3f18096f25fadea8abb7202fef18ed669595589853e84260ff451?s=96&d=mm&r=g","contentUrl":"https:\/\/secure.gravatar.com\/avatar\/2d5a12cacce3f18096f25fadea8abb7202fef18ed669595589853e84260ff451?s=96&d=mm&r=g","caption":"admin"},"sameAs":["https:\/\/panoramaciudadano.com"],"url":"https:\/\/panoramaciudadano.com\/index.php\/author\/admin_3q6hyqq3\/"}]}},"_links":{"self":[{"href":"https:\/\/panoramaciudadano.com\/index.php\/wp-json\/wp\/v2\/posts\/8523","targetHints":{"allow":["GET"]}}],"collection":[{"href":"https:\/\/panoramaciudadano.com\/index.php\/wp-json\/wp\/v2\/posts"}],"about":[{"href":"https:\/\/panoramaciudadano.com\/index.php\/wp-json\/wp\/v2\/types\/post"}],"author":[{"embeddable":true,"href":"https:\/\/panoramaciudadano.com\/index.php\/wp-json\/wp\/v2\/users\/1"}],"replies":[{"embeddable":true,"href":"https:\/\/panoramaciudadano.com\/index.php\/wp-json\/wp\/v2\/comments?post=8523"}],"version-history":[{"count":1,"href":"https:\/\/panoramaciudadano.com\/index.php\/wp-json\/wp\/v2\/posts\/8523\/revisions"}],"predecessor-version":[{"id":8526,"href":"https:\/\/panoramaciudadano.com\/index.php\/wp-json\/wp\/v2\/posts\/8523\/revisions\/8526"}],"wp:featuredmedia":[{"embeddable":true,"href":"https:\/\/panoramaciudadano.com\/index.php\/wp-json\/wp\/v2\/media\/8525"}],"wp:attachment":[{"href":"https:\/\/panoramaciudadano.com\/index.php\/wp-json\/wp\/v2\/media?parent=8523"}],"wp:term":[{"taxonomy":"category","embeddable":true,"href":"https:\/\/panoramaciudadano.com\/index.php\/wp-json\/wp\/v2\/categories?post=8523"},{"taxonomy":"post_tag","embeddable":true,"href":"https:\/\/panoramaciudadano.com\/index.php\/wp-json\/wp\/v2\/tags?post=8523"}],"curies":[{"name":"wp","href":"https:\/\/api.w.org\/{rel}","templated":true}]}}