{"id":8547,"date":"2025-01-03T08:42:52","date_gmt":"2025-01-03T13:42:52","guid":{"rendered":"https:\/\/panoramaciudadano.com\/?p=8547"},"modified":"2025-01-03T08:42:54","modified_gmt":"2025-01-03T13:42:54","slug":"logra-fiscalia-vinculacion-a-proceso-de-miguel-angel-n-alias-el-tigre-por-homicidio-calificado-en-benito-juarez","status":"publish","type":"post","link":"https:\/\/panoramaciudadano.com\/index.php\/2025\/01\/03\/logra-fiscalia-vinculacion-a-proceso-de-miguel-angel-n-alias-el-tigre-por-homicidio-calificado-en-benito-juarez\/","title":{"rendered":"Logra Fiscal\u00eda vinculaci\u00f3n a proceso de Miguel \u00c1ngel \u201cN\u201d, alias \u201cEl Tigre\u201d, por homicidio calificado en Benito Ju\u00e1rez"},"content":{"rendered":"\n<figure class=\"wp-block-image size-full\"><img decoding=\"async\" width=\"960\" height=\"730\" src=\"https:\/\/panoramaciudadano.com\/wp-content\/uploads\/2025\/01\/WhatsApp-Image-2025-01-03-at-08.39.12.jpeg\" alt=\"\" class=\"wp-image-8548\" srcset=\"https:\/\/panoramaciudadano.com\/wp-content\/uploads\/2025\/01\/WhatsApp-Image-2025-01-03-at-08.39.12.jpeg 960w, https:\/\/panoramaciudadano.com\/wp-content\/uploads\/2025\/01\/WhatsApp-Image-2025-01-03-at-08.39.12-300x228.jpeg 300w, https:\/\/panoramaciudadano.com\/wp-content\/uploads\/2025\/01\/WhatsApp-Image-2025-01-03-at-08.39.12-768x584.jpeg 768w\" sizes=\"(max-width: 960px) 100vw, 960px\" \/><\/figure>\n\n\n\n<p>Luego de que la Fiscal\u00eda General del Estado, a trav\u00e9s de la Fiscal\u00eda Especializada en Combate al Delito de Homicidio, aportara los datos de prueba correspondientes, un Juez de Control dict\u00f3 el auto de vinculaci\u00f3n a proceso para una persona del sexo masculino, por su presunta participaci\u00f3n en hechos que podr\u00edan ser constitutivos del delito de homicidio calificado en agravio de una v\u00edctima de identidad reservada, ocurridos en este municipio.<\/p>\n\n\n\n<p>El ahora imputado es identificado como Miguel \u00c1ngel \u201cN\u201d, alias \u201cEl Tigre\u201d, excomandante de la Polic\u00eda de Investigaci\u00f3n en la pasada administraci\u00f3n; los hechos por los que es investigado ocurrieron el 23 de mayo de 2023, cuando la v\u00edctima llegaba a una caballeriza ubicada muy cerca de la delegaci\u00f3n Alfredo V. Bonfil, al tiempo que tambi\u00e9n arrib\u00f3 un veh\u00edculo color blanco, conducido por Alonso \u201cN\u201d, alias \u201cEl 7\u201d.<\/p>\n\n\n\n<p>En el asiento del copiloto estaba Miguel \u00c1ngel \u201cN\u201d, quien descendi\u00f3 de la unidad para dispararle varias veces, con arma de fuego, a la v\u00edctima, perdiendo la vida en el lugar de los hechos, en tanto que los ocupantes del veh\u00edculo emprendieron la huida, para posteriormente esconder el autom\u00f3vil en una colonia irregular.<\/p>\n\n\n\n<p>Cabe destacar que Alonso \u201cN\u201d, conductor del veh\u00edculo, quien contaba con orden de aprehensi\u00f3n, fue privado de la vida, a finales del 2023 en la Ciudad de M\u00e9xico.<\/p>\n\n\n\n<p>Gracias a la coordinaci\u00f3n entre los integrantes de la Fuerza de Tarea Interinstitucional de 100 D\u00edas, conformada por la Secretar\u00eda de Seguridad y Protecci\u00f3n Ciudadana, Secretar\u00eda de la Defensa Nacional, Secretar\u00eda de Marina, Fiscal\u00eda General de la Rep\u00fablica, Guardia Nacional y Fiscal\u00eda General del Estado de Quintana Roo, se logr\u00f3 la detenci\u00f3n de Miguel \u00c1ngel \u00abN\u00bb en la ciudad de Pachuca, Hidalgo; \u00e9l es objetivo prioritario del Atlas Delictivo del estado; cuenta con dos \u00f3rdenes de aprehensi\u00f3n por homicidio calificado.<\/p>\n\n\n\n<p>Tras dictar la vinculaci\u00f3n a proceso, el Juez impuso a Miguel \u00c1ngel \u201cN\u201d la medida cautelar de prisi\u00f3n preventiva por dos a\u00f1os o el tiempo que dure el proceso.<\/p>\n","protected":false},"excerpt":{"rendered":"<p>Luego de que la Fiscal\u00eda General del Estado, a trav\u00e9s de la Fiscal\u00eda Especializada en Combate al Delito de Homicidio, aportara los datos de prueba correspondientes, un Juez de Control dict\u00f3 el auto de vinculaci\u00f3n a proceso para una persona del sexo masculino, por su presunta participaci\u00f3n en hechos que podr\u00edan ser constitutivos del delito de homicidio calificado en agravio de una v\u00edctima de identidad reservada, ocurridos en este municipio.<\/p>\n","protected":false},"author":1,"featured_media":8548,"comment_status":"open","ping_status":"closed","sticky":false,"template":"","format":"standard","meta":{"footnotes":""},"categories":[6],"tags":[2040,1921,2041,2039],"class_list":["post-8547","post","type-post","status-publish","format-standard","has-post-thumbnail","hentry","category-cancun","tag-alias-el-tigre","tag-fiscalia-especializada-en-combate-al-delito-de-homicidio","tag-fuerza-de-tarea-interinstitucional-de-100-dias","tag-miguel-angel-n"],"yoast_head":"<!-- This site is optimized with the Yoast SEO plugin v27.1.1 - https:\/\/yoast.com\/product\/yoast-seo-wordpress\/ -->\n<title>Logra Fiscal\u00eda vinculaci\u00f3n a proceso de Miguel \u00c1ngel \u201cN\u201d, alias \u201cEl Tigre\u201d, por homicidio calificado en Benito Ju\u00e1rez - Panorama Ciudadano<\/title>\n<meta name=\"robots\" content=\"index, follow, max-snippet:-1, max-image-preview:large, max-video-preview:-1\" \/>\n<link rel=\"canonical\" href=\"https:\/\/panoramaciudadano.com\/index.php\/2025\/01\/03\/logra-fiscalia-vinculacion-a-proceso-de-miguel-angel-n-alias-el-tigre-por-homicidio-calificado-en-benito-juarez\/\" \/>\n<meta property=\"og:locale\" content=\"es_ES\" \/>\n<meta property=\"og:type\" content=\"article\" \/>\n<meta property=\"og:title\" content=\"Logra Fiscal\u00eda vinculaci\u00f3n a proceso de Miguel \u00c1ngel \u201cN\u201d, alias \u201cEl Tigre\u201d, por homicidio calificado en Benito Ju\u00e1rez - Panorama Ciudadano\" \/>\n<meta property=\"og:description\" content=\"Luego de que la Fiscal\u00eda General del Estado, a trav\u00e9s de la Fiscal\u00eda Especializada en Combate al Delito de Homicidio, aportara los datos de prueba correspondientes, un Juez de Control dict\u00f3 el auto de vinculaci\u00f3n a proceso para una persona del sexo masculino, por su presunta participaci\u00f3n en hechos que podr\u00edan ser constitutivos del delito de homicidio calificado en agravio de una v\u00edctima de identidad reservada, ocurridos en este municipio.\" \/>\n<meta property=\"og:url\" content=\"https:\/\/panoramaciudadano.com\/index.php\/2025\/01\/03\/logra-fiscalia-vinculacion-a-proceso-de-miguel-angel-n-alias-el-tigre-por-homicidio-calificado-en-benito-juarez\/\" \/>\n<meta property=\"og:site_name\" content=\"Panorama Ciudadano\" \/>\n<meta property=\"article:publisher\" content=\"https:\/\/www.facebook.com\/panoramaciudadano\" \/>\n<meta property=\"article:published_time\" content=\"2025-01-03T13:42:52+00:00\" \/>\n<meta property=\"article:modified_time\" content=\"2025-01-03T13:42:54+00:00\" \/>\n<meta property=\"og:image\" content=\"https:\/\/panoramaciudadano.com\/wp-content\/uploads\/2025\/01\/WhatsApp-Image-2025-01-03-at-08.39.12.jpeg\" \/>\n\t<meta property=\"og:image:width\" content=\"960\" \/>\n\t<meta property=\"og:image:height\" content=\"730\" \/>\n\t<meta property=\"og:image:type\" content=\"image\/jpeg\" \/>\n<meta name=\"author\" content=\"admin\" \/>\n<meta name=\"twitter:card\" content=\"summary_large_image\" \/>\n<meta name=\"twitter:label1\" content=\"Escrito por\" \/>\n\t<meta name=\"twitter:data1\" content=\"admin\" \/>\n\t<meta name=\"twitter:label2\" content=\"Tiempo de lectura\" \/>\n\t<meta name=\"twitter:data2\" content=\"2 minutos\" \/>\n<script type=\"application\/ld+json\" class=\"yoast-schema-graph\">{\"@context\":\"https:\/\/schema.org\",\"@graph\":[{\"@type\":\"Article\",\"@id\":\"https:\/\/panoramaciudadano.com\/index.php\/2025\/01\/03\/logra-fiscalia-vinculacion-a-proceso-de-miguel-angel-n-alias-el-tigre-por-homicidio-calificado-en-benito-juarez\/#article\",\"isPartOf\":{\"@id\":\"https:\/\/panoramaciudadano.com\/index.php\/2025\/01\/03\/logra-fiscalia-vinculacion-a-proceso-de-miguel-angel-n-alias-el-tigre-por-homicidio-calificado-en-benito-juarez\/\"},\"author\":{\"name\":\"admin\",\"@id\":\"https:\/\/panoramaciudadano.com\/#\/schema\/person\/ffe9fe8ef47d3a93977b5761fd9e0d96\"},\"headline\":\"Logra Fiscal\u00eda vinculaci\u00f3n a proceso de Miguel \u00c1ngel \u201cN\u201d, alias \u201cEl Tigre\u201d, por homicidio calificado en Benito Ju\u00e1rez\",\"datePublished\":\"2025-01-03T13:42:52+00:00\",\"dateModified\":\"2025-01-03T13:42:54+00:00\",\"mainEntityOfPage\":{\"@id\":\"https:\/\/panoramaciudadano.com\/index.php\/2025\/01\/03\/logra-fiscalia-vinculacion-a-proceso-de-miguel-angel-n-alias-el-tigre-por-homicidio-calificado-en-benito-juarez\/\"},\"wordCount\":378,\"commentCount\":0,\"publisher\":{\"@id\":\"https:\/\/panoramaciudadano.com\/#organization\"},\"image\":{\"@id\":\"https:\/\/panoramaciudadano.com\/index.php\/2025\/01\/03\/logra-fiscalia-vinculacion-a-proceso-de-miguel-angel-n-alias-el-tigre-por-homicidio-calificado-en-benito-juarez\/#primaryimage\"},\"thumbnailUrl\":\"https:\/\/panoramaciudadano.com\/wp-content\/uploads\/2025\/01\/WhatsApp-Image-2025-01-03-at-08.39.12.jpeg\",\"keywords\":[\"alias \u201cEl Tigre\u201d\",\"Fiscal\u00eda Especializada en Combate al Delito de Homicidio\",\"Fuerza de Tarea Interinstitucional de 100 D\u00edas\",\"Miguel \u00c1ngel \u201cN\u201d\"],\"articleSection\":[\"Canc\u00fan\"],\"inLanguage\":\"es\",\"potentialAction\":[{\"@type\":\"CommentAction\",\"name\":\"Comment\",\"target\":[\"https:\/\/panoramaciudadano.com\/index.php\/2025\/01\/03\/logra-fiscalia-vinculacion-a-proceso-de-miguel-angel-n-alias-el-tigre-por-homicidio-calificado-en-benito-juarez\/#respond\"]}]},{\"@type\":\"WebPage\",\"@id\":\"https:\/\/panoramaciudadano.com\/index.php\/2025\/01\/03\/logra-fiscalia-vinculacion-a-proceso-de-miguel-angel-n-alias-el-tigre-por-homicidio-calificado-en-benito-juarez\/\",\"url\":\"https:\/\/panoramaciudadano.com\/index.php\/2025\/01\/03\/logra-fiscalia-vinculacion-a-proceso-de-miguel-angel-n-alias-el-tigre-por-homicidio-calificado-en-benito-juarez\/\",\"name\":\"Logra Fiscal\u00eda vinculaci\u00f3n a proceso de Miguel \u00c1ngel \u201cN\u201d, alias \u201cEl Tigre\u201d, por homicidio calificado en Benito Ju\u00e1rez - Panorama Ciudadano\",\"isPartOf\":{\"@id\":\"https:\/\/panoramaciudadano.com\/#website\"},\"primaryImageOfPage\":{\"@id\":\"https:\/\/panoramaciudadano.com\/index.php\/2025\/01\/03\/logra-fiscalia-vinculacion-a-proceso-de-miguel-angel-n-alias-el-tigre-por-homicidio-calificado-en-benito-juarez\/#primaryimage\"},\"image\":{\"@id\":\"https:\/\/panoramaciudadano.com\/index.php\/2025\/01\/03\/logra-fiscalia-vinculacion-a-proceso-de-miguel-angel-n-alias-el-tigre-por-homicidio-calificado-en-benito-juarez\/#primaryimage\"},\"thumbnailUrl\":\"https:\/\/panoramaciudadano.com\/wp-content\/uploads\/2025\/01\/WhatsApp-Image-2025-01-03-at-08.39.12.jpeg\",\"datePublished\":\"2025-01-03T13:42:52+00:00\",\"dateModified\":\"2025-01-03T13:42:54+00:00\",\"breadcrumb\":{\"@id\":\"https:\/\/panoramaciudadano.com\/index.php\/2025\/01\/03\/logra-fiscalia-vinculacion-a-proceso-de-miguel-angel-n-alias-el-tigre-por-homicidio-calificado-en-benito-juarez\/#breadcrumb\"},\"inLanguage\":\"es\",\"potentialAction\":[{\"@type\":\"ReadAction\",\"target\":[\"https:\/\/panoramaciudadano.com\/index.php\/2025\/01\/03\/logra-fiscalia-vinculacion-a-proceso-de-miguel-angel-n-alias-el-tigre-por-homicidio-calificado-en-benito-juarez\/\"]}]},{\"@type\":\"ImageObject\",\"inLanguage\":\"es\",\"@id\":\"https:\/\/panoramaciudadano.com\/index.php\/2025\/01\/03\/logra-fiscalia-vinculacion-a-proceso-de-miguel-angel-n-alias-el-tigre-por-homicidio-calificado-en-benito-juarez\/#primaryimage\",\"url\":\"https:\/\/panoramaciudadano.com\/wp-content\/uploads\/2025\/01\/WhatsApp-Image-2025-01-03-at-08.39.12.jpeg\",\"contentUrl\":\"https:\/\/panoramaciudadano.com\/wp-content\/uploads\/2025\/01\/WhatsApp-Image-2025-01-03-at-08.39.12.jpeg\",\"width\":960,\"height\":730},{\"@type\":\"BreadcrumbList\",\"@id\":\"https:\/\/panoramaciudadano.com\/index.php\/2025\/01\/03\/logra-fiscalia-vinculacion-a-proceso-de-miguel-angel-n-alias-el-tigre-por-homicidio-calificado-en-benito-juarez\/#breadcrumb\",\"itemListElement\":[{\"@type\":\"ListItem\",\"position\":1,\"name\":\"Portada\",\"item\":\"https:\/\/panoramaciudadano.com\/\"},{\"@type\":\"ListItem\",\"position\":2,\"name\":\"Logra Fiscal\u00eda vinculaci\u00f3n a proceso de Miguel \u00c1ngel \u201cN\u201d, alias \u201cEl Tigre\u201d, por homicidio calificado en Benito Ju\u00e1rez\"}]},{\"@type\":\"WebSite\",\"@id\":\"https:\/\/panoramaciudadano.com\/#website\",\"url\":\"https:\/\/panoramaciudadano.com\/\",\"name\":\"Panorama Ciudadano\",\"description\":\"\",\"publisher\":{\"@id\":\"https:\/\/panoramaciudadano.com\/#organization\"},\"potentialAction\":[{\"@type\":\"SearchAction\",\"target\":{\"@type\":\"EntryPoint\",\"urlTemplate\":\"https:\/\/panoramaciudadano.com\/?s={search_term_string}\"},\"query-input\":{\"@type\":\"PropertyValueSpecification\",\"valueRequired\":true,\"valueName\":\"search_term_string\"}}],\"inLanguage\":\"es\"},{\"@type\":\"Organization\",\"@id\":\"https:\/\/panoramaciudadano.com\/#organization\",\"name\":\"Panorama Ciudadano\",\"url\":\"https:\/\/panoramaciudadano.com\/\",\"logo\":{\"@type\":\"ImageObject\",\"inLanguage\":\"es\",\"@id\":\"https:\/\/panoramaciudadano.com\/#\/schema\/logo\/image\/\",\"url\":\"https:\/\/panoramaciudadano.com\/wp-content\/uploads\/2024\/05\/401498640_919267042938564_6290593609399108733_n.jpg\",\"contentUrl\":\"https:\/\/panoramaciudadano.com\/wp-content\/uploads\/2024\/05\/401498640_919267042938564_6290593609399108733_n.jpg\",\"width\":960,\"height\":957,\"caption\":\"Panorama Ciudadano\"},\"image\":{\"@id\":\"https:\/\/panoramaciudadano.com\/#\/schema\/logo\/image\/\"},\"sameAs\":[\"https:\/\/www.facebook.com\/panoramaciudadano\"]},{\"@type\":\"Person\",\"@id\":\"https:\/\/panoramaciudadano.com\/#\/schema\/person\/ffe9fe8ef47d3a93977b5761fd9e0d96\",\"name\":\"admin\",\"image\":{\"@type\":\"ImageObject\",\"inLanguage\":\"es\",\"@id\":\"https:\/\/panoramaciudadano.com\/#\/schema\/person\/image\/\",\"url\":\"https:\/\/secure.gravatar.com\/avatar\/2d5a12cacce3f18096f25fadea8abb7202fef18ed669595589853e84260ff451?s=96&d=mm&r=g\",\"contentUrl\":\"https:\/\/secure.gravatar.com\/avatar\/2d5a12cacce3f18096f25fadea8abb7202fef18ed669595589853e84260ff451?s=96&d=mm&r=g\",\"caption\":\"admin\"},\"sameAs\":[\"https:\/\/panoramaciudadano.com\"],\"url\":\"https:\/\/panoramaciudadano.com\/index.php\/author\/admin_3q6hyqq3\/\"}]}<\/script>\n<!-- \/ Yoast SEO plugin. -->","yoast_head_json":{"title":"Logra Fiscal\u00eda vinculaci\u00f3n a proceso de Miguel \u00c1ngel \u201cN\u201d, alias \u201cEl Tigre\u201d, por homicidio calificado en Benito Ju\u00e1rez - Panorama Ciudadano","robots":{"index":"index","follow":"follow","max-snippet":"max-snippet:-1","max-image-preview":"max-image-preview:large","max-video-preview":"max-video-preview:-1"},"canonical":"https:\/\/panoramaciudadano.com\/index.php\/2025\/01\/03\/logra-fiscalia-vinculacion-a-proceso-de-miguel-angel-n-alias-el-tigre-por-homicidio-calificado-en-benito-juarez\/","og_locale":"es_ES","og_type":"article","og_title":"Logra Fiscal\u00eda vinculaci\u00f3n a proceso de Miguel \u00c1ngel \u201cN\u201d, alias \u201cEl Tigre\u201d, por homicidio calificado en Benito Ju\u00e1rez - Panorama Ciudadano","og_description":"Luego de que la Fiscal\u00eda General del Estado, a trav\u00e9s de la Fiscal\u00eda Especializada en Combate al Delito de Homicidio, aportara los datos de prueba correspondientes, un Juez de Control dict\u00f3 el auto de vinculaci\u00f3n a proceso para una persona del sexo masculino, por su presunta participaci\u00f3n en hechos que podr\u00edan ser constitutivos del delito de homicidio calificado en agravio de una v\u00edctima de identidad reservada, ocurridos en este municipio.","og_url":"https:\/\/panoramaciudadano.com\/index.php\/2025\/01\/03\/logra-fiscalia-vinculacion-a-proceso-de-miguel-angel-n-alias-el-tigre-por-homicidio-calificado-en-benito-juarez\/","og_site_name":"Panorama Ciudadano","article_publisher":"https:\/\/www.facebook.com\/panoramaciudadano","article_published_time":"2025-01-03T13:42:52+00:00","article_modified_time":"2025-01-03T13:42:54+00:00","og_image":[{"width":960,"height":730,"url":"https:\/\/panoramaciudadano.com\/wp-content\/uploads\/2025\/01\/WhatsApp-Image-2025-01-03-at-08.39.12.jpeg","type":"image\/jpeg"}],"author":"admin","twitter_card":"summary_large_image","twitter_misc":{"Escrito por":"admin","Tiempo de lectura":"2 minutos"},"schema":{"@context":"https:\/\/schema.org","@graph":[{"@type":"Article","@id":"https:\/\/panoramaciudadano.com\/index.php\/2025\/01\/03\/logra-fiscalia-vinculacion-a-proceso-de-miguel-angel-n-alias-el-tigre-por-homicidio-calificado-en-benito-juarez\/#article","isPartOf":{"@id":"https:\/\/panoramaciudadano.com\/index.php\/2025\/01\/03\/logra-fiscalia-vinculacion-a-proceso-de-miguel-angel-n-alias-el-tigre-por-homicidio-calificado-en-benito-juarez\/"},"author":{"name":"admin","@id":"https:\/\/panoramaciudadano.com\/#\/schema\/person\/ffe9fe8ef47d3a93977b5761fd9e0d96"},"headline":"Logra Fiscal\u00eda vinculaci\u00f3n a proceso de Miguel \u00c1ngel \u201cN\u201d, alias \u201cEl Tigre\u201d, por homicidio calificado en Benito Ju\u00e1rez","datePublished":"2025-01-03T13:42:52+00:00","dateModified":"2025-01-03T13:42:54+00:00","mainEntityOfPage":{"@id":"https:\/\/panoramaciudadano.com\/index.php\/2025\/01\/03\/logra-fiscalia-vinculacion-a-proceso-de-miguel-angel-n-alias-el-tigre-por-homicidio-calificado-en-benito-juarez\/"},"wordCount":378,"commentCount":0,"publisher":{"@id":"https:\/\/panoramaciudadano.com\/#organization"},"image":{"@id":"https:\/\/panoramaciudadano.com\/index.php\/2025\/01\/03\/logra-fiscalia-vinculacion-a-proceso-de-miguel-angel-n-alias-el-tigre-por-homicidio-calificado-en-benito-juarez\/#primaryimage"},"thumbnailUrl":"https:\/\/panoramaciudadano.com\/wp-content\/uploads\/2025\/01\/WhatsApp-Image-2025-01-03-at-08.39.12.jpeg","keywords":["alias \u201cEl Tigre\u201d","Fiscal\u00eda Especializada en Combate al Delito de Homicidio","Fuerza de Tarea Interinstitucional de 100 D\u00edas","Miguel \u00c1ngel \u201cN\u201d"],"articleSection":["Canc\u00fan"],"inLanguage":"es","potentialAction":[{"@type":"CommentAction","name":"Comment","target":["https:\/\/panoramaciudadano.com\/index.php\/2025\/01\/03\/logra-fiscalia-vinculacion-a-proceso-de-miguel-angel-n-alias-el-tigre-por-homicidio-calificado-en-benito-juarez\/#respond"]}]},{"@type":"WebPage","@id":"https:\/\/panoramaciudadano.com\/index.php\/2025\/01\/03\/logra-fiscalia-vinculacion-a-proceso-de-miguel-angel-n-alias-el-tigre-por-homicidio-calificado-en-benito-juarez\/","url":"https:\/\/panoramaciudadano.com\/index.php\/2025\/01\/03\/logra-fiscalia-vinculacion-a-proceso-de-miguel-angel-n-alias-el-tigre-por-homicidio-calificado-en-benito-juarez\/","name":"Logra Fiscal\u00eda vinculaci\u00f3n a proceso de Miguel \u00c1ngel \u201cN\u201d, alias \u201cEl Tigre\u201d, por homicidio calificado en Benito Ju\u00e1rez - Panorama Ciudadano","isPartOf":{"@id":"https:\/\/panoramaciudadano.com\/#website"},"primaryImageOfPage":{"@id":"https:\/\/panoramaciudadano.com\/index.php\/2025\/01\/03\/logra-fiscalia-vinculacion-a-proceso-de-miguel-angel-n-alias-el-tigre-por-homicidio-calificado-en-benito-juarez\/#primaryimage"},"image":{"@id":"https:\/\/panoramaciudadano.com\/index.php\/2025\/01\/03\/logra-fiscalia-vinculacion-a-proceso-de-miguel-angel-n-alias-el-tigre-por-homicidio-calificado-en-benito-juarez\/#primaryimage"},"thumbnailUrl":"https:\/\/panoramaciudadano.com\/wp-content\/uploads\/2025\/01\/WhatsApp-Image-2025-01-03-at-08.39.12.jpeg","datePublished":"2025-01-03T13:42:52+00:00","dateModified":"2025-01-03T13:42:54+00:00","breadcrumb":{"@id":"https:\/\/panoramaciudadano.com\/index.php\/2025\/01\/03\/logra-fiscalia-vinculacion-a-proceso-de-miguel-angel-n-alias-el-tigre-por-homicidio-calificado-en-benito-juarez\/#breadcrumb"},"inLanguage":"es","potentialAction":[{"@type":"ReadAction","target":["https:\/\/panoramaciudadano.com\/index.php\/2025\/01\/03\/logra-fiscalia-vinculacion-a-proceso-de-miguel-angel-n-alias-el-tigre-por-homicidio-calificado-en-benito-juarez\/"]}]},{"@type":"ImageObject","inLanguage":"es","@id":"https:\/\/panoramaciudadano.com\/index.php\/2025\/01\/03\/logra-fiscalia-vinculacion-a-proceso-de-miguel-angel-n-alias-el-tigre-por-homicidio-calificado-en-benito-juarez\/#primaryimage","url":"https:\/\/panoramaciudadano.com\/wp-content\/uploads\/2025\/01\/WhatsApp-Image-2025-01-03-at-08.39.12.jpeg","contentUrl":"https:\/\/panoramaciudadano.com\/wp-content\/uploads\/2025\/01\/WhatsApp-Image-2025-01-03-at-08.39.12.jpeg","width":960,"height":730},{"@type":"BreadcrumbList","@id":"https:\/\/panoramaciudadano.com\/index.php\/2025\/01\/03\/logra-fiscalia-vinculacion-a-proceso-de-miguel-angel-n-alias-el-tigre-por-homicidio-calificado-en-benito-juarez\/#breadcrumb","itemListElement":[{"@type":"ListItem","position":1,"name":"Portada","item":"https:\/\/panoramaciudadano.com\/"},{"@type":"ListItem","position":2,"name":"Logra Fiscal\u00eda vinculaci\u00f3n a proceso de Miguel \u00c1ngel \u201cN\u201d, alias \u201cEl Tigre\u201d, por homicidio calificado en Benito Ju\u00e1rez"}]},{"@type":"WebSite","@id":"https:\/\/panoramaciudadano.com\/#website","url":"https:\/\/panoramaciudadano.com\/","name":"Panorama Ciudadano","description":"","publisher":{"@id":"https:\/\/panoramaciudadano.com\/#organization"},"potentialAction":[{"@type":"SearchAction","target":{"@type":"EntryPoint","urlTemplate":"https:\/\/panoramaciudadano.com\/?s={search_term_string}"},"query-input":{"@type":"PropertyValueSpecification","valueRequired":true,"valueName":"search_term_string"}}],"inLanguage":"es"},{"@type":"Organization","@id":"https:\/\/panoramaciudadano.com\/#organization","name":"Panorama Ciudadano","url":"https:\/\/panoramaciudadano.com\/","logo":{"@type":"ImageObject","inLanguage":"es","@id":"https:\/\/panoramaciudadano.com\/#\/schema\/logo\/image\/","url":"https:\/\/panoramaciudadano.com\/wp-content\/uploads\/2024\/05\/401498640_919267042938564_6290593609399108733_n.jpg","contentUrl":"https:\/\/panoramaciudadano.com\/wp-content\/uploads\/2024\/05\/401498640_919267042938564_6290593609399108733_n.jpg","width":960,"height":957,"caption":"Panorama Ciudadano"},"image":{"@id":"https:\/\/panoramaciudadano.com\/#\/schema\/logo\/image\/"},"sameAs":["https:\/\/www.facebook.com\/panoramaciudadano"]},{"@type":"Person","@id":"https:\/\/panoramaciudadano.com\/#\/schema\/person\/ffe9fe8ef47d3a93977b5761fd9e0d96","name":"admin","image":{"@type":"ImageObject","inLanguage":"es","@id":"https:\/\/panoramaciudadano.com\/#\/schema\/person\/image\/","url":"https:\/\/secure.gravatar.com\/avatar\/2d5a12cacce3f18096f25fadea8abb7202fef18ed669595589853e84260ff451?s=96&d=mm&r=g","contentUrl":"https:\/\/secure.gravatar.com\/avatar\/2d5a12cacce3f18096f25fadea8abb7202fef18ed669595589853e84260ff451?s=96&d=mm&r=g","caption":"admin"},"sameAs":["https:\/\/panoramaciudadano.com"],"url":"https:\/\/panoramaciudadano.com\/index.php\/author\/admin_3q6hyqq3\/"}]}},"_links":{"self":[{"href":"https:\/\/panoramaciudadano.com\/index.php\/wp-json\/wp\/v2\/posts\/8547","targetHints":{"allow":["GET"]}}],"collection":[{"href":"https:\/\/panoramaciudadano.com\/index.php\/wp-json\/wp\/v2\/posts"}],"about":[{"href":"https:\/\/panoramaciudadano.com\/index.php\/wp-json\/wp\/v2\/types\/post"}],"author":[{"embeddable":true,"href":"https:\/\/panoramaciudadano.com\/index.php\/wp-json\/wp\/v2\/users\/1"}],"replies":[{"embeddable":true,"href":"https:\/\/panoramaciudadano.com\/index.php\/wp-json\/wp\/v2\/comments?post=8547"}],"version-history":[{"count":1,"href":"https:\/\/panoramaciudadano.com\/index.php\/wp-json\/wp\/v2\/posts\/8547\/revisions"}],"predecessor-version":[{"id":8549,"href":"https:\/\/panoramaciudadano.com\/index.php\/wp-json\/wp\/v2\/posts\/8547\/revisions\/8549"}],"wp:featuredmedia":[{"embeddable":true,"href":"https:\/\/panoramaciudadano.com\/index.php\/wp-json\/wp\/v2\/media\/8548"}],"wp:attachment":[{"href":"https:\/\/panoramaciudadano.com\/index.php\/wp-json\/wp\/v2\/media?parent=8547"}],"wp:term":[{"taxonomy":"category","embeddable":true,"href":"https:\/\/panoramaciudadano.com\/index.php\/wp-json\/wp\/v2\/categories?post=8547"},{"taxonomy":"post_tag","embeddable":true,"href":"https:\/\/panoramaciudadano.com\/index.php\/wp-json\/wp\/v2\/tags?post=8547"}],"curies":[{"name":"wp","href":"https:\/\/api.w.org\/{rel}","templated":true}]}}