{"id":8550,"date":"2025-01-03T08:46:35","date_gmt":"2025-01-03T13:46:35","guid":{"rendered":"https:\/\/panoramaciudadano.com\/?p=8550"},"modified":"2025-01-03T08:46:36","modified_gmt":"2025-01-03T13:46:36","slug":"revisan-mara-lezama-y-director-del-inah-diego-prieto-alcances-de-promeza-en-quintana-roo","status":"publish","type":"post","link":"https:\/\/panoramaciudadano.com\/index.php\/2025\/01\/03\/revisan-mara-lezama-y-director-del-inah-diego-prieto-alcances-de-promeza-en-quintana-roo\/","title":{"rendered":"Revisan Mara Lezama y director del INAH, Diego Prieto, alcances de PROMEZA en Quintana Roo"},"content":{"rendered":"\n<figure class=\"wp-block-image size-large\"><img decoding=\"async\" width=\"1024\" height=\"683\" src=\"https:\/\/panoramaciudadano.com\/wp-content\/uploads\/2025\/01\/WhatsApp-Image-2025-01-03-at-08.43.14-1024x683.jpeg\" alt=\"\" class=\"wp-image-8551\" srcset=\"https:\/\/panoramaciudadano.com\/wp-content\/uploads\/2025\/01\/WhatsApp-Image-2025-01-03-at-08.43.14-1024x683.jpeg 1024w, https:\/\/panoramaciudadano.com\/wp-content\/uploads\/2025\/01\/WhatsApp-Image-2025-01-03-at-08.43.14-300x200.jpeg 300w, https:\/\/panoramaciudadano.com\/wp-content\/uploads\/2025\/01\/WhatsApp-Image-2025-01-03-at-08.43.14-768x512.jpeg 768w, https:\/\/panoramaciudadano.com\/wp-content\/uploads\/2025\/01\/WhatsApp-Image-2025-01-03-at-08.43.14.jpeg 1080w\" sizes=\"(max-width: 1024px) 100vw, 1024px\" \/><\/figure>\n\n\n\n<p>El fortalecimiento de la infraestructura en las zonas arqueol\u00f3gicas de Quintana Roo, tras la reciente inversi\u00f3n realizada en 10 de ellas, representa un avance significativo para preservar y promover el patrimonio cultural, as\u00ed como impulsar el turismo en la regi\u00f3n, coincidieron en se\u00f1alar la gobernadora Mara Lezama Espinosa y el director general del Instituto Nacional de Antropolog\u00eda e Historia (INAH) Diego Prieto Hern\u00e1ndez en reuni\u00f3n de trabajo.<\/p>\n\n\n\n<p>Como se sabe, como parte de las acciones paralelas a la construcci\u00f3n del Tren Maya, a trav\u00e9s del Programa de Mejoramiento de Zonas Arqueol\u00f3gicas (PROMEZA) se destinaron mil millones de pesos para la intervenci\u00f3n y acciones de restauraci\u00f3n de 10 zonas arqueol\u00f3gicas, Tulum, Muyil, Xel-Ha, Paamul II, Oxtankah, Chacchoben, Dzibanch\u00e9, Ichkabal, Kohunlich y El Meco, esta \u00faltima abierta al p\u00fablico.<\/p>\n\n\n\n<p>Durante esta reuni\u00f3n de trabajo se destac\u00f3 que PROMEZA busc\u00f3 no solo mejorar las condiciones de acceso y conservaci\u00f3n de estos espacios hist\u00f3ricos, sino tambi\u00e9n impulsar el turismo cultural y educativo en el estado, con base en el Nuevo Acuerdo por el Bienestar y Desarrollo de Quintana Roo.<\/p>\n\n\n\n<p>La gobernadora Mara Lezama destac\u00f3 que desde el inicio de la administraci\u00f3n este gobierno humanista, progresista, con coraz\u00f3n feminista, ha procurado que el \u00e9xito tur\u00edstico genere prosperidad compartida para todas y todos. Por ello, reconoci\u00f3 ante Prieto Hern\u00e1ndez que PROMEZA haya capacitado a personal local, lo que no solo proporcion\u00f3 empleo, sino que tambi\u00e9n involucr\u00f3 a las comunidades en el proceso de cuidar y compartir su legado hist\u00f3rico. Estas acciones fortalecen el v\u00ednculo entre el desarrollo comunitario y la protecci\u00f3n del patrimonio, proporcionando un nuevo modelo sostenible para el futuro.<\/p>\n\n\n\n<p>Estuvieron presentes en la reuni\u00f3n la secretaria de Finanzas y Planeaci\u00f3n del Gobierno de Quintana Roo, Martha Parroqu\u00edn P\u00e9rez; el secretario estatal de Turismo, Bernardo Cueto Riestra; el director del Centro INAH Quintana Roo, Margarito Molina Rend\u00f3n y v\u00eda remota el senador Eugenio Segura V\u00e1zquez.<\/p>\n","protected":false},"excerpt":{"rendered":"<p>En reuni\u00f3n de trabajo, la gobernadora de Quintana Roo destaca la importancia de hist\u00f3rica inversi\u00f3n en 10 zonas arqueol\u00f3gicas de Quintana Roo.<\/p>\n","protected":false},"author":1,"featured_media":8551,"comment_status":"open","ping_status":"closed","sticky":false,"template":"","format":"standard","meta":{"footnotes":""},"categories":[6],"tags":[523,259,2042],"class_list":["post-8550","post","type-post","status-publish","format-standard","has-post-thumbnail","hentry","category-cancun","tag-bernardo-cueto","tag-mara-lezama","tag-promeza"],"yoast_head":"<!-- This site is optimized with the Yoast SEO plugin v27.1.1 - https:\/\/yoast.com\/product\/yoast-seo-wordpress\/ -->\n<title>Revisan Mara Lezama y director del INAH, Diego Prieto, alcances de PROMEZA en Quintana Roo - Panorama Ciudadano<\/title>\n<meta name=\"robots\" content=\"index, follow, max-snippet:-1, max-image-preview:large, max-video-preview:-1\" \/>\n<link rel=\"canonical\" href=\"https:\/\/panoramaciudadano.com\/index.php\/2025\/01\/03\/revisan-mara-lezama-y-director-del-inah-diego-prieto-alcances-de-promeza-en-quintana-roo\/\" \/>\n<meta property=\"og:locale\" content=\"es_ES\" \/>\n<meta property=\"og:type\" content=\"article\" \/>\n<meta property=\"og:title\" content=\"Revisan Mara Lezama y director del INAH, Diego Prieto, alcances de PROMEZA en Quintana Roo - Panorama Ciudadano\" \/>\n<meta property=\"og:description\" content=\"En reuni\u00f3n de trabajo, la gobernadora de Quintana Roo destaca la importancia de hist\u00f3rica inversi\u00f3n en 10 zonas arqueol\u00f3gicas de Quintana Roo.\" \/>\n<meta property=\"og:url\" content=\"https:\/\/panoramaciudadano.com\/index.php\/2025\/01\/03\/revisan-mara-lezama-y-director-del-inah-diego-prieto-alcances-de-promeza-en-quintana-roo\/\" \/>\n<meta property=\"og:site_name\" content=\"Panorama Ciudadano\" \/>\n<meta property=\"article:publisher\" content=\"https:\/\/www.facebook.com\/panoramaciudadano\" \/>\n<meta property=\"article:published_time\" content=\"2025-01-03T13:46:35+00:00\" \/>\n<meta property=\"article:modified_time\" content=\"2025-01-03T13:46:36+00:00\" \/>\n<meta property=\"og:image\" content=\"https:\/\/panoramaciudadano.com\/wp-content\/uploads\/2025\/01\/WhatsApp-Image-2025-01-03-at-08.43.14.jpeg\" \/>\n\t<meta property=\"og:image:width\" content=\"1080\" \/>\n\t<meta property=\"og:image:height\" content=\"720\" \/>\n\t<meta property=\"og:image:type\" content=\"image\/jpeg\" \/>\n<meta name=\"author\" content=\"admin\" \/>\n<meta name=\"twitter:card\" content=\"summary_large_image\" \/>\n<meta name=\"twitter:label1\" content=\"Escrito por\" \/>\n\t<meta name=\"twitter:data1\" content=\"admin\" \/>\n\t<meta name=\"twitter:label2\" content=\"Tiempo de lectura\" \/>\n\t<meta name=\"twitter:data2\" content=\"2 minutos\" \/>\n<script type=\"application\/ld+json\" class=\"yoast-schema-graph\">{\"@context\":\"https:\/\/schema.org\",\"@graph\":[{\"@type\":\"Article\",\"@id\":\"https:\/\/panoramaciudadano.com\/index.php\/2025\/01\/03\/revisan-mara-lezama-y-director-del-inah-diego-prieto-alcances-de-promeza-en-quintana-roo\/#article\",\"isPartOf\":{\"@id\":\"https:\/\/panoramaciudadano.com\/index.php\/2025\/01\/03\/revisan-mara-lezama-y-director-del-inah-diego-prieto-alcances-de-promeza-en-quintana-roo\/\"},\"author\":{\"name\":\"admin\",\"@id\":\"https:\/\/panoramaciudadano.com\/#\/schema\/person\/ffe9fe8ef47d3a93977b5761fd9e0d96\"},\"headline\":\"Revisan Mara Lezama y director del INAH, Diego Prieto, alcances de PROMEZA en Quintana Roo\",\"datePublished\":\"2025-01-03T13:46:35+00:00\",\"dateModified\":\"2025-01-03T13:46:36+00:00\",\"mainEntityOfPage\":{\"@id\":\"https:\/\/panoramaciudadano.com\/index.php\/2025\/01\/03\/revisan-mara-lezama-y-director-del-inah-diego-prieto-alcances-de-promeza-en-quintana-roo\/\"},\"wordCount\":356,\"commentCount\":0,\"publisher\":{\"@id\":\"https:\/\/panoramaciudadano.com\/#organization\"},\"image\":{\"@id\":\"https:\/\/panoramaciudadano.com\/index.php\/2025\/01\/03\/revisan-mara-lezama-y-director-del-inah-diego-prieto-alcances-de-promeza-en-quintana-roo\/#primaryimage\"},\"thumbnailUrl\":\"https:\/\/panoramaciudadano.com\/wp-content\/uploads\/2025\/01\/WhatsApp-Image-2025-01-03-at-08.43.14.jpeg\",\"keywords\":[\"Bernardo Cueto\",\"Mara Lezama\",\"PROMEZA\"],\"articleSection\":[\"Canc\u00fan\"],\"inLanguage\":\"es\",\"potentialAction\":[{\"@type\":\"CommentAction\",\"name\":\"Comment\",\"target\":[\"https:\/\/panoramaciudadano.com\/index.php\/2025\/01\/03\/revisan-mara-lezama-y-director-del-inah-diego-prieto-alcances-de-promeza-en-quintana-roo\/#respond\"]}]},{\"@type\":\"WebPage\",\"@id\":\"https:\/\/panoramaciudadano.com\/index.php\/2025\/01\/03\/revisan-mara-lezama-y-director-del-inah-diego-prieto-alcances-de-promeza-en-quintana-roo\/\",\"url\":\"https:\/\/panoramaciudadano.com\/index.php\/2025\/01\/03\/revisan-mara-lezama-y-director-del-inah-diego-prieto-alcances-de-promeza-en-quintana-roo\/\",\"name\":\"Revisan Mara Lezama y director del INAH, Diego Prieto, alcances de PROMEZA en Quintana Roo - Panorama Ciudadano\",\"isPartOf\":{\"@id\":\"https:\/\/panoramaciudadano.com\/#website\"},\"primaryImageOfPage\":{\"@id\":\"https:\/\/panoramaciudadano.com\/index.php\/2025\/01\/03\/revisan-mara-lezama-y-director-del-inah-diego-prieto-alcances-de-promeza-en-quintana-roo\/#primaryimage\"},\"image\":{\"@id\":\"https:\/\/panoramaciudadano.com\/index.php\/2025\/01\/03\/revisan-mara-lezama-y-director-del-inah-diego-prieto-alcances-de-promeza-en-quintana-roo\/#primaryimage\"},\"thumbnailUrl\":\"https:\/\/panoramaciudadano.com\/wp-content\/uploads\/2025\/01\/WhatsApp-Image-2025-01-03-at-08.43.14.jpeg\",\"datePublished\":\"2025-01-03T13:46:35+00:00\",\"dateModified\":\"2025-01-03T13:46:36+00:00\",\"breadcrumb\":{\"@id\":\"https:\/\/panoramaciudadano.com\/index.php\/2025\/01\/03\/revisan-mara-lezama-y-director-del-inah-diego-prieto-alcances-de-promeza-en-quintana-roo\/#breadcrumb\"},\"inLanguage\":\"es\",\"potentialAction\":[{\"@type\":\"ReadAction\",\"target\":[\"https:\/\/panoramaciudadano.com\/index.php\/2025\/01\/03\/revisan-mara-lezama-y-director-del-inah-diego-prieto-alcances-de-promeza-en-quintana-roo\/\"]}]},{\"@type\":\"ImageObject\",\"inLanguage\":\"es\",\"@id\":\"https:\/\/panoramaciudadano.com\/index.php\/2025\/01\/03\/revisan-mara-lezama-y-director-del-inah-diego-prieto-alcances-de-promeza-en-quintana-roo\/#primaryimage\",\"url\":\"https:\/\/panoramaciudadano.com\/wp-content\/uploads\/2025\/01\/WhatsApp-Image-2025-01-03-at-08.43.14.jpeg\",\"contentUrl\":\"https:\/\/panoramaciudadano.com\/wp-content\/uploads\/2025\/01\/WhatsApp-Image-2025-01-03-at-08.43.14.jpeg\",\"width\":1080,\"height\":720},{\"@type\":\"BreadcrumbList\",\"@id\":\"https:\/\/panoramaciudadano.com\/index.php\/2025\/01\/03\/revisan-mara-lezama-y-director-del-inah-diego-prieto-alcances-de-promeza-en-quintana-roo\/#breadcrumb\",\"itemListElement\":[{\"@type\":\"ListItem\",\"position\":1,\"name\":\"Portada\",\"item\":\"https:\/\/panoramaciudadano.com\/\"},{\"@type\":\"ListItem\",\"position\":2,\"name\":\"Revisan Mara Lezama y director del INAH, Diego Prieto, alcances de PROMEZA en Quintana Roo\"}]},{\"@type\":\"WebSite\",\"@id\":\"https:\/\/panoramaciudadano.com\/#website\",\"url\":\"https:\/\/panoramaciudadano.com\/\",\"name\":\"Panorama Ciudadano\",\"description\":\"\",\"publisher\":{\"@id\":\"https:\/\/panoramaciudadano.com\/#organization\"},\"potentialAction\":[{\"@type\":\"SearchAction\",\"target\":{\"@type\":\"EntryPoint\",\"urlTemplate\":\"https:\/\/panoramaciudadano.com\/?s={search_term_string}\"},\"query-input\":{\"@type\":\"PropertyValueSpecification\",\"valueRequired\":true,\"valueName\":\"search_term_string\"}}],\"inLanguage\":\"es\"},{\"@type\":\"Organization\",\"@id\":\"https:\/\/panoramaciudadano.com\/#organization\",\"name\":\"Panorama Ciudadano\",\"url\":\"https:\/\/panoramaciudadano.com\/\",\"logo\":{\"@type\":\"ImageObject\",\"inLanguage\":\"es\",\"@id\":\"https:\/\/panoramaciudadano.com\/#\/schema\/logo\/image\/\",\"url\":\"https:\/\/panoramaciudadano.com\/wp-content\/uploads\/2024\/05\/401498640_919267042938564_6290593609399108733_n.jpg\",\"contentUrl\":\"https:\/\/panoramaciudadano.com\/wp-content\/uploads\/2024\/05\/401498640_919267042938564_6290593609399108733_n.jpg\",\"width\":960,\"height\":957,\"caption\":\"Panorama Ciudadano\"},\"image\":{\"@id\":\"https:\/\/panoramaciudadano.com\/#\/schema\/logo\/image\/\"},\"sameAs\":[\"https:\/\/www.facebook.com\/panoramaciudadano\"]},{\"@type\":\"Person\",\"@id\":\"https:\/\/panoramaciudadano.com\/#\/schema\/person\/ffe9fe8ef47d3a93977b5761fd9e0d96\",\"name\":\"admin\",\"image\":{\"@type\":\"ImageObject\",\"inLanguage\":\"es\",\"@id\":\"https:\/\/panoramaciudadano.com\/#\/schema\/person\/image\/\",\"url\":\"https:\/\/secure.gravatar.com\/avatar\/2d5a12cacce3f18096f25fadea8abb7202fef18ed669595589853e84260ff451?s=96&d=mm&r=g\",\"contentUrl\":\"https:\/\/secure.gravatar.com\/avatar\/2d5a12cacce3f18096f25fadea8abb7202fef18ed669595589853e84260ff451?s=96&d=mm&r=g\",\"caption\":\"admin\"},\"sameAs\":[\"https:\/\/panoramaciudadano.com\"],\"url\":\"https:\/\/panoramaciudadano.com\/index.php\/author\/admin_3q6hyqq3\/\"}]}<\/script>\n<!-- \/ Yoast SEO plugin. -->","yoast_head_json":{"title":"Revisan Mara Lezama y director del INAH, Diego Prieto, alcances de PROMEZA en Quintana Roo - Panorama Ciudadano","robots":{"index":"index","follow":"follow","max-snippet":"max-snippet:-1","max-image-preview":"max-image-preview:large","max-video-preview":"max-video-preview:-1"},"canonical":"https:\/\/panoramaciudadano.com\/index.php\/2025\/01\/03\/revisan-mara-lezama-y-director-del-inah-diego-prieto-alcances-de-promeza-en-quintana-roo\/","og_locale":"es_ES","og_type":"article","og_title":"Revisan Mara Lezama y director del INAH, Diego Prieto, alcances de PROMEZA en Quintana Roo - Panorama Ciudadano","og_description":"En reuni\u00f3n de trabajo, la gobernadora de Quintana Roo destaca la importancia de hist\u00f3rica inversi\u00f3n en 10 zonas arqueol\u00f3gicas de Quintana Roo.","og_url":"https:\/\/panoramaciudadano.com\/index.php\/2025\/01\/03\/revisan-mara-lezama-y-director-del-inah-diego-prieto-alcances-de-promeza-en-quintana-roo\/","og_site_name":"Panorama Ciudadano","article_publisher":"https:\/\/www.facebook.com\/panoramaciudadano","article_published_time":"2025-01-03T13:46:35+00:00","article_modified_time":"2025-01-03T13:46:36+00:00","og_image":[{"width":1080,"height":720,"url":"https:\/\/panoramaciudadano.com\/wp-content\/uploads\/2025\/01\/WhatsApp-Image-2025-01-03-at-08.43.14.jpeg","type":"image\/jpeg"}],"author":"admin","twitter_card":"summary_large_image","twitter_misc":{"Escrito por":"admin","Tiempo de lectura":"2 minutos"},"schema":{"@context":"https:\/\/schema.org","@graph":[{"@type":"Article","@id":"https:\/\/panoramaciudadano.com\/index.php\/2025\/01\/03\/revisan-mara-lezama-y-director-del-inah-diego-prieto-alcances-de-promeza-en-quintana-roo\/#article","isPartOf":{"@id":"https:\/\/panoramaciudadano.com\/index.php\/2025\/01\/03\/revisan-mara-lezama-y-director-del-inah-diego-prieto-alcances-de-promeza-en-quintana-roo\/"},"author":{"name":"admin","@id":"https:\/\/panoramaciudadano.com\/#\/schema\/person\/ffe9fe8ef47d3a93977b5761fd9e0d96"},"headline":"Revisan Mara Lezama y director del INAH, Diego Prieto, alcances de PROMEZA en Quintana Roo","datePublished":"2025-01-03T13:46:35+00:00","dateModified":"2025-01-03T13:46:36+00:00","mainEntityOfPage":{"@id":"https:\/\/panoramaciudadano.com\/index.php\/2025\/01\/03\/revisan-mara-lezama-y-director-del-inah-diego-prieto-alcances-de-promeza-en-quintana-roo\/"},"wordCount":356,"commentCount":0,"publisher":{"@id":"https:\/\/panoramaciudadano.com\/#organization"},"image":{"@id":"https:\/\/panoramaciudadano.com\/index.php\/2025\/01\/03\/revisan-mara-lezama-y-director-del-inah-diego-prieto-alcances-de-promeza-en-quintana-roo\/#primaryimage"},"thumbnailUrl":"https:\/\/panoramaciudadano.com\/wp-content\/uploads\/2025\/01\/WhatsApp-Image-2025-01-03-at-08.43.14.jpeg","keywords":["Bernardo Cueto","Mara Lezama","PROMEZA"],"articleSection":["Canc\u00fan"],"inLanguage":"es","potentialAction":[{"@type":"CommentAction","name":"Comment","target":["https:\/\/panoramaciudadano.com\/index.php\/2025\/01\/03\/revisan-mara-lezama-y-director-del-inah-diego-prieto-alcances-de-promeza-en-quintana-roo\/#respond"]}]},{"@type":"WebPage","@id":"https:\/\/panoramaciudadano.com\/index.php\/2025\/01\/03\/revisan-mara-lezama-y-director-del-inah-diego-prieto-alcances-de-promeza-en-quintana-roo\/","url":"https:\/\/panoramaciudadano.com\/index.php\/2025\/01\/03\/revisan-mara-lezama-y-director-del-inah-diego-prieto-alcances-de-promeza-en-quintana-roo\/","name":"Revisan Mara Lezama y director del INAH, Diego Prieto, alcances de PROMEZA en Quintana Roo - Panorama Ciudadano","isPartOf":{"@id":"https:\/\/panoramaciudadano.com\/#website"},"primaryImageOfPage":{"@id":"https:\/\/panoramaciudadano.com\/index.php\/2025\/01\/03\/revisan-mara-lezama-y-director-del-inah-diego-prieto-alcances-de-promeza-en-quintana-roo\/#primaryimage"},"image":{"@id":"https:\/\/panoramaciudadano.com\/index.php\/2025\/01\/03\/revisan-mara-lezama-y-director-del-inah-diego-prieto-alcances-de-promeza-en-quintana-roo\/#primaryimage"},"thumbnailUrl":"https:\/\/panoramaciudadano.com\/wp-content\/uploads\/2025\/01\/WhatsApp-Image-2025-01-03-at-08.43.14.jpeg","datePublished":"2025-01-03T13:46:35+00:00","dateModified":"2025-01-03T13:46:36+00:00","breadcrumb":{"@id":"https:\/\/panoramaciudadano.com\/index.php\/2025\/01\/03\/revisan-mara-lezama-y-director-del-inah-diego-prieto-alcances-de-promeza-en-quintana-roo\/#breadcrumb"},"inLanguage":"es","potentialAction":[{"@type":"ReadAction","target":["https:\/\/panoramaciudadano.com\/index.php\/2025\/01\/03\/revisan-mara-lezama-y-director-del-inah-diego-prieto-alcances-de-promeza-en-quintana-roo\/"]}]},{"@type":"ImageObject","inLanguage":"es","@id":"https:\/\/panoramaciudadano.com\/index.php\/2025\/01\/03\/revisan-mara-lezama-y-director-del-inah-diego-prieto-alcances-de-promeza-en-quintana-roo\/#primaryimage","url":"https:\/\/panoramaciudadano.com\/wp-content\/uploads\/2025\/01\/WhatsApp-Image-2025-01-03-at-08.43.14.jpeg","contentUrl":"https:\/\/panoramaciudadano.com\/wp-content\/uploads\/2025\/01\/WhatsApp-Image-2025-01-03-at-08.43.14.jpeg","width":1080,"height":720},{"@type":"BreadcrumbList","@id":"https:\/\/panoramaciudadano.com\/index.php\/2025\/01\/03\/revisan-mara-lezama-y-director-del-inah-diego-prieto-alcances-de-promeza-en-quintana-roo\/#breadcrumb","itemListElement":[{"@type":"ListItem","position":1,"name":"Portada","item":"https:\/\/panoramaciudadano.com\/"},{"@type":"ListItem","position":2,"name":"Revisan Mara Lezama y director del INAH, Diego Prieto, alcances de PROMEZA en Quintana Roo"}]},{"@type":"WebSite","@id":"https:\/\/panoramaciudadano.com\/#website","url":"https:\/\/panoramaciudadano.com\/","name":"Panorama Ciudadano","description":"","publisher":{"@id":"https:\/\/panoramaciudadano.com\/#organization"},"potentialAction":[{"@type":"SearchAction","target":{"@type":"EntryPoint","urlTemplate":"https:\/\/panoramaciudadano.com\/?s={search_term_string}"},"query-input":{"@type":"PropertyValueSpecification","valueRequired":true,"valueName":"search_term_string"}}],"inLanguage":"es"},{"@type":"Organization","@id":"https:\/\/panoramaciudadano.com\/#organization","name":"Panorama Ciudadano","url":"https:\/\/panoramaciudadano.com\/","logo":{"@type":"ImageObject","inLanguage":"es","@id":"https:\/\/panoramaciudadano.com\/#\/schema\/logo\/image\/","url":"https:\/\/panoramaciudadano.com\/wp-content\/uploads\/2024\/05\/401498640_919267042938564_6290593609399108733_n.jpg","contentUrl":"https:\/\/panoramaciudadano.com\/wp-content\/uploads\/2024\/05\/401498640_919267042938564_6290593609399108733_n.jpg","width":960,"height":957,"caption":"Panorama Ciudadano"},"image":{"@id":"https:\/\/panoramaciudadano.com\/#\/schema\/logo\/image\/"},"sameAs":["https:\/\/www.facebook.com\/panoramaciudadano"]},{"@type":"Person","@id":"https:\/\/panoramaciudadano.com\/#\/schema\/person\/ffe9fe8ef47d3a93977b5761fd9e0d96","name":"admin","image":{"@type":"ImageObject","inLanguage":"es","@id":"https:\/\/panoramaciudadano.com\/#\/schema\/person\/image\/","url":"https:\/\/secure.gravatar.com\/avatar\/2d5a12cacce3f18096f25fadea8abb7202fef18ed669595589853e84260ff451?s=96&d=mm&r=g","contentUrl":"https:\/\/secure.gravatar.com\/avatar\/2d5a12cacce3f18096f25fadea8abb7202fef18ed669595589853e84260ff451?s=96&d=mm&r=g","caption":"admin"},"sameAs":["https:\/\/panoramaciudadano.com"],"url":"https:\/\/panoramaciudadano.com\/index.php\/author\/admin_3q6hyqq3\/"}]}},"_links":{"self":[{"href":"https:\/\/panoramaciudadano.com\/index.php\/wp-json\/wp\/v2\/posts\/8550","targetHints":{"allow":["GET"]}}],"collection":[{"href":"https:\/\/panoramaciudadano.com\/index.php\/wp-json\/wp\/v2\/posts"}],"about":[{"href":"https:\/\/panoramaciudadano.com\/index.php\/wp-json\/wp\/v2\/types\/post"}],"author":[{"embeddable":true,"href":"https:\/\/panoramaciudadano.com\/index.php\/wp-json\/wp\/v2\/users\/1"}],"replies":[{"embeddable":true,"href":"https:\/\/panoramaciudadano.com\/index.php\/wp-json\/wp\/v2\/comments?post=8550"}],"version-history":[{"count":1,"href":"https:\/\/panoramaciudadano.com\/index.php\/wp-json\/wp\/v2\/posts\/8550\/revisions"}],"predecessor-version":[{"id":8552,"href":"https:\/\/panoramaciudadano.com\/index.php\/wp-json\/wp\/v2\/posts\/8550\/revisions\/8552"}],"wp:featuredmedia":[{"embeddable":true,"href":"https:\/\/panoramaciudadano.com\/index.php\/wp-json\/wp\/v2\/media\/8551"}],"wp:attachment":[{"href":"https:\/\/panoramaciudadano.com\/index.php\/wp-json\/wp\/v2\/media?parent=8550"}],"wp:term":[{"taxonomy":"category","embeddable":true,"href":"https:\/\/panoramaciudadano.com\/index.php\/wp-json\/wp\/v2\/categories?post=8550"},{"taxonomy":"post_tag","embeddable":true,"href":"https:\/\/panoramaciudadano.com\/index.php\/wp-json\/wp\/v2\/tags?post=8550"}],"curies":[{"name":"wp","href":"https:\/\/api.w.org\/{rel}","templated":true}]}}