{"id":8568,"date":"2025-01-03T20:41:37","date_gmt":"2025-01-04T01:41:37","guid":{"rendered":"https:\/\/panoramaciudadano.com\/?p=8568"},"modified":"2025-01-03T20:41:38","modified_gmt":"2025-01-04T01:41:38","slug":"incendio-en-casa-abandonada-en-prado-norte-moviliza-a-bomberos-sin-lesionados","status":"publish","type":"post","link":"https:\/\/panoramaciudadano.com\/index.php\/2025\/01\/03\/incendio-en-casa-abandonada-en-prado-norte-moviliza-a-bomberos-sin-lesionados\/","title":{"rendered":"Incendio en casa abandonada en Prado Norte moviliza a Bomberos; sin lesionados"},"content":{"rendered":"\n<figure class=\"wp-block-image size-large\"><img decoding=\"async\" width=\"1024\" height=\"768\" src=\"https:\/\/panoramaciudadano.com\/wp-content\/uploads\/2025\/01\/WhatsApp-Image-2025-01-03-at-16.12.17-1024x768.jpeg\" alt=\"\" class=\"wp-image-8569\" srcset=\"https:\/\/panoramaciudadano.com\/wp-content\/uploads\/2025\/01\/WhatsApp-Image-2025-01-03-at-16.12.17-1024x768.jpeg 1024w, https:\/\/panoramaciudadano.com\/wp-content\/uploads\/2025\/01\/WhatsApp-Image-2025-01-03-at-16.12.17-300x225.jpeg 300w, https:\/\/panoramaciudadano.com\/wp-content\/uploads\/2025\/01\/WhatsApp-Image-2025-01-03-at-16.12.17-768x576.jpeg 768w, https:\/\/panoramaciudadano.com\/wp-content\/uploads\/2025\/01\/WhatsApp-Image-2025-01-03-at-16.12.17-1536x1152.jpeg 1536w, https:\/\/panoramaciudadano.com\/wp-content\/uploads\/2025\/01\/WhatsApp-Image-2025-01-03-at-16.12.17.jpeg 1600w\" sizes=\"(max-width: 1024px) 100vw, 1024px\" \/><\/figure>\n\n\n\n<p>La ma\u00f1ana de este mi\u00e9rcoles 3 de enero, un incendio en una casa habitaci\u00f3n en el fraccionamiento Prado Norte, ubicada en la Avenida Chetumal con Arco Norte, regi\u00f3n 260, puso a prueba la rapidez y eficacia de los Bomberos.<\/p>\n\n\n\n<p>A las 07:19 horas, el despachador del servicio de emergencias del C-5 report\u00f3 el incendio, y de inmediato se activ\u00f3 la respuesta de emergencia. Las unidades 954 y 970, al mando del oficial Alfredo Luna y con cinco elementos, partieron desde la base tres hacia el lugar del siniestro.<\/p>\n\n\n\n<p>Al llegar al sitio, los bomberos encontraron que en una casa abandonada estaba ardiendo un colch\u00f3n y basura en una de las habitaciones. R\u00e1pidamente, procedieron a sofocar el incendio, evitando que se extendiera a otras \u00e1reas de la casa. Aunque las paredes y el techo de la habitaci\u00f3n resultaron afectados, no se reportaron lesionados ni muertos.<\/p>\n\n\n\n<p>Despu\u00e9s de asegurarse de que no exist\u00edan riesgos, las unidades y personal de bomberos se retiraron del sitio sin novedad.<\/p>\n\n\n\n<p>La causa del incendio a\u00fan se desconoce, pero la r\u00e1pida respuesta de los bomberos evit\u00f3 un mayor desastre.<\/p>\n","protected":false},"excerpt":{"rendered":"<p>La ma\u00f1ana de este mi\u00e9rcoles 3 de enero, un incendio en una casa habitaci\u00f3n en el fraccionamiento Prado Norte, ubicada en la Avenida Chetumal con Arco Norte, regi\u00f3n 260, puso a prueba la rapidez y eficacia de los Bomberos.<\/p>\n","protected":false},"author":1,"featured_media":8569,"comment_status":"open","ping_status":"closed","sticky":false,"template":"","format":"standard","meta":{"footnotes":""},"categories":[6],"tags":[2045],"class_list":["post-8568","post","type-post","status-publish","format-standard","has-post-thumbnail","hentry","category-cancun","tag-fraccionamiento-prado-norte"],"yoast_head":"<!-- This site is optimized with the Yoast SEO plugin v27.1.1 - https:\/\/yoast.com\/product\/yoast-seo-wordpress\/ -->\n<title>Incendio en casa abandonada en Prado Norte moviliza a Bomberos; sin lesionados - Panorama Ciudadano<\/title>\n<meta name=\"robots\" content=\"index, follow, max-snippet:-1, max-image-preview:large, max-video-preview:-1\" \/>\n<link rel=\"canonical\" href=\"https:\/\/panoramaciudadano.com\/index.php\/2025\/01\/03\/incendio-en-casa-abandonada-en-prado-norte-moviliza-a-bomberos-sin-lesionados\/\" \/>\n<meta property=\"og:locale\" content=\"es_ES\" \/>\n<meta property=\"og:type\" content=\"article\" \/>\n<meta property=\"og:title\" content=\"Incendio en casa abandonada en Prado Norte moviliza a Bomberos; sin lesionados - Panorama Ciudadano\" \/>\n<meta property=\"og:description\" content=\"La ma\u00f1ana de este mi\u00e9rcoles 3 de enero, un incendio en una casa habitaci\u00f3n en el fraccionamiento Prado Norte, ubicada en la Avenida Chetumal con Arco Norte, regi\u00f3n 260, puso a prueba la rapidez y eficacia de los Bomberos.\" \/>\n<meta property=\"og:url\" content=\"https:\/\/panoramaciudadano.com\/index.php\/2025\/01\/03\/incendio-en-casa-abandonada-en-prado-norte-moviliza-a-bomberos-sin-lesionados\/\" \/>\n<meta property=\"og:site_name\" content=\"Panorama Ciudadano\" \/>\n<meta property=\"article:publisher\" content=\"https:\/\/www.facebook.com\/panoramaciudadano\" \/>\n<meta property=\"article:published_time\" content=\"2025-01-04T01:41:37+00:00\" \/>\n<meta property=\"article:modified_time\" content=\"2025-01-04T01:41:38+00:00\" \/>\n<meta property=\"og:image\" content=\"https:\/\/panoramaciudadano.com\/wp-content\/uploads\/2025\/01\/WhatsApp-Image-2025-01-03-at-16.12.17.jpeg\" \/>\n\t<meta property=\"og:image:width\" content=\"1600\" \/>\n\t<meta property=\"og:image:height\" content=\"1200\" \/>\n\t<meta property=\"og:image:type\" content=\"image\/jpeg\" \/>\n<meta name=\"author\" content=\"admin\" \/>\n<meta name=\"twitter:card\" content=\"summary_large_image\" \/>\n<meta name=\"twitter:label1\" content=\"Escrito por\" \/>\n\t<meta name=\"twitter:data1\" content=\"admin\" \/>\n\t<meta name=\"twitter:label2\" content=\"Tiempo de lectura\" \/>\n\t<meta name=\"twitter:data2\" content=\"2 minutos\" \/>\n<script type=\"application\/ld+json\" class=\"yoast-schema-graph\">{\"@context\":\"https:\/\/schema.org\",\"@graph\":[{\"@type\":\"Article\",\"@id\":\"https:\/\/panoramaciudadano.com\/index.php\/2025\/01\/03\/incendio-en-casa-abandonada-en-prado-norte-moviliza-a-bomberos-sin-lesionados\/#article\",\"isPartOf\":{\"@id\":\"https:\/\/panoramaciudadano.com\/index.php\/2025\/01\/03\/incendio-en-casa-abandonada-en-prado-norte-moviliza-a-bomberos-sin-lesionados\/\"},\"author\":{\"name\":\"admin\",\"@id\":\"https:\/\/panoramaciudadano.com\/#\/schema\/person\/ffe9fe8ef47d3a93977b5761fd9e0d96\"},\"headline\":\"Incendio en casa abandonada en Prado Norte moviliza a Bomberos; sin lesionados\",\"datePublished\":\"2025-01-04T01:41:37+00:00\",\"dateModified\":\"2025-01-04T01:41:38+00:00\",\"mainEntityOfPage\":{\"@id\":\"https:\/\/panoramaciudadano.com\/index.php\/2025\/01\/03\/incendio-en-casa-abandonada-en-prado-norte-moviliza-a-bomberos-sin-lesionados\/\"},\"wordCount\":200,\"commentCount\":0,\"publisher\":{\"@id\":\"https:\/\/panoramaciudadano.com\/#organization\"},\"image\":{\"@id\":\"https:\/\/panoramaciudadano.com\/index.php\/2025\/01\/03\/incendio-en-casa-abandonada-en-prado-norte-moviliza-a-bomberos-sin-lesionados\/#primaryimage\"},\"thumbnailUrl\":\"https:\/\/panoramaciudadano.com\/wp-content\/uploads\/2025\/01\/WhatsApp-Image-2025-01-03-at-16.12.17.jpeg\",\"keywords\":[\"fraccionamiento Prado Norte\"],\"articleSection\":[\"Canc\u00fan\"],\"inLanguage\":\"es\",\"potentialAction\":[{\"@type\":\"CommentAction\",\"name\":\"Comment\",\"target\":[\"https:\/\/panoramaciudadano.com\/index.php\/2025\/01\/03\/incendio-en-casa-abandonada-en-prado-norte-moviliza-a-bomberos-sin-lesionados\/#respond\"]}]},{\"@type\":\"WebPage\",\"@id\":\"https:\/\/panoramaciudadano.com\/index.php\/2025\/01\/03\/incendio-en-casa-abandonada-en-prado-norte-moviliza-a-bomberos-sin-lesionados\/\",\"url\":\"https:\/\/panoramaciudadano.com\/index.php\/2025\/01\/03\/incendio-en-casa-abandonada-en-prado-norte-moviliza-a-bomberos-sin-lesionados\/\",\"name\":\"Incendio en casa abandonada en Prado Norte moviliza a Bomberos; sin lesionados - Panorama Ciudadano\",\"isPartOf\":{\"@id\":\"https:\/\/panoramaciudadano.com\/#website\"},\"primaryImageOfPage\":{\"@id\":\"https:\/\/panoramaciudadano.com\/index.php\/2025\/01\/03\/incendio-en-casa-abandonada-en-prado-norte-moviliza-a-bomberos-sin-lesionados\/#primaryimage\"},\"image\":{\"@id\":\"https:\/\/panoramaciudadano.com\/index.php\/2025\/01\/03\/incendio-en-casa-abandonada-en-prado-norte-moviliza-a-bomberos-sin-lesionados\/#primaryimage\"},\"thumbnailUrl\":\"https:\/\/panoramaciudadano.com\/wp-content\/uploads\/2025\/01\/WhatsApp-Image-2025-01-03-at-16.12.17.jpeg\",\"datePublished\":\"2025-01-04T01:41:37+00:00\",\"dateModified\":\"2025-01-04T01:41:38+00:00\",\"breadcrumb\":{\"@id\":\"https:\/\/panoramaciudadano.com\/index.php\/2025\/01\/03\/incendio-en-casa-abandonada-en-prado-norte-moviliza-a-bomberos-sin-lesionados\/#breadcrumb\"},\"inLanguage\":\"es\",\"potentialAction\":[{\"@type\":\"ReadAction\",\"target\":[\"https:\/\/panoramaciudadano.com\/index.php\/2025\/01\/03\/incendio-en-casa-abandonada-en-prado-norte-moviliza-a-bomberos-sin-lesionados\/\"]}]},{\"@type\":\"ImageObject\",\"inLanguage\":\"es\",\"@id\":\"https:\/\/panoramaciudadano.com\/index.php\/2025\/01\/03\/incendio-en-casa-abandonada-en-prado-norte-moviliza-a-bomberos-sin-lesionados\/#primaryimage\",\"url\":\"https:\/\/panoramaciudadano.com\/wp-content\/uploads\/2025\/01\/WhatsApp-Image-2025-01-03-at-16.12.17.jpeg\",\"contentUrl\":\"https:\/\/panoramaciudadano.com\/wp-content\/uploads\/2025\/01\/WhatsApp-Image-2025-01-03-at-16.12.17.jpeg\",\"width\":1600,\"height\":1200},{\"@type\":\"BreadcrumbList\",\"@id\":\"https:\/\/panoramaciudadano.com\/index.php\/2025\/01\/03\/incendio-en-casa-abandonada-en-prado-norte-moviliza-a-bomberos-sin-lesionados\/#breadcrumb\",\"itemListElement\":[{\"@type\":\"ListItem\",\"position\":1,\"name\":\"Portada\",\"item\":\"https:\/\/panoramaciudadano.com\/\"},{\"@type\":\"ListItem\",\"position\":2,\"name\":\"Incendio en casa abandonada en Prado Norte moviliza a Bomberos; sin lesionados\"}]},{\"@type\":\"WebSite\",\"@id\":\"https:\/\/panoramaciudadano.com\/#website\",\"url\":\"https:\/\/panoramaciudadano.com\/\",\"name\":\"Panorama Ciudadano\",\"description\":\"\",\"publisher\":{\"@id\":\"https:\/\/panoramaciudadano.com\/#organization\"},\"potentialAction\":[{\"@type\":\"SearchAction\",\"target\":{\"@type\":\"EntryPoint\",\"urlTemplate\":\"https:\/\/panoramaciudadano.com\/?s={search_term_string}\"},\"query-input\":{\"@type\":\"PropertyValueSpecification\",\"valueRequired\":true,\"valueName\":\"search_term_string\"}}],\"inLanguage\":\"es\"},{\"@type\":\"Organization\",\"@id\":\"https:\/\/panoramaciudadano.com\/#organization\",\"name\":\"Panorama Ciudadano\",\"url\":\"https:\/\/panoramaciudadano.com\/\",\"logo\":{\"@type\":\"ImageObject\",\"inLanguage\":\"es\",\"@id\":\"https:\/\/panoramaciudadano.com\/#\/schema\/logo\/image\/\",\"url\":\"https:\/\/panoramaciudadano.com\/wp-content\/uploads\/2024\/05\/401498640_919267042938564_6290593609399108733_n.jpg\",\"contentUrl\":\"https:\/\/panoramaciudadano.com\/wp-content\/uploads\/2024\/05\/401498640_919267042938564_6290593609399108733_n.jpg\",\"width\":960,\"height\":957,\"caption\":\"Panorama Ciudadano\"},\"image\":{\"@id\":\"https:\/\/panoramaciudadano.com\/#\/schema\/logo\/image\/\"},\"sameAs\":[\"https:\/\/www.facebook.com\/panoramaciudadano\"]},{\"@type\":\"Person\",\"@id\":\"https:\/\/panoramaciudadano.com\/#\/schema\/person\/ffe9fe8ef47d3a93977b5761fd9e0d96\",\"name\":\"admin\",\"image\":{\"@type\":\"ImageObject\",\"inLanguage\":\"es\",\"@id\":\"https:\/\/panoramaciudadano.com\/#\/schema\/person\/image\/\",\"url\":\"https:\/\/secure.gravatar.com\/avatar\/2d5a12cacce3f18096f25fadea8abb7202fef18ed669595589853e84260ff451?s=96&d=mm&r=g\",\"contentUrl\":\"https:\/\/secure.gravatar.com\/avatar\/2d5a12cacce3f18096f25fadea8abb7202fef18ed669595589853e84260ff451?s=96&d=mm&r=g\",\"caption\":\"admin\"},\"sameAs\":[\"https:\/\/panoramaciudadano.com\"],\"url\":\"https:\/\/panoramaciudadano.com\/index.php\/author\/admin_3q6hyqq3\/\"}]}<\/script>\n<!-- \/ Yoast SEO plugin. -->","yoast_head_json":{"title":"Incendio en casa abandonada en Prado Norte moviliza a Bomberos; sin lesionados - Panorama Ciudadano","robots":{"index":"index","follow":"follow","max-snippet":"max-snippet:-1","max-image-preview":"max-image-preview:large","max-video-preview":"max-video-preview:-1"},"canonical":"https:\/\/panoramaciudadano.com\/index.php\/2025\/01\/03\/incendio-en-casa-abandonada-en-prado-norte-moviliza-a-bomberos-sin-lesionados\/","og_locale":"es_ES","og_type":"article","og_title":"Incendio en casa abandonada en Prado Norte moviliza a Bomberos; sin lesionados - Panorama Ciudadano","og_description":"La ma\u00f1ana de este mi\u00e9rcoles 3 de enero, un incendio en una casa habitaci\u00f3n en el fraccionamiento Prado Norte, ubicada en la Avenida Chetumal con Arco Norte, regi\u00f3n 260, puso a prueba la rapidez y eficacia de los Bomberos.","og_url":"https:\/\/panoramaciudadano.com\/index.php\/2025\/01\/03\/incendio-en-casa-abandonada-en-prado-norte-moviliza-a-bomberos-sin-lesionados\/","og_site_name":"Panorama Ciudadano","article_publisher":"https:\/\/www.facebook.com\/panoramaciudadano","article_published_time":"2025-01-04T01:41:37+00:00","article_modified_time":"2025-01-04T01:41:38+00:00","og_image":[{"width":1600,"height":1200,"url":"https:\/\/panoramaciudadano.com\/wp-content\/uploads\/2025\/01\/WhatsApp-Image-2025-01-03-at-16.12.17.jpeg","type":"image\/jpeg"}],"author":"admin","twitter_card":"summary_large_image","twitter_misc":{"Escrito por":"admin","Tiempo de lectura":"2 minutos"},"schema":{"@context":"https:\/\/schema.org","@graph":[{"@type":"Article","@id":"https:\/\/panoramaciudadano.com\/index.php\/2025\/01\/03\/incendio-en-casa-abandonada-en-prado-norte-moviliza-a-bomberos-sin-lesionados\/#article","isPartOf":{"@id":"https:\/\/panoramaciudadano.com\/index.php\/2025\/01\/03\/incendio-en-casa-abandonada-en-prado-norte-moviliza-a-bomberos-sin-lesionados\/"},"author":{"name":"admin","@id":"https:\/\/panoramaciudadano.com\/#\/schema\/person\/ffe9fe8ef47d3a93977b5761fd9e0d96"},"headline":"Incendio en casa abandonada en Prado Norte moviliza a Bomberos; sin lesionados","datePublished":"2025-01-04T01:41:37+00:00","dateModified":"2025-01-04T01:41:38+00:00","mainEntityOfPage":{"@id":"https:\/\/panoramaciudadano.com\/index.php\/2025\/01\/03\/incendio-en-casa-abandonada-en-prado-norte-moviliza-a-bomberos-sin-lesionados\/"},"wordCount":200,"commentCount":0,"publisher":{"@id":"https:\/\/panoramaciudadano.com\/#organization"},"image":{"@id":"https:\/\/panoramaciudadano.com\/index.php\/2025\/01\/03\/incendio-en-casa-abandonada-en-prado-norte-moviliza-a-bomberos-sin-lesionados\/#primaryimage"},"thumbnailUrl":"https:\/\/panoramaciudadano.com\/wp-content\/uploads\/2025\/01\/WhatsApp-Image-2025-01-03-at-16.12.17.jpeg","keywords":["fraccionamiento Prado Norte"],"articleSection":["Canc\u00fan"],"inLanguage":"es","potentialAction":[{"@type":"CommentAction","name":"Comment","target":["https:\/\/panoramaciudadano.com\/index.php\/2025\/01\/03\/incendio-en-casa-abandonada-en-prado-norte-moviliza-a-bomberos-sin-lesionados\/#respond"]}]},{"@type":"WebPage","@id":"https:\/\/panoramaciudadano.com\/index.php\/2025\/01\/03\/incendio-en-casa-abandonada-en-prado-norte-moviliza-a-bomberos-sin-lesionados\/","url":"https:\/\/panoramaciudadano.com\/index.php\/2025\/01\/03\/incendio-en-casa-abandonada-en-prado-norte-moviliza-a-bomberos-sin-lesionados\/","name":"Incendio en casa abandonada en Prado Norte moviliza a Bomberos; sin lesionados - Panorama Ciudadano","isPartOf":{"@id":"https:\/\/panoramaciudadano.com\/#website"},"primaryImageOfPage":{"@id":"https:\/\/panoramaciudadano.com\/index.php\/2025\/01\/03\/incendio-en-casa-abandonada-en-prado-norte-moviliza-a-bomberos-sin-lesionados\/#primaryimage"},"image":{"@id":"https:\/\/panoramaciudadano.com\/index.php\/2025\/01\/03\/incendio-en-casa-abandonada-en-prado-norte-moviliza-a-bomberos-sin-lesionados\/#primaryimage"},"thumbnailUrl":"https:\/\/panoramaciudadano.com\/wp-content\/uploads\/2025\/01\/WhatsApp-Image-2025-01-03-at-16.12.17.jpeg","datePublished":"2025-01-04T01:41:37+00:00","dateModified":"2025-01-04T01:41:38+00:00","breadcrumb":{"@id":"https:\/\/panoramaciudadano.com\/index.php\/2025\/01\/03\/incendio-en-casa-abandonada-en-prado-norte-moviliza-a-bomberos-sin-lesionados\/#breadcrumb"},"inLanguage":"es","potentialAction":[{"@type":"ReadAction","target":["https:\/\/panoramaciudadano.com\/index.php\/2025\/01\/03\/incendio-en-casa-abandonada-en-prado-norte-moviliza-a-bomberos-sin-lesionados\/"]}]},{"@type":"ImageObject","inLanguage":"es","@id":"https:\/\/panoramaciudadano.com\/index.php\/2025\/01\/03\/incendio-en-casa-abandonada-en-prado-norte-moviliza-a-bomberos-sin-lesionados\/#primaryimage","url":"https:\/\/panoramaciudadano.com\/wp-content\/uploads\/2025\/01\/WhatsApp-Image-2025-01-03-at-16.12.17.jpeg","contentUrl":"https:\/\/panoramaciudadano.com\/wp-content\/uploads\/2025\/01\/WhatsApp-Image-2025-01-03-at-16.12.17.jpeg","width":1600,"height":1200},{"@type":"BreadcrumbList","@id":"https:\/\/panoramaciudadano.com\/index.php\/2025\/01\/03\/incendio-en-casa-abandonada-en-prado-norte-moviliza-a-bomberos-sin-lesionados\/#breadcrumb","itemListElement":[{"@type":"ListItem","position":1,"name":"Portada","item":"https:\/\/panoramaciudadano.com\/"},{"@type":"ListItem","position":2,"name":"Incendio en casa abandonada en Prado Norte moviliza a Bomberos; sin lesionados"}]},{"@type":"WebSite","@id":"https:\/\/panoramaciudadano.com\/#website","url":"https:\/\/panoramaciudadano.com\/","name":"Panorama Ciudadano","description":"","publisher":{"@id":"https:\/\/panoramaciudadano.com\/#organization"},"potentialAction":[{"@type":"SearchAction","target":{"@type":"EntryPoint","urlTemplate":"https:\/\/panoramaciudadano.com\/?s={search_term_string}"},"query-input":{"@type":"PropertyValueSpecification","valueRequired":true,"valueName":"search_term_string"}}],"inLanguage":"es"},{"@type":"Organization","@id":"https:\/\/panoramaciudadano.com\/#organization","name":"Panorama Ciudadano","url":"https:\/\/panoramaciudadano.com\/","logo":{"@type":"ImageObject","inLanguage":"es","@id":"https:\/\/panoramaciudadano.com\/#\/schema\/logo\/image\/","url":"https:\/\/panoramaciudadano.com\/wp-content\/uploads\/2024\/05\/401498640_919267042938564_6290593609399108733_n.jpg","contentUrl":"https:\/\/panoramaciudadano.com\/wp-content\/uploads\/2024\/05\/401498640_919267042938564_6290593609399108733_n.jpg","width":960,"height":957,"caption":"Panorama Ciudadano"},"image":{"@id":"https:\/\/panoramaciudadano.com\/#\/schema\/logo\/image\/"},"sameAs":["https:\/\/www.facebook.com\/panoramaciudadano"]},{"@type":"Person","@id":"https:\/\/panoramaciudadano.com\/#\/schema\/person\/ffe9fe8ef47d3a93977b5761fd9e0d96","name":"admin","image":{"@type":"ImageObject","inLanguage":"es","@id":"https:\/\/panoramaciudadano.com\/#\/schema\/person\/image\/","url":"https:\/\/secure.gravatar.com\/avatar\/2d5a12cacce3f18096f25fadea8abb7202fef18ed669595589853e84260ff451?s=96&d=mm&r=g","contentUrl":"https:\/\/secure.gravatar.com\/avatar\/2d5a12cacce3f18096f25fadea8abb7202fef18ed669595589853e84260ff451?s=96&d=mm&r=g","caption":"admin"},"sameAs":["https:\/\/panoramaciudadano.com"],"url":"https:\/\/panoramaciudadano.com\/index.php\/author\/admin_3q6hyqq3\/"}]}},"_links":{"self":[{"href":"https:\/\/panoramaciudadano.com\/index.php\/wp-json\/wp\/v2\/posts\/8568","targetHints":{"allow":["GET"]}}],"collection":[{"href":"https:\/\/panoramaciudadano.com\/index.php\/wp-json\/wp\/v2\/posts"}],"about":[{"href":"https:\/\/panoramaciudadano.com\/index.php\/wp-json\/wp\/v2\/types\/post"}],"author":[{"embeddable":true,"href":"https:\/\/panoramaciudadano.com\/index.php\/wp-json\/wp\/v2\/users\/1"}],"replies":[{"embeddable":true,"href":"https:\/\/panoramaciudadano.com\/index.php\/wp-json\/wp\/v2\/comments?post=8568"}],"version-history":[{"count":1,"href":"https:\/\/panoramaciudadano.com\/index.php\/wp-json\/wp\/v2\/posts\/8568\/revisions"}],"predecessor-version":[{"id":8570,"href":"https:\/\/panoramaciudadano.com\/index.php\/wp-json\/wp\/v2\/posts\/8568\/revisions\/8570"}],"wp:featuredmedia":[{"embeddable":true,"href":"https:\/\/panoramaciudadano.com\/index.php\/wp-json\/wp\/v2\/media\/8569"}],"wp:attachment":[{"href":"https:\/\/panoramaciudadano.com\/index.php\/wp-json\/wp\/v2\/media?parent=8568"}],"wp:term":[{"taxonomy":"category","embeddable":true,"href":"https:\/\/panoramaciudadano.com\/index.php\/wp-json\/wp\/v2\/categories?post=8568"},{"taxonomy":"post_tag","embeddable":true,"href":"https:\/\/panoramaciudadano.com\/index.php\/wp-json\/wp\/v2\/tags?post=8568"}],"curies":[{"name":"wp","href":"https:\/\/api.w.org\/{rel}","templated":true}]}}