{"id":8580,"date":"2025-01-06T08:22:17","date_gmt":"2025-01-06T13:22:17","guid":{"rendered":"https:\/\/panoramaciudadano.com\/?p=8580"},"modified":"2025-01-06T08:22:19","modified_gmt":"2025-01-06T13:22:19","slug":"hombre-armado-amenaza-y-exige-derecho-de-piso-a-vecinos-en-la-region-237","status":"publish","type":"post","link":"https:\/\/panoramaciudadano.com\/index.php\/2025\/01\/06\/hombre-armado-amenaza-y-exige-derecho-de-piso-a-vecinos-en-la-region-237\/","title":{"rendered":"Hombre armado amenaza y exige \u201cderecho de piso\u201d a vecinos en la Regi\u00f3n 237"},"content":{"rendered":"\n<figure class=\"wp-block-image size-large\"><img decoding=\"async\" width=\"1024\" height=\"706\" src=\"https:\/\/panoramaciudadano.com\/wp-content\/uploads\/2025\/01\/WhatsApp-Image-2025-01-05-at-19.43.57-1024x706.jpeg\" alt=\"\" class=\"wp-image-8581\" srcset=\"https:\/\/panoramaciudadano.com\/wp-content\/uploads\/2025\/01\/WhatsApp-Image-2025-01-05-at-19.43.57-1024x706.jpeg 1024w, https:\/\/panoramaciudadano.com\/wp-content\/uploads\/2025\/01\/WhatsApp-Image-2025-01-05-at-19.43.57-300x207.jpeg 300w, https:\/\/panoramaciudadano.com\/wp-content\/uploads\/2025\/01\/WhatsApp-Image-2025-01-05-at-19.43.57-768x530.jpeg 768w, https:\/\/panoramaciudadano.com\/wp-content\/uploads\/2025\/01\/WhatsApp-Image-2025-01-05-at-19.43.57.jpeg 1280w\" sizes=\"(max-width: 1024px) 100vw, 1024px\" \/><\/figure>\n\n\n\n<p>El reporte de una persona portando un arma de fuego y blanca, amenazando a vecinos de la Regi\u00f3n 237, moviliz\u00f3 la tarde de este domingo a la polic\u00eda Estatal, pero el sospechoso se resguard\u00f3 en su domicilio.<\/p>\n\n\n\n<p>Los hechos fueron sobre la prolongaci\u00f3n Tulum, de la supermanzana antes se\u00f1alada, donde un sujeto sali\u00f3 de su casa y con una pistola y un cuchillo amenaz\u00f3 a uno de los vecinos que estaba arreglando su veh\u00edculo.<\/p>\n\n\n\n<p>El agresivo sujeto le ponch\u00f3 las llantas al vecino y lo amenaz\u00f3 con la pistola, adem\u00e1s le dijo que ten\u00eda que pagarle derecho de piso, por estar arreglando veh\u00edculos en la calle.<\/p>\n\n\n\n<p>Solo pasaron unos minutos y despu\u00e9s llegaron varas patrullas de la polic\u00eda estatal, quienes hicieron un recorrido por la zona, pero no lograron ubicar al sospechoso.<\/p>\n\n\n\n<p>Los vecinos indicaron a las autoridades que el agresivo sujeto estaba dentro de su domicilio, por lo cual los polic\u00edas estatales no podr\u00edan ingresar sin autorizaci\u00f3n de un juez.<\/p>\n\n\n\n<p>Los oficiales recomendaron al agraviado que acudiera a la Fiscal\u00eda General del Estado para denunciar los hechos.<\/p>\n\n\n\n<p>Hace un mes aproximadamente este mismo sujeto le estaba cobrando derecho de piso a una persona que vende pl\u00e1sticos desechables.<\/p>\n","protected":false},"excerpt":{"rendered":"<p>El reporte de una persona portando un arma de fuego y blanca, amenazando a vecinos de la Regi\u00f3n 237, moviliz\u00f3 la tarde de este domingo a la polic\u00eda Estatal, pero el sospechoso se resguard\u00f3 en su domicilio.\u00a0<\/p>\n","protected":false},"author":1,"featured_media":8581,"comment_status":"open","ping_status":"closed","sticky":false,"template":"","format":"standard","meta":{"footnotes":""},"categories":[6],"tags":[69],"class_list":["post-8580","post","type-post","status-publish","format-standard","has-post-thumbnail","hentry","category-cancun","tag-region-237"],"yoast_head":"<!-- This site is optimized with the Yoast SEO plugin v27.1.1 - https:\/\/yoast.com\/product\/yoast-seo-wordpress\/ -->\n<title>Hombre armado amenaza y exige \u201cderecho de piso\u201d a vecinos en la Regi\u00f3n 237 - Panorama Ciudadano<\/title>\n<meta name=\"robots\" content=\"index, follow, max-snippet:-1, max-image-preview:large, max-video-preview:-1\" \/>\n<link rel=\"canonical\" href=\"https:\/\/panoramaciudadano.com\/index.php\/2025\/01\/06\/hombre-armado-amenaza-y-exige-derecho-de-piso-a-vecinos-en-la-region-237\/\" \/>\n<meta property=\"og:locale\" content=\"es_ES\" \/>\n<meta property=\"og:type\" content=\"article\" \/>\n<meta property=\"og:title\" content=\"Hombre armado amenaza y exige \u201cderecho de piso\u201d a vecinos en la Regi\u00f3n 237 - Panorama Ciudadano\" \/>\n<meta property=\"og:description\" content=\"El reporte de una persona portando un arma de fuego y blanca, amenazando a vecinos de la Regi\u00f3n 237, moviliz\u00f3 la tarde de este domingo a la polic\u00eda Estatal, pero el sospechoso se resguard\u00f3 en su domicilio.\u00a0\" \/>\n<meta property=\"og:url\" content=\"https:\/\/panoramaciudadano.com\/index.php\/2025\/01\/06\/hombre-armado-amenaza-y-exige-derecho-de-piso-a-vecinos-en-la-region-237\/\" \/>\n<meta property=\"og:site_name\" content=\"Panorama Ciudadano\" \/>\n<meta property=\"article:publisher\" content=\"https:\/\/www.facebook.com\/panoramaciudadano\" \/>\n<meta property=\"article:published_time\" content=\"2025-01-06T13:22:17+00:00\" \/>\n<meta property=\"article:modified_time\" content=\"2025-01-06T13:22:19+00:00\" \/>\n<meta property=\"og:image\" content=\"https:\/\/panoramaciudadano.com\/wp-content\/uploads\/2025\/01\/WhatsApp-Image-2025-01-05-at-19.43.57.jpeg\" \/>\n\t<meta property=\"og:image:width\" content=\"1280\" \/>\n\t<meta property=\"og:image:height\" content=\"883\" \/>\n\t<meta property=\"og:image:type\" content=\"image\/jpeg\" \/>\n<meta name=\"author\" content=\"admin\" \/>\n<meta name=\"twitter:card\" content=\"summary_large_image\" \/>\n<meta name=\"twitter:label1\" content=\"Escrito por\" \/>\n\t<meta name=\"twitter:data1\" content=\"admin\" \/>\n\t<meta name=\"twitter:label2\" content=\"Tiempo de lectura\" \/>\n\t<meta name=\"twitter:data2\" content=\"2 minutos\" \/>\n<script type=\"application\/ld+json\" class=\"yoast-schema-graph\">{\"@context\":\"https:\/\/schema.org\",\"@graph\":[{\"@type\":\"Article\",\"@id\":\"https:\/\/panoramaciudadano.com\/index.php\/2025\/01\/06\/hombre-armado-amenaza-y-exige-derecho-de-piso-a-vecinos-en-la-region-237\/#article\",\"isPartOf\":{\"@id\":\"https:\/\/panoramaciudadano.com\/index.php\/2025\/01\/06\/hombre-armado-amenaza-y-exige-derecho-de-piso-a-vecinos-en-la-region-237\/\"},\"author\":{\"name\":\"admin\",\"@id\":\"https:\/\/panoramaciudadano.com\/#\/schema\/person\/ffe9fe8ef47d3a93977b5761fd9e0d96\"},\"headline\":\"Hombre armado amenaza y exige \u201cderecho de piso\u201d a vecinos en la Regi\u00f3n 237\",\"datePublished\":\"2025-01-06T13:22:17+00:00\",\"dateModified\":\"2025-01-06T13:22:19+00:00\",\"mainEntityOfPage\":{\"@id\":\"https:\/\/panoramaciudadano.com\/index.php\/2025\/01\/06\/hombre-armado-amenaza-y-exige-derecho-de-piso-a-vecinos-en-la-region-237\/\"},\"wordCount\":226,\"commentCount\":0,\"publisher\":{\"@id\":\"https:\/\/panoramaciudadano.com\/#organization\"},\"image\":{\"@id\":\"https:\/\/panoramaciudadano.com\/index.php\/2025\/01\/06\/hombre-armado-amenaza-y-exige-derecho-de-piso-a-vecinos-en-la-region-237\/#primaryimage\"},\"thumbnailUrl\":\"https:\/\/panoramaciudadano.com\/wp-content\/uploads\/2025\/01\/WhatsApp-Image-2025-01-05-at-19.43.57.jpeg\",\"keywords\":[\"regi\u00f3n 237\"],\"articleSection\":[\"Canc\u00fan\"],\"inLanguage\":\"es\",\"potentialAction\":[{\"@type\":\"CommentAction\",\"name\":\"Comment\",\"target\":[\"https:\/\/panoramaciudadano.com\/index.php\/2025\/01\/06\/hombre-armado-amenaza-y-exige-derecho-de-piso-a-vecinos-en-la-region-237\/#respond\"]}]},{\"@type\":\"WebPage\",\"@id\":\"https:\/\/panoramaciudadano.com\/index.php\/2025\/01\/06\/hombre-armado-amenaza-y-exige-derecho-de-piso-a-vecinos-en-la-region-237\/\",\"url\":\"https:\/\/panoramaciudadano.com\/index.php\/2025\/01\/06\/hombre-armado-amenaza-y-exige-derecho-de-piso-a-vecinos-en-la-region-237\/\",\"name\":\"Hombre armado amenaza y exige \u201cderecho de piso\u201d a vecinos en la Regi\u00f3n 237 - Panorama Ciudadano\",\"isPartOf\":{\"@id\":\"https:\/\/panoramaciudadano.com\/#website\"},\"primaryImageOfPage\":{\"@id\":\"https:\/\/panoramaciudadano.com\/index.php\/2025\/01\/06\/hombre-armado-amenaza-y-exige-derecho-de-piso-a-vecinos-en-la-region-237\/#primaryimage\"},\"image\":{\"@id\":\"https:\/\/panoramaciudadano.com\/index.php\/2025\/01\/06\/hombre-armado-amenaza-y-exige-derecho-de-piso-a-vecinos-en-la-region-237\/#primaryimage\"},\"thumbnailUrl\":\"https:\/\/panoramaciudadano.com\/wp-content\/uploads\/2025\/01\/WhatsApp-Image-2025-01-05-at-19.43.57.jpeg\",\"datePublished\":\"2025-01-06T13:22:17+00:00\",\"dateModified\":\"2025-01-06T13:22:19+00:00\",\"breadcrumb\":{\"@id\":\"https:\/\/panoramaciudadano.com\/index.php\/2025\/01\/06\/hombre-armado-amenaza-y-exige-derecho-de-piso-a-vecinos-en-la-region-237\/#breadcrumb\"},\"inLanguage\":\"es\",\"potentialAction\":[{\"@type\":\"ReadAction\",\"target\":[\"https:\/\/panoramaciudadano.com\/index.php\/2025\/01\/06\/hombre-armado-amenaza-y-exige-derecho-de-piso-a-vecinos-en-la-region-237\/\"]}]},{\"@type\":\"ImageObject\",\"inLanguage\":\"es\",\"@id\":\"https:\/\/panoramaciudadano.com\/index.php\/2025\/01\/06\/hombre-armado-amenaza-y-exige-derecho-de-piso-a-vecinos-en-la-region-237\/#primaryimage\",\"url\":\"https:\/\/panoramaciudadano.com\/wp-content\/uploads\/2025\/01\/WhatsApp-Image-2025-01-05-at-19.43.57.jpeg\",\"contentUrl\":\"https:\/\/panoramaciudadano.com\/wp-content\/uploads\/2025\/01\/WhatsApp-Image-2025-01-05-at-19.43.57.jpeg\",\"width\":1280,\"height\":883},{\"@type\":\"BreadcrumbList\",\"@id\":\"https:\/\/panoramaciudadano.com\/index.php\/2025\/01\/06\/hombre-armado-amenaza-y-exige-derecho-de-piso-a-vecinos-en-la-region-237\/#breadcrumb\",\"itemListElement\":[{\"@type\":\"ListItem\",\"position\":1,\"name\":\"Portada\",\"item\":\"https:\/\/panoramaciudadano.com\/\"},{\"@type\":\"ListItem\",\"position\":2,\"name\":\"Hombre armado amenaza y exige \u201cderecho de piso\u201d a vecinos en la Regi\u00f3n 237\"}]},{\"@type\":\"WebSite\",\"@id\":\"https:\/\/panoramaciudadano.com\/#website\",\"url\":\"https:\/\/panoramaciudadano.com\/\",\"name\":\"Panorama Ciudadano\",\"description\":\"\",\"publisher\":{\"@id\":\"https:\/\/panoramaciudadano.com\/#organization\"},\"potentialAction\":[{\"@type\":\"SearchAction\",\"target\":{\"@type\":\"EntryPoint\",\"urlTemplate\":\"https:\/\/panoramaciudadano.com\/?s={search_term_string}\"},\"query-input\":{\"@type\":\"PropertyValueSpecification\",\"valueRequired\":true,\"valueName\":\"search_term_string\"}}],\"inLanguage\":\"es\"},{\"@type\":\"Organization\",\"@id\":\"https:\/\/panoramaciudadano.com\/#organization\",\"name\":\"Panorama Ciudadano\",\"url\":\"https:\/\/panoramaciudadano.com\/\",\"logo\":{\"@type\":\"ImageObject\",\"inLanguage\":\"es\",\"@id\":\"https:\/\/panoramaciudadano.com\/#\/schema\/logo\/image\/\",\"url\":\"https:\/\/panoramaciudadano.com\/wp-content\/uploads\/2024\/05\/401498640_919267042938564_6290593609399108733_n.jpg\",\"contentUrl\":\"https:\/\/panoramaciudadano.com\/wp-content\/uploads\/2024\/05\/401498640_919267042938564_6290593609399108733_n.jpg\",\"width\":960,\"height\":957,\"caption\":\"Panorama Ciudadano\"},\"image\":{\"@id\":\"https:\/\/panoramaciudadano.com\/#\/schema\/logo\/image\/\"},\"sameAs\":[\"https:\/\/www.facebook.com\/panoramaciudadano\"]},{\"@type\":\"Person\",\"@id\":\"https:\/\/panoramaciudadano.com\/#\/schema\/person\/ffe9fe8ef47d3a93977b5761fd9e0d96\",\"name\":\"admin\",\"image\":{\"@type\":\"ImageObject\",\"inLanguage\":\"es\",\"@id\":\"https:\/\/panoramaciudadano.com\/#\/schema\/person\/image\/\",\"url\":\"https:\/\/secure.gravatar.com\/avatar\/2d5a12cacce3f18096f25fadea8abb7202fef18ed669595589853e84260ff451?s=96&d=mm&r=g\",\"contentUrl\":\"https:\/\/secure.gravatar.com\/avatar\/2d5a12cacce3f18096f25fadea8abb7202fef18ed669595589853e84260ff451?s=96&d=mm&r=g\",\"caption\":\"admin\"},\"sameAs\":[\"https:\/\/panoramaciudadano.com\"],\"url\":\"https:\/\/panoramaciudadano.com\/index.php\/author\/admin_3q6hyqq3\/\"}]}<\/script>\n<!-- \/ Yoast SEO plugin. -->","yoast_head_json":{"title":"Hombre armado amenaza y exige \u201cderecho de piso\u201d a vecinos en la Regi\u00f3n 237 - Panorama Ciudadano","robots":{"index":"index","follow":"follow","max-snippet":"max-snippet:-1","max-image-preview":"max-image-preview:large","max-video-preview":"max-video-preview:-1"},"canonical":"https:\/\/panoramaciudadano.com\/index.php\/2025\/01\/06\/hombre-armado-amenaza-y-exige-derecho-de-piso-a-vecinos-en-la-region-237\/","og_locale":"es_ES","og_type":"article","og_title":"Hombre armado amenaza y exige \u201cderecho de piso\u201d a vecinos en la Regi\u00f3n 237 - Panorama Ciudadano","og_description":"El reporte de una persona portando un arma de fuego y blanca, amenazando a vecinos de la Regi\u00f3n 237, moviliz\u00f3 la tarde de este domingo a la polic\u00eda Estatal, pero el sospechoso se resguard\u00f3 en su domicilio.\u00a0","og_url":"https:\/\/panoramaciudadano.com\/index.php\/2025\/01\/06\/hombre-armado-amenaza-y-exige-derecho-de-piso-a-vecinos-en-la-region-237\/","og_site_name":"Panorama Ciudadano","article_publisher":"https:\/\/www.facebook.com\/panoramaciudadano","article_published_time":"2025-01-06T13:22:17+00:00","article_modified_time":"2025-01-06T13:22:19+00:00","og_image":[{"width":1280,"height":883,"url":"https:\/\/panoramaciudadano.com\/wp-content\/uploads\/2025\/01\/WhatsApp-Image-2025-01-05-at-19.43.57.jpeg","type":"image\/jpeg"}],"author":"admin","twitter_card":"summary_large_image","twitter_misc":{"Escrito por":"admin","Tiempo de lectura":"2 minutos"},"schema":{"@context":"https:\/\/schema.org","@graph":[{"@type":"Article","@id":"https:\/\/panoramaciudadano.com\/index.php\/2025\/01\/06\/hombre-armado-amenaza-y-exige-derecho-de-piso-a-vecinos-en-la-region-237\/#article","isPartOf":{"@id":"https:\/\/panoramaciudadano.com\/index.php\/2025\/01\/06\/hombre-armado-amenaza-y-exige-derecho-de-piso-a-vecinos-en-la-region-237\/"},"author":{"name":"admin","@id":"https:\/\/panoramaciudadano.com\/#\/schema\/person\/ffe9fe8ef47d3a93977b5761fd9e0d96"},"headline":"Hombre armado amenaza y exige \u201cderecho de piso\u201d a vecinos en la Regi\u00f3n 237","datePublished":"2025-01-06T13:22:17+00:00","dateModified":"2025-01-06T13:22:19+00:00","mainEntityOfPage":{"@id":"https:\/\/panoramaciudadano.com\/index.php\/2025\/01\/06\/hombre-armado-amenaza-y-exige-derecho-de-piso-a-vecinos-en-la-region-237\/"},"wordCount":226,"commentCount":0,"publisher":{"@id":"https:\/\/panoramaciudadano.com\/#organization"},"image":{"@id":"https:\/\/panoramaciudadano.com\/index.php\/2025\/01\/06\/hombre-armado-amenaza-y-exige-derecho-de-piso-a-vecinos-en-la-region-237\/#primaryimage"},"thumbnailUrl":"https:\/\/panoramaciudadano.com\/wp-content\/uploads\/2025\/01\/WhatsApp-Image-2025-01-05-at-19.43.57.jpeg","keywords":["regi\u00f3n 237"],"articleSection":["Canc\u00fan"],"inLanguage":"es","potentialAction":[{"@type":"CommentAction","name":"Comment","target":["https:\/\/panoramaciudadano.com\/index.php\/2025\/01\/06\/hombre-armado-amenaza-y-exige-derecho-de-piso-a-vecinos-en-la-region-237\/#respond"]}]},{"@type":"WebPage","@id":"https:\/\/panoramaciudadano.com\/index.php\/2025\/01\/06\/hombre-armado-amenaza-y-exige-derecho-de-piso-a-vecinos-en-la-region-237\/","url":"https:\/\/panoramaciudadano.com\/index.php\/2025\/01\/06\/hombre-armado-amenaza-y-exige-derecho-de-piso-a-vecinos-en-la-region-237\/","name":"Hombre armado amenaza y exige \u201cderecho de piso\u201d a vecinos en la Regi\u00f3n 237 - Panorama Ciudadano","isPartOf":{"@id":"https:\/\/panoramaciudadano.com\/#website"},"primaryImageOfPage":{"@id":"https:\/\/panoramaciudadano.com\/index.php\/2025\/01\/06\/hombre-armado-amenaza-y-exige-derecho-de-piso-a-vecinos-en-la-region-237\/#primaryimage"},"image":{"@id":"https:\/\/panoramaciudadano.com\/index.php\/2025\/01\/06\/hombre-armado-amenaza-y-exige-derecho-de-piso-a-vecinos-en-la-region-237\/#primaryimage"},"thumbnailUrl":"https:\/\/panoramaciudadano.com\/wp-content\/uploads\/2025\/01\/WhatsApp-Image-2025-01-05-at-19.43.57.jpeg","datePublished":"2025-01-06T13:22:17+00:00","dateModified":"2025-01-06T13:22:19+00:00","breadcrumb":{"@id":"https:\/\/panoramaciudadano.com\/index.php\/2025\/01\/06\/hombre-armado-amenaza-y-exige-derecho-de-piso-a-vecinos-en-la-region-237\/#breadcrumb"},"inLanguage":"es","potentialAction":[{"@type":"ReadAction","target":["https:\/\/panoramaciudadano.com\/index.php\/2025\/01\/06\/hombre-armado-amenaza-y-exige-derecho-de-piso-a-vecinos-en-la-region-237\/"]}]},{"@type":"ImageObject","inLanguage":"es","@id":"https:\/\/panoramaciudadano.com\/index.php\/2025\/01\/06\/hombre-armado-amenaza-y-exige-derecho-de-piso-a-vecinos-en-la-region-237\/#primaryimage","url":"https:\/\/panoramaciudadano.com\/wp-content\/uploads\/2025\/01\/WhatsApp-Image-2025-01-05-at-19.43.57.jpeg","contentUrl":"https:\/\/panoramaciudadano.com\/wp-content\/uploads\/2025\/01\/WhatsApp-Image-2025-01-05-at-19.43.57.jpeg","width":1280,"height":883},{"@type":"BreadcrumbList","@id":"https:\/\/panoramaciudadano.com\/index.php\/2025\/01\/06\/hombre-armado-amenaza-y-exige-derecho-de-piso-a-vecinos-en-la-region-237\/#breadcrumb","itemListElement":[{"@type":"ListItem","position":1,"name":"Portada","item":"https:\/\/panoramaciudadano.com\/"},{"@type":"ListItem","position":2,"name":"Hombre armado amenaza y exige \u201cderecho de piso\u201d a vecinos en la Regi\u00f3n 237"}]},{"@type":"WebSite","@id":"https:\/\/panoramaciudadano.com\/#website","url":"https:\/\/panoramaciudadano.com\/","name":"Panorama Ciudadano","description":"","publisher":{"@id":"https:\/\/panoramaciudadano.com\/#organization"},"potentialAction":[{"@type":"SearchAction","target":{"@type":"EntryPoint","urlTemplate":"https:\/\/panoramaciudadano.com\/?s={search_term_string}"},"query-input":{"@type":"PropertyValueSpecification","valueRequired":true,"valueName":"search_term_string"}}],"inLanguage":"es"},{"@type":"Organization","@id":"https:\/\/panoramaciudadano.com\/#organization","name":"Panorama Ciudadano","url":"https:\/\/panoramaciudadano.com\/","logo":{"@type":"ImageObject","inLanguage":"es","@id":"https:\/\/panoramaciudadano.com\/#\/schema\/logo\/image\/","url":"https:\/\/panoramaciudadano.com\/wp-content\/uploads\/2024\/05\/401498640_919267042938564_6290593609399108733_n.jpg","contentUrl":"https:\/\/panoramaciudadano.com\/wp-content\/uploads\/2024\/05\/401498640_919267042938564_6290593609399108733_n.jpg","width":960,"height":957,"caption":"Panorama Ciudadano"},"image":{"@id":"https:\/\/panoramaciudadano.com\/#\/schema\/logo\/image\/"},"sameAs":["https:\/\/www.facebook.com\/panoramaciudadano"]},{"@type":"Person","@id":"https:\/\/panoramaciudadano.com\/#\/schema\/person\/ffe9fe8ef47d3a93977b5761fd9e0d96","name":"admin","image":{"@type":"ImageObject","inLanguage":"es","@id":"https:\/\/panoramaciudadano.com\/#\/schema\/person\/image\/","url":"https:\/\/secure.gravatar.com\/avatar\/2d5a12cacce3f18096f25fadea8abb7202fef18ed669595589853e84260ff451?s=96&d=mm&r=g","contentUrl":"https:\/\/secure.gravatar.com\/avatar\/2d5a12cacce3f18096f25fadea8abb7202fef18ed669595589853e84260ff451?s=96&d=mm&r=g","caption":"admin"},"sameAs":["https:\/\/panoramaciudadano.com"],"url":"https:\/\/panoramaciudadano.com\/index.php\/author\/admin_3q6hyqq3\/"}]}},"_links":{"self":[{"href":"https:\/\/panoramaciudadano.com\/index.php\/wp-json\/wp\/v2\/posts\/8580","targetHints":{"allow":["GET"]}}],"collection":[{"href":"https:\/\/panoramaciudadano.com\/index.php\/wp-json\/wp\/v2\/posts"}],"about":[{"href":"https:\/\/panoramaciudadano.com\/index.php\/wp-json\/wp\/v2\/types\/post"}],"author":[{"embeddable":true,"href":"https:\/\/panoramaciudadano.com\/index.php\/wp-json\/wp\/v2\/users\/1"}],"replies":[{"embeddable":true,"href":"https:\/\/panoramaciudadano.com\/index.php\/wp-json\/wp\/v2\/comments?post=8580"}],"version-history":[{"count":1,"href":"https:\/\/panoramaciudadano.com\/index.php\/wp-json\/wp\/v2\/posts\/8580\/revisions"}],"predecessor-version":[{"id":8582,"href":"https:\/\/panoramaciudadano.com\/index.php\/wp-json\/wp\/v2\/posts\/8580\/revisions\/8582"}],"wp:featuredmedia":[{"embeddable":true,"href":"https:\/\/panoramaciudadano.com\/index.php\/wp-json\/wp\/v2\/media\/8581"}],"wp:attachment":[{"href":"https:\/\/panoramaciudadano.com\/index.php\/wp-json\/wp\/v2\/media?parent=8580"}],"wp:term":[{"taxonomy":"category","embeddable":true,"href":"https:\/\/panoramaciudadano.com\/index.php\/wp-json\/wp\/v2\/categories?post=8580"},{"taxonomy":"post_tag","embeddable":true,"href":"https:\/\/panoramaciudadano.com\/index.php\/wp-json\/wp\/v2\/tags?post=8580"}],"curies":[{"name":"wp","href":"https:\/\/api.w.org\/{rel}","templated":true}]}}