{"id":8744,"date":"2025-01-08T20:08:40","date_gmt":"2025-01-09T01:08:40","guid":{"rendered":"https:\/\/panoramaciudadano.com\/?p=8744"},"modified":"2025-01-08T20:08:41","modified_gmt":"2025-01-09T01:08:41","slug":"detienen-a-el-flaco-con-drogas-armas-largas-y-motocicleta-en-la-lopez-portillo","status":"publish","type":"post","link":"https:\/\/panoramaciudadano.com\/index.php\/2025\/01\/08\/detienen-a-el-flaco-con-drogas-armas-largas-y-motocicleta-en-la-lopez-portillo\/","title":{"rendered":"Detienen a \u00abEl Flaco\u00bb con drogas, armas largas y motocicleta en la L\u00f3pez Portillo"},"content":{"rendered":"\n<figure class=\"wp-block-image size-full\"><img decoding=\"async\" width=\"600\" height=\"455\" src=\"https:\/\/panoramaciudadano.com\/wp-content\/uploads\/2025\/01\/4-16.jpeg\" alt=\"\" class=\"wp-image-8745\" srcset=\"https:\/\/panoramaciudadano.com\/wp-content\/uploads\/2025\/01\/4-16.jpeg 600w, https:\/\/panoramaciudadano.com\/wp-content\/uploads\/2025\/01\/4-16-300x228.jpeg 300w\" sizes=\"(max-width: 600px) 100vw, 600px\" \/><\/figure>\n\n\n\n<p>Se realiza la detenci\u00f3n de Ricardo Adri\u00e1n \u201cN\u201d (a) \u00abEl Flaco\u00bb, presunto implicado contra la Salud y Violaci\u00f3n a la Ley Federal de Armas de Fuego y Explosivos.<\/p>\n\n\n\n<p>En recorridos de vigilancia, elementos de la Secretar\u00eda de Seguridad Ciudadana, se percataron de dos masculinos, uno de ellos cerca de una motocicleta de la marca Italika, color negro con verde y el otro sujeto estaba a bordo de una motocicleta tipo motocross color rojo, sin placas de circulaci\u00f3n.<\/p>\n\n\n\n<p>Se encontraban intercambiando bolsas transparentes con vegetal verde y seco con las caracter\u00edsticas similares a la marihuana. Al darse cuenta de la presencia de los oficiales, el masculino de la motocicleta tipo motocross color rojo, emprendi\u00f3 la huida.<\/p>\n\n\n\n<p>Los hechos ocurrieron sobre la Avenida L\u00f3pez Portillo kil\u00f3metro 308 y 309 a la altura de una construcci\u00f3n abandonada del municipio de Benito Ju\u00e1rez, en donde se realiz\u00f3 la revisi\u00f3n correspondiente.<\/p>\n\n\n\n<p>Se le aseguraron: 120 bolsitas de pl\u00e1stico transparentes con vegetal verde y seco con las caracter\u00edsticas similares a la marihuana, 35 bolsitas de pl\u00e1stico traslucido en forma triangular de color amarillo con estampado de color rojo con estampa de \u201cHarley Quinn\u201d, con fragmentos cristalinos con las caracter\u00edsticas similares del cristal y 25 bolsitas de pl\u00e1stico traslucido en forma triangular de color azul pixelado con estampa de color negro de vikingo con polvo color blanco con las caracter\u00edsticas similares de la coca\u00edna.<\/p>\n\n\n\n<p>Adem\u00e1s de, dos armas largas tipo carbine, calibre 5.56 mm, marca \u201cColts Law Enfocement\u201d, dos cargadores color negro, 33 cartuchos, un tel\u00e9fono color negro marca Samsung, una mochila color negro y la motocicleta de la marca Italika, color negro con verde, modelo DM 200.<\/p>\n\n\n\n<p>La puesta a disposici\u00f3n fue ante la Fiscal\u00eda Especializada en Combate al Delito de Narcomenudeo.<\/p>\n","protected":false},"excerpt":{"rendered":"<p>Se realiza la detenci\u00f3n de Ricardo Adri\u00e1n \u201cN\u201d (a) \u00abEl Flaco\u00bb, presunto implicado contra la Salud y Violaci\u00f3n a la Ley Federal de Armas de Fuego y Explosivos.<\/p>\n","protected":false},"author":1,"featured_media":8746,"comment_status":"open","ping_status":"closed","sticky":false,"template":"","format":"standard","meta":{"footnotes":""},"categories":[6],"tags":[2059],"class_list":["post-8744","post","type-post","status-publish","format-standard","has-post-thumbnail","hentry","category-cancun","tag-el-flaco"],"yoast_head":"<!-- This site is optimized with the Yoast SEO plugin v27.1.1 - https:\/\/yoast.com\/product\/yoast-seo-wordpress\/ -->\n<title>Detienen a &quot;El Flaco&quot; con drogas, armas largas y motocicleta en la L\u00f3pez Portillo - Panorama Ciudadano<\/title>\n<meta name=\"robots\" content=\"index, follow, max-snippet:-1, max-image-preview:large, max-video-preview:-1\" \/>\n<link rel=\"canonical\" href=\"https:\/\/panoramaciudadano.com\/index.php\/2025\/01\/08\/detienen-a-el-flaco-con-drogas-armas-largas-y-motocicleta-en-la-lopez-portillo\/\" \/>\n<meta property=\"og:locale\" content=\"es_ES\" \/>\n<meta property=\"og:type\" content=\"article\" \/>\n<meta property=\"og:title\" content=\"Detienen a &quot;El Flaco&quot; con drogas, armas largas y motocicleta en la L\u00f3pez Portillo - Panorama Ciudadano\" \/>\n<meta property=\"og:description\" content=\"Se realiza la detenci\u00f3n de Ricardo Adri\u00e1n \u201cN\u201d (a) &quot;El Flaco&quot;, presunto implicado contra la Salud y Violaci\u00f3n a la Ley Federal de Armas de Fuego y Explosivos.\" \/>\n<meta property=\"og:url\" content=\"https:\/\/panoramaciudadano.com\/index.php\/2025\/01\/08\/detienen-a-el-flaco-con-drogas-armas-largas-y-motocicleta-en-la-lopez-portillo\/\" \/>\n<meta property=\"og:site_name\" content=\"Panorama Ciudadano\" \/>\n<meta property=\"article:publisher\" content=\"https:\/\/www.facebook.com\/panoramaciudadano\" \/>\n<meta property=\"article:published_time\" content=\"2025-01-09T01:08:40+00:00\" \/>\n<meta property=\"article:modified_time\" content=\"2025-01-09T01:08:41+00:00\" \/>\n<meta property=\"og:image\" content=\"https:\/\/panoramaciudadano.com\/wp-content\/uploads\/2025\/01\/3-20.jpeg\" \/>\n\t<meta property=\"og:image:width\" content=\"600\" \/>\n\t<meta property=\"og:image:height\" content=\"539\" \/>\n\t<meta property=\"og:image:type\" content=\"image\/jpeg\" \/>\n<meta name=\"author\" content=\"admin\" \/>\n<meta name=\"twitter:card\" content=\"summary_large_image\" \/>\n<meta name=\"twitter:label1\" content=\"Escrito por\" \/>\n\t<meta name=\"twitter:data1\" content=\"admin\" \/>\n\t<meta name=\"twitter:label2\" content=\"Tiempo de lectura\" \/>\n\t<meta name=\"twitter:data2\" content=\"2 minutos\" \/>\n<script type=\"application\/ld+json\" class=\"yoast-schema-graph\">{\"@context\":\"https:\/\/schema.org\",\"@graph\":[{\"@type\":\"Article\",\"@id\":\"https:\/\/panoramaciudadano.com\/index.php\/2025\/01\/08\/detienen-a-el-flaco-con-drogas-armas-largas-y-motocicleta-en-la-lopez-portillo\/#article\",\"isPartOf\":{\"@id\":\"https:\/\/panoramaciudadano.com\/index.php\/2025\/01\/08\/detienen-a-el-flaco-con-drogas-armas-largas-y-motocicleta-en-la-lopez-portillo\/\"},\"author\":{\"name\":\"admin\",\"@id\":\"https:\/\/panoramaciudadano.com\/#\/schema\/person\/ffe9fe8ef47d3a93977b5761fd9e0d96\"},\"headline\":\"Detienen a \u00abEl Flaco\u00bb con drogas, armas largas y motocicleta en la L\u00f3pez Portillo\",\"datePublished\":\"2025-01-09T01:08:40+00:00\",\"dateModified\":\"2025-01-09T01:08:41+00:00\",\"mainEntityOfPage\":{\"@id\":\"https:\/\/panoramaciudadano.com\/index.php\/2025\/01\/08\/detienen-a-el-flaco-con-drogas-armas-largas-y-motocicleta-en-la-lopez-portillo\/\"},\"wordCount\":315,\"commentCount\":0,\"publisher\":{\"@id\":\"https:\/\/panoramaciudadano.com\/#organization\"},\"image\":{\"@id\":\"https:\/\/panoramaciudadano.com\/index.php\/2025\/01\/08\/detienen-a-el-flaco-con-drogas-armas-largas-y-motocicleta-en-la-lopez-portillo\/#primaryimage\"},\"thumbnailUrl\":\"https:\/\/panoramaciudadano.com\/wp-content\/uploads\/2025\/01\/3-20.jpeg\",\"keywords\":[\"El Flaco\"],\"articleSection\":[\"Canc\u00fan\"],\"inLanguage\":\"es\",\"potentialAction\":[{\"@type\":\"CommentAction\",\"name\":\"Comment\",\"target\":[\"https:\/\/panoramaciudadano.com\/index.php\/2025\/01\/08\/detienen-a-el-flaco-con-drogas-armas-largas-y-motocicleta-en-la-lopez-portillo\/#respond\"]}]},{\"@type\":\"WebPage\",\"@id\":\"https:\/\/panoramaciudadano.com\/index.php\/2025\/01\/08\/detienen-a-el-flaco-con-drogas-armas-largas-y-motocicleta-en-la-lopez-portillo\/\",\"url\":\"https:\/\/panoramaciudadano.com\/index.php\/2025\/01\/08\/detienen-a-el-flaco-con-drogas-armas-largas-y-motocicleta-en-la-lopez-portillo\/\",\"name\":\"Detienen a \\\"El Flaco\\\" con drogas, armas largas y motocicleta en la L\u00f3pez Portillo - Panorama Ciudadano\",\"isPartOf\":{\"@id\":\"https:\/\/panoramaciudadano.com\/#website\"},\"primaryImageOfPage\":{\"@id\":\"https:\/\/panoramaciudadano.com\/index.php\/2025\/01\/08\/detienen-a-el-flaco-con-drogas-armas-largas-y-motocicleta-en-la-lopez-portillo\/#primaryimage\"},\"image\":{\"@id\":\"https:\/\/panoramaciudadano.com\/index.php\/2025\/01\/08\/detienen-a-el-flaco-con-drogas-armas-largas-y-motocicleta-en-la-lopez-portillo\/#primaryimage\"},\"thumbnailUrl\":\"https:\/\/panoramaciudadano.com\/wp-content\/uploads\/2025\/01\/3-20.jpeg\",\"datePublished\":\"2025-01-09T01:08:40+00:00\",\"dateModified\":\"2025-01-09T01:08:41+00:00\",\"breadcrumb\":{\"@id\":\"https:\/\/panoramaciudadano.com\/index.php\/2025\/01\/08\/detienen-a-el-flaco-con-drogas-armas-largas-y-motocicleta-en-la-lopez-portillo\/#breadcrumb\"},\"inLanguage\":\"es\",\"potentialAction\":[{\"@type\":\"ReadAction\",\"target\":[\"https:\/\/panoramaciudadano.com\/index.php\/2025\/01\/08\/detienen-a-el-flaco-con-drogas-armas-largas-y-motocicleta-en-la-lopez-portillo\/\"]}]},{\"@type\":\"ImageObject\",\"inLanguage\":\"es\",\"@id\":\"https:\/\/panoramaciudadano.com\/index.php\/2025\/01\/08\/detienen-a-el-flaco-con-drogas-armas-largas-y-motocicleta-en-la-lopez-portillo\/#primaryimage\",\"url\":\"https:\/\/panoramaciudadano.com\/wp-content\/uploads\/2025\/01\/3-20.jpeg\",\"contentUrl\":\"https:\/\/panoramaciudadano.com\/wp-content\/uploads\/2025\/01\/3-20.jpeg\",\"width\":600,\"height\":539},{\"@type\":\"BreadcrumbList\",\"@id\":\"https:\/\/panoramaciudadano.com\/index.php\/2025\/01\/08\/detienen-a-el-flaco-con-drogas-armas-largas-y-motocicleta-en-la-lopez-portillo\/#breadcrumb\",\"itemListElement\":[{\"@type\":\"ListItem\",\"position\":1,\"name\":\"Portada\",\"item\":\"https:\/\/panoramaciudadano.com\/\"},{\"@type\":\"ListItem\",\"position\":2,\"name\":\"Detienen a \u00abEl Flaco\u00bb con drogas, armas largas y motocicleta en la L\u00f3pez Portillo\"}]},{\"@type\":\"WebSite\",\"@id\":\"https:\/\/panoramaciudadano.com\/#website\",\"url\":\"https:\/\/panoramaciudadano.com\/\",\"name\":\"Panorama Ciudadano\",\"description\":\"\",\"publisher\":{\"@id\":\"https:\/\/panoramaciudadano.com\/#organization\"},\"potentialAction\":[{\"@type\":\"SearchAction\",\"target\":{\"@type\":\"EntryPoint\",\"urlTemplate\":\"https:\/\/panoramaciudadano.com\/?s={search_term_string}\"},\"query-input\":{\"@type\":\"PropertyValueSpecification\",\"valueRequired\":true,\"valueName\":\"search_term_string\"}}],\"inLanguage\":\"es\"},{\"@type\":\"Organization\",\"@id\":\"https:\/\/panoramaciudadano.com\/#organization\",\"name\":\"Panorama Ciudadano\",\"url\":\"https:\/\/panoramaciudadano.com\/\",\"logo\":{\"@type\":\"ImageObject\",\"inLanguage\":\"es\",\"@id\":\"https:\/\/panoramaciudadano.com\/#\/schema\/logo\/image\/\",\"url\":\"https:\/\/panoramaciudadano.com\/wp-content\/uploads\/2024\/05\/401498640_919267042938564_6290593609399108733_n.jpg\",\"contentUrl\":\"https:\/\/panoramaciudadano.com\/wp-content\/uploads\/2024\/05\/401498640_919267042938564_6290593609399108733_n.jpg\",\"width\":960,\"height\":957,\"caption\":\"Panorama Ciudadano\"},\"image\":{\"@id\":\"https:\/\/panoramaciudadano.com\/#\/schema\/logo\/image\/\"},\"sameAs\":[\"https:\/\/www.facebook.com\/panoramaciudadano\"]},{\"@type\":\"Person\",\"@id\":\"https:\/\/panoramaciudadano.com\/#\/schema\/person\/ffe9fe8ef47d3a93977b5761fd9e0d96\",\"name\":\"admin\",\"image\":{\"@type\":\"ImageObject\",\"inLanguage\":\"es\",\"@id\":\"https:\/\/panoramaciudadano.com\/#\/schema\/person\/image\/\",\"url\":\"https:\/\/secure.gravatar.com\/avatar\/2d5a12cacce3f18096f25fadea8abb7202fef18ed669595589853e84260ff451?s=96&d=mm&r=g\",\"contentUrl\":\"https:\/\/secure.gravatar.com\/avatar\/2d5a12cacce3f18096f25fadea8abb7202fef18ed669595589853e84260ff451?s=96&d=mm&r=g\",\"caption\":\"admin\"},\"sameAs\":[\"https:\/\/panoramaciudadano.com\"],\"url\":\"https:\/\/panoramaciudadano.com\/index.php\/author\/admin_3q6hyqq3\/\"}]}<\/script>\n<!-- \/ Yoast SEO plugin. -->","yoast_head_json":{"title":"Detienen a \"El Flaco\" con drogas, armas largas y motocicleta en la L\u00f3pez Portillo - Panorama Ciudadano","robots":{"index":"index","follow":"follow","max-snippet":"max-snippet:-1","max-image-preview":"max-image-preview:large","max-video-preview":"max-video-preview:-1"},"canonical":"https:\/\/panoramaciudadano.com\/index.php\/2025\/01\/08\/detienen-a-el-flaco-con-drogas-armas-largas-y-motocicleta-en-la-lopez-portillo\/","og_locale":"es_ES","og_type":"article","og_title":"Detienen a \"El Flaco\" con drogas, armas largas y motocicleta en la L\u00f3pez Portillo - Panorama Ciudadano","og_description":"Se realiza la detenci\u00f3n de Ricardo Adri\u00e1n \u201cN\u201d (a) \"El Flaco\", presunto implicado contra la Salud y Violaci\u00f3n a la Ley Federal de Armas de Fuego y Explosivos.","og_url":"https:\/\/panoramaciudadano.com\/index.php\/2025\/01\/08\/detienen-a-el-flaco-con-drogas-armas-largas-y-motocicleta-en-la-lopez-portillo\/","og_site_name":"Panorama Ciudadano","article_publisher":"https:\/\/www.facebook.com\/panoramaciudadano","article_published_time":"2025-01-09T01:08:40+00:00","article_modified_time":"2025-01-09T01:08:41+00:00","og_image":[{"width":600,"height":539,"url":"https:\/\/panoramaciudadano.com\/wp-content\/uploads\/2025\/01\/3-20.jpeg","type":"image\/jpeg"}],"author":"admin","twitter_card":"summary_large_image","twitter_misc":{"Escrito por":"admin","Tiempo de lectura":"2 minutos"},"schema":{"@context":"https:\/\/schema.org","@graph":[{"@type":"Article","@id":"https:\/\/panoramaciudadano.com\/index.php\/2025\/01\/08\/detienen-a-el-flaco-con-drogas-armas-largas-y-motocicleta-en-la-lopez-portillo\/#article","isPartOf":{"@id":"https:\/\/panoramaciudadano.com\/index.php\/2025\/01\/08\/detienen-a-el-flaco-con-drogas-armas-largas-y-motocicleta-en-la-lopez-portillo\/"},"author":{"name":"admin","@id":"https:\/\/panoramaciudadano.com\/#\/schema\/person\/ffe9fe8ef47d3a93977b5761fd9e0d96"},"headline":"Detienen a \u00abEl Flaco\u00bb con drogas, armas largas y motocicleta en la L\u00f3pez Portillo","datePublished":"2025-01-09T01:08:40+00:00","dateModified":"2025-01-09T01:08:41+00:00","mainEntityOfPage":{"@id":"https:\/\/panoramaciudadano.com\/index.php\/2025\/01\/08\/detienen-a-el-flaco-con-drogas-armas-largas-y-motocicleta-en-la-lopez-portillo\/"},"wordCount":315,"commentCount":0,"publisher":{"@id":"https:\/\/panoramaciudadano.com\/#organization"},"image":{"@id":"https:\/\/panoramaciudadano.com\/index.php\/2025\/01\/08\/detienen-a-el-flaco-con-drogas-armas-largas-y-motocicleta-en-la-lopez-portillo\/#primaryimage"},"thumbnailUrl":"https:\/\/panoramaciudadano.com\/wp-content\/uploads\/2025\/01\/3-20.jpeg","keywords":["El Flaco"],"articleSection":["Canc\u00fan"],"inLanguage":"es","potentialAction":[{"@type":"CommentAction","name":"Comment","target":["https:\/\/panoramaciudadano.com\/index.php\/2025\/01\/08\/detienen-a-el-flaco-con-drogas-armas-largas-y-motocicleta-en-la-lopez-portillo\/#respond"]}]},{"@type":"WebPage","@id":"https:\/\/panoramaciudadano.com\/index.php\/2025\/01\/08\/detienen-a-el-flaco-con-drogas-armas-largas-y-motocicleta-en-la-lopez-portillo\/","url":"https:\/\/panoramaciudadano.com\/index.php\/2025\/01\/08\/detienen-a-el-flaco-con-drogas-armas-largas-y-motocicleta-en-la-lopez-portillo\/","name":"Detienen a \"El Flaco\" con drogas, armas largas y motocicleta en la L\u00f3pez Portillo - Panorama Ciudadano","isPartOf":{"@id":"https:\/\/panoramaciudadano.com\/#website"},"primaryImageOfPage":{"@id":"https:\/\/panoramaciudadano.com\/index.php\/2025\/01\/08\/detienen-a-el-flaco-con-drogas-armas-largas-y-motocicleta-en-la-lopez-portillo\/#primaryimage"},"image":{"@id":"https:\/\/panoramaciudadano.com\/index.php\/2025\/01\/08\/detienen-a-el-flaco-con-drogas-armas-largas-y-motocicleta-en-la-lopez-portillo\/#primaryimage"},"thumbnailUrl":"https:\/\/panoramaciudadano.com\/wp-content\/uploads\/2025\/01\/3-20.jpeg","datePublished":"2025-01-09T01:08:40+00:00","dateModified":"2025-01-09T01:08:41+00:00","breadcrumb":{"@id":"https:\/\/panoramaciudadano.com\/index.php\/2025\/01\/08\/detienen-a-el-flaco-con-drogas-armas-largas-y-motocicleta-en-la-lopez-portillo\/#breadcrumb"},"inLanguage":"es","potentialAction":[{"@type":"ReadAction","target":["https:\/\/panoramaciudadano.com\/index.php\/2025\/01\/08\/detienen-a-el-flaco-con-drogas-armas-largas-y-motocicleta-en-la-lopez-portillo\/"]}]},{"@type":"ImageObject","inLanguage":"es","@id":"https:\/\/panoramaciudadano.com\/index.php\/2025\/01\/08\/detienen-a-el-flaco-con-drogas-armas-largas-y-motocicleta-en-la-lopez-portillo\/#primaryimage","url":"https:\/\/panoramaciudadano.com\/wp-content\/uploads\/2025\/01\/3-20.jpeg","contentUrl":"https:\/\/panoramaciudadano.com\/wp-content\/uploads\/2025\/01\/3-20.jpeg","width":600,"height":539},{"@type":"BreadcrumbList","@id":"https:\/\/panoramaciudadano.com\/index.php\/2025\/01\/08\/detienen-a-el-flaco-con-drogas-armas-largas-y-motocicleta-en-la-lopez-portillo\/#breadcrumb","itemListElement":[{"@type":"ListItem","position":1,"name":"Portada","item":"https:\/\/panoramaciudadano.com\/"},{"@type":"ListItem","position":2,"name":"Detienen a \u00abEl Flaco\u00bb con drogas, armas largas y motocicleta en la L\u00f3pez Portillo"}]},{"@type":"WebSite","@id":"https:\/\/panoramaciudadano.com\/#website","url":"https:\/\/panoramaciudadano.com\/","name":"Panorama Ciudadano","description":"","publisher":{"@id":"https:\/\/panoramaciudadano.com\/#organization"},"potentialAction":[{"@type":"SearchAction","target":{"@type":"EntryPoint","urlTemplate":"https:\/\/panoramaciudadano.com\/?s={search_term_string}"},"query-input":{"@type":"PropertyValueSpecification","valueRequired":true,"valueName":"search_term_string"}}],"inLanguage":"es"},{"@type":"Organization","@id":"https:\/\/panoramaciudadano.com\/#organization","name":"Panorama Ciudadano","url":"https:\/\/panoramaciudadano.com\/","logo":{"@type":"ImageObject","inLanguage":"es","@id":"https:\/\/panoramaciudadano.com\/#\/schema\/logo\/image\/","url":"https:\/\/panoramaciudadano.com\/wp-content\/uploads\/2024\/05\/401498640_919267042938564_6290593609399108733_n.jpg","contentUrl":"https:\/\/panoramaciudadano.com\/wp-content\/uploads\/2024\/05\/401498640_919267042938564_6290593609399108733_n.jpg","width":960,"height":957,"caption":"Panorama Ciudadano"},"image":{"@id":"https:\/\/panoramaciudadano.com\/#\/schema\/logo\/image\/"},"sameAs":["https:\/\/www.facebook.com\/panoramaciudadano"]},{"@type":"Person","@id":"https:\/\/panoramaciudadano.com\/#\/schema\/person\/ffe9fe8ef47d3a93977b5761fd9e0d96","name":"admin","image":{"@type":"ImageObject","inLanguage":"es","@id":"https:\/\/panoramaciudadano.com\/#\/schema\/person\/image\/","url":"https:\/\/secure.gravatar.com\/avatar\/2d5a12cacce3f18096f25fadea8abb7202fef18ed669595589853e84260ff451?s=96&d=mm&r=g","contentUrl":"https:\/\/secure.gravatar.com\/avatar\/2d5a12cacce3f18096f25fadea8abb7202fef18ed669595589853e84260ff451?s=96&d=mm&r=g","caption":"admin"},"sameAs":["https:\/\/panoramaciudadano.com"],"url":"https:\/\/panoramaciudadano.com\/index.php\/author\/admin_3q6hyqq3\/"}]}},"_links":{"self":[{"href":"https:\/\/panoramaciudadano.com\/index.php\/wp-json\/wp\/v2\/posts\/8744","targetHints":{"allow":["GET"]}}],"collection":[{"href":"https:\/\/panoramaciudadano.com\/index.php\/wp-json\/wp\/v2\/posts"}],"about":[{"href":"https:\/\/panoramaciudadano.com\/index.php\/wp-json\/wp\/v2\/types\/post"}],"author":[{"embeddable":true,"href":"https:\/\/panoramaciudadano.com\/index.php\/wp-json\/wp\/v2\/users\/1"}],"replies":[{"embeddable":true,"href":"https:\/\/panoramaciudadano.com\/index.php\/wp-json\/wp\/v2\/comments?post=8744"}],"version-history":[{"count":1,"href":"https:\/\/panoramaciudadano.com\/index.php\/wp-json\/wp\/v2\/posts\/8744\/revisions"}],"predecessor-version":[{"id":8747,"href":"https:\/\/panoramaciudadano.com\/index.php\/wp-json\/wp\/v2\/posts\/8744\/revisions\/8747"}],"wp:featuredmedia":[{"embeddable":true,"href":"https:\/\/panoramaciudadano.com\/index.php\/wp-json\/wp\/v2\/media\/8746"}],"wp:attachment":[{"href":"https:\/\/panoramaciudadano.com\/index.php\/wp-json\/wp\/v2\/media?parent=8744"}],"wp:term":[{"taxonomy":"category","embeddable":true,"href":"https:\/\/panoramaciudadano.com\/index.php\/wp-json\/wp\/v2\/categories?post=8744"},{"taxonomy":"post_tag","embeddable":true,"href":"https:\/\/panoramaciudadano.com\/index.php\/wp-json\/wp\/v2\/tags?post=8744"}],"curies":[{"name":"wp","href":"https:\/\/api.w.org\/{rel}","templated":true}]}}