{"id":884,"date":"2024-06-26T18:42:20","date_gmt":"2024-06-26T18:42:20","guid":{"rendered":"https:\/\/panoramaciudadano.com\/?p=884"},"modified":"2024-06-26T18:42:21","modified_gmt":"2024-06-26T18:42:21","slug":"atenea-gomez-ricalde-fortalece-al-cuerpo-de-bomberos-con-entrega-de-nueva-unidad-de-rescate","status":"publish","type":"post","link":"https:\/\/panoramaciudadano.com\/index.php\/2024\/06\/26\/atenea-gomez-ricalde-fortalece-al-cuerpo-de-bomberos-con-entrega-de-nueva-unidad-de-rescate\/","title":{"rendered":"Atenea G\u00f3mez Ricalde fortalece al Cuerpo de Bomberos con entrega de nueva unidad de rescate"},"content":{"rendered":"\n<figure class=\"wp-block-image size-large\"><img decoding=\"async\" width=\"1024\" height=\"682\" src=\"https:\/\/panoramaciudadano.com\/wp-content\/uploads\/2024\/06\/WhatsApp-Image-2024-06-26-at-12.37.35-1024x682.jpeg\" alt=\"\" class=\"wp-image-885\" srcset=\"https:\/\/panoramaciudadano.com\/wp-content\/uploads\/2024\/06\/WhatsApp-Image-2024-06-26-at-12.37.35-1024x682.jpeg 1024w, https:\/\/panoramaciudadano.com\/wp-content\/uploads\/2024\/06\/WhatsApp-Image-2024-06-26-at-12.37.35-300x200.jpeg 300w, https:\/\/panoramaciudadano.com\/wp-content\/uploads\/2024\/06\/WhatsApp-Image-2024-06-26-at-12.37.35-768x512.jpeg 768w, https:\/\/panoramaciudadano.com\/wp-content\/uploads\/2024\/06\/WhatsApp-Image-2024-06-26-at-12.37.35-1536x1023.jpeg 1536w, https:\/\/panoramaciudadano.com\/wp-content\/uploads\/2024\/06\/WhatsApp-Image-2024-06-26-at-12.37.35.jpeg 1600w\" sizes=\"(max-width: 1024px) 100vw, 1024px\" \/><\/figure>\n\n\n\n<p>La Presidenta Municipal de Isla Mujeres, Atenea G\u00f3mez Ricalde, entreg\u00f3 una Unidad M\u00f3vil de Bomberos a la Direcci\u00f3n de Protecci\u00f3n Civil y Bomberos, con la finalidad de mejorar el servicio y actuar de manera oportuna e inmediata ante la presencia de situaciones de emergencia o contingencia, en los que la ciudadan\u00eda y turistas requieran auxilio.<\/p>\n\n\n\n<p>La alcaldesa isle\u00f1a, detall\u00f3 que para fortalecer a la corporaci\u00f3n, esta unidad fue adquirida con recursos propios del Ayuntamiento, gracias a las finanzas sanas del municipio, reiterando que cuando se da un destino correcto a los recursos, alcanza para todo.<\/p>\n\n\n\n<p>Asimismo, explic\u00f3 que la inversi\u00f3n para la obtenci\u00f3n de la unidad es hist\u00f3rica, lo que demuestra que la transformaci\u00f3n avanza en Isla Mujeres, generando bienestar y prosperidad compartida para las familias isle\u00f1as.<\/p>\n\n\n\n<p>La alcaldesa isle\u00f1a agreg\u00f3 que el veh\u00edculo nuevo tiene una capacidad de tres mil litros, cuenta con una unidad de ataque y rescate r\u00e1pido, lo que permite intervenir en labores de control, incendios y rescate de v\u00edctimas.<\/p>\n\n\n\n<figure class=\"wp-block-gallery has-nested-images columns-default is-cropped wp-block-gallery-1 is-layout-flex wp-block-gallery-is-layout-flex\">\n<figure class=\"wp-block-image size-large\"><img decoding=\"async\" width=\"1024\" height=\"682\" data-id=\"888\" src=\"https:\/\/panoramaciudadano.com\/wp-content\/uploads\/2024\/06\/2-17-1024x682.jpeg\" alt=\"\" class=\"wp-image-888\" srcset=\"https:\/\/panoramaciudadano.com\/wp-content\/uploads\/2024\/06\/2-17-1024x682.jpeg 1024w, https:\/\/panoramaciudadano.com\/wp-content\/uploads\/2024\/06\/2-17-300x200.jpeg 300w, https:\/\/panoramaciudadano.com\/wp-content\/uploads\/2024\/06\/2-17-768x512.jpeg 768w, https:\/\/panoramaciudadano.com\/wp-content\/uploads\/2024\/06\/2-17-1536x1023.jpeg 1536w, https:\/\/panoramaciudadano.com\/wp-content\/uploads\/2024\/06\/2-17.jpeg 1600w\" sizes=\"(max-width: 1024px) 100vw, 1024px\" \/><\/figure>\n\n\n\n<figure class=\"wp-block-image size-large\"><img decoding=\"async\" width=\"1024\" height=\"622\" data-id=\"887\" src=\"https:\/\/panoramaciudadano.com\/wp-content\/uploads\/2024\/06\/3-16-1024x622.jpeg\" alt=\"\" class=\"wp-image-887\" srcset=\"https:\/\/panoramaciudadano.com\/wp-content\/uploads\/2024\/06\/3-16-1024x622.jpeg 1024w, https:\/\/panoramaciudadano.com\/wp-content\/uploads\/2024\/06\/3-16-300x182.jpeg 300w, https:\/\/panoramaciudadano.com\/wp-content\/uploads\/2024\/06\/3-16-768x467.jpeg 768w, https:\/\/panoramaciudadano.com\/wp-content\/uploads\/2024\/06\/3-16-1536x933.jpeg 1536w, https:\/\/panoramaciudadano.com\/wp-content\/uploads\/2024\/06\/3-16.jpeg 1600w\" sizes=\"(max-width: 1024px) 100vw, 1024px\" \/><\/figure>\n\n\n\n<figure class=\"wp-block-image size-large\"><img decoding=\"async\" width=\"1024\" height=\"682\" data-id=\"886\" src=\"https:\/\/panoramaciudadano.com\/wp-content\/uploads\/2024\/06\/4-17-1024x682.jpeg\" alt=\"\" class=\"wp-image-886\" srcset=\"https:\/\/panoramaciudadano.com\/wp-content\/uploads\/2024\/06\/4-17-1024x682.jpeg 1024w, https:\/\/panoramaciudadano.com\/wp-content\/uploads\/2024\/06\/4-17-300x200.jpeg 300w, https:\/\/panoramaciudadano.com\/wp-content\/uploads\/2024\/06\/4-17-768x512.jpeg 768w, https:\/\/panoramaciudadano.com\/wp-content\/uploads\/2024\/06\/4-17-1536x1023.jpeg 1536w, https:\/\/panoramaciudadano.com\/wp-content\/uploads\/2024\/06\/4-17.jpeg 1600w\" sizes=\"(max-width: 1024px) 100vw, 1024px\" \/><\/figure>\n<\/figure>\n\n\n\n<p>A la entrega de la unidad, la cual se llev\u00f3 a cabo en las instalaciones de la Direcci\u00f3n de Seguridad Ciudadana y Tr\u00e1nsito de la Zona Insular, asistieron las alumnas y alumnos del k\u00ednder Jean Piaget y de la primaria Julio Sauri Espinoza del Turno Matutino, quienes tuvieron la oportunidad de subirse a la unidad nueva, conocer m\u00e1s acerca de la invaluable labor que realiza el H. Cuerpo de Bomberos, para posteriormente disfrutar de un refrigerio en compa\u00f1\u00eda de la alcaldesa y autoridades municipales. Asimismo, se les realiz\u00f3 un recorrido en las instalaciones de la Casa del Polic\u00eda.<\/p>\n\n\n\n<p>A trav\u00e9s de estas acciones, Isla Mujeres se suma al Nuevo Acuerdo por el Bienestar y Desarrollo de Quintana Roo que impulsa la Gobernadora Mara Lezama Espinoza, generando bienestar acortando las brechas de la desigualdad.<\/p>\n","protected":false},"excerpt":{"rendered":"<p>La Presidenta Municipal de Isla Mujeres, Atenea G\u00f3mez Ricalde, entreg\u00f3 una Unidad M\u00f3vil de Bomberos a la Direcci\u00f3n de Protecci\u00f3n Civil y Bomberos, con la finalidad de mejorar el servicio y actuar de manera oportuna e inmediata ante la presencia de situaciones de emergencia o contingencia, en los que la ciudadan\u00eda y turistas requieran auxilio.<\/p>\n","protected":false},"author":1,"featured_media":888,"comment_status":"open","ping_status":"closed","sticky":false,"template":"","format":"standard","meta":{"footnotes":""},"categories":[12],"tags":[336,555,556,250,259,360],"class_list":["post-884","post","type-post","status-publish","format-standard","has-post-thumbnail","hentry","category-isla-mujeres","tag-atenea-gomez-ricalde","tag-bomberos-a-la-direccion-de-proteccion-civil-y-bomberos","tag-h-cuerpo-de-bomberos","tag-isla-mujeres","tag-mara-lezama","tag-nuevo-acuerdo-del-binestar"],"yoast_head":"<!-- This site is optimized with the Yoast SEO plugin v27.1.1 - https:\/\/yoast.com\/product\/yoast-seo-wordpress\/ -->\n<title>Atenea G\u00f3mez Ricalde fortalece al Cuerpo de Bomberos con entrega de nueva unidad de rescate - Panorama Ciudadano<\/title>\n<meta name=\"robots\" content=\"index, follow, max-snippet:-1, max-image-preview:large, max-video-preview:-1\" \/>\n<link rel=\"canonical\" href=\"https:\/\/panoramaciudadano.com\/index.php\/2024\/06\/26\/atenea-gomez-ricalde-fortalece-al-cuerpo-de-bomberos-con-entrega-de-nueva-unidad-de-rescate\/\" \/>\n<meta property=\"og:locale\" content=\"es_ES\" \/>\n<meta property=\"og:type\" content=\"article\" \/>\n<meta property=\"og:title\" content=\"Atenea G\u00f3mez Ricalde fortalece al Cuerpo de Bomberos con entrega de nueva unidad de rescate - Panorama Ciudadano\" \/>\n<meta property=\"og:description\" content=\"La Presidenta Municipal de Isla Mujeres, Atenea G\u00f3mez Ricalde, entreg\u00f3 una Unidad M\u00f3vil de Bomberos a la Direcci\u00f3n de Protecci\u00f3n Civil y Bomberos, con la finalidad de mejorar el servicio y actuar de manera oportuna e inmediata ante la presencia de situaciones de emergencia o contingencia, en los que la ciudadan\u00eda y turistas requieran auxilio.\" \/>\n<meta property=\"og:url\" content=\"https:\/\/panoramaciudadano.com\/index.php\/2024\/06\/26\/atenea-gomez-ricalde-fortalece-al-cuerpo-de-bomberos-con-entrega-de-nueva-unidad-de-rescate\/\" \/>\n<meta property=\"og:site_name\" content=\"Panorama Ciudadano\" \/>\n<meta property=\"article:publisher\" content=\"https:\/\/www.facebook.com\/panoramaciudadano\" \/>\n<meta property=\"article:published_time\" content=\"2024-06-26T18:42:20+00:00\" \/>\n<meta property=\"article:modified_time\" content=\"2024-06-26T18:42:21+00:00\" \/>\n<meta property=\"og:image\" content=\"https:\/\/panoramaciudadano.com\/wp-content\/uploads\/2024\/06\/2-17.jpeg\" \/>\n\t<meta property=\"og:image:width\" content=\"1600\" \/>\n\t<meta property=\"og:image:height\" content=\"1066\" \/>\n\t<meta property=\"og:image:type\" content=\"image\/jpeg\" \/>\n<meta name=\"author\" content=\"admin\" \/>\n<meta name=\"twitter:card\" content=\"summary_large_image\" \/>\n<meta name=\"twitter:label1\" content=\"Escrito por\" \/>\n\t<meta name=\"twitter:data1\" content=\"admin\" \/>\n\t<meta name=\"twitter:label2\" content=\"Tiempo de lectura\" \/>\n\t<meta name=\"twitter:data2\" content=\"3 minutos\" \/>\n<script type=\"application\/ld+json\" class=\"yoast-schema-graph\">{\"@context\":\"https:\/\/schema.org\",\"@graph\":[{\"@type\":\"Article\",\"@id\":\"https:\/\/panoramaciudadano.com\/index.php\/2024\/06\/26\/atenea-gomez-ricalde-fortalece-al-cuerpo-de-bomberos-con-entrega-de-nueva-unidad-de-rescate\/#article\",\"isPartOf\":{\"@id\":\"https:\/\/panoramaciudadano.com\/index.php\/2024\/06\/26\/atenea-gomez-ricalde-fortalece-al-cuerpo-de-bomberos-con-entrega-de-nueva-unidad-de-rescate\/\"},\"author\":{\"name\":\"admin\",\"@id\":\"https:\/\/panoramaciudadano.com\/#\/schema\/person\/ffe9fe8ef47d3a93977b5761fd9e0d96\"},\"headline\":\"Atenea G\u00f3mez Ricalde fortalece al Cuerpo de Bomberos con entrega de nueva unidad de rescate\",\"datePublished\":\"2024-06-26T18:42:20+00:00\",\"dateModified\":\"2024-06-26T18:42:21+00:00\",\"mainEntityOfPage\":{\"@id\":\"https:\/\/panoramaciudadano.com\/index.php\/2024\/06\/26\/atenea-gomez-ricalde-fortalece-al-cuerpo-de-bomberos-con-entrega-de-nueva-unidad-de-rescate\/\"},\"wordCount\":336,\"commentCount\":0,\"publisher\":{\"@id\":\"https:\/\/panoramaciudadano.com\/#organization\"},\"image\":{\"@id\":\"https:\/\/panoramaciudadano.com\/index.php\/2024\/06\/26\/atenea-gomez-ricalde-fortalece-al-cuerpo-de-bomberos-con-entrega-de-nueva-unidad-de-rescate\/#primaryimage\"},\"thumbnailUrl\":\"https:\/\/panoramaciudadano.com\/wp-content\/uploads\/2024\/06\/2-17.jpeg\",\"keywords\":[\"Atenea G\u00f3mez Ricalde\",\"Bomberos a la Direcci\u00f3n de Protecci\u00f3n Civil y Bomberos\",\"H. Cuerpo de Bomberos\",\"Isla Mujeres\",\"Mara Lezama\",\"Nuevo Acuerdo del Binestar\"],\"articleSection\":[\"Isla Mujeres\"],\"inLanguage\":\"es\",\"potentialAction\":[{\"@type\":\"CommentAction\",\"name\":\"Comment\",\"target\":[\"https:\/\/panoramaciudadano.com\/index.php\/2024\/06\/26\/atenea-gomez-ricalde-fortalece-al-cuerpo-de-bomberos-con-entrega-de-nueva-unidad-de-rescate\/#respond\"]}]},{\"@type\":\"WebPage\",\"@id\":\"https:\/\/panoramaciudadano.com\/index.php\/2024\/06\/26\/atenea-gomez-ricalde-fortalece-al-cuerpo-de-bomberos-con-entrega-de-nueva-unidad-de-rescate\/\",\"url\":\"https:\/\/panoramaciudadano.com\/index.php\/2024\/06\/26\/atenea-gomez-ricalde-fortalece-al-cuerpo-de-bomberos-con-entrega-de-nueva-unidad-de-rescate\/\",\"name\":\"Atenea G\u00f3mez Ricalde fortalece al Cuerpo de Bomberos con entrega de nueva unidad de rescate - Panorama Ciudadano\",\"isPartOf\":{\"@id\":\"https:\/\/panoramaciudadano.com\/#website\"},\"primaryImageOfPage\":{\"@id\":\"https:\/\/panoramaciudadano.com\/index.php\/2024\/06\/26\/atenea-gomez-ricalde-fortalece-al-cuerpo-de-bomberos-con-entrega-de-nueva-unidad-de-rescate\/#primaryimage\"},\"image\":{\"@id\":\"https:\/\/panoramaciudadano.com\/index.php\/2024\/06\/26\/atenea-gomez-ricalde-fortalece-al-cuerpo-de-bomberos-con-entrega-de-nueva-unidad-de-rescate\/#primaryimage\"},\"thumbnailUrl\":\"https:\/\/panoramaciudadano.com\/wp-content\/uploads\/2024\/06\/2-17.jpeg\",\"datePublished\":\"2024-06-26T18:42:20+00:00\",\"dateModified\":\"2024-06-26T18:42:21+00:00\",\"breadcrumb\":{\"@id\":\"https:\/\/panoramaciudadano.com\/index.php\/2024\/06\/26\/atenea-gomez-ricalde-fortalece-al-cuerpo-de-bomberos-con-entrega-de-nueva-unidad-de-rescate\/#breadcrumb\"},\"inLanguage\":\"es\",\"potentialAction\":[{\"@type\":\"ReadAction\",\"target\":[\"https:\/\/panoramaciudadano.com\/index.php\/2024\/06\/26\/atenea-gomez-ricalde-fortalece-al-cuerpo-de-bomberos-con-entrega-de-nueva-unidad-de-rescate\/\"]}]},{\"@type\":\"ImageObject\",\"inLanguage\":\"es\",\"@id\":\"https:\/\/panoramaciudadano.com\/index.php\/2024\/06\/26\/atenea-gomez-ricalde-fortalece-al-cuerpo-de-bomberos-con-entrega-de-nueva-unidad-de-rescate\/#primaryimage\",\"url\":\"https:\/\/panoramaciudadano.com\/wp-content\/uploads\/2024\/06\/2-17.jpeg\",\"contentUrl\":\"https:\/\/panoramaciudadano.com\/wp-content\/uploads\/2024\/06\/2-17.jpeg\",\"width\":1600,\"height\":1066},{\"@type\":\"BreadcrumbList\",\"@id\":\"https:\/\/panoramaciudadano.com\/index.php\/2024\/06\/26\/atenea-gomez-ricalde-fortalece-al-cuerpo-de-bomberos-con-entrega-de-nueva-unidad-de-rescate\/#breadcrumb\",\"itemListElement\":[{\"@type\":\"ListItem\",\"position\":1,\"name\":\"Portada\",\"item\":\"https:\/\/panoramaciudadano.com\/\"},{\"@type\":\"ListItem\",\"position\":2,\"name\":\"Atenea G\u00f3mez Ricalde fortalece al Cuerpo de Bomberos con entrega de nueva unidad de rescate\"}]},{\"@type\":\"WebSite\",\"@id\":\"https:\/\/panoramaciudadano.com\/#website\",\"url\":\"https:\/\/panoramaciudadano.com\/\",\"name\":\"Panorama Ciudadano\",\"description\":\"\",\"publisher\":{\"@id\":\"https:\/\/panoramaciudadano.com\/#organization\"},\"potentialAction\":[{\"@type\":\"SearchAction\",\"target\":{\"@type\":\"EntryPoint\",\"urlTemplate\":\"https:\/\/panoramaciudadano.com\/?s={search_term_string}\"},\"query-input\":{\"@type\":\"PropertyValueSpecification\",\"valueRequired\":true,\"valueName\":\"search_term_string\"}}],\"inLanguage\":\"es\"},{\"@type\":\"Organization\",\"@id\":\"https:\/\/panoramaciudadano.com\/#organization\",\"name\":\"Panorama Ciudadano\",\"url\":\"https:\/\/panoramaciudadano.com\/\",\"logo\":{\"@type\":\"ImageObject\",\"inLanguage\":\"es\",\"@id\":\"https:\/\/panoramaciudadano.com\/#\/schema\/logo\/image\/\",\"url\":\"https:\/\/panoramaciudadano.com\/wp-content\/uploads\/2024\/05\/401498640_919267042938564_6290593609399108733_n.jpg\",\"contentUrl\":\"https:\/\/panoramaciudadano.com\/wp-content\/uploads\/2024\/05\/401498640_919267042938564_6290593609399108733_n.jpg\",\"width\":960,\"height\":957,\"caption\":\"Panorama Ciudadano\"},\"image\":{\"@id\":\"https:\/\/panoramaciudadano.com\/#\/schema\/logo\/image\/\"},\"sameAs\":[\"https:\/\/www.facebook.com\/panoramaciudadano\"]},{\"@type\":\"Person\",\"@id\":\"https:\/\/panoramaciudadano.com\/#\/schema\/person\/ffe9fe8ef47d3a93977b5761fd9e0d96\",\"name\":\"admin\",\"image\":{\"@type\":\"ImageObject\",\"inLanguage\":\"es\",\"@id\":\"https:\/\/panoramaciudadano.com\/#\/schema\/person\/image\/\",\"url\":\"https:\/\/secure.gravatar.com\/avatar\/2d5a12cacce3f18096f25fadea8abb7202fef18ed669595589853e84260ff451?s=96&d=mm&r=g\",\"contentUrl\":\"https:\/\/secure.gravatar.com\/avatar\/2d5a12cacce3f18096f25fadea8abb7202fef18ed669595589853e84260ff451?s=96&d=mm&r=g\",\"caption\":\"admin\"},\"sameAs\":[\"https:\/\/panoramaciudadano.com\"],\"url\":\"https:\/\/panoramaciudadano.com\/index.php\/author\/admin_3q6hyqq3\/\"}]}<\/script>\n<!-- \/ Yoast SEO plugin. -->","yoast_head_json":{"title":"Atenea G\u00f3mez Ricalde fortalece al Cuerpo de Bomberos con entrega de nueva unidad de rescate - Panorama Ciudadano","robots":{"index":"index","follow":"follow","max-snippet":"max-snippet:-1","max-image-preview":"max-image-preview:large","max-video-preview":"max-video-preview:-1"},"canonical":"https:\/\/panoramaciudadano.com\/index.php\/2024\/06\/26\/atenea-gomez-ricalde-fortalece-al-cuerpo-de-bomberos-con-entrega-de-nueva-unidad-de-rescate\/","og_locale":"es_ES","og_type":"article","og_title":"Atenea G\u00f3mez Ricalde fortalece al Cuerpo de Bomberos con entrega de nueva unidad de rescate - Panorama Ciudadano","og_description":"La Presidenta Municipal de Isla Mujeres, Atenea G\u00f3mez Ricalde, entreg\u00f3 una Unidad M\u00f3vil de Bomberos a la Direcci\u00f3n de Protecci\u00f3n Civil y Bomberos, con la finalidad de mejorar el servicio y actuar de manera oportuna e inmediata ante la presencia de situaciones de emergencia o contingencia, en los que la ciudadan\u00eda y turistas requieran auxilio.","og_url":"https:\/\/panoramaciudadano.com\/index.php\/2024\/06\/26\/atenea-gomez-ricalde-fortalece-al-cuerpo-de-bomberos-con-entrega-de-nueva-unidad-de-rescate\/","og_site_name":"Panorama Ciudadano","article_publisher":"https:\/\/www.facebook.com\/panoramaciudadano","article_published_time":"2024-06-26T18:42:20+00:00","article_modified_time":"2024-06-26T18:42:21+00:00","og_image":[{"width":1600,"height":1066,"url":"https:\/\/panoramaciudadano.com\/wp-content\/uploads\/2024\/06\/2-17.jpeg","type":"image\/jpeg"}],"author":"admin","twitter_card":"summary_large_image","twitter_misc":{"Escrito por":"admin","Tiempo de lectura":"3 minutos"},"schema":{"@context":"https:\/\/schema.org","@graph":[{"@type":"Article","@id":"https:\/\/panoramaciudadano.com\/index.php\/2024\/06\/26\/atenea-gomez-ricalde-fortalece-al-cuerpo-de-bomberos-con-entrega-de-nueva-unidad-de-rescate\/#article","isPartOf":{"@id":"https:\/\/panoramaciudadano.com\/index.php\/2024\/06\/26\/atenea-gomez-ricalde-fortalece-al-cuerpo-de-bomberos-con-entrega-de-nueva-unidad-de-rescate\/"},"author":{"name":"admin","@id":"https:\/\/panoramaciudadano.com\/#\/schema\/person\/ffe9fe8ef47d3a93977b5761fd9e0d96"},"headline":"Atenea G\u00f3mez Ricalde fortalece al Cuerpo de Bomberos con entrega de nueva unidad de rescate","datePublished":"2024-06-26T18:42:20+00:00","dateModified":"2024-06-26T18:42:21+00:00","mainEntityOfPage":{"@id":"https:\/\/panoramaciudadano.com\/index.php\/2024\/06\/26\/atenea-gomez-ricalde-fortalece-al-cuerpo-de-bomberos-con-entrega-de-nueva-unidad-de-rescate\/"},"wordCount":336,"commentCount":0,"publisher":{"@id":"https:\/\/panoramaciudadano.com\/#organization"},"image":{"@id":"https:\/\/panoramaciudadano.com\/index.php\/2024\/06\/26\/atenea-gomez-ricalde-fortalece-al-cuerpo-de-bomberos-con-entrega-de-nueva-unidad-de-rescate\/#primaryimage"},"thumbnailUrl":"https:\/\/panoramaciudadano.com\/wp-content\/uploads\/2024\/06\/2-17.jpeg","keywords":["Atenea G\u00f3mez Ricalde","Bomberos a la Direcci\u00f3n de Protecci\u00f3n Civil y Bomberos","H. Cuerpo de Bomberos","Isla Mujeres","Mara Lezama","Nuevo Acuerdo del Binestar"],"articleSection":["Isla Mujeres"],"inLanguage":"es","potentialAction":[{"@type":"CommentAction","name":"Comment","target":["https:\/\/panoramaciudadano.com\/index.php\/2024\/06\/26\/atenea-gomez-ricalde-fortalece-al-cuerpo-de-bomberos-con-entrega-de-nueva-unidad-de-rescate\/#respond"]}]},{"@type":"WebPage","@id":"https:\/\/panoramaciudadano.com\/index.php\/2024\/06\/26\/atenea-gomez-ricalde-fortalece-al-cuerpo-de-bomberos-con-entrega-de-nueva-unidad-de-rescate\/","url":"https:\/\/panoramaciudadano.com\/index.php\/2024\/06\/26\/atenea-gomez-ricalde-fortalece-al-cuerpo-de-bomberos-con-entrega-de-nueva-unidad-de-rescate\/","name":"Atenea G\u00f3mez Ricalde fortalece al Cuerpo de Bomberos con entrega de nueva unidad de rescate - Panorama Ciudadano","isPartOf":{"@id":"https:\/\/panoramaciudadano.com\/#website"},"primaryImageOfPage":{"@id":"https:\/\/panoramaciudadano.com\/index.php\/2024\/06\/26\/atenea-gomez-ricalde-fortalece-al-cuerpo-de-bomberos-con-entrega-de-nueva-unidad-de-rescate\/#primaryimage"},"image":{"@id":"https:\/\/panoramaciudadano.com\/index.php\/2024\/06\/26\/atenea-gomez-ricalde-fortalece-al-cuerpo-de-bomberos-con-entrega-de-nueva-unidad-de-rescate\/#primaryimage"},"thumbnailUrl":"https:\/\/panoramaciudadano.com\/wp-content\/uploads\/2024\/06\/2-17.jpeg","datePublished":"2024-06-26T18:42:20+00:00","dateModified":"2024-06-26T18:42:21+00:00","breadcrumb":{"@id":"https:\/\/panoramaciudadano.com\/index.php\/2024\/06\/26\/atenea-gomez-ricalde-fortalece-al-cuerpo-de-bomberos-con-entrega-de-nueva-unidad-de-rescate\/#breadcrumb"},"inLanguage":"es","potentialAction":[{"@type":"ReadAction","target":["https:\/\/panoramaciudadano.com\/index.php\/2024\/06\/26\/atenea-gomez-ricalde-fortalece-al-cuerpo-de-bomberos-con-entrega-de-nueva-unidad-de-rescate\/"]}]},{"@type":"ImageObject","inLanguage":"es","@id":"https:\/\/panoramaciudadano.com\/index.php\/2024\/06\/26\/atenea-gomez-ricalde-fortalece-al-cuerpo-de-bomberos-con-entrega-de-nueva-unidad-de-rescate\/#primaryimage","url":"https:\/\/panoramaciudadano.com\/wp-content\/uploads\/2024\/06\/2-17.jpeg","contentUrl":"https:\/\/panoramaciudadano.com\/wp-content\/uploads\/2024\/06\/2-17.jpeg","width":1600,"height":1066},{"@type":"BreadcrumbList","@id":"https:\/\/panoramaciudadano.com\/index.php\/2024\/06\/26\/atenea-gomez-ricalde-fortalece-al-cuerpo-de-bomberos-con-entrega-de-nueva-unidad-de-rescate\/#breadcrumb","itemListElement":[{"@type":"ListItem","position":1,"name":"Portada","item":"https:\/\/panoramaciudadano.com\/"},{"@type":"ListItem","position":2,"name":"Atenea G\u00f3mez Ricalde fortalece al Cuerpo de Bomberos con entrega de nueva unidad de rescate"}]},{"@type":"WebSite","@id":"https:\/\/panoramaciudadano.com\/#website","url":"https:\/\/panoramaciudadano.com\/","name":"Panorama Ciudadano","description":"","publisher":{"@id":"https:\/\/panoramaciudadano.com\/#organization"},"potentialAction":[{"@type":"SearchAction","target":{"@type":"EntryPoint","urlTemplate":"https:\/\/panoramaciudadano.com\/?s={search_term_string}"},"query-input":{"@type":"PropertyValueSpecification","valueRequired":true,"valueName":"search_term_string"}}],"inLanguage":"es"},{"@type":"Organization","@id":"https:\/\/panoramaciudadano.com\/#organization","name":"Panorama Ciudadano","url":"https:\/\/panoramaciudadano.com\/","logo":{"@type":"ImageObject","inLanguage":"es","@id":"https:\/\/panoramaciudadano.com\/#\/schema\/logo\/image\/","url":"https:\/\/panoramaciudadano.com\/wp-content\/uploads\/2024\/05\/401498640_919267042938564_6290593609399108733_n.jpg","contentUrl":"https:\/\/panoramaciudadano.com\/wp-content\/uploads\/2024\/05\/401498640_919267042938564_6290593609399108733_n.jpg","width":960,"height":957,"caption":"Panorama Ciudadano"},"image":{"@id":"https:\/\/panoramaciudadano.com\/#\/schema\/logo\/image\/"},"sameAs":["https:\/\/www.facebook.com\/panoramaciudadano"]},{"@type":"Person","@id":"https:\/\/panoramaciudadano.com\/#\/schema\/person\/ffe9fe8ef47d3a93977b5761fd9e0d96","name":"admin","image":{"@type":"ImageObject","inLanguage":"es","@id":"https:\/\/panoramaciudadano.com\/#\/schema\/person\/image\/","url":"https:\/\/secure.gravatar.com\/avatar\/2d5a12cacce3f18096f25fadea8abb7202fef18ed669595589853e84260ff451?s=96&d=mm&r=g","contentUrl":"https:\/\/secure.gravatar.com\/avatar\/2d5a12cacce3f18096f25fadea8abb7202fef18ed669595589853e84260ff451?s=96&d=mm&r=g","caption":"admin"},"sameAs":["https:\/\/panoramaciudadano.com"],"url":"https:\/\/panoramaciudadano.com\/index.php\/author\/admin_3q6hyqq3\/"}]}},"_links":{"self":[{"href":"https:\/\/panoramaciudadano.com\/index.php\/wp-json\/wp\/v2\/posts\/884","targetHints":{"allow":["GET"]}}],"collection":[{"href":"https:\/\/panoramaciudadano.com\/index.php\/wp-json\/wp\/v2\/posts"}],"about":[{"href":"https:\/\/panoramaciudadano.com\/index.php\/wp-json\/wp\/v2\/types\/post"}],"author":[{"embeddable":true,"href":"https:\/\/panoramaciudadano.com\/index.php\/wp-json\/wp\/v2\/users\/1"}],"replies":[{"embeddable":true,"href":"https:\/\/panoramaciudadano.com\/index.php\/wp-json\/wp\/v2\/comments?post=884"}],"version-history":[{"count":1,"href":"https:\/\/panoramaciudadano.com\/index.php\/wp-json\/wp\/v2\/posts\/884\/revisions"}],"predecessor-version":[{"id":889,"href":"https:\/\/panoramaciudadano.com\/index.php\/wp-json\/wp\/v2\/posts\/884\/revisions\/889"}],"wp:featuredmedia":[{"embeddable":true,"href":"https:\/\/panoramaciudadano.com\/index.php\/wp-json\/wp\/v2\/media\/888"}],"wp:attachment":[{"href":"https:\/\/panoramaciudadano.com\/index.php\/wp-json\/wp\/v2\/media?parent=884"}],"wp:term":[{"taxonomy":"category","embeddable":true,"href":"https:\/\/panoramaciudadano.com\/index.php\/wp-json\/wp\/v2\/categories?post=884"},{"taxonomy":"post_tag","embeddable":true,"href":"https:\/\/panoramaciudadano.com\/index.php\/wp-json\/wp\/v2\/tags?post=884"}],"curies":[{"name":"wp","href":"https:\/\/api.w.org\/{rel}","templated":true}]}}