{"id":898,"date":"2024-06-27T13:23:22","date_gmt":"2024-06-27T13:23:22","guid":{"rendered":"https:\/\/panoramaciudadano.com\/?p=898"},"modified":"2024-06-27T13:23:24","modified_gmt":"2024-06-27T13:23:24","slug":"imprudente-conductor-provoca-aparatoso-choque-en-la-sm-227","status":"publish","type":"post","link":"https:\/\/panoramaciudadano.com\/index.php\/2024\/06\/27\/imprudente-conductor-provoca-aparatoso-choque-en-la-sm-227\/","title":{"rendered":"Imprudente conductor provoca aparatoso choque en la SM 227"},"content":{"rendered":"\n<figure class=\"wp-block-image size-full\"><img decoding=\"async\" width=\"963\" height=\"677\" src=\"https:\/\/panoramaciudadano.com\/wp-content\/uploads\/2024\/06\/WhatsApp-Image-2024-06-26-at-17.18.29.jpeg\" alt=\"\" class=\"wp-image-899\" srcset=\"https:\/\/panoramaciudadano.com\/wp-content\/uploads\/2024\/06\/WhatsApp-Image-2024-06-26-at-17.18.29.jpeg 963w, https:\/\/panoramaciudadano.com\/wp-content\/uploads\/2024\/06\/WhatsApp-Image-2024-06-26-at-17.18.29-300x211.jpeg 300w, https:\/\/panoramaciudadano.com\/wp-content\/uploads\/2024\/06\/WhatsApp-Image-2024-06-26-at-17.18.29-768x540.jpeg 768w\" sizes=\"(max-width: 963px) 100vw, 963px\" \/><\/figure>\n\n\n\n<p>Un conductor por no respetar un disco de alto origin\u00f3 un aparatoso choque en calles de la Supermanzanaza 227 la tarde de ayer mi\u00e9rcoles.<\/p>\n\n\n\n<p>Los hechos se registraron cuando el conductor de una camioneta, Nissan, Frontier, negra, circulaba sobre la avenida Centenario de oriente a poniente.<\/p>\n\n\n\n<p>Sin embargo, el conductor por no respetar un disco de alto, provoc\u00f3 que fuera colisionada por el conductor de un veh\u00edculo, Peugeot, tipo 301, color gris, que circulaba con preferencia de paso sobre la calle 18, de sur a norte.<\/p>\n\n\n\n<figure class=\"wp-block-image size-large\"><img decoding=\"async\" width=\"1024\" height=\"695\" src=\"https:\/\/panoramaciudadano.com\/wp-content\/uploads\/2024\/06\/2-19-1024x695.jpeg\" alt=\"\" class=\"wp-image-900\" srcset=\"https:\/\/panoramaciudadano.com\/wp-content\/uploads\/2024\/06\/2-19-1024x695.jpeg 1024w, https:\/\/panoramaciudadano.com\/wp-content\/uploads\/2024\/06\/2-19-300x204.jpeg 300w, https:\/\/panoramaciudadano.com\/wp-content\/uploads\/2024\/06\/2-19-768x521.jpeg 768w, https:\/\/panoramaciudadano.com\/wp-content\/uploads\/2024\/06\/2-19.jpeg 1073w\" sizes=\"(max-width: 1024px) 100vw, 1024px\" \/><\/figure>\n\n\n\n<p>El conductor de la camioneta perdi\u00f3 el control de su direcci\u00f3n y se impact\u00f3 contra un murete y un poste de metal.<\/p>\n\n\n\n<p>No se reportaron lesionados, pero si da\u00f1os de consideraci\u00f3n, personal de Tr\u00e1nsito se hizo cargo del percance.<\/p>\n","protected":false},"excerpt":{"rendered":"<p>Un conductor por no respetar un disco de alto origin\u00f3 un aparatoso choque en calles de la Supermanzanaza 227 la tarde de ayer mi\u00e9rcoles.<\/p>\n","protected":false},"author":1,"featured_media":899,"comment_status":"open","ping_status":"closed","sticky":false,"template":"","format":"standard","meta":{"footnotes":""},"categories":[6],"tags":[31,559],"class_list":["post-898","post","type-post","status-publish","format-standard","has-post-thumbnail","hentry","category-cancun","tag-cancun","tag-choque"],"yoast_head":"<!-- This site is optimized with the Yoast SEO plugin v27.1.1 - https:\/\/yoast.com\/product\/yoast-seo-wordpress\/ -->\n<title>Imprudente conductor provoca aparatoso choque en la SM 227 - Panorama Ciudadano<\/title>\n<meta name=\"robots\" content=\"index, follow, max-snippet:-1, max-image-preview:large, max-video-preview:-1\" \/>\n<link rel=\"canonical\" href=\"https:\/\/panoramaciudadano.com\/index.php\/2024\/06\/27\/imprudente-conductor-provoca-aparatoso-choque-en-la-sm-227\/\" \/>\n<meta property=\"og:locale\" content=\"es_ES\" \/>\n<meta property=\"og:type\" content=\"article\" \/>\n<meta property=\"og:title\" content=\"Imprudente conductor provoca aparatoso choque en la SM 227 - Panorama Ciudadano\" \/>\n<meta property=\"og:description\" content=\"Un conductor por no respetar un disco de alto origin\u00f3 un aparatoso choque en calles de la Supermanzanaza 227 la tarde de ayer mi\u00e9rcoles.\" \/>\n<meta property=\"og:url\" content=\"https:\/\/panoramaciudadano.com\/index.php\/2024\/06\/27\/imprudente-conductor-provoca-aparatoso-choque-en-la-sm-227\/\" \/>\n<meta property=\"og:site_name\" content=\"Panorama Ciudadano\" \/>\n<meta property=\"article:publisher\" content=\"https:\/\/www.facebook.com\/panoramaciudadano\" \/>\n<meta property=\"article:published_time\" content=\"2024-06-27T13:23:22+00:00\" \/>\n<meta property=\"article:modified_time\" content=\"2024-06-27T13:23:24+00:00\" \/>\n<meta property=\"og:image\" content=\"https:\/\/panoramaciudadano.com\/wp-content\/uploads\/2024\/06\/WhatsApp-Image-2024-06-26-at-17.18.29.jpeg\" \/>\n\t<meta property=\"og:image:width\" content=\"963\" \/>\n\t<meta property=\"og:image:height\" content=\"677\" \/>\n\t<meta property=\"og:image:type\" content=\"image\/jpeg\" \/>\n<meta name=\"author\" content=\"admin\" \/>\n<meta name=\"twitter:card\" content=\"summary_large_image\" \/>\n<meta name=\"twitter:label1\" content=\"Escrito por\" \/>\n\t<meta name=\"twitter:data1\" content=\"admin\" \/>\n\t<meta name=\"twitter:label2\" content=\"Tiempo de lectura\" \/>\n\t<meta name=\"twitter:data2\" content=\"2 minutos\" \/>\n<script type=\"application\/ld+json\" class=\"yoast-schema-graph\">{\"@context\":\"https:\/\/schema.org\",\"@graph\":[{\"@type\":\"Article\",\"@id\":\"https:\/\/panoramaciudadano.com\/index.php\/2024\/06\/27\/imprudente-conductor-provoca-aparatoso-choque-en-la-sm-227\/#article\",\"isPartOf\":{\"@id\":\"https:\/\/panoramaciudadano.com\/index.php\/2024\/06\/27\/imprudente-conductor-provoca-aparatoso-choque-en-la-sm-227\/\"},\"author\":{\"name\":\"admin\",\"@id\":\"https:\/\/panoramaciudadano.com\/#\/schema\/person\/ffe9fe8ef47d3a93977b5761fd9e0d96\"},\"headline\":\"Imprudente conductor provoca aparatoso choque en la SM 227\",\"datePublished\":\"2024-06-27T13:23:22+00:00\",\"dateModified\":\"2024-06-27T13:23:24+00:00\",\"mainEntityOfPage\":{\"@id\":\"https:\/\/panoramaciudadano.com\/index.php\/2024\/06\/27\/imprudente-conductor-provoca-aparatoso-choque-en-la-sm-227\/\"},\"wordCount\":136,\"commentCount\":0,\"publisher\":{\"@id\":\"https:\/\/panoramaciudadano.com\/#organization\"},\"image\":{\"@id\":\"https:\/\/panoramaciudadano.com\/index.php\/2024\/06\/27\/imprudente-conductor-provoca-aparatoso-choque-en-la-sm-227\/#primaryimage\"},\"thumbnailUrl\":\"https:\/\/panoramaciudadano.com\/wp-content\/uploads\/2024\/06\/WhatsApp-Image-2024-06-26-at-17.18.29.jpeg\",\"keywords\":[\"Canc\u00fan\",\"choque\"],\"articleSection\":[\"Canc\u00fan\"],\"inLanguage\":\"es\",\"potentialAction\":[{\"@type\":\"CommentAction\",\"name\":\"Comment\",\"target\":[\"https:\/\/panoramaciudadano.com\/index.php\/2024\/06\/27\/imprudente-conductor-provoca-aparatoso-choque-en-la-sm-227\/#respond\"]}]},{\"@type\":\"WebPage\",\"@id\":\"https:\/\/panoramaciudadano.com\/index.php\/2024\/06\/27\/imprudente-conductor-provoca-aparatoso-choque-en-la-sm-227\/\",\"url\":\"https:\/\/panoramaciudadano.com\/index.php\/2024\/06\/27\/imprudente-conductor-provoca-aparatoso-choque-en-la-sm-227\/\",\"name\":\"Imprudente conductor provoca aparatoso choque en la SM 227 - Panorama Ciudadano\",\"isPartOf\":{\"@id\":\"https:\/\/panoramaciudadano.com\/#website\"},\"primaryImageOfPage\":{\"@id\":\"https:\/\/panoramaciudadano.com\/index.php\/2024\/06\/27\/imprudente-conductor-provoca-aparatoso-choque-en-la-sm-227\/#primaryimage\"},\"image\":{\"@id\":\"https:\/\/panoramaciudadano.com\/index.php\/2024\/06\/27\/imprudente-conductor-provoca-aparatoso-choque-en-la-sm-227\/#primaryimage\"},\"thumbnailUrl\":\"https:\/\/panoramaciudadano.com\/wp-content\/uploads\/2024\/06\/WhatsApp-Image-2024-06-26-at-17.18.29.jpeg\",\"datePublished\":\"2024-06-27T13:23:22+00:00\",\"dateModified\":\"2024-06-27T13:23:24+00:00\",\"breadcrumb\":{\"@id\":\"https:\/\/panoramaciudadano.com\/index.php\/2024\/06\/27\/imprudente-conductor-provoca-aparatoso-choque-en-la-sm-227\/#breadcrumb\"},\"inLanguage\":\"es\",\"potentialAction\":[{\"@type\":\"ReadAction\",\"target\":[\"https:\/\/panoramaciudadano.com\/index.php\/2024\/06\/27\/imprudente-conductor-provoca-aparatoso-choque-en-la-sm-227\/\"]}]},{\"@type\":\"ImageObject\",\"inLanguage\":\"es\",\"@id\":\"https:\/\/panoramaciudadano.com\/index.php\/2024\/06\/27\/imprudente-conductor-provoca-aparatoso-choque-en-la-sm-227\/#primaryimage\",\"url\":\"https:\/\/panoramaciudadano.com\/wp-content\/uploads\/2024\/06\/WhatsApp-Image-2024-06-26-at-17.18.29.jpeg\",\"contentUrl\":\"https:\/\/panoramaciudadano.com\/wp-content\/uploads\/2024\/06\/WhatsApp-Image-2024-06-26-at-17.18.29.jpeg\",\"width\":963,\"height\":677},{\"@type\":\"BreadcrumbList\",\"@id\":\"https:\/\/panoramaciudadano.com\/index.php\/2024\/06\/27\/imprudente-conductor-provoca-aparatoso-choque-en-la-sm-227\/#breadcrumb\",\"itemListElement\":[{\"@type\":\"ListItem\",\"position\":1,\"name\":\"Portada\",\"item\":\"https:\/\/panoramaciudadano.com\/\"},{\"@type\":\"ListItem\",\"position\":2,\"name\":\"Imprudente conductor provoca aparatoso choque en la SM 227\"}]},{\"@type\":\"WebSite\",\"@id\":\"https:\/\/panoramaciudadano.com\/#website\",\"url\":\"https:\/\/panoramaciudadano.com\/\",\"name\":\"Panorama Ciudadano\",\"description\":\"\",\"publisher\":{\"@id\":\"https:\/\/panoramaciudadano.com\/#organization\"},\"potentialAction\":[{\"@type\":\"SearchAction\",\"target\":{\"@type\":\"EntryPoint\",\"urlTemplate\":\"https:\/\/panoramaciudadano.com\/?s={search_term_string}\"},\"query-input\":{\"@type\":\"PropertyValueSpecification\",\"valueRequired\":true,\"valueName\":\"search_term_string\"}}],\"inLanguage\":\"es\"},{\"@type\":\"Organization\",\"@id\":\"https:\/\/panoramaciudadano.com\/#organization\",\"name\":\"Panorama Ciudadano\",\"url\":\"https:\/\/panoramaciudadano.com\/\",\"logo\":{\"@type\":\"ImageObject\",\"inLanguage\":\"es\",\"@id\":\"https:\/\/panoramaciudadano.com\/#\/schema\/logo\/image\/\",\"url\":\"https:\/\/panoramaciudadano.com\/wp-content\/uploads\/2024\/05\/401498640_919267042938564_6290593609399108733_n.jpg\",\"contentUrl\":\"https:\/\/panoramaciudadano.com\/wp-content\/uploads\/2024\/05\/401498640_919267042938564_6290593609399108733_n.jpg\",\"width\":960,\"height\":957,\"caption\":\"Panorama Ciudadano\"},\"image\":{\"@id\":\"https:\/\/panoramaciudadano.com\/#\/schema\/logo\/image\/\"},\"sameAs\":[\"https:\/\/www.facebook.com\/panoramaciudadano\"]},{\"@type\":\"Person\",\"@id\":\"https:\/\/panoramaciudadano.com\/#\/schema\/person\/ffe9fe8ef47d3a93977b5761fd9e0d96\",\"name\":\"admin\",\"image\":{\"@type\":\"ImageObject\",\"inLanguage\":\"es\",\"@id\":\"https:\/\/panoramaciudadano.com\/#\/schema\/person\/image\/\",\"url\":\"https:\/\/secure.gravatar.com\/avatar\/2d5a12cacce3f18096f25fadea8abb7202fef18ed669595589853e84260ff451?s=96&d=mm&r=g\",\"contentUrl\":\"https:\/\/secure.gravatar.com\/avatar\/2d5a12cacce3f18096f25fadea8abb7202fef18ed669595589853e84260ff451?s=96&d=mm&r=g\",\"caption\":\"admin\"},\"sameAs\":[\"https:\/\/panoramaciudadano.com\"],\"url\":\"https:\/\/panoramaciudadano.com\/index.php\/author\/admin_3q6hyqq3\/\"}]}<\/script>\n<!-- \/ Yoast SEO plugin. -->","yoast_head_json":{"title":"Imprudente conductor provoca aparatoso choque en la SM 227 - Panorama Ciudadano","robots":{"index":"index","follow":"follow","max-snippet":"max-snippet:-1","max-image-preview":"max-image-preview:large","max-video-preview":"max-video-preview:-1"},"canonical":"https:\/\/panoramaciudadano.com\/index.php\/2024\/06\/27\/imprudente-conductor-provoca-aparatoso-choque-en-la-sm-227\/","og_locale":"es_ES","og_type":"article","og_title":"Imprudente conductor provoca aparatoso choque en la SM 227 - Panorama Ciudadano","og_description":"Un conductor por no respetar un disco de alto origin\u00f3 un aparatoso choque en calles de la Supermanzanaza 227 la tarde de ayer mi\u00e9rcoles.","og_url":"https:\/\/panoramaciudadano.com\/index.php\/2024\/06\/27\/imprudente-conductor-provoca-aparatoso-choque-en-la-sm-227\/","og_site_name":"Panorama Ciudadano","article_publisher":"https:\/\/www.facebook.com\/panoramaciudadano","article_published_time":"2024-06-27T13:23:22+00:00","article_modified_time":"2024-06-27T13:23:24+00:00","og_image":[{"width":963,"height":677,"url":"https:\/\/panoramaciudadano.com\/wp-content\/uploads\/2024\/06\/WhatsApp-Image-2024-06-26-at-17.18.29.jpeg","type":"image\/jpeg"}],"author":"admin","twitter_card":"summary_large_image","twitter_misc":{"Escrito por":"admin","Tiempo de lectura":"2 minutos"},"schema":{"@context":"https:\/\/schema.org","@graph":[{"@type":"Article","@id":"https:\/\/panoramaciudadano.com\/index.php\/2024\/06\/27\/imprudente-conductor-provoca-aparatoso-choque-en-la-sm-227\/#article","isPartOf":{"@id":"https:\/\/panoramaciudadano.com\/index.php\/2024\/06\/27\/imprudente-conductor-provoca-aparatoso-choque-en-la-sm-227\/"},"author":{"name":"admin","@id":"https:\/\/panoramaciudadano.com\/#\/schema\/person\/ffe9fe8ef47d3a93977b5761fd9e0d96"},"headline":"Imprudente conductor provoca aparatoso choque en la SM 227","datePublished":"2024-06-27T13:23:22+00:00","dateModified":"2024-06-27T13:23:24+00:00","mainEntityOfPage":{"@id":"https:\/\/panoramaciudadano.com\/index.php\/2024\/06\/27\/imprudente-conductor-provoca-aparatoso-choque-en-la-sm-227\/"},"wordCount":136,"commentCount":0,"publisher":{"@id":"https:\/\/panoramaciudadano.com\/#organization"},"image":{"@id":"https:\/\/panoramaciudadano.com\/index.php\/2024\/06\/27\/imprudente-conductor-provoca-aparatoso-choque-en-la-sm-227\/#primaryimage"},"thumbnailUrl":"https:\/\/panoramaciudadano.com\/wp-content\/uploads\/2024\/06\/WhatsApp-Image-2024-06-26-at-17.18.29.jpeg","keywords":["Canc\u00fan","choque"],"articleSection":["Canc\u00fan"],"inLanguage":"es","potentialAction":[{"@type":"CommentAction","name":"Comment","target":["https:\/\/panoramaciudadano.com\/index.php\/2024\/06\/27\/imprudente-conductor-provoca-aparatoso-choque-en-la-sm-227\/#respond"]}]},{"@type":"WebPage","@id":"https:\/\/panoramaciudadano.com\/index.php\/2024\/06\/27\/imprudente-conductor-provoca-aparatoso-choque-en-la-sm-227\/","url":"https:\/\/panoramaciudadano.com\/index.php\/2024\/06\/27\/imprudente-conductor-provoca-aparatoso-choque-en-la-sm-227\/","name":"Imprudente conductor provoca aparatoso choque en la SM 227 - Panorama Ciudadano","isPartOf":{"@id":"https:\/\/panoramaciudadano.com\/#website"},"primaryImageOfPage":{"@id":"https:\/\/panoramaciudadano.com\/index.php\/2024\/06\/27\/imprudente-conductor-provoca-aparatoso-choque-en-la-sm-227\/#primaryimage"},"image":{"@id":"https:\/\/panoramaciudadano.com\/index.php\/2024\/06\/27\/imprudente-conductor-provoca-aparatoso-choque-en-la-sm-227\/#primaryimage"},"thumbnailUrl":"https:\/\/panoramaciudadano.com\/wp-content\/uploads\/2024\/06\/WhatsApp-Image-2024-06-26-at-17.18.29.jpeg","datePublished":"2024-06-27T13:23:22+00:00","dateModified":"2024-06-27T13:23:24+00:00","breadcrumb":{"@id":"https:\/\/panoramaciudadano.com\/index.php\/2024\/06\/27\/imprudente-conductor-provoca-aparatoso-choque-en-la-sm-227\/#breadcrumb"},"inLanguage":"es","potentialAction":[{"@type":"ReadAction","target":["https:\/\/panoramaciudadano.com\/index.php\/2024\/06\/27\/imprudente-conductor-provoca-aparatoso-choque-en-la-sm-227\/"]}]},{"@type":"ImageObject","inLanguage":"es","@id":"https:\/\/panoramaciudadano.com\/index.php\/2024\/06\/27\/imprudente-conductor-provoca-aparatoso-choque-en-la-sm-227\/#primaryimage","url":"https:\/\/panoramaciudadano.com\/wp-content\/uploads\/2024\/06\/WhatsApp-Image-2024-06-26-at-17.18.29.jpeg","contentUrl":"https:\/\/panoramaciudadano.com\/wp-content\/uploads\/2024\/06\/WhatsApp-Image-2024-06-26-at-17.18.29.jpeg","width":963,"height":677},{"@type":"BreadcrumbList","@id":"https:\/\/panoramaciudadano.com\/index.php\/2024\/06\/27\/imprudente-conductor-provoca-aparatoso-choque-en-la-sm-227\/#breadcrumb","itemListElement":[{"@type":"ListItem","position":1,"name":"Portada","item":"https:\/\/panoramaciudadano.com\/"},{"@type":"ListItem","position":2,"name":"Imprudente conductor provoca aparatoso choque en la SM 227"}]},{"@type":"WebSite","@id":"https:\/\/panoramaciudadano.com\/#website","url":"https:\/\/panoramaciudadano.com\/","name":"Panorama Ciudadano","description":"","publisher":{"@id":"https:\/\/panoramaciudadano.com\/#organization"},"potentialAction":[{"@type":"SearchAction","target":{"@type":"EntryPoint","urlTemplate":"https:\/\/panoramaciudadano.com\/?s={search_term_string}"},"query-input":{"@type":"PropertyValueSpecification","valueRequired":true,"valueName":"search_term_string"}}],"inLanguage":"es"},{"@type":"Organization","@id":"https:\/\/panoramaciudadano.com\/#organization","name":"Panorama Ciudadano","url":"https:\/\/panoramaciudadano.com\/","logo":{"@type":"ImageObject","inLanguage":"es","@id":"https:\/\/panoramaciudadano.com\/#\/schema\/logo\/image\/","url":"https:\/\/panoramaciudadano.com\/wp-content\/uploads\/2024\/05\/401498640_919267042938564_6290593609399108733_n.jpg","contentUrl":"https:\/\/panoramaciudadano.com\/wp-content\/uploads\/2024\/05\/401498640_919267042938564_6290593609399108733_n.jpg","width":960,"height":957,"caption":"Panorama Ciudadano"},"image":{"@id":"https:\/\/panoramaciudadano.com\/#\/schema\/logo\/image\/"},"sameAs":["https:\/\/www.facebook.com\/panoramaciudadano"]},{"@type":"Person","@id":"https:\/\/panoramaciudadano.com\/#\/schema\/person\/ffe9fe8ef47d3a93977b5761fd9e0d96","name":"admin","image":{"@type":"ImageObject","inLanguage":"es","@id":"https:\/\/panoramaciudadano.com\/#\/schema\/person\/image\/","url":"https:\/\/secure.gravatar.com\/avatar\/2d5a12cacce3f18096f25fadea8abb7202fef18ed669595589853e84260ff451?s=96&d=mm&r=g","contentUrl":"https:\/\/secure.gravatar.com\/avatar\/2d5a12cacce3f18096f25fadea8abb7202fef18ed669595589853e84260ff451?s=96&d=mm&r=g","caption":"admin"},"sameAs":["https:\/\/panoramaciudadano.com"],"url":"https:\/\/panoramaciudadano.com\/index.php\/author\/admin_3q6hyqq3\/"}]}},"_links":{"self":[{"href":"https:\/\/panoramaciudadano.com\/index.php\/wp-json\/wp\/v2\/posts\/898","targetHints":{"allow":["GET"]}}],"collection":[{"href":"https:\/\/panoramaciudadano.com\/index.php\/wp-json\/wp\/v2\/posts"}],"about":[{"href":"https:\/\/panoramaciudadano.com\/index.php\/wp-json\/wp\/v2\/types\/post"}],"author":[{"embeddable":true,"href":"https:\/\/panoramaciudadano.com\/index.php\/wp-json\/wp\/v2\/users\/1"}],"replies":[{"embeddable":true,"href":"https:\/\/panoramaciudadano.com\/index.php\/wp-json\/wp\/v2\/comments?post=898"}],"version-history":[{"count":1,"href":"https:\/\/panoramaciudadano.com\/index.php\/wp-json\/wp\/v2\/posts\/898\/revisions"}],"predecessor-version":[{"id":901,"href":"https:\/\/panoramaciudadano.com\/index.php\/wp-json\/wp\/v2\/posts\/898\/revisions\/901"}],"wp:featuredmedia":[{"embeddable":true,"href":"https:\/\/panoramaciudadano.com\/index.php\/wp-json\/wp\/v2\/media\/899"}],"wp:attachment":[{"href":"https:\/\/panoramaciudadano.com\/index.php\/wp-json\/wp\/v2\/media?parent=898"}],"wp:term":[{"taxonomy":"category","embeddable":true,"href":"https:\/\/panoramaciudadano.com\/index.php\/wp-json\/wp\/v2\/categories?post=898"},{"taxonomy":"post_tag","embeddable":true,"href":"https:\/\/panoramaciudadano.com\/index.php\/wp-json\/wp\/v2\/tags?post=898"}],"curies":[{"name":"wp","href":"https:\/\/api.w.org\/{rel}","templated":true}]}}