{"id":912,"date":"2024-06-27T13:40:25","date_gmt":"2024-06-27T13:40:25","guid":{"rendered":"https:\/\/panoramaciudadano.com\/?p=912"},"modified":"2024-06-27T13:40:28","modified_gmt":"2024-06-27T13:40:28","slug":"fomenta-gobierno-de-bj-convivencia-de-instituciones-con-comunidad-escolar","status":"publish","type":"post","link":"https:\/\/panoramaciudadano.com\/index.php\/2024\/06\/27\/fomenta-gobierno-de-bj-convivencia-de-instituciones-con-comunidad-escolar\/","title":{"rendered":"FOMENTA GOBIERNO DE BJ CONVIVENCIA DE INSTITUCIONES CON COMUNIDAD ESCOLAR"},"content":{"rendered":"\n<figure class=\"wp-block-image size-large\"><img decoding=\"async\" width=\"1024\" height=\"577\" src=\"https:\/\/panoramaciudadano.com\/wp-content\/uploads\/2024\/06\/3-18-1024x577.jpeg\" alt=\"\" class=\"wp-image-913\" srcset=\"https:\/\/panoramaciudadano.com\/wp-content\/uploads\/2024\/06\/3-18-1024x577.jpeg 1024w, https:\/\/panoramaciudadano.com\/wp-content\/uploads\/2024\/06\/3-18-300x169.jpeg 300w, https:\/\/panoramaciudadano.com\/wp-content\/uploads\/2024\/06\/3-18-768x433.jpeg 768w, https:\/\/panoramaciudadano.com\/wp-content\/uploads\/2024\/06\/3-18.jpeg 1280w\" sizes=\"(max-width: 1024px) 100vw, 1024px\" \/><\/figure>\n\n\n\n<p>A fin de promover una cultura de paz desde la infancia, el Encargado de Despacho de la Presidencia Municipal de Benito Ju\u00e1rez, Pablo Guti\u00e9rrez Fern\u00e1ndez, convivi\u00f3 con m\u00e1s de 50 ni\u00f1as y ni\u00f1os de la primaria \u201cLuis Fernando Cervera Cort\u00e9s\u201d, que participaron en el programa \u201cPolic\u00eda por un d\u00eda\u201d, que incluye una visita guiada en las instalaciones de la Secretar\u00eda Municipal de Seguridad Ciudadana y Tr\u00e1nsito, para que conozcan las funciones y a los elementos de la corporaci\u00f3n.<\/p>\n\n\n\n<p>\u00a0\u201cSer polic\u00eda es mucho m\u00e1s que hacer frente a la delincuencia, es mucho m\u00e1s que prevenir y combatir delitos; ser polic\u00eda es un honor y un orgullo, son h\u00e9roes sin capa que de d\u00eda y de noche trabajan y se arriesgan, cumpliendo con honor su deber, para que todas las familias cancunenses vivan en paz\u201d, expres\u00f3 a los peque\u00f1os.<\/p>\n\n\n\n<p>\u00a0De igual forma, resalt\u00f3 que los integrantes de la dependencia son hombres y mujeres valientes y comprometidos que velan por el orden y la tranquilidad de la ciudad, por ello les compartir\u00e1n sus experiencias y an\u00e9cdotas en el desempe\u00f1o de sus funciones, adem\u00e1s de poder conocer las instalaciones, el Centro de Inteligencia y Comando, los equipos y veh\u00edculos que utilizan, junto con los binomios caninos que los ayudan a su labor.<\/p>\n\n\n\n<figure class=\"wp-block-gallery has-nested-images columns-default is-cropped wp-block-gallery-1 is-layout-flex wp-block-gallery-is-layout-flex\">\n<figure class=\"wp-block-image size-large\"><img decoding=\"async\" width=\"1024\" height=\"589\" data-id=\"914\" src=\"https:\/\/panoramaciudadano.com\/wp-content\/uploads\/2024\/06\/7-9-1024x589.jpeg\" alt=\"\" class=\"wp-image-914\" srcset=\"https:\/\/panoramaciudadano.com\/wp-content\/uploads\/2024\/06\/7-9-1024x589.jpeg 1024w, https:\/\/panoramaciudadano.com\/wp-content\/uploads\/2024\/06\/7-9-300x173.jpeg 300w, https:\/\/panoramaciudadano.com\/wp-content\/uploads\/2024\/06\/7-9-768x442.jpeg 768w, https:\/\/panoramaciudadano.com\/wp-content\/uploads\/2024\/06\/7-9.jpeg 1280w\" sizes=\"(max-width: 1024px) 100vw, 1024px\" \/><\/figure>\n<\/figure>\n\n\n\n<p>\u201cEspero que se lleven el mensaje de que todas y todos con peque\u00f1as acciones, podemos hacer mucho para construir un Canc\u00fan de paz. A nuestros polic\u00edas, les reitero que para este gobierno municipal es prioridad seguir construyendo la mejor corporaci\u00f3n del estado y del pa\u00eds; cuentan con todo el respaldo del Ayuntamiento de Benito Ju\u00e1rez, para que sigan siendo ejemplo, inspiraci\u00f3n y orgullo para todas y todos los cancunenses\u201d, dijo.<\/p>\n\n\n\n<p>\u00a0Por su parte, el secretario de Seguridad Ciudadana y Tr\u00e1nsito, Carlos Ernesto D\u00b4Amiano Sumuano, indic\u00f3 que esta actividad es una manera de inculcar en las nuevas generaciones el respeto a la ley y a las instituciones, adem\u00e1s de servir como ejemplo que los inspiren a ser tambi\u00e9n personas trabajadoras y de bien en un futuro.<\/p>\n\n\n\n<p>Como parte de la jornada, los alumnos invitados recibieron de las autoridades una cartilla de los derechos de las ni\u00f1as y los ni\u00f1os, adem\u00e1s presenciaron una exhibici\u00f3n de t\u00e9cnicas de defensa personal, as\u00ed como la explicaci\u00f3n del equipo de arn\u00e9s para rescate, para continuar con la visita que incluy\u00f3 conocer la ambulancia del Escuadr\u00f3n de Rescate y Urgencias M\u00e9dicas (ERUM), motos y patrullas, as\u00ed como ver marchar a un grupo policial.<\/p>\n\n\n\n<p>\u00a0En la jornada estuvieron presentes el director de la primaria invitada, Juan Arturo Chi Uc; la titular de Prevenci\u00f3n del Delito con la Participaci\u00f3n Ciudadana, Zury Rodr\u00edguez Trinidad; entre otros servidores p\u00fablicos.<\/p>\n\n\n\n<figure class=\"wp-block-gallery has-nested-images columns-default is-cropped wp-block-gallery-2 is-layout-flex wp-block-gallery-is-layout-flex\">\n<figure class=\"wp-block-image size-large\"><img decoding=\"async\" width=\"1024\" height=\"706\" data-id=\"916\" src=\"https:\/\/panoramaciudadano.com\/wp-content\/uploads\/2024\/06\/4-20-1024x706.jpeg\" alt=\"\" class=\"wp-image-916\" srcset=\"https:\/\/panoramaciudadano.com\/wp-content\/uploads\/2024\/06\/4-20-1024x706.jpeg 1024w, https:\/\/panoramaciudadano.com\/wp-content\/uploads\/2024\/06\/4-20-300x207.jpeg 300w, https:\/\/panoramaciudadano.com\/wp-content\/uploads\/2024\/06\/4-20-768x529.jpeg 768w, https:\/\/panoramaciudadano.com\/wp-content\/uploads\/2024\/06\/4-20.jpeg 1280w\" sizes=\"(max-width: 1024px) 100vw, 1024px\" \/><\/figure>\n\n\n\n<figure class=\"wp-block-image size-large\"><img decoding=\"async\" width=\"1024\" height=\"782\" data-id=\"915\" src=\"https:\/\/panoramaciudadano.com\/wp-content\/uploads\/2024\/06\/5-16-1024x782.jpeg\" alt=\"\" class=\"wp-image-915\" srcset=\"https:\/\/panoramaciudadano.com\/wp-content\/uploads\/2024\/06\/5-16-1024x782.jpeg 1024w, https:\/\/panoramaciudadano.com\/wp-content\/uploads\/2024\/06\/5-16-300x229.jpeg 300w, https:\/\/panoramaciudadano.com\/wp-content\/uploads\/2024\/06\/5-16-768x586.jpeg 768w, https:\/\/panoramaciudadano.com\/wp-content\/uploads\/2024\/06\/5-16.jpeg 1280w\" sizes=\"(max-width: 1024px) 100vw, 1024px\" \/><\/figure>\n\n\n\n<figure class=\"wp-block-image size-large\"><img decoding=\"async\" width=\"1024\" height=\"706\" data-id=\"918\" src=\"https:\/\/panoramaciudadano.com\/wp-content\/uploads\/2024\/06\/6-14-1024x706.jpeg\" alt=\"\" class=\"wp-image-918\" srcset=\"https:\/\/panoramaciudadano.com\/wp-content\/uploads\/2024\/06\/6-14-1024x706.jpeg 1024w, https:\/\/panoramaciudadano.com\/wp-content\/uploads\/2024\/06\/6-14-300x207.jpeg 300w, https:\/\/panoramaciudadano.com\/wp-content\/uploads\/2024\/06\/6-14-768x529.jpeg 768w, https:\/\/panoramaciudadano.com\/wp-content\/uploads\/2024\/06\/6-14.jpeg 1280w\" sizes=\"(max-width: 1024px) 100vw, 1024px\" \/><\/figure>\n\n\n\n<figure class=\"wp-block-image size-large\"><img decoding=\"async\" width=\"1024\" height=\"674\" data-id=\"917\" src=\"https:\/\/panoramaciudadano.com\/wp-content\/uploads\/2024\/06\/8-10-1024x674.jpeg\" alt=\"\" class=\"wp-image-917\" srcset=\"https:\/\/panoramaciudadano.com\/wp-content\/uploads\/2024\/06\/8-10-1024x674.jpeg 1024w, https:\/\/panoramaciudadano.com\/wp-content\/uploads\/2024\/06\/8-10-300x198.jpeg 300w, https:\/\/panoramaciudadano.com\/wp-content\/uploads\/2024\/06\/8-10-768x506.jpeg 768w, https:\/\/panoramaciudadano.com\/wp-content\/uploads\/2024\/06\/8-10.jpeg 1280w\" sizes=\"(max-width: 1024px) 100vw, 1024px\" \/><\/figure>\n<\/figure>\n","protected":false},"excerpt":{"rendered":"<p>A fin de promover una cultura de paz desde la infancia, el Encargado de Despacho de la Presidencia Municipal de Benito Ju\u00e1rez, Pablo Guti\u00e9rrez Fern\u00e1ndez, convivi\u00f3 con m\u00e1s de 50 ni\u00f1as y ni\u00f1os de la primaria \u201cLuis Fernando Cervera Cort\u00e9s\u201d, que participaron en el programa \u201cPolic\u00eda por un d\u00eda\u201d, que incluye una visita guiada en las instalaciones de la Secretar\u00eda Municipal de Seguridad Ciudadana y Tr\u00e1nsito, para que conozcan las funciones y a los elementos de la corporaci\u00f3n.<\/p>\n","protected":false},"author":1,"featured_media":917,"comment_status":"open","ping_status":"closed","sticky":false,"template":"","format":"standard","meta":{"footnotes":""},"categories":[6],"tags":[565,567,272,563,564,566],"class_list":["post-912","post","type-post","status-publish","format-standard","has-post-thumbnail","hentry","category-cancun","tag-carlos-ernesto-damiano-sumuano","tag-erum","tag-pablo-gutierrez-fernandez","tag-policia-por-un-dia","tag-seguridad-ciudadana-y-transito","tag-zury-rodriguez-trinidad"],"yoast_head":"<!-- This site is optimized with the Yoast SEO plugin v27.1.1 - https:\/\/yoast.com\/product\/yoast-seo-wordpress\/ -->\n<title>FOMENTA GOBIERNO DE BJ CONVIVENCIA DE INSTITUCIONES CON COMUNIDAD ESCOLAR - Panorama Ciudadano<\/title>\n<meta name=\"robots\" content=\"index, follow, max-snippet:-1, max-image-preview:large, max-video-preview:-1\" \/>\n<link rel=\"canonical\" href=\"https:\/\/panoramaciudadano.com\/index.php\/2024\/06\/27\/fomenta-gobierno-de-bj-convivencia-de-instituciones-con-comunidad-escolar\/\" \/>\n<meta property=\"og:locale\" content=\"es_ES\" \/>\n<meta property=\"og:type\" content=\"article\" \/>\n<meta property=\"og:title\" content=\"FOMENTA GOBIERNO DE BJ CONVIVENCIA DE INSTITUCIONES CON COMUNIDAD ESCOLAR - Panorama Ciudadano\" \/>\n<meta property=\"og:description\" content=\"A fin de promover una cultura de paz desde la infancia, el Encargado de Despacho de la Presidencia Municipal de Benito Ju\u00e1rez, Pablo Guti\u00e9rrez Fern\u00e1ndez, convivi\u00f3 con m\u00e1s de 50 ni\u00f1as y ni\u00f1os de la primaria \u201cLuis Fernando Cervera Cort\u00e9s\u201d, que participaron en el programa \u201cPolic\u00eda por un d\u00eda\u201d, que incluye una visita guiada en las instalaciones de la Secretar\u00eda Municipal de Seguridad Ciudadana y Tr\u00e1nsito, para que conozcan las funciones y a los elementos de la corporaci\u00f3n.\" \/>\n<meta property=\"og:url\" content=\"https:\/\/panoramaciudadano.com\/index.php\/2024\/06\/27\/fomenta-gobierno-de-bj-convivencia-de-instituciones-con-comunidad-escolar\/\" \/>\n<meta property=\"og:site_name\" content=\"Panorama Ciudadano\" \/>\n<meta property=\"article:publisher\" content=\"https:\/\/www.facebook.com\/panoramaciudadano\" \/>\n<meta property=\"article:published_time\" content=\"2024-06-27T13:40:25+00:00\" \/>\n<meta property=\"article:modified_time\" content=\"2024-06-27T13:40:28+00:00\" \/>\n<meta property=\"og:image\" content=\"https:\/\/panoramaciudadano.com\/wp-content\/uploads\/2024\/06\/8-10.jpeg\" \/>\n\t<meta property=\"og:image:width\" content=\"1280\" \/>\n\t<meta property=\"og:image:height\" content=\"843\" \/>\n\t<meta property=\"og:image:type\" content=\"image\/jpeg\" \/>\n<meta name=\"author\" content=\"admin\" \/>\n<meta name=\"twitter:card\" content=\"summary_large_image\" \/>\n<meta name=\"twitter:label1\" content=\"Escrito por\" \/>\n\t<meta name=\"twitter:data1\" content=\"admin\" \/>\n\t<meta name=\"twitter:label2\" content=\"Tiempo de lectura\" \/>\n\t<meta name=\"twitter:data2\" content=\"4 minutos\" \/>\n<script type=\"application\/ld+json\" class=\"yoast-schema-graph\">{\"@context\":\"https:\/\/schema.org\",\"@graph\":[{\"@type\":\"Article\",\"@id\":\"https:\/\/panoramaciudadano.com\/index.php\/2024\/06\/27\/fomenta-gobierno-de-bj-convivencia-de-instituciones-con-comunidad-escolar\/#article\",\"isPartOf\":{\"@id\":\"https:\/\/panoramaciudadano.com\/index.php\/2024\/06\/27\/fomenta-gobierno-de-bj-convivencia-de-instituciones-con-comunidad-escolar\/\"},\"author\":{\"name\":\"admin\",\"@id\":\"https:\/\/panoramaciudadano.com\/#\/schema\/person\/ffe9fe8ef47d3a93977b5761fd9e0d96\"},\"headline\":\"FOMENTA GOBIERNO DE BJ CONVIVENCIA DE INSTITUCIONES CON COMUNIDAD ESCOLAR\",\"datePublished\":\"2024-06-27T13:40:25+00:00\",\"dateModified\":\"2024-06-27T13:40:28+00:00\",\"mainEntityOfPage\":{\"@id\":\"https:\/\/panoramaciudadano.com\/index.php\/2024\/06\/27\/fomenta-gobierno-de-bj-convivencia-de-instituciones-con-comunidad-escolar\/\"},\"wordCount\":493,\"commentCount\":0,\"publisher\":{\"@id\":\"https:\/\/panoramaciudadano.com\/#organization\"},\"image\":{\"@id\":\"https:\/\/panoramaciudadano.com\/index.php\/2024\/06\/27\/fomenta-gobierno-de-bj-convivencia-de-instituciones-con-comunidad-escolar\/#primaryimage\"},\"thumbnailUrl\":\"https:\/\/panoramaciudadano.com\/wp-content\/uploads\/2024\/06\/8-10.jpeg\",\"keywords\":[\"Carlos Ernesto D\u00b4Amiano Sumuano\",\"ERUM\",\"Pablo Guti\u00e9rrez Fern\u00e1ndez\",\"Polic\u00eda por un d\u00eda\",\"Seguridad Ciudadana y Tr\u00e1nsito\",\"Zury Rodr\u00edguez Trinidad\"],\"articleSection\":[\"Canc\u00fan\"],\"inLanguage\":\"es\",\"potentialAction\":[{\"@type\":\"CommentAction\",\"name\":\"Comment\",\"target\":[\"https:\/\/panoramaciudadano.com\/index.php\/2024\/06\/27\/fomenta-gobierno-de-bj-convivencia-de-instituciones-con-comunidad-escolar\/#respond\"]}]},{\"@type\":\"WebPage\",\"@id\":\"https:\/\/panoramaciudadano.com\/index.php\/2024\/06\/27\/fomenta-gobierno-de-bj-convivencia-de-instituciones-con-comunidad-escolar\/\",\"url\":\"https:\/\/panoramaciudadano.com\/index.php\/2024\/06\/27\/fomenta-gobierno-de-bj-convivencia-de-instituciones-con-comunidad-escolar\/\",\"name\":\"FOMENTA GOBIERNO DE BJ CONVIVENCIA DE INSTITUCIONES CON COMUNIDAD ESCOLAR - Panorama Ciudadano\",\"isPartOf\":{\"@id\":\"https:\/\/panoramaciudadano.com\/#website\"},\"primaryImageOfPage\":{\"@id\":\"https:\/\/panoramaciudadano.com\/index.php\/2024\/06\/27\/fomenta-gobierno-de-bj-convivencia-de-instituciones-con-comunidad-escolar\/#primaryimage\"},\"image\":{\"@id\":\"https:\/\/panoramaciudadano.com\/index.php\/2024\/06\/27\/fomenta-gobierno-de-bj-convivencia-de-instituciones-con-comunidad-escolar\/#primaryimage\"},\"thumbnailUrl\":\"https:\/\/panoramaciudadano.com\/wp-content\/uploads\/2024\/06\/8-10.jpeg\",\"datePublished\":\"2024-06-27T13:40:25+00:00\",\"dateModified\":\"2024-06-27T13:40:28+00:00\",\"breadcrumb\":{\"@id\":\"https:\/\/panoramaciudadano.com\/index.php\/2024\/06\/27\/fomenta-gobierno-de-bj-convivencia-de-instituciones-con-comunidad-escolar\/#breadcrumb\"},\"inLanguage\":\"es\",\"potentialAction\":[{\"@type\":\"ReadAction\",\"target\":[\"https:\/\/panoramaciudadano.com\/index.php\/2024\/06\/27\/fomenta-gobierno-de-bj-convivencia-de-instituciones-con-comunidad-escolar\/\"]}]},{\"@type\":\"ImageObject\",\"inLanguage\":\"es\",\"@id\":\"https:\/\/panoramaciudadano.com\/index.php\/2024\/06\/27\/fomenta-gobierno-de-bj-convivencia-de-instituciones-con-comunidad-escolar\/#primaryimage\",\"url\":\"https:\/\/panoramaciudadano.com\/wp-content\/uploads\/2024\/06\/8-10.jpeg\",\"contentUrl\":\"https:\/\/panoramaciudadano.com\/wp-content\/uploads\/2024\/06\/8-10.jpeg\",\"width\":1280,\"height\":843},{\"@type\":\"BreadcrumbList\",\"@id\":\"https:\/\/panoramaciudadano.com\/index.php\/2024\/06\/27\/fomenta-gobierno-de-bj-convivencia-de-instituciones-con-comunidad-escolar\/#breadcrumb\",\"itemListElement\":[{\"@type\":\"ListItem\",\"position\":1,\"name\":\"Portada\",\"item\":\"https:\/\/panoramaciudadano.com\/\"},{\"@type\":\"ListItem\",\"position\":2,\"name\":\"FOMENTA GOBIERNO DE BJ CONVIVENCIA DE INSTITUCIONES CON COMUNIDAD ESCOLAR\"}]},{\"@type\":\"WebSite\",\"@id\":\"https:\/\/panoramaciudadano.com\/#website\",\"url\":\"https:\/\/panoramaciudadano.com\/\",\"name\":\"Panorama Ciudadano\",\"description\":\"\",\"publisher\":{\"@id\":\"https:\/\/panoramaciudadano.com\/#organization\"},\"potentialAction\":[{\"@type\":\"SearchAction\",\"target\":{\"@type\":\"EntryPoint\",\"urlTemplate\":\"https:\/\/panoramaciudadano.com\/?s={search_term_string}\"},\"query-input\":{\"@type\":\"PropertyValueSpecification\",\"valueRequired\":true,\"valueName\":\"search_term_string\"}}],\"inLanguage\":\"es\"},{\"@type\":\"Organization\",\"@id\":\"https:\/\/panoramaciudadano.com\/#organization\",\"name\":\"Panorama Ciudadano\",\"url\":\"https:\/\/panoramaciudadano.com\/\",\"logo\":{\"@type\":\"ImageObject\",\"inLanguage\":\"es\",\"@id\":\"https:\/\/panoramaciudadano.com\/#\/schema\/logo\/image\/\",\"url\":\"https:\/\/panoramaciudadano.com\/wp-content\/uploads\/2024\/05\/401498640_919267042938564_6290593609399108733_n.jpg\",\"contentUrl\":\"https:\/\/panoramaciudadano.com\/wp-content\/uploads\/2024\/05\/401498640_919267042938564_6290593609399108733_n.jpg\",\"width\":960,\"height\":957,\"caption\":\"Panorama Ciudadano\"},\"image\":{\"@id\":\"https:\/\/panoramaciudadano.com\/#\/schema\/logo\/image\/\"},\"sameAs\":[\"https:\/\/www.facebook.com\/panoramaciudadano\"]},{\"@type\":\"Person\",\"@id\":\"https:\/\/panoramaciudadano.com\/#\/schema\/person\/ffe9fe8ef47d3a93977b5761fd9e0d96\",\"name\":\"admin\",\"image\":{\"@type\":\"ImageObject\",\"inLanguage\":\"es\",\"@id\":\"https:\/\/panoramaciudadano.com\/#\/schema\/person\/image\/\",\"url\":\"https:\/\/secure.gravatar.com\/avatar\/2d5a12cacce3f18096f25fadea8abb7202fef18ed669595589853e84260ff451?s=96&d=mm&r=g\",\"contentUrl\":\"https:\/\/secure.gravatar.com\/avatar\/2d5a12cacce3f18096f25fadea8abb7202fef18ed669595589853e84260ff451?s=96&d=mm&r=g\",\"caption\":\"admin\"},\"sameAs\":[\"https:\/\/panoramaciudadano.com\"],\"url\":\"https:\/\/panoramaciudadano.com\/index.php\/author\/admin_3q6hyqq3\/\"}]}<\/script>\n<!-- \/ Yoast SEO plugin. -->","yoast_head_json":{"title":"FOMENTA GOBIERNO DE BJ CONVIVENCIA DE INSTITUCIONES CON COMUNIDAD ESCOLAR - Panorama Ciudadano","robots":{"index":"index","follow":"follow","max-snippet":"max-snippet:-1","max-image-preview":"max-image-preview:large","max-video-preview":"max-video-preview:-1"},"canonical":"https:\/\/panoramaciudadano.com\/index.php\/2024\/06\/27\/fomenta-gobierno-de-bj-convivencia-de-instituciones-con-comunidad-escolar\/","og_locale":"es_ES","og_type":"article","og_title":"FOMENTA GOBIERNO DE BJ CONVIVENCIA DE INSTITUCIONES CON COMUNIDAD ESCOLAR - Panorama Ciudadano","og_description":"A fin de promover una cultura de paz desde la infancia, el Encargado de Despacho de la Presidencia Municipal de Benito Ju\u00e1rez, Pablo Guti\u00e9rrez Fern\u00e1ndez, convivi\u00f3 con m\u00e1s de 50 ni\u00f1as y ni\u00f1os de la primaria \u201cLuis Fernando Cervera Cort\u00e9s\u201d, que participaron en el programa \u201cPolic\u00eda por un d\u00eda\u201d, que incluye una visita guiada en las instalaciones de la Secretar\u00eda Municipal de Seguridad Ciudadana y Tr\u00e1nsito, para que conozcan las funciones y a los elementos de la corporaci\u00f3n.","og_url":"https:\/\/panoramaciudadano.com\/index.php\/2024\/06\/27\/fomenta-gobierno-de-bj-convivencia-de-instituciones-con-comunidad-escolar\/","og_site_name":"Panorama Ciudadano","article_publisher":"https:\/\/www.facebook.com\/panoramaciudadano","article_published_time":"2024-06-27T13:40:25+00:00","article_modified_time":"2024-06-27T13:40:28+00:00","og_image":[{"width":1280,"height":843,"url":"https:\/\/panoramaciudadano.com\/wp-content\/uploads\/2024\/06\/8-10.jpeg","type":"image\/jpeg"}],"author":"admin","twitter_card":"summary_large_image","twitter_misc":{"Escrito por":"admin","Tiempo de lectura":"4 minutos"},"schema":{"@context":"https:\/\/schema.org","@graph":[{"@type":"Article","@id":"https:\/\/panoramaciudadano.com\/index.php\/2024\/06\/27\/fomenta-gobierno-de-bj-convivencia-de-instituciones-con-comunidad-escolar\/#article","isPartOf":{"@id":"https:\/\/panoramaciudadano.com\/index.php\/2024\/06\/27\/fomenta-gobierno-de-bj-convivencia-de-instituciones-con-comunidad-escolar\/"},"author":{"name":"admin","@id":"https:\/\/panoramaciudadano.com\/#\/schema\/person\/ffe9fe8ef47d3a93977b5761fd9e0d96"},"headline":"FOMENTA GOBIERNO DE BJ CONVIVENCIA DE INSTITUCIONES CON COMUNIDAD ESCOLAR","datePublished":"2024-06-27T13:40:25+00:00","dateModified":"2024-06-27T13:40:28+00:00","mainEntityOfPage":{"@id":"https:\/\/panoramaciudadano.com\/index.php\/2024\/06\/27\/fomenta-gobierno-de-bj-convivencia-de-instituciones-con-comunidad-escolar\/"},"wordCount":493,"commentCount":0,"publisher":{"@id":"https:\/\/panoramaciudadano.com\/#organization"},"image":{"@id":"https:\/\/panoramaciudadano.com\/index.php\/2024\/06\/27\/fomenta-gobierno-de-bj-convivencia-de-instituciones-con-comunidad-escolar\/#primaryimage"},"thumbnailUrl":"https:\/\/panoramaciudadano.com\/wp-content\/uploads\/2024\/06\/8-10.jpeg","keywords":["Carlos Ernesto D\u00b4Amiano Sumuano","ERUM","Pablo Guti\u00e9rrez Fern\u00e1ndez","Polic\u00eda por un d\u00eda","Seguridad Ciudadana y Tr\u00e1nsito","Zury Rodr\u00edguez Trinidad"],"articleSection":["Canc\u00fan"],"inLanguage":"es","potentialAction":[{"@type":"CommentAction","name":"Comment","target":["https:\/\/panoramaciudadano.com\/index.php\/2024\/06\/27\/fomenta-gobierno-de-bj-convivencia-de-instituciones-con-comunidad-escolar\/#respond"]}]},{"@type":"WebPage","@id":"https:\/\/panoramaciudadano.com\/index.php\/2024\/06\/27\/fomenta-gobierno-de-bj-convivencia-de-instituciones-con-comunidad-escolar\/","url":"https:\/\/panoramaciudadano.com\/index.php\/2024\/06\/27\/fomenta-gobierno-de-bj-convivencia-de-instituciones-con-comunidad-escolar\/","name":"FOMENTA GOBIERNO DE BJ CONVIVENCIA DE INSTITUCIONES CON COMUNIDAD ESCOLAR - Panorama Ciudadano","isPartOf":{"@id":"https:\/\/panoramaciudadano.com\/#website"},"primaryImageOfPage":{"@id":"https:\/\/panoramaciudadano.com\/index.php\/2024\/06\/27\/fomenta-gobierno-de-bj-convivencia-de-instituciones-con-comunidad-escolar\/#primaryimage"},"image":{"@id":"https:\/\/panoramaciudadano.com\/index.php\/2024\/06\/27\/fomenta-gobierno-de-bj-convivencia-de-instituciones-con-comunidad-escolar\/#primaryimage"},"thumbnailUrl":"https:\/\/panoramaciudadano.com\/wp-content\/uploads\/2024\/06\/8-10.jpeg","datePublished":"2024-06-27T13:40:25+00:00","dateModified":"2024-06-27T13:40:28+00:00","breadcrumb":{"@id":"https:\/\/panoramaciudadano.com\/index.php\/2024\/06\/27\/fomenta-gobierno-de-bj-convivencia-de-instituciones-con-comunidad-escolar\/#breadcrumb"},"inLanguage":"es","potentialAction":[{"@type":"ReadAction","target":["https:\/\/panoramaciudadano.com\/index.php\/2024\/06\/27\/fomenta-gobierno-de-bj-convivencia-de-instituciones-con-comunidad-escolar\/"]}]},{"@type":"ImageObject","inLanguage":"es","@id":"https:\/\/panoramaciudadano.com\/index.php\/2024\/06\/27\/fomenta-gobierno-de-bj-convivencia-de-instituciones-con-comunidad-escolar\/#primaryimage","url":"https:\/\/panoramaciudadano.com\/wp-content\/uploads\/2024\/06\/8-10.jpeg","contentUrl":"https:\/\/panoramaciudadano.com\/wp-content\/uploads\/2024\/06\/8-10.jpeg","width":1280,"height":843},{"@type":"BreadcrumbList","@id":"https:\/\/panoramaciudadano.com\/index.php\/2024\/06\/27\/fomenta-gobierno-de-bj-convivencia-de-instituciones-con-comunidad-escolar\/#breadcrumb","itemListElement":[{"@type":"ListItem","position":1,"name":"Portada","item":"https:\/\/panoramaciudadano.com\/"},{"@type":"ListItem","position":2,"name":"FOMENTA GOBIERNO DE BJ CONVIVENCIA DE INSTITUCIONES CON COMUNIDAD ESCOLAR"}]},{"@type":"WebSite","@id":"https:\/\/panoramaciudadano.com\/#website","url":"https:\/\/panoramaciudadano.com\/","name":"Panorama Ciudadano","description":"","publisher":{"@id":"https:\/\/panoramaciudadano.com\/#organization"},"potentialAction":[{"@type":"SearchAction","target":{"@type":"EntryPoint","urlTemplate":"https:\/\/panoramaciudadano.com\/?s={search_term_string}"},"query-input":{"@type":"PropertyValueSpecification","valueRequired":true,"valueName":"search_term_string"}}],"inLanguage":"es"},{"@type":"Organization","@id":"https:\/\/panoramaciudadano.com\/#organization","name":"Panorama Ciudadano","url":"https:\/\/panoramaciudadano.com\/","logo":{"@type":"ImageObject","inLanguage":"es","@id":"https:\/\/panoramaciudadano.com\/#\/schema\/logo\/image\/","url":"https:\/\/panoramaciudadano.com\/wp-content\/uploads\/2024\/05\/401498640_919267042938564_6290593609399108733_n.jpg","contentUrl":"https:\/\/panoramaciudadano.com\/wp-content\/uploads\/2024\/05\/401498640_919267042938564_6290593609399108733_n.jpg","width":960,"height":957,"caption":"Panorama Ciudadano"},"image":{"@id":"https:\/\/panoramaciudadano.com\/#\/schema\/logo\/image\/"},"sameAs":["https:\/\/www.facebook.com\/panoramaciudadano"]},{"@type":"Person","@id":"https:\/\/panoramaciudadano.com\/#\/schema\/person\/ffe9fe8ef47d3a93977b5761fd9e0d96","name":"admin","image":{"@type":"ImageObject","inLanguage":"es","@id":"https:\/\/panoramaciudadano.com\/#\/schema\/person\/image\/","url":"https:\/\/secure.gravatar.com\/avatar\/2d5a12cacce3f18096f25fadea8abb7202fef18ed669595589853e84260ff451?s=96&d=mm&r=g","contentUrl":"https:\/\/secure.gravatar.com\/avatar\/2d5a12cacce3f18096f25fadea8abb7202fef18ed669595589853e84260ff451?s=96&d=mm&r=g","caption":"admin"},"sameAs":["https:\/\/panoramaciudadano.com"],"url":"https:\/\/panoramaciudadano.com\/index.php\/author\/admin_3q6hyqq3\/"}]}},"_links":{"self":[{"href":"https:\/\/panoramaciudadano.com\/index.php\/wp-json\/wp\/v2\/posts\/912","targetHints":{"allow":["GET"]}}],"collection":[{"href":"https:\/\/panoramaciudadano.com\/index.php\/wp-json\/wp\/v2\/posts"}],"about":[{"href":"https:\/\/panoramaciudadano.com\/index.php\/wp-json\/wp\/v2\/types\/post"}],"author":[{"embeddable":true,"href":"https:\/\/panoramaciudadano.com\/index.php\/wp-json\/wp\/v2\/users\/1"}],"replies":[{"embeddable":true,"href":"https:\/\/panoramaciudadano.com\/index.php\/wp-json\/wp\/v2\/comments?post=912"}],"version-history":[{"count":1,"href":"https:\/\/panoramaciudadano.com\/index.php\/wp-json\/wp\/v2\/posts\/912\/revisions"}],"predecessor-version":[{"id":919,"href":"https:\/\/panoramaciudadano.com\/index.php\/wp-json\/wp\/v2\/posts\/912\/revisions\/919"}],"wp:featuredmedia":[{"embeddable":true,"href":"https:\/\/panoramaciudadano.com\/index.php\/wp-json\/wp\/v2\/media\/917"}],"wp:attachment":[{"href":"https:\/\/panoramaciudadano.com\/index.php\/wp-json\/wp\/v2\/media?parent=912"}],"wp:term":[{"taxonomy":"category","embeddable":true,"href":"https:\/\/panoramaciudadano.com\/index.php\/wp-json\/wp\/v2\/categories?post=912"},{"taxonomy":"post_tag","embeddable":true,"href":"https:\/\/panoramaciudadano.com\/index.php\/wp-json\/wp\/v2\/tags?post=912"}],"curies":[{"name":"wp","href":"https:\/\/api.w.org\/{rel}","templated":true}]}}