{"id":9122,"date":"2025-01-20T13:47:10","date_gmt":"2025-01-20T18:47:10","guid":{"rendered":"https:\/\/panoramaciudadano.com\/?p=9122"},"modified":"2025-01-20T13:47:11","modified_gmt":"2025-01-20T18:47:11","slug":"fortalece-sesa-lazos-de-colaboracion-con-censida","status":"publish","type":"post","link":"https:\/\/panoramaciudadano.com\/index.php\/2025\/01\/20\/fortalece-sesa-lazos-de-colaboracion-con-censida\/","title":{"rendered":"Fortalece SESA lazos de colaboraci\u00f3n con CENSIDA"},"content":{"rendered":"\n<figure class=\"wp-block-image size-full\"><img decoding=\"async\" width=\"960\" height=\"720\" src=\"https:\/\/panoramaciudadano.com\/wp-content\/uploads\/2025\/01\/WhatsApp-Image-2025-01-20-at-10.28.41.jpeg\" alt=\"\" class=\"wp-image-9123\" srcset=\"https:\/\/panoramaciudadano.com\/wp-content\/uploads\/2025\/01\/WhatsApp-Image-2025-01-20-at-10.28.41.jpeg 960w, https:\/\/panoramaciudadano.com\/wp-content\/uploads\/2025\/01\/WhatsApp-Image-2025-01-20-at-10.28.41-300x225.jpeg 300w, https:\/\/panoramaciudadano.com\/wp-content\/uploads\/2025\/01\/WhatsApp-Image-2025-01-20-at-10.28.41-768x576.jpeg 768w\" sizes=\"(max-width: 960px) 100vw, 960px\" \/><\/figure>\n\n\n\n<p>Con el prop\u00f3sito de fortalecer las estrategias de prevenci\u00f3n y atenci\u00f3n del VIH en Quintana Roo, el secretario de Salud estatal, Flavio Carlos Rosado, sostuvo una reuni\u00f3n de trabajo con el titular del Centro Nacional para la Prevenci\u00f3n y el Control del VIH y el Sida (CENSIDA), Juan Luis Mosqueda G\u00f3mez.<\/p>\n\n\n\n<p>Durante el encuentro, que se dio por instrucciones de la gobernadora de Quintana Roo, Mara Lezama Espinosa, permite fortalecer la comunicaci\u00f3n constante y el trabajo de la mano con la federaci\u00f3n; adem\u00e1s se analizaron los principales desaf\u00edos que enfrenta Quintana Roo en materia de VIH.<\/p>\n\n\n\n<p>El secretario de Salud destac\u00f3 que la reuni\u00f3n fue altamente productiva y permiti\u00f3 abordar estrategias concretas para ampliar la oferta de tamizajes, detecci\u00f3n y tratamiento oportunos, con el objetivo de cortar las cadenas de transmisi\u00f3n del VIH.<\/p>\n\n\n\n<p>Por su parte, el titular de CENSIDA, Juan Luis Mosqueda G\u00f3mez, confirm\u00f3 que Quintana Roo continuar\u00e1 con pruebas r\u00e1pidas suficientes para VIH, Hepatitis C y s\u00edfilis, as\u00ed como con los tratamientos antirretrovirales necesarios para garantizar una atenci\u00f3n integral a los pacientes.<\/p>\n\n\n\n<p>Ambos funcionarios coincidieron en la importancia de trabajar de manera estrecha y coordinada para alcanzar las metas establecidas en la lucha contra el VIH.<\/p>\n\n\n\n<p>Refrendaron su compromiso con el bienestar de la poblaci\u00f3n, como se establece en el Nuevo Acuerdo por el Bienestar y Desarrollo, reforzando los esfuerzos para garantizar el acceso a servicios de salud de calidad y la protecci\u00f3n de los derechos humanos de quienes viven con VIH.<\/p>\n\n\n\n<p>La Secretar\u00eda de Salud de Quintana Roo reafirma su disposici\u00f3n de seguir trabajando de la mano con las instituciones federales para implementar acciones que mejoren la calidad de vida de la poblaci\u00f3n y fortalezcan la prevenci\u00f3n y el tratamiento del VIH en el estado.<\/p>\n","protected":false},"excerpt":{"rendered":"<p>El gobierno de Quintana Roo reafirma su compromiso de seguir trabajando de la mano con las instituciones federales.<\/p>\n","protected":false},"author":1,"featured_media":9123,"comment_status":"open","ping_status":"closed","sticky":false,"template":"","format":"standard","meta":{"footnotes":""},"categories":[6],"tags":[2088,599,602],"class_list":["post-9122","post","type-post","status-publish","format-standard","has-post-thumbnail","hentry","category-cancun","tag-censida","tag-flavio-carlos-rosado","tag-sesa"],"yoast_head":"<!-- This site is optimized with the Yoast SEO plugin v27.1.1 - https:\/\/yoast.com\/product\/yoast-seo-wordpress\/ -->\n<title>Fortalece SESA lazos de colaboraci\u00f3n con CENSIDA - Panorama Ciudadano<\/title>\n<meta name=\"robots\" content=\"index, follow, max-snippet:-1, max-image-preview:large, max-video-preview:-1\" \/>\n<link rel=\"canonical\" href=\"https:\/\/panoramaciudadano.com\/index.php\/2025\/01\/20\/fortalece-sesa-lazos-de-colaboracion-con-censida\/\" \/>\n<meta property=\"og:locale\" content=\"es_ES\" \/>\n<meta property=\"og:type\" content=\"article\" \/>\n<meta property=\"og:title\" content=\"Fortalece SESA lazos de colaboraci\u00f3n con CENSIDA - Panorama Ciudadano\" \/>\n<meta property=\"og:description\" content=\"El gobierno de Quintana Roo reafirma su compromiso de seguir trabajando de la mano con las instituciones federales.\" \/>\n<meta property=\"og:url\" content=\"https:\/\/panoramaciudadano.com\/index.php\/2025\/01\/20\/fortalece-sesa-lazos-de-colaboracion-con-censida\/\" \/>\n<meta property=\"og:site_name\" content=\"Panorama Ciudadano\" \/>\n<meta property=\"article:publisher\" content=\"https:\/\/www.facebook.com\/panoramaciudadano\" \/>\n<meta property=\"article:published_time\" content=\"2025-01-20T18:47:10+00:00\" \/>\n<meta property=\"article:modified_time\" content=\"2025-01-20T18:47:11+00:00\" \/>\n<meta property=\"og:image\" content=\"https:\/\/panoramaciudadano.com\/wp-content\/uploads\/2025\/01\/WhatsApp-Image-2025-01-20-at-10.28.41.jpeg\" \/>\n\t<meta property=\"og:image:width\" content=\"960\" \/>\n\t<meta property=\"og:image:height\" content=\"720\" \/>\n\t<meta property=\"og:image:type\" content=\"image\/jpeg\" \/>\n<meta name=\"author\" content=\"admin\" \/>\n<meta name=\"twitter:card\" content=\"summary_large_image\" \/>\n<meta name=\"twitter:label1\" content=\"Escrito por\" \/>\n\t<meta name=\"twitter:data1\" content=\"admin\" \/>\n\t<meta name=\"twitter:label2\" content=\"Tiempo de lectura\" \/>\n\t<meta name=\"twitter:data2\" content=\"2 minutos\" \/>\n<script type=\"application\/ld+json\" class=\"yoast-schema-graph\">{\"@context\":\"https:\/\/schema.org\",\"@graph\":[{\"@type\":\"Article\",\"@id\":\"https:\/\/panoramaciudadano.com\/index.php\/2025\/01\/20\/fortalece-sesa-lazos-de-colaboracion-con-censida\/#article\",\"isPartOf\":{\"@id\":\"https:\/\/panoramaciudadano.com\/index.php\/2025\/01\/20\/fortalece-sesa-lazos-de-colaboracion-con-censida\/\"},\"author\":{\"name\":\"admin\",\"@id\":\"https:\/\/panoramaciudadano.com\/#\/schema\/person\/ffe9fe8ef47d3a93977b5761fd9e0d96\"},\"headline\":\"Fortalece SESA lazos de colaboraci\u00f3n con CENSIDA\",\"datePublished\":\"2025-01-20T18:47:10+00:00\",\"dateModified\":\"2025-01-20T18:47:11+00:00\",\"mainEntityOfPage\":{\"@id\":\"https:\/\/panoramaciudadano.com\/index.php\/2025\/01\/20\/fortalece-sesa-lazos-de-colaboracion-con-censida\/\"},\"wordCount\":319,\"commentCount\":0,\"publisher\":{\"@id\":\"https:\/\/panoramaciudadano.com\/#organization\"},\"image\":{\"@id\":\"https:\/\/panoramaciudadano.com\/index.php\/2025\/01\/20\/fortalece-sesa-lazos-de-colaboracion-con-censida\/#primaryimage\"},\"thumbnailUrl\":\"https:\/\/panoramaciudadano.com\/wp-content\/uploads\/2025\/01\/WhatsApp-Image-2025-01-20-at-10.28.41.jpeg\",\"keywords\":[\"CENSIDA\",\"Flavio Carlos Rosado\",\"SESA\"],\"articleSection\":[\"Canc\u00fan\"],\"inLanguage\":\"es\",\"potentialAction\":[{\"@type\":\"CommentAction\",\"name\":\"Comment\",\"target\":[\"https:\/\/panoramaciudadano.com\/index.php\/2025\/01\/20\/fortalece-sesa-lazos-de-colaboracion-con-censida\/#respond\"]}]},{\"@type\":\"WebPage\",\"@id\":\"https:\/\/panoramaciudadano.com\/index.php\/2025\/01\/20\/fortalece-sesa-lazos-de-colaboracion-con-censida\/\",\"url\":\"https:\/\/panoramaciudadano.com\/index.php\/2025\/01\/20\/fortalece-sesa-lazos-de-colaboracion-con-censida\/\",\"name\":\"Fortalece SESA lazos de colaboraci\u00f3n con CENSIDA - Panorama Ciudadano\",\"isPartOf\":{\"@id\":\"https:\/\/panoramaciudadano.com\/#website\"},\"primaryImageOfPage\":{\"@id\":\"https:\/\/panoramaciudadano.com\/index.php\/2025\/01\/20\/fortalece-sesa-lazos-de-colaboracion-con-censida\/#primaryimage\"},\"image\":{\"@id\":\"https:\/\/panoramaciudadano.com\/index.php\/2025\/01\/20\/fortalece-sesa-lazos-de-colaboracion-con-censida\/#primaryimage\"},\"thumbnailUrl\":\"https:\/\/panoramaciudadano.com\/wp-content\/uploads\/2025\/01\/WhatsApp-Image-2025-01-20-at-10.28.41.jpeg\",\"datePublished\":\"2025-01-20T18:47:10+00:00\",\"dateModified\":\"2025-01-20T18:47:11+00:00\",\"breadcrumb\":{\"@id\":\"https:\/\/panoramaciudadano.com\/index.php\/2025\/01\/20\/fortalece-sesa-lazos-de-colaboracion-con-censida\/#breadcrumb\"},\"inLanguage\":\"es\",\"potentialAction\":[{\"@type\":\"ReadAction\",\"target\":[\"https:\/\/panoramaciudadano.com\/index.php\/2025\/01\/20\/fortalece-sesa-lazos-de-colaboracion-con-censida\/\"]}]},{\"@type\":\"ImageObject\",\"inLanguage\":\"es\",\"@id\":\"https:\/\/panoramaciudadano.com\/index.php\/2025\/01\/20\/fortalece-sesa-lazos-de-colaboracion-con-censida\/#primaryimage\",\"url\":\"https:\/\/panoramaciudadano.com\/wp-content\/uploads\/2025\/01\/WhatsApp-Image-2025-01-20-at-10.28.41.jpeg\",\"contentUrl\":\"https:\/\/panoramaciudadano.com\/wp-content\/uploads\/2025\/01\/WhatsApp-Image-2025-01-20-at-10.28.41.jpeg\",\"width\":960,\"height\":720},{\"@type\":\"BreadcrumbList\",\"@id\":\"https:\/\/panoramaciudadano.com\/index.php\/2025\/01\/20\/fortalece-sesa-lazos-de-colaboracion-con-censida\/#breadcrumb\",\"itemListElement\":[{\"@type\":\"ListItem\",\"position\":1,\"name\":\"Portada\",\"item\":\"https:\/\/panoramaciudadano.com\/\"},{\"@type\":\"ListItem\",\"position\":2,\"name\":\"Fortalece SESA lazos de colaboraci\u00f3n con CENSIDA\"}]},{\"@type\":\"WebSite\",\"@id\":\"https:\/\/panoramaciudadano.com\/#website\",\"url\":\"https:\/\/panoramaciudadano.com\/\",\"name\":\"Panorama Ciudadano\",\"description\":\"\",\"publisher\":{\"@id\":\"https:\/\/panoramaciudadano.com\/#organization\"},\"potentialAction\":[{\"@type\":\"SearchAction\",\"target\":{\"@type\":\"EntryPoint\",\"urlTemplate\":\"https:\/\/panoramaciudadano.com\/?s={search_term_string}\"},\"query-input\":{\"@type\":\"PropertyValueSpecification\",\"valueRequired\":true,\"valueName\":\"search_term_string\"}}],\"inLanguage\":\"es\"},{\"@type\":\"Organization\",\"@id\":\"https:\/\/panoramaciudadano.com\/#organization\",\"name\":\"Panorama Ciudadano\",\"url\":\"https:\/\/panoramaciudadano.com\/\",\"logo\":{\"@type\":\"ImageObject\",\"inLanguage\":\"es\",\"@id\":\"https:\/\/panoramaciudadano.com\/#\/schema\/logo\/image\/\",\"url\":\"https:\/\/panoramaciudadano.com\/wp-content\/uploads\/2024\/05\/401498640_919267042938564_6290593609399108733_n.jpg\",\"contentUrl\":\"https:\/\/panoramaciudadano.com\/wp-content\/uploads\/2024\/05\/401498640_919267042938564_6290593609399108733_n.jpg\",\"width\":960,\"height\":957,\"caption\":\"Panorama Ciudadano\"},\"image\":{\"@id\":\"https:\/\/panoramaciudadano.com\/#\/schema\/logo\/image\/\"},\"sameAs\":[\"https:\/\/www.facebook.com\/panoramaciudadano\"]},{\"@type\":\"Person\",\"@id\":\"https:\/\/panoramaciudadano.com\/#\/schema\/person\/ffe9fe8ef47d3a93977b5761fd9e0d96\",\"name\":\"admin\",\"image\":{\"@type\":\"ImageObject\",\"inLanguage\":\"es\",\"@id\":\"https:\/\/panoramaciudadano.com\/#\/schema\/person\/image\/\",\"url\":\"https:\/\/secure.gravatar.com\/avatar\/2d5a12cacce3f18096f25fadea8abb7202fef18ed669595589853e84260ff451?s=96&d=mm&r=g\",\"contentUrl\":\"https:\/\/secure.gravatar.com\/avatar\/2d5a12cacce3f18096f25fadea8abb7202fef18ed669595589853e84260ff451?s=96&d=mm&r=g\",\"caption\":\"admin\"},\"sameAs\":[\"https:\/\/panoramaciudadano.com\"],\"url\":\"https:\/\/panoramaciudadano.com\/index.php\/author\/admin_3q6hyqq3\/\"}]}<\/script>\n<!-- \/ Yoast SEO plugin. -->","yoast_head_json":{"title":"Fortalece SESA lazos de colaboraci\u00f3n con CENSIDA - Panorama Ciudadano","robots":{"index":"index","follow":"follow","max-snippet":"max-snippet:-1","max-image-preview":"max-image-preview:large","max-video-preview":"max-video-preview:-1"},"canonical":"https:\/\/panoramaciudadano.com\/index.php\/2025\/01\/20\/fortalece-sesa-lazos-de-colaboracion-con-censida\/","og_locale":"es_ES","og_type":"article","og_title":"Fortalece SESA lazos de colaboraci\u00f3n con CENSIDA - Panorama Ciudadano","og_description":"El gobierno de Quintana Roo reafirma su compromiso de seguir trabajando de la mano con las instituciones federales.","og_url":"https:\/\/panoramaciudadano.com\/index.php\/2025\/01\/20\/fortalece-sesa-lazos-de-colaboracion-con-censida\/","og_site_name":"Panorama Ciudadano","article_publisher":"https:\/\/www.facebook.com\/panoramaciudadano","article_published_time":"2025-01-20T18:47:10+00:00","article_modified_time":"2025-01-20T18:47:11+00:00","og_image":[{"width":960,"height":720,"url":"https:\/\/panoramaciudadano.com\/wp-content\/uploads\/2025\/01\/WhatsApp-Image-2025-01-20-at-10.28.41.jpeg","type":"image\/jpeg"}],"author":"admin","twitter_card":"summary_large_image","twitter_misc":{"Escrito por":"admin","Tiempo de lectura":"2 minutos"},"schema":{"@context":"https:\/\/schema.org","@graph":[{"@type":"Article","@id":"https:\/\/panoramaciudadano.com\/index.php\/2025\/01\/20\/fortalece-sesa-lazos-de-colaboracion-con-censida\/#article","isPartOf":{"@id":"https:\/\/panoramaciudadano.com\/index.php\/2025\/01\/20\/fortalece-sesa-lazos-de-colaboracion-con-censida\/"},"author":{"name":"admin","@id":"https:\/\/panoramaciudadano.com\/#\/schema\/person\/ffe9fe8ef47d3a93977b5761fd9e0d96"},"headline":"Fortalece SESA lazos de colaboraci\u00f3n con CENSIDA","datePublished":"2025-01-20T18:47:10+00:00","dateModified":"2025-01-20T18:47:11+00:00","mainEntityOfPage":{"@id":"https:\/\/panoramaciudadano.com\/index.php\/2025\/01\/20\/fortalece-sesa-lazos-de-colaboracion-con-censida\/"},"wordCount":319,"commentCount":0,"publisher":{"@id":"https:\/\/panoramaciudadano.com\/#organization"},"image":{"@id":"https:\/\/panoramaciudadano.com\/index.php\/2025\/01\/20\/fortalece-sesa-lazos-de-colaboracion-con-censida\/#primaryimage"},"thumbnailUrl":"https:\/\/panoramaciudadano.com\/wp-content\/uploads\/2025\/01\/WhatsApp-Image-2025-01-20-at-10.28.41.jpeg","keywords":["CENSIDA","Flavio Carlos Rosado","SESA"],"articleSection":["Canc\u00fan"],"inLanguage":"es","potentialAction":[{"@type":"CommentAction","name":"Comment","target":["https:\/\/panoramaciudadano.com\/index.php\/2025\/01\/20\/fortalece-sesa-lazos-de-colaboracion-con-censida\/#respond"]}]},{"@type":"WebPage","@id":"https:\/\/panoramaciudadano.com\/index.php\/2025\/01\/20\/fortalece-sesa-lazos-de-colaboracion-con-censida\/","url":"https:\/\/panoramaciudadano.com\/index.php\/2025\/01\/20\/fortalece-sesa-lazos-de-colaboracion-con-censida\/","name":"Fortalece SESA lazos de colaboraci\u00f3n con CENSIDA - Panorama Ciudadano","isPartOf":{"@id":"https:\/\/panoramaciudadano.com\/#website"},"primaryImageOfPage":{"@id":"https:\/\/panoramaciudadano.com\/index.php\/2025\/01\/20\/fortalece-sesa-lazos-de-colaboracion-con-censida\/#primaryimage"},"image":{"@id":"https:\/\/panoramaciudadano.com\/index.php\/2025\/01\/20\/fortalece-sesa-lazos-de-colaboracion-con-censida\/#primaryimage"},"thumbnailUrl":"https:\/\/panoramaciudadano.com\/wp-content\/uploads\/2025\/01\/WhatsApp-Image-2025-01-20-at-10.28.41.jpeg","datePublished":"2025-01-20T18:47:10+00:00","dateModified":"2025-01-20T18:47:11+00:00","breadcrumb":{"@id":"https:\/\/panoramaciudadano.com\/index.php\/2025\/01\/20\/fortalece-sesa-lazos-de-colaboracion-con-censida\/#breadcrumb"},"inLanguage":"es","potentialAction":[{"@type":"ReadAction","target":["https:\/\/panoramaciudadano.com\/index.php\/2025\/01\/20\/fortalece-sesa-lazos-de-colaboracion-con-censida\/"]}]},{"@type":"ImageObject","inLanguage":"es","@id":"https:\/\/panoramaciudadano.com\/index.php\/2025\/01\/20\/fortalece-sesa-lazos-de-colaboracion-con-censida\/#primaryimage","url":"https:\/\/panoramaciudadano.com\/wp-content\/uploads\/2025\/01\/WhatsApp-Image-2025-01-20-at-10.28.41.jpeg","contentUrl":"https:\/\/panoramaciudadano.com\/wp-content\/uploads\/2025\/01\/WhatsApp-Image-2025-01-20-at-10.28.41.jpeg","width":960,"height":720},{"@type":"BreadcrumbList","@id":"https:\/\/panoramaciudadano.com\/index.php\/2025\/01\/20\/fortalece-sesa-lazos-de-colaboracion-con-censida\/#breadcrumb","itemListElement":[{"@type":"ListItem","position":1,"name":"Portada","item":"https:\/\/panoramaciudadano.com\/"},{"@type":"ListItem","position":2,"name":"Fortalece SESA lazos de colaboraci\u00f3n con CENSIDA"}]},{"@type":"WebSite","@id":"https:\/\/panoramaciudadano.com\/#website","url":"https:\/\/panoramaciudadano.com\/","name":"Panorama Ciudadano","description":"","publisher":{"@id":"https:\/\/panoramaciudadano.com\/#organization"},"potentialAction":[{"@type":"SearchAction","target":{"@type":"EntryPoint","urlTemplate":"https:\/\/panoramaciudadano.com\/?s={search_term_string}"},"query-input":{"@type":"PropertyValueSpecification","valueRequired":true,"valueName":"search_term_string"}}],"inLanguage":"es"},{"@type":"Organization","@id":"https:\/\/panoramaciudadano.com\/#organization","name":"Panorama Ciudadano","url":"https:\/\/panoramaciudadano.com\/","logo":{"@type":"ImageObject","inLanguage":"es","@id":"https:\/\/panoramaciudadano.com\/#\/schema\/logo\/image\/","url":"https:\/\/panoramaciudadano.com\/wp-content\/uploads\/2024\/05\/401498640_919267042938564_6290593609399108733_n.jpg","contentUrl":"https:\/\/panoramaciudadano.com\/wp-content\/uploads\/2024\/05\/401498640_919267042938564_6290593609399108733_n.jpg","width":960,"height":957,"caption":"Panorama Ciudadano"},"image":{"@id":"https:\/\/panoramaciudadano.com\/#\/schema\/logo\/image\/"},"sameAs":["https:\/\/www.facebook.com\/panoramaciudadano"]},{"@type":"Person","@id":"https:\/\/panoramaciudadano.com\/#\/schema\/person\/ffe9fe8ef47d3a93977b5761fd9e0d96","name":"admin","image":{"@type":"ImageObject","inLanguage":"es","@id":"https:\/\/panoramaciudadano.com\/#\/schema\/person\/image\/","url":"https:\/\/secure.gravatar.com\/avatar\/2d5a12cacce3f18096f25fadea8abb7202fef18ed669595589853e84260ff451?s=96&d=mm&r=g","contentUrl":"https:\/\/secure.gravatar.com\/avatar\/2d5a12cacce3f18096f25fadea8abb7202fef18ed669595589853e84260ff451?s=96&d=mm&r=g","caption":"admin"},"sameAs":["https:\/\/panoramaciudadano.com"],"url":"https:\/\/panoramaciudadano.com\/index.php\/author\/admin_3q6hyqq3\/"}]}},"_links":{"self":[{"href":"https:\/\/panoramaciudadano.com\/index.php\/wp-json\/wp\/v2\/posts\/9122","targetHints":{"allow":["GET"]}}],"collection":[{"href":"https:\/\/panoramaciudadano.com\/index.php\/wp-json\/wp\/v2\/posts"}],"about":[{"href":"https:\/\/panoramaciudadano.com\/index.php\/wp-json\/wp\/v2\/types\/post"}],"author":[{"embeddable":true,"href":"https:\/\/panoramaciudadano.com\/index.php\/wp-json\/wp\/v2\/users\/1"}],"replies":[{"embeddable":true,"href":"https:\/\/panoramaciudadano.com\/index.php\/wp-json\/wp\/v2\/comments?post=9122"}],"version-history":[{"count":1,"href":"https:\/\/panoramaciudadano.com\/index.php\/wp-json\/wp\/v2\/posts\/9122\/revisions"}],"predecessor-version":[{"id":9124,"href":"https:\/\/panoramaciudadano.com\/index.php\/wp-json\/wp\/v2\/posts\/9122\/revisions\/9124"}],"wp:featuredmedia":[{"embeddable":true,"href":"https:\/\/panoramaciudadano.com\/index.php\/wp-json\/wp\/v2\/media\/9123"}],"wp:attachment":[{"href":"https:\/\/panoramaciudadano.com\/index.php\/wp-json\/wp\/v2\/media?parent=9122"}],"wp:term":[{"taxonomy":"category","embeddable":true,"href":"https:\/\/panoramaciudadano.com\/index.php\/wp-json\/wp\/v2\/categories?post=9122"},{"taxonomy":"post_tag","embeddable":true,"href":"https:\/\/panoramaciudadano.com\/index.php\/wp-json\/wp\/v2\/tags?post=9122"}],"curies":[{"name":"wp","href":"https:\/\/api.w.org\/{rel}","templated":true}]}}