{"id":920,"date":"2024-06-27T19:42:49","date_gmt":"2024-06-27T19:42:49","guid":{"rendered":"https:\/\/panoramaciudadano.com\/?p=920"},"modified":"2024-06-27T19:42:51","modified_gmt":"2024-06-27T19:42:51","slug":"encuentran-armas-y-drogas-en-mochila-de-estudiante-de-cancun-policia-lo-niega","status":"publish","type":"post","link":"https:\/\/panoramaciudadano.com\/index.php\/2024\/06\/27\/encuentran-armas-y-drogas-en-mochila-de-estudiante-de-cancun-policia-lo-niega\/","title":{"rendered":"Encuentran armas y drogas en mochila de estudiante de Canc\u00fan, Polic\u00eda lo niega"},"content":{"rendered":"\n<figure class=\"wp-block-image size-large\"><img decoding=\"async\" width=\"1024\" height=\"768\" src=\"https:\/\/panoramaciudadano.com\/wp-content\/uploads\/2024\/06\/WhatsApp-Image-2024-06-27-at-13.41.20-1024x768.jpeg\" alt=\"\" class=\"wp-image-921\" srcset=\"https:\/\/panoramaciudadano.com\/wp-content\/uploads\/2024\/06\/WhatsApp-Image-2024-06-27-at-13.41.20-1024x768.jpeg 1024w, https:\/\/panoramaciudadano.com\/wp-content\/uploads\/2024\/06\/WhatsApp-Image-2024-06-27-at-13.41.20-300x225.jpeg 300w, https:\/\/panoramaciudadano.com\/wp-content\/uploads\/2024\/06\/WhatsApp-Image-2024-06-27-at-13.41.20-768x576.jpeg 768w, https:\/\/panoramaciudadano.com\/wp-content\/uploads\/2024\/06\/WhatsApp-Image-2024-06-27-at-13.41.20-1536x1153.jpeg 1536w, https:\/\/panoramaciudadano.com\/wp-content\/uploads\/2024\/06\/WhatsApp-Image-2024-06-27-at-13.41.20.jpeg 1599w\" sizes=\"(max-width: 1024px) 100vw, 1024px\" \/><\/figure>\n\n\n\n<p>Tanto la directora del Geavyg, Adela Jim\u00e9nez y el secretario de Seguridad Ciudadana, Carlos Ernesto Damiano Sumoano, quieren tapar el sol con un dedo al ocultar informaci\u00f3n importante, luego de que negaron que en la secundaria Jos\u00e9 Mart\u00ed encontraron droga y un arma de fuego a un alumno.<\/p>\n\n\n\n<p>El personal del centro educativo confirm\u00f3 a esta redacci\u00f3n que en el sal\u00f3n de Tercero A, encontraron en la mochila de un alumno una pistola, adem\u00e1s droga y armas blancas.<\/p>\n\n\n\n<p>Es evidente que estos mandos de la corporaci\u00f3n policiaca no quieren que se de a conocer est\u00e1 informaci\u00f3n para no verse manchada su imagen por la falta de estrategias para controlar la inseguridad en el municipio, que es evidente que ya lleg\u00f3 a las escuelas de todos los niveles, y que ellos se ven rebasados.<\/p>\n\n\n\n<figure class=\"wp-block-image size-large\"><img decoding=\"async\" width=\"1024\" height=\"768\" src=\"https:\/\/panoramaciudadano.com\/wp-content\/uploads\/2024\/06\/3-19-1024x768.jpeg\" alt=\"\" class=\"wp-image-922\" srcset=\"https:\/\/panoramaciudadano.com\/wp-content\/uploads\/2024\/06\/3-19-1024x768.jpeg 1024w, https:\/\/panoramaciudadano.com\/wp-content\/uploads\/2024\/06\/3-19-300x225.jpeg 300w, https:\/\/panoramaciudadano.com\/wp-content\/uploads\/2024\/06\/3-19-768x576.jpeg 768w, https:\/\/panoramaciudadano.com\/wp-content\/uploads\/2024\/06\/3-19-1536x1153.jpeg 1536w, https:\/\/panoramaciudadano.com\/wp-content\/uploads\/2024\/06\/3-19.jpeg 1599w\" sizes=\"(max-width: 1024px) 100vw, 1024px\" \/><\/figure>\n\n\n\n<p>Y una vez m\u00e1s la escuela Secundaria General No. 20, \u00abJos\u00e9 Marti\u00bb, ubicada en la regi\u00f3n 236, fue escenario de otro esc\u00e1ndalo, luego de que se report\u00f3 al 911 un alumno armado con una pistola.<\/p>\n\n\n\n<p>Los hechos se reportaron la ma\u00f1ana de este jueves cuando se report\u00f3 al n\u00famero de emergencia 911 de un joven, estudiante de la citada escuela, se encontraba armado.<\/p>\n\n\n\n<p>Elementos de la polic\u00eda municipal se trasladaron centro educativo para tomar conocimiento de los hechos.<\/p>\n\n\n\n<p>Los elementos polic\u00edacos revisaron la escuela secundaria y algunos alumnos, pero seg\u00fan ellos dijeron a los medios de comunicaci\u00f3n que no encontraron nada.<\/p>\n\n\n\n<p>Sin embargo, m\u00e1s tarde las madres de familia y el mismo personal del plantel confirmaron que a un alumno le informaron una pistola, armas blancas y droga.<\/p>\n\n\n\n<p>Hay que se\u00f1alar que hace un mes aproximadamente dos j\u00f3venes fueron asegurados cuando consum\u00edan droga dentro de la escuela, en donde se desarrollaba una tardeada.<\/p>\n\n\n\n<figure class=\"wp-block-image size-large\"><img decoding=\"async\" width=\"1024\" height=\"768\" src=\"https:\/\/panoramaciudadano.com\/wp-content\/uploads\/2024\/06\/2-21-1024x768.jpeg\" alt=\"\" class=\"wp-image-924\" srcset=\"https:\/\/panoramaciudadano.com\/wp-content\/uploads\/2024\/06\/2-21-1024x768.jpeg 1024w, https:\/\/panoramaciudadano.com\/wp-content\/uploads\/2024\/06\/2-21-300x225.jpeg 300w, https:\/\/panoramaciudadano.com\/wp-content\/uploads\/2024\/06\/2-21-768x576.jpeg 768w, https:\/\/panoramaciudadano.com\/wp-content\/uploads\/2024\/06\/2-21-1536x1153.jpeg 1536w, https:\/\/panoramaciudadano.com\/wp-content\/uploads\/2024\/06\/2-21.jpeg 1599w\" sizes=\"(max-width: 1024px) 100vw, 1024px\" \/><\/figure>\n","protected":false},"excerpt":{"rendered":"<p>Tanto la directora del Geavyg, Adela Jim\u00e9nez y el secretario de Seguridad Ciudadana, Carlos Ernesto Damiano Sumoano, quieren tapar el sol con un dedo al ocultar informaci\u00f3n importante, luego de que negaron que en la secundaria Jos\u00e9 Mart\u00ed encontraron droga y un arma de fuego a un alumno.<\/p>\n","protected":false},"author":1,"featured_media":923,"comment_status":"open","ping_status":"closed","sticky":false,"template":"","format":"standard","meta":{"footnotes":""},"categories":[6],"tags":[569,571,572,570,36,568],"class_list":["post-920","post","type-post","status-publish","format-standard","has-post-thumbnail","hentry","category-cancun","tag-jose-marti","tag-adela-jimenez","tag-carlos-ernesto-damiano-sumoano","tag-geavyg","tag-policia-municipal-de-benito-juarez","tag-secundaria-general-no-20"],"yoast_head":"<!-- This site is optimized with the Yoast SEO plugin v27.1.1 - https:\/\/yoast.com\/product\/yoast-seo-wordpress\/ -->\n<title>Encuentran armas y drogas en mochila de estudiante de Canc\u00fan, Polic\u00eda lo niega - Panorama Ciudadano<\/title>\n<meta name=\"robots\" content=\"index, follow, max-snippet:-1, max-image-preview:large, max-video-preview:-1\" \/>\n<link rel=\"canonical\" href=\"https:\/\/panoramaciudadano.com\/index.php\/2024\/06\/27\/encuentran-armas-y-drogas-en-mochila-de-estudiante-de-cancun-policia-lo-niega\/\" \/>\n<meta property=\"og:locale\" content=\"es_ES\" \/>\n<meta property=\"og:type\" content=\"article\" \/>\n<meta property=\"og:title\" content=\"Encuentran armas y drogas en mochila de estudiante de Canc\u00fan, Polic\u00eda lo niega - Panorama Ciudadano\" \/>\n<meta property=\"og:description\" content=\"Tanto la directora del Geavyg, Adela Jim\u00e9nez y el secretario de Seguridad Ciudadana, Carlos Ernesto Damiano Sumoano, quieren tapar el sol con un dedo al ocultar informaci\u00f3n importante, luego de que negaron que en la secundaria Jos\u00e9 Mart\u00ed encontraron droga y un arma de fuego a un alumno.\" \/>\n<meta property=\"og:url\" content=\"https:\/\/panoramaciudadano.com\/index.php\/2024\/06\/27\/encuentran-armas-y-drogas-en-mochila-de-estudiante-de-cancun-policia-lo-niega\/\" \/>\n<meta property=\"og:site_name\" content=\"Panorama Ciudadano\" \/>\n<meta property=\"article:publisher\" content=\"https:\/\/www.facebook.com\/panoramaciudadano\" \/>\n<meta property=\"article:published_time\" content=\"2024-06-27T19:42:49+00:00\" \/>\n<meta property=\"article:modified_time\" content=\"2024-06-27T19:42:51+00:00\" \/>\n<meta property=\"og:image\" content=\"https:\/\/panoramaciudadano.com\/wp-content\/uploads\/2024\/06\/WhatsApp-Image-2024-06-27-at-13.41.20-1.jpeg\" \/>\n\t<meta property=\"og:image:width\" content=\"1599\" \/>\n\t<meta property=\"og:image:height\" content=\"1200\" \/>\n\t<meta property=\"og:image:type\" content=\"image\/jpeg\" \/>\n<meta name=\"author\" content=\"admin\" \/>\n<meta name=\"twitter:card\" content=\"summary_large_image\" \/>\n<meta name=\"twitter:label1\" content=\"Escrito por\" \/>\n\t<meta name=\"twitter:data1\" content=\"admin\" \/>\n\t<meta name=\"twitter:label2\" content=\"Tiempo de lectura\" \/>\n\t<meta name=\"twitter:data2\" content=\"3 minutos\" \/>\n<script type=\"application\/ld+json\" class=\"yoast-schema-graph\">{\"@context\":\"https:\/\/schema.org\",\"@graph\":[{\"@type\":\"Article\",\"@id\":\"https:\/\/panoramaciudadano.com\/index.php\/2024\/06\/27\/encuentran-armas-y-drogas-en-mochila-de-estudiante-de-cancun-policia-lo-niega\/#article\",\"isPartOf\":{\"@id\":\"https:\/\/panoramaciudadano.com\/index.php\/2024\/06\/27\/encuentran-armas-y-drogas-en-mochila-de-estudiante-de-cancun-policia-lo-niega\/\"},\"author\":{\"name\":\"admin\",\"@id\":\"https:\/\/panoramaciudadano.com\/#\/schema\/person\/ffe9fe8ef47d3a93977b5761fd9e0d96\"},\"headline\":\"Encuentran armas y drogas en mochila de estudiante de Canc\u00fan, Polic\u00eda lo niega\",\"datePublished\":\"2024-06-27T19:42:49+00:00\",\"dateModified\":\"2024-06-27T19:42:51+00:00\",\"mainEntityOfPage\":{\"@id\":\"https:\/\/panoramaciudadano.com\/index.php\/2024\/06\/27\/encuentran-armas-y-drogas-en-mochila-de-estudiante-de-cancun-policia-lo-niega\/\"},\"wordCount\":317,\"commentCount\":0,\"publisher\":{\"@id\":\"https:\/\/panoramaciudadano.com\/#organization\"},\"image\":{\"@id\":\"https:\/\/panoramaciudadano.com\/index.php\/2024\/06\/27\/encuentran-armas-y-drogas-en-mochila-de-estudiante-de-cancun-policia-lo-niega\/#primaryimage\"},\"thumbnailUrl\":\"https:\/\/panoramaciudadano.com\/wp-content\/uploads\/2024\/06\/WhatsApp-Image-2024-06-27-at-13.41.20-1.jpeg\",\"keywords\":[\"\\\"Jos\u00e9 Marti\\\"\",\"Adela Jim\u00e9nez\",\"Carlos Ernesto Damiano Sumoano\",\"Geavyg\",\"Polic\u00eda Municipal de Benito Ju\u00e1rez\",\"Secundaria General No. 20\"],\"articleSection\":[\"Canc\u00fan\"],\"inLanguage\":\"es\",\"potentialAction\":[{\"@type\":\"CommentAction\",\"name\":\"Comment\",\"target\":[\"https:\/\/panoramaciudadano.com\/index.php\/2024\/06\/27\/encuentran-armas-y-drogas-en-mochila-de-estudiante-de-cancun-policia-lo-niega\/#respond\"]}]},{\"@type\":\"WebPage\",\"@id\":\"https:\/\/panoramaciudadano.com\/index.php\/2024\/06\/27\/encuentran-armas-y-drogas-en-mochila-de-estudiante-de-cancun-policia-lo-niega\/\",\"url\":\"https:\/\/panoramaciudadano.com\/index.php\/2024\/06\/27\/encuentran-armas-y-drogas-en-mochila-de-estudiante-de-cancun-policia-lo-niega\/\",\"name\":\"Encuentran armas y drogas en mochila de estudiante de Canc\u00fan, Polic\u00eda lo niega - Panorama Ciudadano\",\"isPartOf\":{\"@id\":\"https:\/\/panoramaciudadano.com\/#website\"},\"primaryImageOfPage\":{\"@id\":\"https:\/\/panoramaciudadano.com\/index.php\/2024\/06\/27\/encuentran-armas-y-drogas-en-mochila-de-estudiante-de-cancun-policia-lo-niega\/#primaryimage\"},\"image\":{\"@id\":\"https:\/\/panoramaciudadano.com\/index.php\/2024\/06\/27\/encuentran-armas-y-drogas-en-mochila-de-estudiante-de-cancun-policia-lo-niega\/#primaryimage\"},\"thumbnailUrl\":\"https:\/\/panoramaciudadano.com\/wp-content\/uploads\/2024\/06\/WhatsApp-Image-2024-06-27-at-13.41.20-1.jpeg\",\"datePublished\":\"2024-06-27T19:42:49+00:00\",\"dateModified\":\"2024-06-27T19:42:51+00:00\",\"breadcrumb\":{\"@id\":\"https:\/\/panoramaciudadano.com\/index.php\/2024\/06\/27\/encuentran-armas-y-drogas-en-mochila-de-estudiante-de-cancun-policia-lo-niega\/#breadcrumb\"},\"inLanguage\":\"es\",\"potentialAction\":[{\"@type\":\"ReadAction\",\"target\":[\"https:\/\/panoramaciudadano.com\/index.php\/2024\/06\/27\/encuentran-armas-y-drogas-en-mochila-de-estudiante-de-cancun-policia-lo-niega\/\"]}]},{\"@type\":\"ImageObject\",\"inLanguage\":\"es\",\"@id\":\"https:\/\/panoramaciudadano.com\/index.php\/2024\/06\/27\/encuentran-armas-y-drogas-en-mochila-de-estudiante-de-cancun-policia-lo-niega\/#primaryimage\",\"url\":\"https:\/\/panoramaciudadano.com\/wp-content\/uploads\/2024\/06\/WhatsApp-Image-2024-06-27-at-13.41.20-1.jpeg\",\"contentUrl\":\"https:\/\/panoramaciudadano.com\/wp-content\/uploads\/2024\/06\/WhatsApp-Image-2024-06-27-at-13.41.20-1.jpeg\",\"width\":1599,\"height\":1200},{\"@type\":\"BreadcrumbList\",\"@id\":\"https:\/\/panoramaciudadano.com\/index.php\/2024\/06\/27\/encuentran-armas-y-drogas-en-mochila-de-estudiante-de-cancun-policia-lo-niega\/#breadcrumb\",\"itemListElement\":[{\"@type\":\"ListItem\",\"position\":1,\"name\":\"Portada\",\"item\":\"https:\/\/panoramaciudadano.com\/\"},{\"@type\":\"ListItem\",\"position\":2,\"name\":\"Encuentran armas y drogas en mochila de estudiante de Canc\u00fan, Polic\u00eda lo niega\"}]},{\"@type\":\"WebSite\",\"@id\":\"https:\/\/panoramaciudadano.com\/#website\",\"url\":\"https:\/\/panoramaciudadano.com\/\",\"name\":\"Panorama Ciudadano\",\"description\":\"\",\"publisher\":{\"@id\":\"https:\/\/panoramaciudadano.com\/#organization\"},\"potentialAction\":[{\"@type\":\"SearchAction\",\"target\":{\"@type\":\"EntryPoint\",\"urlTemplate\":\"https:\/\/panoramaciudadano.com\/?s={search_term_string}\"},\"query-input\":{\"@type\":\"PropertyValueSpecification\",\"valueRequired\":true,\"valueName\":\"search_term_string\"}}],\"inLanguage\":\"es\"},{\"@type\":\"Organization\",\"@id\":\"https:\/\/panoramaciudadano.com\/#organization\",\"name\":\"Panorama Ciudadano\",\"url\":\"https:\/\/panoramaciudadano.com\/\",\"logo\":{\"@type\":\"ImageObject\",\"inLanguage\":\"es\",\"@id\":\"https:\/\/panoramaciudadano.com\/#\/schema\/logo\/image\/\",\"url\":\"https:\/\/panoramaciudadano.com\/wp-content\/uploads\/2024\/05\/401498640_919267042938564_6290593609399108733_n.jpg\",\"contentUrl\":\"https:\/\/panoramaciudadano.com\/wp-content\/uploads\/2024\/05\/401498640_919267042938564_6290593609399108733_n.jpg\",\"width\":960,\"height\":957,\"caption\":\"Panorama Ciudadano\"},\"image\":{\"@id\":\"https:\/\/panoramaciudadano.com\/#\/schema\/logo\/image\/\"},\"sameAs\":[\"https:\/\/www.facebook.com\/panoramaciudadano\"]},{\"@type\":\"Person\",\"@id\":\"https:\/\/panoramaciudadano.com\/#\/schema\/person\/ffe9fe8ef47d3a93977b5761fd9e0d96\",\"name\":\"admin\",\"image\":{\"@type\":\"ImageObject\",\"inLanguage\":\"es\",\"@id\":\"https:\/\/panoramaciudadano.com\/#\/schema\/person\/image\/\",\"url\":\"https:\/\/secure.gravatar.com\/avatar\/2d5a12cacce3f18096f25fadea8abb7202fef18ed669595589853e84260ff451?s=96&d=mm&r=g\",\"contentUrl\":\"https:\/\/secure.gravatar.com\/avatar\/2d5a12cacce3f18096f25fadea8abb7202fef18ed669595589853e84260ff451?s=96&d=mm&r=g\",\"caption\":\"admin\"},\"sameAs\":[\"https:\/\/panoramaciudadano.com\"],\"url\":\"https:\/\/panoramaciudadano.com\/index.php\/author\/admin_3q6hyqq3\/\"}]}<\/script>\n<!-- \/ Yoast SEO plugin. -->","yoast_head_json":{"title":"Encuentran armas y drogas en mochila de estudiante de Canc\u00fan, Polic\u00eda lo niega - Panorama Ciudadano","robots":{"index":"index","follow":"follow","max-snippet":"max-snippet:-1","max-image-preview":"max-image-preview:large","max-video-preview":"max-video-preview:-1"},"canonical":"https:\/\/panoramaciudadano.com\/index.php\/2024\/06\/27\/encuentran-armas-y-drogas-en-mochila-de-estudiante-de-cancun-policia-lo-niega\/","og_locale":"es_ES","og_type":"article","og_title":"Encuentran armas y drogas en mochila de estudiante de Canc\u00fan, Polic\u00eda lo niega - Panorama Ciudadano","og_description":"Tanto la directora del Geavyg, Adela Jim\u00e9nez y el secretario de Seguridad Ciudadana, Carlos Ernesto Damiano Sumoano, quieren tapar el sol con un dedo al ocultar informaci\u00f3n importante, luego de que negaron que en la secundaria Jos\u00e9 Mart\u00ed encontraron droga y un arma de fuego a un alumno.","og_url":"https:\/\/panoramaciudadano.com\/index.php\/2024\/06\/27\/encuentran-armas-y-drogas-en-mochila-de-estudiante-de-cancun-policia-lo-niega\/","og_site_name":"Panorama Ciudadano","article_publisher":"https:\/\/www.facebook.com\/panoramaciudadano","article_published_time":"2024-06-27T19:42:49+00:00","article_modified_time":"2024-06-27T19:42:51+00:00","og_image":[{"width":1599,"height":1200,"url":"https:\/\/panoramaciudadano.com\/wp-content\/uploads\/2024\/06\/WhatsApp-Image-2024-06-27-at-13.41.20-1.jpeg","type":"image\/jpeg"}],"author":"admin","twitter_card":"summary_large_image","twitter_misc":{"Escrito por":"admin","Tiempo de lectura":"3 minutos"},"schema":{"@context":"https:\/\/schema.org","@graph":[{"@type":"Article","@id":"https:\/\/panoramaciudadano.com\/index.php\/2024\/06\/27\/encuentran-armas-y-drogas-en-mochila-de-estudiante-de-cancun-policia-lo-niega\/#article","isPartOf":{"@id":"https:\/\/panoramaciudadano.com\/index.php\/2024\/06\/27\/encuentran-armas-y-drogas-en-mochila-de-estudiante-de-cancun-policia-lo-niega\/"},"author":{"name":"admin","@id":"https:\/\/panoramaciudadano.com\/#\/schema\/person\/ffe9fe8ef47d3a93977b5761fd9e0d96"},"headline":"Encuentran armas y drogas en mochila de estudiante de Canc\u00fan, Polic\u00eda lo niega","datePublished":"2024-06-27T19:42:49+00:00","dateModified":"2024-06-27T19:42:51+00:00","mainEntityOfPage":{"@id":"https:\/\/panoramaciudadano.com\/index.php\/2024\/06\/27\/encuentran-armas-y-drogas-en-mochila-de-estudiante-de-cancun-policia-lo-niega\/"},"wordCount":317,"commentCount":0,"publisher":{"@id":"https:\/\/panoramaciudadano.com\/#organization"},"image":{"@id":"https:\/\/panoramaciudadano.com\/index.php\/2024\/06\/27\/encuentran-armas-y-drogas-en-mochila-de-estudiante-de-cancun-policia-lo-niega\/#primaryimage"},"thumbnailUrl":"https:\/\/panoramaciudadano.com\/wp-content\/uploads\/2024\/06\/WhatsApp-Image-2024-06-27-at-13.41.20-1.jpeg","keywords":["\"Jos\u00e9 Marti\"","Adela Jim\u00e9nez","Carlos Ernesto Damiano Sumoano","Geavyg","Polic\u00eda Municipal de Benito Ju\u00e1rez","Secundaria General No. 20"],"articleSection":["Canc\u00fan"],"inLanguage":"es","potentialAction":[{"@type":"CommentAction","name":"Comment","target":["https:\/\/panoramaciudadano.com\/index.php\/2024\/06\/27\/encuentran-armas-y-drogas-en-mochila-de-estudiante-de-cancun-policia-lo-niega\/#respond"]}]},{"@type":"WebPage","@id":"https:\/\/panoramaciudadano.com\/index.php\/2024\/06\/27\/encuentran-armas-y-drogas-en-mochila-de-estudiante-de-cancun-policia-lo-niega\/","url":"https:\/\/panoramaciudadano.com\/index.php\/2024\/06\/27\/encuentran-armas-y-drogas-en-mochila-de-estudiante-de-cancun-policia-lo-niega\/","name":"Encuentran armas y drogas en mochila de estudiante de Canc\u00fan, Polic\u00eda lo niega - Panorama Ciudadano","isPartOf":{"@id":"https:\/\/panoramaciudadano.com\/#website"},"primaryImageOfPage":{"@id":"https:\/\/panoramaciudadano.com\/index.php\/2024\/06\/27\/encuentran-armas-y-drogas-en-mochila-de-estudiante-de-cancun-policia-lo-niega\/#primaryimage"},"image":{"@id":"https:\/\/panoramaciudadano.com\/index.php\/2024\/06\/27\/encuentran-armas-y-drogas-en-mochila-de-estudiante-de-cancun-policia-lo-niega\/#primaryimage"},"thumbnailUrl":"https:\/\/panoramaciudadano.com\/wp-content\/uploads\/2024\/06\/WhatsApp-Image-2024-06-27-at-13.41.20-1.jpeg","datePublished":"2024-06-27T19:42:49+00:00","dateModified":"2024-06-27T19:42:51+00:00","breadcrumb":{"@id":"https:\/\/panoramaciudadano.com\/index.php\/2024\/06\/27\/encuentran-armas-y-drogas-en-mochila-de-estudiante-de-cancun-policia-lo-niega\/#breadcrumb"},"inLanguage":"es","potentialAction":[{"@type":"ReadAction","target":["https:\/\/panoramaciudadano.com\/index.php\/2024\/06\/27\/encuentran-armas-y-drogas-en-mochila-de-estudiante-de-cancun-policia-lo-niega\/"]}]},{"@type":"ImageObject","inLanguage":"es","@id":"https:\/\/panoramaciudadano.com\/index.php\/2024\/06\/27\/encuentran-armas-y-drogas-en-mochila-de-estudiante-de-cancun-policia-lo-niega\/#primaryimage","url":"https:\/\/panoramaciudadano.com\/wp-content\/uploads\/2024\/06\/WhatsApp-Image-2024-06-27-at-13.41.20-1.jpeg","contentUrl":"https:\/\/panoramaciudadano.com\/wp-content\/uploads\/2024\/06\/WhatsApp-Image-2024-06-27-at-13.41.20-1.jpeg","width":1599,"height":1200},{"@type":"BreadcrumbList","@id":"https:\/\/panoramaciudadano.com\/index.php\/2024\/06\/27\/encuentran-armas-y-drogas-en-mochila-de-estudiante-de-cancun-policia-lo-niega\/#breadcrumb","itemListElement":[{"@type":"ListItem","position":1,"name":"Portada","item":"https:\/\/panoramaciudadano.com\/"},{"@type":"ListItem","position":2,"name":"Encuentran armas y drogas en mochila de estudiante de Canc\u00fan, Polic\u00eda lo niega"}]},{"@type":"WebSite","@id":"https:\/\/panoramaciudadano.com\/#website","url":"https:\/\/panoramaciudadano.com\/","name":"Panorama Ciudadano","description":"","publisher":{"@id":"https:\/\/panoramaciudadano.com\/#organization"},"potentialAction":[{"@type":"SearchAction","target":{"@type":"EntryPoint","urlTemplate":"https:\/\/panoramaciudadano.com\/?s={search_term_string}"},"query-input":{"@type":"PropertyValueSpecification","valueRequired":true,"valueName":"search_term_string"}}],"inLanguage":"es"},{"@type":"Organization","@id":"https:\/\/panoramaciudadano.com\/#organization","name":"Panorama Ciudadano","url":"https:\/\/panoramaciudadano.com\/","logo":{"@type":"ImageObject","inLanguage":"es","@id":"https:\/\/panoramaciudadano.com\/#\/schema\/logo\/image\/","url":"https:\/\/panoramaciudadano.com\/wp-content\/uploads\/2024\/05\/401498640_919267042938564_6290593609399108733_n.jpg","contentUrl":"https:\/\/panoramaciudadano.com\/wp-content\/uploads\/2024\/05\/401498640_919267042938564_6290593609399108733_n.jpg","width":960,"height":957,"caption":"Panorama Ciudadano"},"image":{"@id":"https:\/\/panoramaciudadano.com\/#\/schema\/logo\/image\/"},"sameAs":["https:\/\/www.facebook.com\/panoramaciudadano"]},{"@type":"Person","@id":"https:\/\/panoramaciudadano.com\/#\/schema\/person\/ffe9fe8ef47d3a93977b5761fd9e0d96","name":"admin","image":{"@type":"ImageObject","inLanguage":"es","@id":"https:\/\/panoramaciudadano.com\/#\/schema\/person\/image\/","url":"https:\/\/secure.gravatar.com\/avatar\/2d5a12cacce3f18096f25fadea8abb7202fef18ed669595589853e84260ff451?s=96&d=mm&r=g","contentUrl":"https:\/\/secure.gravatar.com\/avatar\/2d5a12cacce3f18096f25fadea8abb7202fef18ed669595589853e84260ff451?s=96&d=mm&r=g","caption":"admin"},"sameAs":["https:\/\/panoramaciudadano.com"],"url":"https:\/\/panoramaciudadano.com\/index.php\/author\/admin_3q6hyqq3\/"}]}},"_links":{"self":[{"href":"https:\/\/panoramaciudadano.com\/index.php\/wp-json\/wp\/v2\/posts\/920","targetHints":{"allow":["GET"]}}],"collection":[{"href":"https:\/\/panoramaciudadano.com\/index.php\/wp-json\/wp\/v2\/posts"}],"about":[{"href":"https:\/\/panoramaciudadano.com\/index.php\/wp-json\/wp\/v2\/types\/post"}],"author":[{"embeddable":true,"href":"https:\/\/panoramaciudadano.com\/index.php\/wp-json\/wp\/v2\/users\/1"}],"replies":[{"embeddable":true,"href":"https:\/\/panoramaciudadano.com\/index.php\/wp-json\/wp\/v2\/comments?post=920"}],"version-history":[{"count":1,"href":"https:\/\/panoramaciudadano.com\/index.php\/wp-json\/wp\/v2\/posts\/920\/revisions"}],"predecessor-version":[{"id":925,"href":"https:\/\/panoramaciudadano.com\/index.php\/wp-json\/wp\/v2\/posts\/920\/revisions\/925"}],"wp:featuredmedia":[{"embeddable":true,"href":"https:\/\/panoramaciudadano.com\/index.php\/wp-json\/wp\/v2\/media\/923"}],"wp:attachment":[{"href":"https:\/\/panoramaciudadano.com\/index.php\/wp-json\/wp\/v2\/media?parent=920"}],"wp:term":[{"taxonomy":"category","embeddable":true,"href":"https:\/\/panoramaciudadano.com\/index.php\/wp-json\/wp\/v2\/categories?post=920"},{"taxonomy":"post_tag","embeddable":true,"href":"https:\/\/panoramaciudadano.com\/index.php\/wp-json\/wp\/v2\/tags?post=920"}],"curies":[{"name":"wp","href":"https:\/\/api.w.org\/{rel}","templated":true}]}}