{"id":9451,"date":"2025-01-27T13:41:00","date_gmt":"2025-01-27T18:41:00","guid":{"rendered":"https:\/\/panoramaciudadano.com\/?p=9451"},"modified":"2025-01-27T13:41:01","modified_gmt":"2025-01-27T18:41:01","slug":"gobierno-de-isla-mujeres-fortalece-compromiso-ambiental-con-mega-brigada-de-limpieza-en-sac-bajo","status":"publish","type":"post","link":"https:\/\/panoramaciudadano.com\/index.php\/2025\/01\/27\/gobierno-de-isla-mujeres-fortalece-compromiso-ambiental-con-mega-brigada-de-limpieza-en-sac-bajo\/","title":{"rendered":"Gobierno de Isla Mujeres fortalece compromiso ambiental con mega brigada de Limpieza en Sac Bajo"},"content":{"rendered":"\n<figure class=\"wp-block-image size-full\"><img decoding=\"async\" width=\"811\" height=\"540\" src=\"https:\/\/panoramaciudadano.com\/wp-content\/uploads\/2025\/01\/5-24.jpeg\" alt=\"\" class=\"wp-image-9452\" srcset=\"https:\/\/panoramaciudadano.com\/wp-content\/uploads\/2025\/01\/5-24.jpeg 811w, https:\/\/panoramaciudadano.com\/wp-content\/uploads\/2025\/01\/5-24-300x200.jpeg 300w, https:\/\/panoramaciudadano.com\/wp-content\/uploads\/2025\/01\/5-24-768x511.jpeg 768w\" sizes=\"(max-width: 811px) 100vw, 811px\" \/><\/figure>\n\n\n\n<p>Con gran entusiasmo, el Ayuntamiento de Isla Mujeres, encabezado por la Presidenta Municipal, Atenea G\u00f3mez Ricalde, llev\u00f3 a cabo una mega brigada de limpieza en el \u00e1rea de Sac Bajo, como parte de las actividades conmemorativas del D\u00eda Internacional de la Educaci\u00f3n Ambiental.<\/p>\n\n\n\n<p>A trav\u00e9s de la Direcci\u00f3n de la Zona Federal Mar\u00edtimo Terrestre (ZOFEMAT) se lograron recolectar 969.8 kilogramos de residuos, distribuidos en 53.5 kg de PET, 183 kg de vidrio, 25.3 kg de aluminio y 708 kg de basura general.<\/p>\n\n\n\n<p>Dayana Alejandra P\u00e9rez Medina, Directora de Zofemat Isla Mujeres, inform\u00f3 que durante el evento participaron m\u00e1s de un 100 personas, entre personal de Zofemat, alumnos de la Universidad Sacro Coure, as\u00ed como voluntarios de la asociaci\u00f3n Parley Of The Oceans, Isla Circula, Selina y de Xcaret Xailing.<\/p>\n\n\n\n<p>La funcionaria municipal agreg\u00f3 que la actividad se complement\u00f3 con una pl\u00e1tica de sensibilizaci\u00f3n ambiental dirigida a estudiantes de la Universidad Sacro Coure.<\/p>\n\n\n\n<p>El Gobierno de Isla Mujeres refrenda su compromiso con el desarrollo sostenible y la educaci\u00f3n ambiental, tal y como lo establece el Nuevo Acuerdo por el Bienestar y Desarrollo de Quintana Roo que impulsa la Gobernadora del Estado, Mara Lezama Espinosa.<\/p>\n","protected":false},"excerpt":{"rendered":"<p>Con gran entusiasmo, el Ayuntamiento de Isla Mujeres, encabezado por la Presidenta Municipal, Atenea G\u00f3mez Ricalde, llev\u00f3 a cabo una mega brigada de limpieza en el \u00e1rea de Sac Bajo, como parte de las actividades conmemorativas del D\u00eda Internacional de la Educaci\u00f3n Ambiental.\u00a0<\/p>\n","protected":false},"author":1,"featured_media":9452,"comment_status":"open","ping_status":"closed","sticky":false,"template":"","format":"standard","meta":{"footnotes":""},"categories":[6],"tags":[336],"class_list":["post-9451","post","type-post","status-publish","format-standard","has-post-thumbnail","hentry","category-cancun","tag-atenea-gomez-ricalde"],"yoast_head":"<!-- This site is optimized with the Yoast SEO plugin v27.1.1 - https:\/\/yoast.com\/product\/yoast-seo-wordpress\/ -->\n<title>Gobierno de Isla Mujeres fortalece compromiso ambiental con mega brigada de Limpieza en Sac Bajo - Panorama Ciudadano<\/title>\n<meta name=\"robots\" content=\"index, follow, max-snippet:-1, max-image-preview:large, max-video-preview:-1\" \/>\n<link rel=\"canonical\" href=\"https:\/\/panoramaciudadano.com\/index.php\/2025\/01\/27\/gobierno-de-isla-mujeres-fortalece-compromiso-ambiental-con-mega-brigada-de-limpieza-en-sac-bajo\/\" \/>\n<meta property=\"og:locale\" content=\"es_ES\" \/>\n<meta property=\"og:type\" content=\"article\" \/>\n<meta property=\"og:title\" content=\"Gobierno de Isla Mujeres fortalece compromiso ambiental con mega brigada de Limpieza en Sac Bajo - Panorama Ciudadano\" \/>\n<meta property=\"og:description\" content=\"Con gran entusiasmo, el Ayuntamiento de Isla Mujeres, encabezado por la Presidenta Municipal, Atenea G\u00f3mez Ricalde, llev\u00f3 a cabo una mega brigada de limpieza en el \u00e1rea de Sac Bajo, como parte de las actividades conmemorativas del D\u00eda Internacional de la Educaci\u00f3n Ambiental.\u00a0\" \/>\n<meta property=\"og:url\" content=\"https:\/\/panoramaciudadano.com\/index.php\/2025\/01\/27\/gobierno-de-isla-mujeres-fortalece-compromiso-ambiental-con-mega-brigada-de-limpieza-en-sac-bajo\/\" \/>\n<meta property=\"og:site_name\" content=\"Panorama Ciudadano\" \/>\n<meta property=\"article:publisher\" content=\"https:\/\/www.facebook.com\/panoramaciudadano\" \/>\n<meta property=\"article:published_time\" content=\"2025-01-27T18:41:00+00:00\" \/>\n<meta property=\"article:modified_time\" content=\"2025-01-27T18:41:01+00:00\" \/>\n<meta property=\"og:image\" content=\"https:\/\/panoramaciudadano.com\/wp-content\/uploads\/2025\/01\/5-24.jpeg\" \/>\n\t<meta property=\"og:image:width\" content=\"811\" \/>\n\t<meta property=\"og:image:height\" content=\"540\" \/>\n\t<meta property=\"og:image:type\" content=\"image\/jpeg\" \/>\n<meta name=\"author\" content=\"admin\" \/>\n<meta name=\"twitter:card\" content=\"summary_large_image\" \/>\n<meta name=\"twitter:label1\" content=\"Escrito por\" \/>\n\t<meta name=\"twitter:data1\" content=\"admin\" \/>\n\t<meta name=\"twitter:label2\" content=\"Tiempo de lectura\" \/>\n\t<meta name=\"twitter:data2\" content=\"2 minutos\" \/>\n<script type=\"application\/ld+json\" class=\"yoast-schema-graph\">{\"@context\":\"https:\/\/schema.org\",\"@graph\":[{\"@type\":\"Article\",\"@id\":\"https:\/\/panoramaciudadano.com\/index.php\/2025\/01\/27\/gobierno-de-isla-mujeres-fortalece-compromiso-ambiental-con-mega-brigada-de-limpieza-en-sac-bajo\/#article\",\"isPartOf\":{\"@id\":\"https:\/\/panoramaciudadano.com\/index.php\/2025\/01\/27\/gobierno-de-isla-mujeres-fortalece-compromiso-ambiental-con-mega-brigada-de-limpieza-en-sac-bajo\/\"},\"author\":{\"name\":\"admin\",\"@id\":\"https:\/\/panoramaciudadano.com\/#\/schema\/person\/ffe9fe8ef47d3a93977b5761fd9e0d96\"},\"headline\":\"Gobierno de Isla Mujeres fortalece compromiso ambiental con mega brigada de Limpieza en Sac Bajo\",\"datePublished\":\"2025-01-27T18:41:00+00:00\",\"dateModified\":\"2025-01-27T18:41:01+00:00\",\"mainEntityOfPage\":{\"@id\":\"https:\/\/panoramaciudadano.com\/index.php\/2025\/01\/27\/gobierno-de-isla-mujeres-fortalece-compromiso-ambiental-con-mega-brigada-de-limpieza-en-sac-bajo\/\"},\"wordCount\":214,\"commentCount\":0,\"publisher\":{\"@id\":\"https:\/\/panoramaciudadano.com\/#organization\"},\"image\":{\"@id\":\"https:\/\/panoramaciudadano.com\/index.php\/2025\/01\/27\/gobierno-de-isla-mujeres-fortalece-compromiso-ambiental-con-mega-brigada-de-limpieza-en-sac-bajo\/#primaryimage\"},\"thumbnailUrl\":\"https:\/\/panoramaciudadano.com\/wp-content\/uploads\/2025\/01\/5-24.jpeg\",\"keywords\":[\"Atenea G\u00f3mez Ricalde\"],\"articleSection\":[\"Canc\u00fan\"],\"inLanguage\":\"es\",\"potentialAction\":[{\"@type\":\"CommentAction\",\"name\":\"Comment\",\"target\":[\"https:\/\/panoramaciudadano.com\/index.php\/2025\/01\/27\/gobierno-de-isla-mujeres-fortalece-compromiso-ambiental-con-mega-brigada-de-limpieza-en-sac-bajo\/#respond\"]}]},{\"@type\":\"WebPage\",\"@id\":\"https:\/\/panoramaciudadano.com\/index.php\/2025\/01\/27\/gobierno-de-isla-mujeres-fortalece-compromiso-ambiental-con-mega-brigada-de-limpieza-en-sac-bajo\/\",\"url\":\"https:\/\/panoramaciudadano.com\/index.php\/2025\/01\/27\/gobierno-de-isla-mujeres-fortalece-compromiso-ambiental-con-mega-brigada-de-limpieza-en-sac-bajo\/\",\"name\":\"Gobierno de Isla Mujeres fortalece compromiso ambiental con mega brigada de Limpieza en Sac Bajo - Panorama Ciudadano\",\"isPartOf\":{\"@id\":\"https:\/\/panoramaciudadano.com\/#website\"},\"primaryImageOfPage\":{\"@id\":\"https:\/\/panoramaciudadano.com\/index.php\/2025\/01\/27\/gobierno-de-isla-mujeres-fortalece-compromiso-ambiental-con-mega-brigada-de-limpieza-en-sac-bajo\/#primaryimage\"},\"image\":{\"@id\":\"https:\/\/panoramaciudadano.com\/index.php\/2025\/01\/27\/gobierno-de-isla-mujeres-fortalece-compromiso-ambiental-con-mega-brigada-de-limpieza-en-sac-bajo\/#primaryimage\"},\"thumbnailUrl\":\"https:\/\/panoramaciudadano.com\/wp-content\/uploads\/2025\/01\/5-24.jpeg\",\"datePublished\":\"2025-01-27T18:41:00+00:00\",\"dateModified\":\"2025-01-27T18:41:01+00:00\",\"breadcrumb\":{\"@id\":\"https:\/\/panoramaciudadano.com\/index.php\/2025\/01\/27\/gobierno-de-isla-mujeres-fortalece-compromiso-ambiental-con-mega-brigada-de-limpieza-en-sac-bajo\/#breadcrumb\"},\"inLanguage\":\"es\",\"potentialAction\":[{\"@type\":\"ReadAction\",\"target\":[\"https:\/\/panoramaciudadano.com\/index.php\/2025\/01\/27\/gobierno-de-isla-mujeres-fortalece-compromiso-ambiental-con-mega-brigada-de-limpieza-en-sac-bajo\/\"]}]},{\"@type\":\"ImageObject\",\"inLanguage\":\"es\",\"@id\":\"https:\/\/panoramaciudadano.com\/index.php\/2025\/01\/27\/gobierno-de-isla-mujeres-fortalece-compromiso-ambiental-con-mega-brigada-de-limpieza-en-sac-bajo\/#primaryimage\",\"url\":\"https:\/\/panoramaciudadano.com\/wp-content\/uploads\/2025\/01\/5-24.jpeg\",\"contentUrl\":\"https:\/\/panoramaciudadano.com\/wp-content\/uploads\/2025\/01\/5-24.jpeg\",\"width\":811,\"height\":540},{\"@type\":\"BreadcrumbList\",\"@id\":\"https:\/\/panoramaciudadano.com\/index.php\/2025\/01\/27\/gobierno-de-isla-mujeres-fortalece-compromiso-ambiental-con-mega-brigada-de-limpieza-en-sac-bajo\/#breadcrumb\",\"itemListElement\":[{\"@type\":\"ListItem\",\"position\":1,\"name\":\"Portada\",\"item\":\"https:\/\/panoramaciudadano.com\/\"},{\"@type\":\"ListItem\",\"position\":2,\"name\":\"Gobierno de Isla Mujeres fortalece compromiso ambiental con mega brigada de Limpieza en Sac Bajo\"}]},{\"@type\":\"WebSite\",\"@id\":\"https:\/\/panoramaciudadano.com\/#website\",\"url\":\"https:\/\/panoramaciudadano.com\/\",\"name\":\"Panorama Ciudadano\",\"description\":\"\",\"publisher\":{\"@id\":\"https:\/\/panoramaciudadano.com\/#organization\"},\"potentialAction\":[{\"@type\":\"SearchAction\",\"target\":{\"@type\":\"EntryPoint\",\"urlTemplate\":\"https:\/\/panoramaciudadano.com\/?s={search_term_string}\"},\"query-input\":{\"@type\":\"PropertyValueSpecification\",\"valueRequired\":true,\"valueName\":\"search_term_string\"}}],\"inLanguage\":\"es\"},{\"@type\":\"Organization\",\"@id\":\"https:\/\/panoramaciudadano.com\/#organization\",\"name\":\"Panorama Ciudadano\",\"url\":\"https:\/\/panoramaciudadano.com\/\",\"logo\":{\"@type\":\"ImageObject\",\"inLanguage\":\"es\",\"@id\":\"https:\/\/panoramaciudadano.com\/#\/schema\/logo\/image\/\",\"url\":\"https:\/\/panoramaciudadano.com\/wp-content\/uploads\/2024\/05\/401498640_919267042938564_6290593609399108733_n.jpg\",\"contentUrl\":\"https:\/\/panoramaciudadano.com\/wp-content\/uploads\/2024\/05\/401498640_919267042938564_6290593609399108733_n.jpg\",\"width\":960,\"height\":957,\"caption\":\"Panorama Ciudadano\"},\"image\":{\"@id\":\"https:\/\/panoramaciudadano.com\/#\/schema\/logo\/image\/\"},\"sameAs\":[\"https:\/\/www.facebook.com\/panoramaciudadano\"]},{\"@type\":\"Person\",\"@id\":\"https:\/\/panoramaciudadano.com\/#\/schema\/person\/ffe9fe8ef47d3a93977b5761fd9e0d96\",\"name\":\"admin\",\"image\":{\"@type\":\"ImageObject\",\"inLanguage\":\"es\",\"@id\":\"https:\/\/panoramaciudadano.com\/#\/schema\/person\/image\/\",\"url\":\"https:\/\/secure.gravatar.com\/avatar\/2d5a12cacce3f18096f25fadea8abb7202fef18ed669595589853e84260ff451?s=96&d=mm&r=g\",\"contentUrl\":\"https:\/\/secure.gravatar.com\/avatar\/2d5a12cacce3f18096f25fadea8abb7202fef18ed669595589853e84260ff451?s=96&d=mm&r=g\",\"caption\":\"admin\"},\"sameAs\":[\"https:\/\/panoramaciudadano.com\"],\"url\":\"https:\/\/panoramaciudadano.com\/index.php\/author\/admin_3q6hyqq3\/\"}]}<\/script>\n<!-- \/ Yoast SEO plugin. -->","yoast_head_json":{"title":"Gobierno de Isla Mujeres fortalece compromiso ambiental con mega brigada de Limpieza en Sac Bajo - Panorama Ciudadano","robots":{"index":"index","follow":"follow","max-snippet":"max-snippet:-1","max-image-preview":"max-image-preview:large","max-video-preview":"max-video-preview:-1"},"canonical":"https:\/\/panoramaciudadano.com\/index.php\/2025\/01\/27\/gobierno-de-isla-mujeres-fortalece-compromiso-ambiental-con-mega-brigada-de-limpieza-en-sac-bajo\/","og_locale":"es_ES","og_type":"article","og_title":"Gobierno de Isla Mujeres fortalece compromiso ambiental con mega brigada de Limpieza en Sac Bajo - Panorama Ciudadano","og_description":"Con gran entusiasmo, el Ayuntamiento de Isla Mujeres, encabezado por la Presidenta Municipal, Atenea G\u00f3mez Ricalde, llev\u00f3 a cabo una mega brigada de limpieza en el \u00e1rea de Sac Bajo, como parte de las actividades conmemorativas del D\u00eda Internacional de la Educaci\u00f3n Ambiental.\u00a0","og_url":"https:\/\/panoramaciudadano.com\/index.php\/2025\/01\/27\/gobierno-de-isla-mujeres-fortalece-compromiso-ambiental-con-mega-brigada-de-limpieza-en-sac-bajo\/","og_site_name":"Panorama Ciudadano","article_publisher":"https:\/\/www.facebook.com\/panoramaciudadano","article_published_time":"2025-01-27T18:41:00+00:00","article_modified_time":"2025-01-27T18:41:01+00:00","og_image":[{"width":811,"height":540,"url":"https:\/\/panoramaciudadano.com\/wp-content\/uploads\/2025\/01\/5-24.jpeg","type":"image\/jpeg"}],"author":"admin","twitter_card":"summary_large_image","twitter_misc":{"Escrito por":"admin","Tiempo de lectura":"2 minutos"},"schema":{"@context":"https:\/\/schema.org","@graph":[{"@type":"Article","@id":"https:\/\/panoramaciudadano.com\/index.php\/2025\/01\/27\/gobierno-de-isla-mujeres-fortalece-compromiso-ambiental-con-mega-brigada-de-limpieza-en-sac-bajo\/#article","isPartOf":{"@id":"https:\/\/panoramaciudadano.com\/index.php\/2025\/01\/27\/gobierno-de-isla-mujeres-fortalece-compromiso-ambiental-con-mega-brigada-de-limpieza-en-sac-bajo\/"},"author":{"name":"admin","@id":"https:\/\/panoramaciudadano.com\/#\/schema\/person\/ffe9fe8ef47d3a93977b5761fd9e0d96"},"headline":"Gobierno de Isla Mujeres fortalece compromiso ambiental con mega brigada de Limpieza en Sac Bajo","datePublished":"2025-01-27T18:41:00+00:00","dateModified":"2025-01-27T18:41:01+00:00","mainEntityOfPage":{"@id":"https:\/\/panoramaciudadano.com\/index.php\/2025\/01\/27\/gobierno-de-isla-mujeres-fortalece-compromiso-ambiental-con-mega-brigada-de-limpieza-en-sac-bajo\/"},"wordCount":214,"commentCount":0,"publisher":{"@id":"https:\/\/panoramaciudadano.com\/#organization"},"image":{"@id":"https:\/\/panoramaciudadano.com\/index.php\/2025\/01\/27\/gobierno-de-isla-mujeres-fortalece-compromiso-ambiental-con-mega-brigada-de-limpieza-en-sac-bajo\/#primaryimage"},"thumbnailUrl":"https:\/\/panoramaciudadano.com\/wp-content\/uploads\/2025\/01\/5-24.jpeg","keywords":["Atenea G\u00f3mez Ricalde"],"articleSection":["Canc\u00fan"],"inLanguage":"es","potentialAction":[{"@type":"CommentAction","name":"Comment","target":["https:\/\/panoramaciudadano.com\/index.php\/2025\/01\/27\/gobierno-de-isla-mujeres-fortalece-compromiso-ambiental-con-mega-brigada-de-limpieza-en-sac-bajo\/#respond"]}]},{"@type":"WebPage","@id":"https:\/\/panoramaciudadano.com\/index.php\/2025\/01\/27\/gobierno-de-isla-mujeres-fortalece-compromiso-ambiental-con-mega-brigada-de-limpieza-en-sac-bajo\/","url":"https:\/\/panoramaciudadano.com\/index.php\/2025\/01\/27\/gobierno-de-isla-mujeres-fortalece-compromiso-ambiental-con-mega-brigada-de-limpieza-en-sac-bajo\/","name":"Gobierno de Isla Mujeres fortalece compromiso ambiental con mega brigada de Limpieza en Sac Bajo - Panorama Ciudadano","isPartOf":{"@id":"https:\/\/panoramaciudadano.com\/#website"},"primaryImageOfPage":{"@id":"https:\/\/panoramaciudadano.com\/index.php\/2025\/01\/27\/gobierno-de-isla-mujeres-fortalece-compromiso-ambiental-con-mega-brigada-de-limpieza-en-sac-bajo\/#primaryimage"},"image":{"@id":"https:\/\/panoramaciudadano.com\/index.php\/2025\/01\/27\/gobierno-de-isla-mujeres-fortalece-compromiso-ambiental-con-mega-brigada-de-limpieza-en-sac-bajo\/#primaryimage"},"thumbnailUrl":"https:\/\/panoramaciudadano.com\/wp-content\/uploads\/2025\/01\/5-24.jpeg","datePublished":"2025-01-27T18:41:00+00:00","dateModified":"2025-01-27T18:41:01+00:00","breadcrumb":{"@id":"https:\/\/panoramaciudadano.com\/index.php\/2025\/01\/27\/gobierno-de-isla-mujeres-fortalece-compromiso-ambiental-con-mega-brigada-de-limpieza-en-sac-bajo\/#breadcrumb"},"inLanguage":"es","potentialAction":[{"@type":"ReadAction","target":["https:\/\/panoramaciudadano.com\/index.php\/2025\/01\/27\/gobierno-de-isla-mujeres-fortalece-compromiso-ambiental-con-mega-brigada-de-limpieza-en-sac-bajo\/"]}]},{"@type":"ImageObject","inLanguage":"es","@id":"https:\/\/panoramaciudadano.com\/index.php\/2025\/01\/27\/gobierno-de-isla-mujeres-fortalece-compromiso-ambiental-con-mega-brigada-de-limpieza-en-sac-bajo\/#primaryimage","url":"https:\/\/panoramaciudadano.com\/wp-content\/uploads\/2025\/01\/5-24.jpeg","contentUrl":"https:\/\/panoramaciudadano.com\/wp-content\/uploads\/2025\/01\/5-24.jpeg","width":811,"height":540},{"@type":"BreadcrumbList","@id":"https:\/\/panoramaciudadano.com\/index.php\/2025\/01\/27\/gobierno-de-isla-mujeres-fortalece-compromiso-ambiental-con-mega-brigada-de-limpieza-en-sac-bajo\/#breadcrumb","itemListElement":[{"@type":"ListItem","position":1,"name":"Portada","item":"https:\/\/panoramaciudadano.com\/"},{"@type":"ListItem","position":2,"name":"Gobierno de Isla Mujeres fortalece compromiso ambiental con mega brigada de Limpieza en Sac Bajo"}]},{"@type":"WebSite","@id":"https:\/\/panoramaciudadano.com\/#website","url":"https:\/\/panoramaciudadano.com\/","name":"Panorama Ciudadano","description":"","publisher":{"@id":"https:\/\/panoramaciudadano.com\/#organization"},"potentialAction":[{"@type":"SearchAction","target":{"@type":"EntryPoint","urlTemplate":"https:\/\/panoramaciudadano.com\/?s={search_term_string}"},"query-input":{"@type":"PropertyValueSpecification","valueRequired":true,"valueName":"search_term_string"}}],"inLanguage":"es"},{"@type":"Organization","@id":"https:\/\/panoramaciudadano.com\/#organization","name":"Panorama Ciudadano","url":"https:\/\/panoramaciudadano.com\/","logo":{"@type":"ImageObject","inLanguage":"es","@id":"https:\/\/panoramaciudadano.com\/#\/schema\/logo\/image\/","url":"https:\/\/panoramaciudadano.com\/wp-content\/uploads\/2024\/05\/401498640_919267042938564_6290593609399108733_n.jpg","contentUrl":"https:\/\/panoramaciudadano.com\/wp-content\/uploads\/2024\/05\/401498640_919267042938564_6290593609399108733_n.jpg","width":960,"height":957,"caption":"Panorama Ciudadano"},"image":{"@id":"https:\/\/panoramaciudadano.com\/#\/schema\/logo\/image\/"},"sameAs":["https:\/\/www.facebook.com\/panoramaciudadano"]},{"@type":"Person","@id":"https:\/\/panoramaciudadano.com\/#\/schema\/person\/ffe9fe8ef47d3a93977b5761fd9e0d96","name":"admin","image":{"@type":"ImageObject","inLanguage":"es","@id":"https:\/\/panoramaciudadano.com\/#\/schema\/person\/image\/","url":"https:\/\/secure.gravatar.com\/avatar\/2d5a12cacce3f18096f25fadea8abb7202fef18ed669595589853e84260ff451?s=96&d=mm&r=g","contentUrl":"https:\/\/secure.gravatar.com\/avatar\/2d5a12cacce3f18096f25fadea8abb7202fef18ed669595589853e84260ff451?s=96&d=mm&r=g","caption":"admin"},"sameAs":["https:\/\/panoramaciudadano.com"],"url":"https:\/\/panoramaciudadano.com\/index.php\/author\/admin_3q6hyqq3\/"}]}},"_links":{"self":[{"href":"https:\/\/panoramaciudadano.com\/index.php\/wp-json\/wp\/v2\/posts\/9451","targetHints":{"allow":["GET"]}}],"collection":[{"href":"https:\/\/panoramaciudadano.com\/index.php\/wp-json\/wp\/v2\/posts"}],"about":[{"href":"https:\/\/panoramaciudadano.com\/index.php\/wp-json\/wp\/v2\/types\/post"}],"author":[{"embeddable":true,"href":"https:\/\/panoramaciudadano.com\/index.php\/wp-json\/wp\/v2\/users\/1"}],"replies":[{"embeddable":true,"href":"https:\/\/panoramaciudadano.com\/index.php\/wp-json\/wp\/v2\/comments?post=9451"}],"version-history":[{"count":1,"href":"https:\/\/panoramaciudadano.com\/index.php\/wp-json\/wp\/v2\/posts\/9451\/revisions"}],"predecessor-version":[{"id":9453,"href":"https:\/\/panoramaciudadano.com\/index.php\/wp-json\/wp\/v2\/posts\/9451\/revisions\/9453"}],"wp:featuredmedia":[{"embeddable":true,"href":"https:\/\/panoramaciudadano.com\/index.php\/wp-json\/wp\/v2\/media\/9452"}],"wp:attachment":[{"href":"https:\/\/panoramaciudadano.com\/index.php\/wp-json\/wp\/v2\/media?parent=9451"}],"wp:term":[{"taxonomy":"category","embeddable":true,"href":"https:\/\/panoramaciudadano.com\/index.php\/wp-json\/wp\/v2\/categories?post=9451"},{"taxonomy":"post_tag","embeddable":true,"href":"https:\/\/panoramaciudadano.com\/index.php\/wp-json\/wp\/v2\/tags?post=9451"}],"curies":[{"name":"wp","href":"https:\/\/api.w.org\/{rel}","templated":true}]}}