{"id":9472,"date":"2025-01-28T09:55:19","date_gmt":"2025-01-28T14:55:19","guid":{"rendered":"https:\/\/panoramaciudadano.com\/?p=9472"},"modified":"2025-01-29T10:36:31","modified_gmt":"2025-01-29T15:36:31","slug":"ataque-armado-en-villas-otoch-paraiso-deja-a-taquero-gravemente-herido","status":"publish","type":"post","link":"https:\/\/panoramaciudadano.com\/index.php\/2025\/01\/28\/ataque-armado-en-villas-otoch-paraiso-deja-a-taquero-gravemente-herido\/","title":{"rendered":"Ataque armado en Villas Otoch Para\u00edso deja a taquero gravemente herido"},"content":{"rendered":"\n<figure class=\"wp-block-image size-large\"><img decoding=\"async\" width=\"1024\" height=\"768\" src=\"https:\/\/panoramaciudadano.com\/wp-content\/uploads\/2025\/01\/WhatsApp-Image-2025-01-28-at-08.16.28-1024x768.jpeg\" alt=\"\" class=\"wp-image-9473\" srcset=\"https:\/\/panoramaciudadano.com\/wp-content\/uploads\/2025\/01\/WhatsApp-Image-2025-01-28-at-08.16.28-1024x768.jpeg 1024w, https:\/\/panoramaciudadano.com\/wp-content\/uploads\/2025\/01\/WhatsApp-Image-2025-01-28-at-08.16.28-300x225.jpeg 300w, https:\/\/panoramaciudadano.com\/wp-content\/uploads\/2025\/01\/WhatsApp-Image-2025-01-28-at-08.16.28-768x576.jpeg 768w, https:\/\/panoramaciudadano.com\/wp-content\/uploads\/2025\/01\/WhatsApp-Image-2025-01-28-at-08.16.28-1536x1152.jpeg 1536w, https:\/\/panoramaciudadano.com\/wp-content\/uploads\/2025\/01\/WhatsApp-Image-2025-01-28-at-08.16.28.jpeg 1600w\" sizes=\"(max-width: 1024px) 100vw, 1024px\" \/><\/figure>\n\n\n\n<p>En la tarde de este lunes , un taquero result\u00f3 lesionado por impactos de bala en un ataque armado ocurrido en la intersecci\u00f3n de las avenidas Bugambilias con Leona Vicario, en el fraccionamiento Villas Otoch Para\u00edso, conocido como \u2018Las Favelas de Canc\u00fan\u2019.<\/p>\n\n\n\n<p>El incidente ocurri\u00f3 cuando sujetos armados abrieron fuego contra el taquero, quien se encontraba solo en su establecimiento, denominado Tacos Rico.<\/p>\n\n\n\n<p>El taquero sufri\u00f3 m\u00faltiples heridas de bala los responsables del ataque lograron darse a la fuga y, hasta el momento, se desconoce su paradero.<\/p>\n\n\n\n<p>Las autoridades locales y los servicios de emergencia se encuentran en el lugar de los hechos, a la espera de una ambulancia que trasladar\u00e1 al herido a un hospital para recibir atenci\u00f3n m\u00e9dica.<\/p>\n","protected":false},"excerpt":{"rendered":"<p>En la tarde de este lunes , un taquero result\u00f3 lesionado por impactos de bala en un ataque armado ocurrido en la intersecci\u00f3n de las avenidas Bugambilias con Leona Vicario, en el fraccionamiento Villas Otoch Para\u00edso, conocido como \u2018Las Favelas de Canc\u00fan\u2019.<\/p>\n","protected":false},"author":1,"featured_media":9473,"comment_status":"open","ping_status":"closed","sticky":false,"template":"","format":"standard","meta":{"footnotes":""},"categories":[6],"tags":[1867],"class_list":["post-9472","post","type-post","status-publish","format-standard","has-post-thumbnail","hentry","category-cancun","tag-villas-otoch-paraiso"],"yoast_head":"<!-- This site is optimized with the Yoast SEO plugin v27.1.1 - https:\/\/yoast.com\/product\/yoast-seo-wordpress\/ -->\n<title>Ataque armado en Villas Otoch Para\u00edso deja a taquero gravemente herido - Panorama Ciudadano<\/title>\n<meta name=\"robots\" content=\"index, follow, max-snippet:-1, max-image-preview:large, max-video-preview:-1\" \/>\n<link rel=\"canonical\" href=\"https:\/\/panoramaciudadano.com\/index.php\/2025\/01\/28\/ataque-armado-en-villas-otoch-paraiso-deja-a-taquero-gravemente-herido\/\" \/>\n<meta property=\"og:locale\" content=\"es_ES\" \/>\n<meta property=\"og:type\" content=\"article\" \/>\n<meta property=\"og:title\" content=\"Ataque armado en Villas Otoch Para\u00edso deja a taquero gravemente herido - Panorama Ciudadano\" \/>\n<meta property=\"og:description\" content=\"En la tarde de este lunes , un taquero result\u00f3 lesionado por impactos de bala en un ataque armado ocurrido en la intersecci\u00f3n de las avenidas Bugambilias con Leona Vicario, en el fraccionamiento Villas Otoch Para\u00edso, conocido como \u2018Las Favelas de Canc\u00fan\u2019.\" \/>\n<meta property=\"og:url\" content=\"https:\/\/panoramaciudadano.com\/index.php\/2025\/01\/28\/ataque-armado-en-villas-otoch-paraiso-deja-a-taquero-gravemente-herido\/\" \/>\n<meta property=\"og:site_name\" content=\"Panorama Ciudadano\" \/>\n<meta property=\"article:publisher\" content=\"https:\/\/www.facebook.com\/panoramaciudadano\" \/>\n<meta property=\"article:published_time\" content=\"2025-01-28T14:55:19+00:00\" \/>\n<meta property=\"article:modified_time\" content=\"2025-01-29T15:36:31+00:00\" \/>\n<meta property=\"og:image\" content=\"https:\/\/panoramaciudadano.com\/wp-content\/uploads\/2025\/01\/WhatsApp-Image-2025-01-28-at-08.16.28.jpeg\" \/>\n\t<meta property=\"og:image:width\" content=\"1600\" \/>\n\t<meta property=\"og:image:height\" content=\"1200\" \/>\n\t<meta property=\"og:image:type\" content=\"image\/jpeg\" \/>\n<meta name=\"author\" content=\"admin\" \/>\n<meta name=\"twitter:card\" content=\"summary_large_image\" \/>\n<meta name=\"twitter:label1\" content=\"Escrito por\" \/>\n\t<meta name=\"twitter:data1\" content=\"admin\" \/>\n\t<meta name=\"twitter:label2\" content=\"Tiempo de lectura\" \/>\n\t<meta name=\"twitter:data2\" content=\"1 minuto\" \/>\n<script type=\"application\/ld+json\" class=\"yoast-schema-graph\">{\"@context\":\"https:\/\/schema.org\",\"@graph\":[{\"@type\":\"Article\",\"@id\":\"https:\/\/panoramaciudadano.com\/index.php\/2025\/01\/28\/ataque-armado-en-villas-otoch-paraiso-deja-a-taquero-gravemente-herido\/#article\",\"isPartOf\":{\"@id\":\"https:\/\/panoramaciudadano.com\/index.php\/2025\/01\/28\/ataque-armado-en-villas-otoch-paraiso-deja-a-taquero-gravemente-herido\/\"},\"author\":{\"name\":\"admin\",\"@id\":\"https:\/\/panoramaciudadano.com\/#\/schema\/person\/ffe9fe8ef47d3a93977b5761fd9e0d96\"},\"headline\":\"Ataque armado en Villas Otoch Para\u00edso deja a taquero gravemente herido\",\"datePublished\":\"2025-01-28T14:55:19+00:00\",\"dateModified\":\"2025-01-29T15:36:31+00:00\",\"mainEntityOfPage\":{\"@id\":\"https:\/\/panoramaciudadano.com\/index.php\/2025\/01\/28\/ataque-armado-en-villas-otoch-paraiso-deja-a-taquero-gravemente-herido\/\"},\"wordCount\":137,\"commentCount\":0,\"publisher\":{\"@id\":\"https:\/\/panoramaciudadano.com\/#organization\"},\"image\":{\"@id\":\"https:\/\/panoramaciudadano.com\/index.php\/2025\/01\/28\/ataque-armado-en-villas-otoch-paraiso-deja-a-taquero-gravemente-herido\/#primaryimage\"},\"thumbnailUrl\":\"https:\/\/panoramaciudadano.com\/wp-content\/uploads\/2025\/01\/WhatsApp-Image-2025-01-28-at-08.16.28.jpeg\",\"keywords\":[\"Villas Otoch Para\u00edso\"],\"articleSection\":[\"Canc\u00fan\"],\"inLanguage\":\"es\",\"potentialAction\":[{\"@type\":\"CommentAction\",\"name\":\"Comment\",\"target\":[\"https:\/\/panoramaciudadano.com\/index.php\/2025\/01\/28\/ataque-armado-en-villas-otoch-paraiso-deja-a-taquero-gravemente-herido\/#respond\"]}]},{\"@type\":\"WebPage\",\"@id\":\"https:\/\/panoramaciudadano.com\/index.php\/2025\/01\/28\/ataque-armado-en-villas-otoch-paraiso-deja-a-taquero-gravemente-herido\/\",\"url\":\"https:\/\/panoramaciudadano.com\/index.php\/2025\/01\/28\/ataque-armado-en-villas-otoch-paraiso-deja-a-taquero-gravemente-herido\/\",\"name\":\"Ataque armado en Villas Otoch Para\u00edso deja a taquero gravemente herido - Panorama Ciudadano\",\"isPartOf\":{\"@id\":\"https:\/\/panoramaciudadano.com\/#website\"},\"primaryImageOfPage\":{\"@id\":\"https:\/\/panoramaciudadano.com\/index.php\/2025\/01\/28\/ataque-armado-en-villas-otoch-paraiso-deja-a-taquero-gravemente-herido\/#primaryimage\"},\"image\":{\"@id\":\"https:\/\/panoramaciudadano.com\/index.php\/2025\/01\/28\/ataque-armado-en-villas-otoch-paraiso-deja-a-taquero-gravemente-herido\/#primaryimage\"},\"thumbnailUrl\":\"https:\/\/panoramaciudadano.com\/wp-content\/uploads\/2025\/01\/WhatsApp-Image-2025-01-28-at-08.16.28.jpeg\",\"datePublished\":\"2025-01-28T14:55:19+00:00\",\"dateModified\":\"2025-01-29T15:36:31+00:00\",\"breadcrumb\":{\"@id\":\"https:\/\/panoramaciudadano.com\/index.php\/2025\/01\/28\/ataque-armado-en-villas-otoch-paraiso-deja-a-taquero-gravemente-herido\/#breadcrumb\"},\"inLanguage\":\"es\",\"potentialAction\":[{\"@type\":\"ReadAction\",\"target\":[\"https:\/\/panoramaciudadano.com\/index.php\/2025\/01\/28\/ataque-armado-en-villas-otoch-paraiso-deja-a-taquero-gravemente-herido\/\"]}]},{\"@type\":\"ImageObject\",\"inLanguage\":\"es\",\"@id\":\"https:\/\/panoramaciudadano.com\/index.php\/2025\/01\/28\/ataque-armado-en-villas-otoch-paraiso-deja-a-taquero-gravemente-herido\/#primaryimage\",\"url\":\"https:\/\/panoramaciudadano.com\/wp-content\/uploads\/2025\/01\/WhatsApp-Image-2025-01-28-at-08.16.28.jpeg\",\"contentUrl\":\"https:\/\/panoramaciudadano.com\/wp-content\/uploads\/2025\/01\/WhatsApp-Image-2025-01-28-at-08.16.28.jpeg\",\"width\":1600,\"height\":1200},{\"@type\":\"BreadcrumbList\",\"@id\":\"https:\/\/panoramaciudadano.com\/index.php\/2025\/01\/28\/ataque-armado-en-villas-otoch-paraiso-deja-a-taquero-gravemente-herido\/#breadcrumb\",\"itemListElement\":[{\"@type\":\"ListItem\",\"position\":1,\"name\":\"Portada\",\"item\":\"https:\/\/panoramaciudadano.com\/\"},{\"@type\":\"ListItem\",\"position\":2,\"name\":\"Ataque armado en Villas Otoch Para\u00edso deja a taquero gravemente herido\"}]},{\"@type\":\"WebSite\",\"@id\":\"https:\/\/panoramaciudadano.com\/#website\",\"url\":\"https:\/\/panoramaciudadano.com\/\",\"name\":\"Panorama Ciudadano\",\"description\":\"\",\"publisher\":{\"@id\":\"https:\/\/panoramaciudadano.com\/#organization\"},\"potentialAction\":[{\"@type\":\"SearchAction\",\"target\":{\"@type\":\"EntryPoint\",\"urlTemplate\":\"https:\/\/panoramaciudadano.com\/?s={search_term_string}\"},\"query-input\":{\"@type\":\"PropertyValueSpecification\",\"valueRequired\":true,\"valueName\":\"search_term_string\"}}],\"inLanguage\":\"es\"},{\"@type\":\"Organization\",\"@id\":\"https:\/\/panoramaciudadano.com\/#organization\",\"name\":\"Panorama Ciudadano\",\"url\":\"https:\/\/panoramaciudadano.com\/\",\"logo\":{\"@type\":\"ImageObject\",\"inLanguage\":\"es\",\"@id\":\"https:\/\/panoramaciudadano.com\/#\/schema\/logo\/image\/\",\"url\":\"https:\/\/panoramaciudadano.com\/wp-content\/uploads\/2024\/05\/401498640_919267042938564_6290593609399108733_n.jpg\",\"contentUrl\":\"https:\/\/panoramaciudadano.com\/wp-content\/uploads\/2024\/05\/401498640_919267042938564_6290593609399108733_n.jpg\",\"width\":960,\"height\":957,\"caption\":\"Panorama Ciudadano\"},\"image\":{\"@id\":\"https:\/\/panoramaciudadano.com\/#\/schema\/logo\/image\/\"},\"sameAs\":[\"https:\/\/www.facebook.com\/panoramaciudadano\"]},{\"@type\":\"Person\",\"@id\":\"https:\/\/panoramaciudadano.com\/#\/schema\/person\/ffe9fe8ef47d3a93977b5761fd9e0d96\",\"name\":\"admin\",\"image\":{\"@type\":\"ImageObject\",\"inLanguage\":\"es\",\"@id\":\"https:\/\/panoramaciudadano.com\/#\/schema\/person\/image\/\",\"url\":\"https:\/\/secure.gravatar.com\/avatar\/2d5a12cacce3f18096f25fadea8abb7202fef18ed669595589853e84260ff451?s=96&d=mm&r=g\",\"contentUrl\":\"https:\/\/secure.gravatar.com\/avatar\/2d5a12cacce3f18096f25fadea8abb7202fef18ed669595589853e84260ff451?s=96&d=mm&r=g\",\"caption\":\"admin\"},\"sameAs\":[\"https:\/\/panoramaciudadano.com\"],\"url\":\"https:\/\/panoramaciudadano.com\/index.php\/author\/admin_3q6hyqq3\/\"}]}<\/script>\n<!-- \/ Yoast SEO plugin. -->","yoast_head_json":{"title":"Ataque armado en Villas Otoch Para\u00edso deja a taquero gravemente herido - Panorama Ciudadano","robots":{"index":"index","follow":"follow","max-snippet":"max-snippet:-1","max-image-preview":"max-image-preview:large","max-video-preview":"max-video-preview:-1"},"canonical":"https:\/\/panoramaciudadano.com\/index.php\/2025\/01\/28\/ataque-armado-en-villas-otoch-paraiso-deja-a-taquero-gravemente-herido\/","og_locale":"es_ES","og_type":"article","og_title":"Ataque armado en Villas Otoch Para\u00edso deja a taquero gravemente herido - Panorama Ciudadano","og_description":"En la tarde de este lunes , un taquero result\u00f3 lesionado por impactos de bala en un ataque armado ocurrido en la intersecci\u00f3n de las avenidas Bugambilias con Leona Vicario, en el fraccionamiento Villas Otoch Para\u00edso, conocido como \u2018Las Favelas de Canc\u00fan\u2019.","og_url":"https:\/\/panoramaciudadano.com\/index.php\/2025\/01\/28\/ataque-armado-en-villas-otoch-paraiso-deja-a-taquero-gravemente-herido\/","og_site_name":"Panorama Ciudadano","article_publisher":"https:\/\/www.facebook.com\/panoramaciudadano","article_published_time":"2025-01-28T14:55:19+00:00","article_modified_time":"2025-01-29T15:36:31+00:00","og_image":[{"width":1600,"height":1200,"url":"https:\/\/panoramaciudadano.com\/wp-content\/uploads\/2025\/01\/WhatsApp-Image-2025-01-28-at-08.16.28.jpeg","type":"image\/jpeg"}],"author":"admin","twitter_card":"summary_large_image","twitter_misc":{"Escrito por":"admin","Tiempo de lectura":"1 minuto"},"schema":{"@context":"https:\/\/schema.org","@graph":[{"@type":"Article","@id":"https:\/\/panoramaciudadano.com\/index.php\/2025\/01\/28\/ataque-armado-en-villas-otoch-paraiso-deja-a-taquero-gravemente-herido\/#article","isPartOf":{"@id":"https:\/\/panoramaciudadano.com\/index.php\/2025\/01\/28\/ataque-armado-en-villas-otoch-paraiso-deja-a-taquero-gravemente-herido\/"},"author":{"name":"admin","@id":"https:\/\/panoramaciudadano.com\/#\/schema\/person\/ffe9fe8ef47d3a93977b5761fd9e0d96"},"headline":"Ataque armado en Villas Otoch Para\u00edso deja a taquero gravemente herido","datePublished":"2025-01-28T14:55:19+00:00","dateModified":"2025-01-29T15:36:31+00:00","mainEntityOfPage":{"@id":"https:\/\/panoramaciudadano.com\/index.php\/2025\/01\/28\/ataque-armado-en-villas-otoch-paraiso-deja-a-taquero-gravemente-herido\/"},"wordCount":137,"commentCount":0,"publisher":{"@id":"https:\/\/panoramaciudadano.com\/#organization"},"image":{"@id":"https:\/\/panoramaciudadano.com\/index.php\/2025\/01\/28\/ataque-armado-en-villas-otoch-paraiso-deja-a-taquero-gravemente-herido\/#primaryimage"},"thumbnailUrl":"https:\/\/panoramaciudadano.com\/wp-content\/uploads\/2025\/01\/WhatsApp-Image-2025-01-28-at-08.16.28.jpeg","keywords":["Villas Otoch Para\u00edso"],"articleSection":["Canc\u00fan"],"inLanguage":"es","potentialAction":[{"@type":"CommentAction","name":"Comment","target":["https:\/\/panoramaciudadano.com\/index.php\/2025\/01\/28\/ataque-armado-en-villas-otoch-paraiso-deja-a-taquero-gravemente-herido\/#respond"]}]},{"@type":"WebPage","@id":"https:\/\/panoramaciudadano.com\/index.php\/2025\/01\/28\/ataque-armado-en-villas-otoch-paraiso-deja-a-taquero-gravemente-herido\/","url":"https:\/\/panoramaciudadano.com\/index.php\/2025\/01\/28\/ataque-armado-en-villas-otoch-paraiso-deja-a-taquero-gravemente-herido\/","name":"Ataque armado en Villas Otoch Para\u00edso deja a taquero gravemente herido - Panorama Ciudadano","isPartOf":{"@id":"https:\/\/panoramaciudadano.com\/#website"},"primaryImageOfPage":{"@id":"https:\/\/panoramaciudadano.com\/index.php\/2025\/01\/28\/ataque-armado-en-villas-otoch-paraiso-deja-a-taquero-gravemente-herido\/#primaryimage"},"image":{"@id":"https:\/\/panoramaciudadano.com\/index.php\/2025\/01\/28\/ataque-armado-en-villas-otoch-paraiso-deja-a-taquero-gravemente-herido\/#primaryimage"},"thumbnailUrl":"https:\/\/panoramaciudadano.com\/wp-content\/uploads\/2025\/01\/WhatsApp-Image-2025-01-28-at-08.16.28.jpeg","datePublished":"2025-01-28T14:55:19+00:00","dateModified":"2025-01-29T15:36:31+00:00","breadcrumb":{"@id":"https:\/\/panoramaciudadano.com\/index.php\/2025\/01\/28\/ataque-armado-en-villas-otoch-paraiso-deja-a-taquero-gravemente-herido\/#breadcrumb"},"inLanguage":"es","potentialAction":[{"@type":"ReadAction","target":["https:\/\/panoramaciudadano.com\/index.php\/2025\/01\/28\/ataque-armado-en-villas-otoch-paraiso-deja-a-taquero-gravemente-herido\/"]}]},{"@type":"ImageObject","inLanguage":"es","@id":"https:\/\/panoramaciudadano.com\/index.php\/2025\/01\/28\/ataque-armado-en-villas-otoch-paraiso-deja-a-taquero-gravemente-herido\/#primaryimage","url":"https:\/\/panoramaciudadano.com\/wp-content\/uploads\/2025\/01\/WhatsApp-Image-2025-01-28-at-08.16.28.jpeg","contentUrl":"https:\/\/panoramaciudadano.com\/wp-content\/uploads\/2025\/01\/WhatsApp-Image-2025-01-28-at-08.16.28.jpeg","width":1600,"height":1200},{"@type":"BreadcrumbList","@id":"https:\/\/panoramaciudadano.com\/index.php\/2025\/01\/28\/ataque-armado-en-villas-otoch-paraiso-deja-a-taquero-gravemente-herido\/#breadcrumb","itemListElement":[{"@type":"ListItem","position":1,"name":"Portada","item":"https:\/\/panoramaciudadano.com\/"},{"@type":"ListItem","position":2,"name":"Ataque armado en Villas Otoch Para\u00edso deja a taquero gravemente herido"}]},{"@type":"WebSite","@id":"https:\/\/panoramaciudadano.com\/#website","url":"https:\/\/panoramaciudadano.com\/","name":"Panorama Ciudadano","description":"","publisher":{"@id":"https:\/\/panoramaciudadano.com\/#organization"},"potentialAction":[{"@type":"SearchAction","target":{"@type":"EntryPoint","urlTemplate":"https:\/\/panoramaciudadano.com\/?s={search_term_string}"},"query-input":{"@type":"PropertyValueSpecification","valueRequired":true,"valueName":"search_term_string"}}],"inLanguage":"es"},{"@type":"Organization","@id":"https:\/\/panoramaciudadano.com\/#organization","name":"Panorama Ciudadano","url":"https:\/\/panoramaciudadano.com\/","logo":{"@type":"ImageObject","inLanguage":"es","@id":"https:\/\/panoramaciudadano.com\/#\/schema\/logo\/image\/","url":"https:\/\/panoramaciudadano.com\/wp-content\/uploads\/2024\/05\/401498640_919267042938564_6290593609399108733_n.jpg","contentUrl":"https:\/\/panoramaciudadano.com\/wp-content\/uploads\/2024\/05\/401498640_919267042938564_6290593609399108733_n.jpg","width":960,"height":957,"caption":"Panorama Ciudadano"},"image":{"@id":"https:\/\/panoramaciudadano.com\/#\/schema\/logo\/image\/"},"sameAs":["https:\/\/www.facebook.com\/panoramaciudadano"]},{"@type":"Person","@id":"https:\/\/panoramaciudadano.com\/#\/schema\/person\/ffe9fe8ef47d3a93977b5761fd9e0d96","name":"admin","image":{"@type":"ImageObject","inLanguage":"es","@id":"https:\/\/panoramaciudadano.com\/#\/schema\/person\/image\/","url":"https:\/\/secure.gravatar.com\/avatar\/2d5a12cacce3f18096f25fadea8abb7202fef18ed669595589853e84260ff451?s=96&d=mm&r=g","contentUrl":"https:\/\/secure.gravatar.com\/avatar\/2d5a12cacce3f18096f25fadea8abb7202fef18ed669595589853e84260ff451?s=96&d=mm&r=g","caption":"admin"},"sameAs":["https:\/\/panoramaciudadano.com"],"url":"https:\/\/panoramaciudadano.com\/index.php\/author\/admin_3q6hyqq3\/"}]}},"_links":{"self":[{"href":"https:\/\/panoramaciudadano.com\/index.php\/wp-json\/wp\/v2\/posts\/9472","targetHints":{"allow":["GET"]}}],"collection":[{"href":"https:\/\/panoramaciudadano.com\/index.php\/wp-json\/wp\/v2\/posts"}],"about":[{"href":"https:\/\/panoramaciudadano.com\/index.php\/wp-json\/wp\/v2\/types\/post"}],"author":[{"embeddable":true,"href":"https:\/\/panoramaciudadano.com\/index.php\/wp-json\/wp\/v2\/users\/1"}],"replies":[{"embeddable":true,"href":"https:\/\/panoramaciudadano.com\/index.php\/wp-json\/wp\/v2\/comments?post=9472"}],"version-history":[{"count":1,"href":"https:\/\/panoramaciudadano.com\/index.php\/wp-json\/wp\/v2\/posts\/9472\/revisions"}],"predecessor-version":[{"id":9474,"href":"https:\/\/panoramaciudadano.com\/index.php\/wp-json\/wp\/v2\/posts\/9472\/revisions\/9474"}],"wp:featuredmedia":[{"embeddable":true,"href":"https:\/\/panoramaciudadano.com\/index.php\/wp-json\/wp\/v2\/media\/9473"}],"wp:attachment":[{"href":"https:\/\/panoramaciudadano.com\/index.php\/wp-json\/wp\/v2\/media?parent=9472"}],"wp:term":[{"taxonomy":"category","embeddable":true,"href":"https:\/\/panoramaciudadano.com\/index.php\/wp-json\/wp\/v2\/categories?post=9472"},{"taxonomy":"post_tag","embeddable":true,"href":"https:\/\/panoramaciudadano.com\/index.php\/wp-json\/wp\/v2\/tags?post=9472"}],"curies":[{"name":"wp","href":"https:\/\/api.w.org\/{rel}","templated":true}]}}