{"id":9475,"date":"2025-01-28T10:37:36","date_gmt":"2025-01-28T15:37:36","guid":{"rendered":"https:\/\/panoramaciudadano.com\/?p=9475"},"modified":"2025-01-29T10:39:32","modified_gmt":"2025-01-29T15:39:32","slug":"supervisa-estefania-mercado-obras-de-infraestructura-en-playa-del-carmen","status":"publish","type":"post","link":"https:\/\/panoramaciudadano.com\/index.php\/2025\/01\/28\/supervisa-estefania-mercado-obras-de-infraestructura-en-playa-del-carmen\/","title":{"rendered":"Supervisa Estefan\u00eda Mercado obras de infraestructura en Playa del Carmen"},"content":{"rendered":"\n<figure class=\"wp-block-image size-full\"><img decoding=\"async\" width=\"960\" height=\"640\" src=\"https:\/\/panoramaciudadano.com\/wp-content\/uploads\/2025\/01\/4-60.jpeg\" alt=\"\" class=\"wp-image-9476\" srcset=\"https:\/\/panoramaciudadano.com\/wp-content\/uploads\/2025\/01\/4-60.jpeg 960w, https:\/\/panoramaciudadano.com\/wp-content\/uploads\/2025\/01\/4-60-300x200.jpeg 300w, https:\/\/panoramaciudadano.com\/wp-content\/uploads\/2025\/01\/4-60-768x512.jpeg 768w\" sizes=\"(max-width: 960px) 100vw, 960px\" \/><\/figure>\n\n\n\n<p>La presidenta municipal Estefan\u00eda Mercado supervis\u00f3 hoy los avances de las obras de construcci\u00f3n de un paradero de transporte p\u00fablico, guarniciones, banquetas y alumbrado en el fraccionamiento Villas Riviera; la repavimentaci\u00f3n de la avenida 115, entre Ju\u00e1rez y 11 Sur, y la rehabilitaci\u00f3n del parque \u201cLeona Vicario\u201d, en el centro de la ciudad, mediante una inversi\u00f3n de 19.9 millones de pesos.<\/p>\n\n\n\n<p>Acompa\u00f1ada por la secretaria de Infraestructura y Obras P\u00fablicas, Dorys Ak\u00e9 Sierra, la Alcaldesa constat\u00f3 los avances de las obras que permitir\u00e1n mejorar la calidad de vida de la poblaci\u00f3n y, al mismo tiempo, ofrecer una mejor imagen urbana a turistas que llegan de todas partes del mundo.<\/p>\n\n\n\n<p>En la avenida Tecnol\u00f3gico con Universidades, en Villas Riviera, se invierten 3 millones 475 mil 371 pesos provenientes de recursos propios obtenidos por recaudaci\u00f3n fiscal, en la construcci\u00f3n de un paradero de transporte p\u00fablico con estructura met\u00e1lica, iluminaci\u00f3n, guarniciones y banquetas.<\/p>\n\n\n\n<p>\u00abEsta obra no solamente representa desarrollo, sino tambi\u00e9n dignidad para nuestra gente; es una muestra del compromiso que tenemos con la movilidad segura, eficiente y accesible para todas y todos. El beneficio ser\u00e1 directamente para estudiantes de todos los niveles educativos de la zona y para m\u00e1s de 20 mil habitantes\u201d, dijo Estefan\u00eda Mercado.<\/p>\n\n\n\n<p>M\u00e1s tarde, se traslad\u00f3 a la avenida 115, entre la Ju\u00e1rez y la calle 11 Sur, en la colonia Ejido, donde se invierten 9 millones 997 mil 824 pesos en la repavimentaci\u00f3n de ese tramo vial, provenientes del Fondo de Aportaciones para el Fortalecimiento de los Municipios (Fortamun).<\/p>\n\n\n\n<p>\u201cEl compromiso es seguir avanzando, seguir trabajando por un municipio m\u00e1s moderno, m\u00e1s inclusivo y m\u00e1s pr\u00f3spero, para cada una de las familias que forman parte de Solidaridad; este es s\u00f3lo el principio de muchas obras que le devolver\u00e1n el brillo y la prosperidad a Playa del Carmen\u201d, reiter\u00f3 la mun\u00edcipe, quien constat\u00f3 que en el lugar se aplicar\u00e1 asfalto con un grosor de 10 cent\u00edmetros, para cumplir con los est\u00e1ndares internacionales.<\/p>\n\n\n\n<p>Finalmente, la Presidenta Municipal se traslad\u00f3 al parque \u201cLeona Vicario\u201d, en la colonia Centro, donde de igual manera supervis\u00f3 los avances en la remodelaci\u00f3n de ese espacio, con una inversi\u00f3n de 6 millones 433 mil 061 pesos, provenientes del Fondo de Aportaciones para la Infraestructura Social Municipal y de las Demarcaciones Territoriales del Distrito Federal (Faismun).<\/p>\n\n\n\n<p>Estefan\u00eda Mercado destac\u00f3 que, con esta obra, se beneficia a 30 mil ciudadanos, a quienes se ofrece un espacio digno que incluye cancha de usos m\u00faltiples, gradas, pisos nuevos, jardineras, juegos infantiles, mobiliario, un nicho para la Virgen del Carmen, herrer\u00eda, banquetas e iluminaci\u00f3n, entre otros servicios.<\/p>\n","protected":false},"excerpt":{"rendered":"<p>Constata los avances del paradero de transporte p\u00fablico en el fraccionamiento Villas Riviera; el parque \u201cLeona Vicario\u201d y la pavimentaci\u00f3n de un tramo de la avenida 115, en la colonia Ejido.<\/p>\n","protected":false},"author":1,"featured_media":9477,"comment_status":"open","ping_status":"closed","sticky":false,"template":"","format":"standard","meta":{"footnotes":""},"categories":[6],"tags":[238],"class_list":["post-9475","post","type-post","status-publish","format-standard","has-post-thumbnail","hentry","category-cancun","tag-estefania-mercado"],"yoast_head":"<!-- This site is optimized with the Yoast SEO plugin v27.1.1 - https:\/\/yoast.com\/product\/yoast-seo-wordpress\/ -->\n<title>Supervisa Estefan\u00eda Mercado obras de infraestructura en Playa del Carmen - Panorama Ciudadano<\/title>\n<meta name=\"robots\" content=\"index, follow, max-snippet:-1, max-image-preview:large, max-video-preview:-1\" \/>\n<link rel=\"canonical\" href=\"https:\/\/panoramaciudadano.com\/index.php\/2025\/01\/28\/supervisa-estefania-mercado-obras-de-infraestructura-en-playa-del-carmen\/\" \/>\n<meta property=\"og:locale\" content=\"es_ES\" \/>\n<meta property=\"og:type\" content=\"article\" \/>\n<meta property=\"og:title\" content=\"Supervisa Estefan\u00eda Mercado obras de infraestructura en Playa del Carmen - Panorama Ciudadano\" \/>\n<meta property=\"og:description\" content=\"Constata los avances del paradero de transporte p\u00fablico en el fraccionamiento Villas Riviera; el parque \u201cLeona Vicario\u201d y la pavimentaci\u00f3n de un tramo de la avenida 115, en la colonia Ejido.\" \/>\n<meta property=\"og:url\" content=\"https:\/\/panoramaciudadano.com\/index.php\/2025\/01\/28\/supervisa-estefania-mercado-obras-de-infraestructura-en-playa-del-carmen\/\" \/>\n<meta property=\"og:site_name\" content=\"Panorama Ciudadano\" \/>\n<meta property=\"article:publisher\" content=\"https:\/\/www.facebook.com\/panoramaciudadano\" \/>\n<meta property=\"article:published_time\" content=\"2025-01-28T15:37:36+00:00\" \/>\n<meta property=\"article:modified_time\" content=\"2025-01-29T15:39:32+00:00\" \/>\n<meta property=\"og:image\" content=\"https:\/\/panoramaciudadano.com\/wp-content\/uploads\/2025\/01\/3-81.jpeg\" \/>\n\t<meta property=\"og:image:width\" content=\"960\" \/>\n\t<meta property=\"og:image:height\" content=\"640\" \/>\n\t<meta property=\"og:image:type\" content=\"image\/jpeg\" \/>\n<meta name=\"author\" content=\"admin\" \/>\n<meta name=\"twitter:card\" content=\"summary_large_image\" \/>\n<meta name=\"twitter:label1\" content=\"Escrito por\" \/>\n\t<meta name=\"twitter:data1\" content=\"admin\" \/>\n\t<meta name=\"twitter:label2\" content=\"Tiempo de lectura\" \/>\n\t<meta name=\"twitter:data2\" content=\"3 minutos\" \/>\n<script type=\"application\/ld+json\" class=\"yoast-schema-graph\">{\"@context\":\"https:\/\/schema.org\",\"@graph\":[{\"@type\":\"Article\",\"@id\":\"https:\/\/panoramaciudadano.com\/index.php\/2025\/01\/28\/supervisa-estefania-mercado-obras-de-infraestructura-en-playa-del-carmen\/#article\",\"isPartOf\":{\"@id\":\"https:\/\/panoramaciudadano.com\/index.php\/2025\/01\/28\/supervisa-estefania-mercado-obras-de-infraestructura-en-playa-del-carmen\/\"},\"author\":{\"name\":\"admin\",\"@id\":\"https:\/\/panoramaciudadano.com\/#\/schema\/person\/ffe9fe8ef47d3a93977b5761fd9e0d96\"},\"headline\":\"Supervisa Estefan\u00eda Mercado obras de infraestructura en Playa del Carmen\",\"datePublished\":\"2025-01-28T15:37:36+00:00\",\"dateModified\":\"2025-01-29T15:39:32+00:00\",\"mainEntityOfPage\":{\"@id\":\"https:\/\/panoramaciudadano.com\/index.php\/2025\/01\/28\/supervisa-estefania-mercado-obras-de-infraestructura-en-playa-del-carmen\/\"},\"wordCount\":459,\"commentCount\":0,\"publisher\":{\"@id\":\"https:\/\/panoramaciudadano.com\/#organization\"},\"image\":{\"@id\":\"https:\/\/panoramaciudadano.com\/index.php\/2025\/01\/28\/supervisa-estefania-mercado-obras-de-infraestructura-en-playa-del-carmen\/#primaryimage\"},\"thumbnailUrl\":\"https:\/\/panoramaciudadano.com\/wp-content\/uploads\/2025\/01\/3-81.jpeg\",\"keywords\":[\"Estefan\u00eda Mercado\"],\"articleSection\":[\"Canc\u00fan\"],\"inLanguage\":\"es\",\"potentialAction\":[{\"@type\":\"CommentAction\",\"name\":\"Comment\",\"target\":[\"https:\/\/panoramaciudadano.com\/index.php\/2025\/01\/28\/supervisa-estefania-mercado-obras-de-infraestructura-en-playa-del-carmen\/#respond\"]}]},{\"@type\":\"WebPage\",\"@id\":\"https:\/\/panoramaciudadano.com\/index.php\/2025\/01\/28\/supervisa-estefania-mercado-obras-de-infraestructura-en-playa-del-carmen\/\",\"url\":\"https:\/\/panoramaciudadano.com\/index.php\/2025\/01\/28\/supervisa-estefania-mercado-obras-de-infraestructura-en-playa-del-carmen\/\",\"name\":\"Supervisa Estefan\u00eda Mercado obras de infraestructura en Playa del Carmen - Panorama Ciudadano\",\"isPartOf\":{\"@id\":\"https:\/\/panoramaciudadano.com\/#website\"},\"primaryImageOfPage\":{\"@id\":\"https:\/\/panoramaciudadano.com\/index.php\/2025\/01\/28\/supervisa-estefania-mercado-obras-de-infraestructura-en-playa-del-carmen\/#primaryimage\"},\"image\":{\"@id\":\"https:\/\/panoramaciudadano.com\/index.php\/2025\/01\/28\/supervisa-estefania-mercado-obras-de-infraestructura-en-playa-del-carmen\/#primaryimage\"},\"thumbnailUrl\":\"https:\/\/panoramaciudadano.com\/wp-content\/uploads\/2025\/01\/3-81.jpeg\",\"datePublished\":\"2025-01-28T15:37:36+00:00\",\"dateModified\":\"2025-01-29T15:39:32+00:00\",\"breadcrumb\":{\"@id\":\"https:\/\/panoramaciudadano.com\/index.php\/2025\/01\/28\/supervisa-estefania-mercado-obras-de-infraestructura-en-playa-del-carmen\/#breadcrumb\"},\"inLanguage\":\"es\",\"potentialAction\":[{\"@type\":\"ReadAction\",\"target\":[\"https:\/\/panoramaciudadano.com\/index.php\/2025\/01\/28\/supervisa-estefania-mercado-obras-de-infraestructura-en-playa-del-carmen\/\"]}]},{\"@type\":\"ImageObject\",\"inLanguage\":\"es\",\"@id\":\"https:\/\/panoramaciudadano.com\/index.php\/2025\/01\/28\/supervisa-estefania-mercado-obras-de-infraestructura-en-playa-del-carmen\/#primaryimage\",\"url\":\"https:\/\/panoramaciudadano.com\/wp-content\/uploads\/2025\/01\/3-81.jpeg\",\"contentUrl\":\"https:\/\/panoramaciudadano.com\/wp-content\/uploads\/2025\/01\/3-81.jpeg\",\"width\":960,\"height\":640},{\"@type\":\"BreadcrumbList\",\"@id\":\"https:\/\/panoramaciudadano.com\/index.php\/2025\/01\/28\/supervisa-estefania-mercado-obras-de-infraestructura-en-playa-del-carmen\/#breadcrumb\",\"itemListElement\":[{\"@type\":\"ListItem\",\"position\":1,\"name\":\"Portada\",\"item\":\"https:\/\/panoramaciudadano.com\/\"},{\"@type\":\"ListItem\",\"position\":2,\"name\":\"Supervisa Estefan\u00eda Mercado obras de infraestructura en Playa del Carmen\"}]},{\"@type\":\"WebSite\",\"@id\":\"https:\/\/panoramaciudadano.com\/#website\",\"url\":\"https:\/\/panoramaciudadano.com\/\",\"name\":\"Panorama Ciudadano\",\"description\":\"\",\"publisher\":{\"@id\":\"https:\/\/panoramaciudadano.com\/#organization\"},\"potentialAction\":[{\"@type\":\"SearchAction\",\"target\":{\"@type\":\"EntryPoint\",\"urlTemplate\":\"https:\/\/panoramaciudadano.com\/?s={search_term_string}\"},\"query-input\":{\"@type\":\"PropertyValueSpecification\",\"valueRequired\":true,\"valueName\":\"search_term_string\"}}],\"inLanguage\":\"es\"},{\"@type\":\"Organization\",\"@id\":\"https:\/\/panoramaciudadano.com\/#organization\",\"name\":\"Panorama Ciudadano\",\"url\":\"https:\/\/panoramaciudadano.com\/\",\"logo\":{\"@type\":\"ImageObject\",\"inLanguage\":\"es\",\"@id\":\"https:\/\/panoramaciudadano.com\/#\/schema\/logo\/image\/\",\"url\":\"https:\/\/panoramaciudadano.com\/wp-content\/uploads\/2024\/05\/401498640_919267042938564_6290593609399108733_n.jpg\",\"contentUrl\":\"https:\/\/panoramaciudadano.com\/wp-content\/uploads\/2024\/05\/401498640_919267042938564_6290593609399108733_n.jpg\",\"width\":960,\"height\":957,\"caption\":\"Panorama Ciudadano\"},\"image\":{\"@id\":\"https:\/\/panoramaciudadano.com\/#\/schema\/logo\/image\/\"},\"sameAs\":[\"https:\/\/www.facebook.com\/panoramaciudadano\"]},{\"@type\":\"Person\",\"@id\":\"https:\/\/panoramaciudadano.com\/#\/schema\/person\/ffe9fe8ef47d3a93977b5761fd9e0d96\",\"name\":\"admin\",\"image\":{\"@type\":\"ImageObject\",\"inLanguage\":\"es\",\"@id\":\"https:\/\/panoramaciudadano.com\/#\/schema\/person\/image\/\",\"url\":\"https:\/\/secure.gravatar.com\/avatar\/2d5a12cacce3f18096f25fadea8abb7202fef18ed669595589853e84260ff451?s=96&d=mm&r=g\",\"contentUrl\":\"https:\/\/secure.gravatar.com\/avatar\/2d5a12cacce3f18096f25fadea8abb7202fef18ed669595589853e84260ff451?s=96&d=mm&r=g\",\"caption\":\"admin\"},\"sameAs\":[\"https:\/\/panoramaciudadano.com\"],\"url\":\"https:\/\/panoramaciudadano.com\/index.php\/author\/admin_3q6hyqq3\/\"}]}<\/script>\n<!-- \/ Yoast SEO plugin. -->","yoast_head_json":{"title":"Supervisa Estefan\u00eda Mercado obras de infraestructura en Playa del Carmen - Panorama Ciudadano","robots":{"index":"index","follow":"follow","max-snippet":"max-snippet:-1","max-image-preview":"max-image-preview:large","max-video-preview":"max-video-preview:-1"},"canonical":"https:\/\/panoramaciudadano.com\/index.php\/2025\/01\/28\/supervisa-estefania-mercado-obras-de-infraestructura-en-playa-del-carmen\/","og_locale":"es_ES","og_type":"article","og_title":"Supervisa Estefan\u00eda Mercado obras de infraestructura en Playa del Carmen - Panorama Ciudadano","og_description":"Constata los avances del paradero de transporte p\u00fablico en el fraccionamiento Villas Riviera; el parque \u201cLeona Vicario\u201d y la pavimentaci\u00f3n de un tramo de la avenida 115, en la colonia Ejido.","og_url":"https:\/\/panoramaciudadano.com\/index.php\/2025\/01\/28\/supervisa-estefania-mercado-obras-de-infraestructura-en-playa-del-carmen\/","og_site_name":"Panorama Ciudadano","article_publisher":"https:\/\/www.facebook.com\/panoramaciudadano","article_published_time":"2025-01-28T15:37:36+00:00","article_modified_time":"2025-01-29T15:39:32+00:00","og_image":[{"width":960,"height":640,"url":"https:\/\/panoramaciudadano.com\/wp-content\/uploads\/2025\/01\/3-81.jpeg","type":"image\/jpeg"}],"author":"admin","twitter_card":"summary_large_image","twitter_misc":{"Escrito por":"admin","Tiempo de lectura":"3 minutos"},"schema":{"@context":"https:\/\/schema.org","@graph":[{"@type":"Article","@id":"https:\/\/panoramaciudadano.com\/index.php\/2025\/01\/28\/supervisa-estefania-mercado-obras-de-infraestructura-en-playa-del-carmen\/#article","isPartOf":{"@id":"https:\/\/panoramaciudadano.com\/index.php\/2025\/01\/28\/supervisa-estefania-mercado-obras-de-infraestructura-en-playa-del-carmen\/"},"author":{"name":"admin","@id":"https:\/\/panoramaciudadano.com\/#\/schema\/person\/ffe9fe8ef47d3a93977b5761fd9e0d96"},"headline":"Supervisa Estefan\u00eda Mercado obras de infraestructura en Playa del Carmen","datePublished":"2025-01-28T15:37:36+00:00","dateModified":"2025-01-29T15:39:32+00:00","mainEntityOfPage":{"@id":"https:\/\/panoramaciudadano.com\/index.php\/2025\/01\/28\/supervisa-estefania-mercado-obras-de-infraestructura-en-playa-del-carmen\/"},"wordCount":459,"commentCount":0,"publisher":{"@id":"https:\/\/panoramaciudadano.com\/#organization"},"image":{"@id":"https:\/\/panoramaciudadano.com\/index.php\/2025\/01\/28\/supervisa-estefania-mercado-obras-de-infraestructura-en-playa-del-carmen\/#primaryimage"},"thumbnailUrl":"https:\/\/panoramaciudadano.com\/wp-content\/uploads\/2025\/01\/3-81.jpeg","keywords":["Estefan\u00eda Mercado"],"articleSection":["Canc\u00fan"],"inLanguage":"es","potentialAction":[{"@type":"CommentAction","name":"Comment","target":["https:\/\/panoramaciudadano.com\/index.php\/2025\/01\/28\/supervisa-estefania-mercado-obras-de-infraestructura-en-playa-del-carmen\/#respond"]}]},{"@type":"WebPage","@id":"https:\/\/panoramaciudadano.com\/index.php\/2025\/01\/28\/supervisa-estefania-mercado-obras-de-infraestructura-en-playa-del-carmen\/","url":"https:\/\/panoramaciudadano.com\/index.php\/2025\/01\/28\/supervisa-estefania-mercado-obras-de-infraestructura-en-playa-del-carmen\/","name":"Supervisa Estefan\u00eda Mercado obras de infraestructura en Playa del Carmen - Panorama Ciudadano","isPartOf":{"@id":"https:\/\/panoramaciudadano.com\/#website"},"primaryImageOfPage":{"@id":"https:\/\/panoramaciudadano.com\/index.php\/2025\/01\/28\/supervisa-estefania-mercado-obras-de-infraestructura-en-playa-del-carmen\/#primaryimage"},"image":{"@id":"https:\/\/panoramaciudadano.com\/index.php\/2025\/01\/28\/supervisa-estefania-mercado-obras-de-infraestructura-en-playa-del-carmen\/#primaryimage"},"thumbnailUrl":"https:\/\/panoramaciudadano.com\/wp-content\/uploads\/2025\/01\/3-81.jpeg","datePublished":"2025-01-28T15:37:36+00:00","dateModified":"2025-01-29T15:39:32+00:00","breadcrumb":{"@id":"https:\/\/panoramaciudadano.com\/index.php\/2025\/01\/28\/supervisa-estefania-mercado-obras-de-infraestructura-en-playa-del-carmen\/#breadcrumb"},"inLanguage":"es","potentialAction":[{"@type":"ReadAction","target":["https:\/\/panoramaciudadano.com\/index.php\/2025\/01\/28\/supervisa-estefania-mercado-obras-de-infraestructura-en-playa-del-carmen\/"]}]},{"@type":"ImageObject","inLanguage":"es","@id":"https:\/\/panoramaciudadano.com\/index.php\/2025\/01\/28\/supervisa-estefania-mercado-obras-de-infraestructura-en-playa-del-carmen\/#primaryimage","url":"https:\/\/panoramaciudadano.com\/wp-content\/uploads\/2025\/01\/3-81.jpeg","contentUrl":"https:\/\/panoramaciudadano.com\/wp-content\/uploads\/2025\/01\/3-81.jpeg","width":960,"height":640},{"@type":"BreadcrumbList","@id":"https:\/\/panoramaciudadano.com\/index.php\/2025\/01\/28\/supervisa-estefania-mercado-obras-de-infraestructura-en-playa-del-carmen\/#breadcrumb","itemListElement":[{"@type":"ListItem","position":1,"name":"Portada","item":"https:\/\/panoramaciudadano.com\/"},{"@type":"ListItem","position":2,"name":"Supervisa Estefan\u00eda Mercado obras de infraestructura en Playa del Carmen"}]},{"@type":"WebSite","@id":"https:\/\/panoramaciudadano.com\/#website","url":"https:\/\/panoramaciudadano.com\/","name":"Panorama Ciudadano","description":"","publisher":{"@id":"https:\/\/panoramaciudadano.com\/#organization"},"potentialAction":[{"@type":"SearchAction","target":{"@type":"EntryPoint","urlTemplate":"https:\/\/panoramaciudadano.com\/?s={search_term_string}"},"query-input":{"@type":"PropertyValueSpecification","valueRequired":true,"valueName":"search_term_string"}}],"inLanguage":"es"},{"@type":"Organization","@id":"https:\/\/panoramaciudadano.com\/#organization","name":"Panorama Ciudadano","url":"https:\/\/panoramaciudadano.com\/","logo":{"@type":"ImageObject","inLanguage":"es","@id":"https:\/\/panoramaciudadano.com\/#\/schema\/logo\/image\/","url":"https:\/\/panoramaciudadano.com\/wp-content\/uploads\/2024\/05\/401498640_919267042938564_6290593609399108733_n.jpg","contentUrl":"https:\/\/panoramaciudadano.com\/wp-content\/uploads\/2024\/05\/401498640_919267042938564_6290593609399108733_n.jpg","width":960,"height":957,"caption":"Panorama Ciudadano"},"image":{"@id":"https:\/\/panoramaciudadano.com\/#\/schema\/logo\/image\/"},"sameAs":["https:\/\/www.facebook.com\/panoramaciudadano"]},{"@type":"Person","@id":"https:\/\/panoramaciudadano.com\/#\/schema\/person\/ffe9fe8ef47d3a93977b5761fd9e0d96","name":"admin","image":{"@type":"ImageObject","inLanguage":"es","@id":"https:\/\/panoramaciudadano.com\/#\/schema\/person\/image\/","url":"https:\/\/secure.gravatar.com\/avatar\/2d5a12cacce3f18096f25fadea8abb7202fef18ed669595589853e84260ff451?s=96&d=mm&r=g","contentUrl":"https:\/\/secure.gravatar.com\/avatar\/2d5a12cacce3f18096f25fadea8abb7202fef18ed669595589853e84260ff451?s=96&d=mm&r=g","caption":"admin"},"sameAs":["https:\/\/panoramaciudadano.com"],"url":"https:\/\/panoramaciudadano.com\/index.php\/author\/admin_3q6hyqq3\/"}]}},"_links":{"self":[{"href":"https:\/\/panoramaciudadano.com\/index.php\/wp-json\/wp\/v2\/posts\/9475","targetHints":{"allow":["GET"]}}],"collection":[{"href":"https:\/\/panoramaciudadano.com\/index.php\/wp-json\/wp\/v2\/posts"}],"about":[{"href":"https:\/\/panoramaciudadano.com\/index.php\/wp-json\/wp\/v2\/types\/post"}],"author":[{"embeddable":true,"href":"https:\/\/panoramaciudadano.com\/index.php\/wp-json\/wp\/v2\/users\/1"}],"replies":[{"embeddable":true,"href":"https:\/\/panoramaciudadano.com\/index.php\/wp-json\/wp\/v2\/comments?post=9475"}],"version-history":[{"count":1,"href":"https:\/\/panoramaciudadano.com\/index.php\/wp-json\/wp\/v2\/posts\/9475\/revisions"}],"predecessor-version":[{"id":9478,"href":"https:\/\/panoramaciudadano.com\/index.php\/wp-json\/wp\/v2\/posts\/9475\/revisions\/9478"}],"wp:featuredmedia":[{"embeddable":true,"href":"https:\/\/panoramaciudadano.com\/index.php\/wp-json\/wp\/v2\/media\/9477"}],"wp:attachment":[{"href":"https:\/\/panoramaciudadano.com\/index.php\/wp-json\/wp\/v2\/media?parent=9475"}],"wp:term":[{"taxonomy":"category","embeddable":true,"href":"https:\/\/panoramaciudadano.com\/index.php\/wp-json\/wp\/v2\/categories?post=9475"},{"taxonomy":"post_tag","embeddable":true,"href":"https:\/\/panoramaciudadano.com\/index.php\/wp-json\/wp\/v2\/tags?post=9475"}],"curies":[{"name":"wp","href":"https:\/\/api.w.org\/{rel}","templated":true}]}}