{"id":9479,"date":"2025-01-28T10:39:48","date_gmt":"2025-01-28T15:39:48","guid":{"rendered":"https:\/\/panoramaciudadano.com\/?p=9479"},"modified":"2025-01-29T10:42:03","modified_gmt":"2025-01-29T15:42:03","slug":"ana-paty-peralta-presenta-tramites-digitales-para-impulsar-la-economia-local-y-garantizar-transparencia","status":"publish","type":"post","link":"https:\/\/panoramaciudadano.com\/index.php\/2025\/01\/28\/ana-paty-peralta-presenta-tramites-digitales-para-impulsar-la-economia-local-y-garantizar-transparencia\/","title":{"rendered":"ANA PATY PERALTA PRESENTA TR\u00c1MITES DIGITALES PARA IMPULSAR LA ECONOM\u00cdA LOCAL Y GARANTIZAR TRANSPARENCIA"},"content":{"rendered":"\n<figure class=\"wp-block-gallery has-nested-images columns-default is-cropped wp-block-gallery-1 is-layout-flex wp-block-gallery-is-layout-flex\">\n<figure class=\"wp-block-image size-large\"><img decoding=\"async\" width=\"960\" height=\"640\" data-id=\"9483\" src=\"https:\/\/panoramaciudadano.com\/wp-content\/uploads\/2025\/01\/2-95.jpeg\" alt=\"\" class=\"wp-image-9483\" srcset=\"https:\/\/panoramaciudadano.com\/wp-content\/uploads\/2025\/01\/2-95.jpeg 960w, https:\/\/panoramaciudadano.com\/wp-content\/uploads\/2025\/01\/2-95-300x200.jpeg 300w, https:\/\/panoramaciudadano.com\/wp-content\/uploads\/2025\/01\/2-95-768x512.jpeg 768w\" sizes=\"(max-width: 960px) 100vw, 960px\" \/><\/figure>\n\n\n\n<figure class=\"wp-block-image size-large\"><img decoding=\"async\" width=\"960\" height=\"640\" data-id=\"9482\" src=\"https:\/\/panoramaciudadano.com\/wp-content\/uploads\/2025\/01\/3-82.jpeg\" alt=\"\" class=\"wp-image-9482\" srcset=\"https:\/\/panoramaciudadano.com\/wp-content\/uploads\/2025\/01\/3-82.jpeg 960w, https:\/\/panoramaciudadano.com\/wp-content\/uploads\/2025\/01\/3-82-300x200.jpeg 300w, https:\/\/panoramaciudadano.com\/wp-content\/uploads\/2025\/01\/3-82-768x512.jpeg 768w\" sizes=\"(max-width: 960px) 100vw, 960px\" \/><\/figure>\n\n\n\n<figure class=\"wp-block-image size-large\"><img decoding=\"async\" width=\"960\" height=\"679\" data-id=\"9481\" src=\"https:\/\/panoramaciudadano.com\/wp-content\/uploads\/2025\/01\/4-61.jpeg\" alt=\"\" class=\"wp-image-9481\" srcset=\"https:\/\/panoramaciudadano.com\/wp-content\/uploads\/2025\/01\/4-61.jpeg 960w, https:\/\/panoramaciudadano.com\/wp-content\/uploads\/2025\/01\/4-61-300x212.jpeg 300w, https:\/\/panoramaciudadano.com\/wp-content\/uploads\/2025\/01\/4-61-768x543.jpeg 768w\" sizes=\"(max-width: 960px) 100vw, 960px\" \/><\/figure>\n\n\n\n<figure class=\"wp-block-image size-large\"><img decoding=\"async\" width=\"600\" height=\"434\" data-id=\"9480\" src=\"https:\/\/panoramaciudadano.com\/wp-content\/uploads\/2025\/01\/WhatsApp-Image-2025-01-28-at-08.36.58.jpeg\" alt=\"\" class=\"wp-image-9480\" srcset=\"https:\/\/panoramaciudadano.com\/wp-content\/uploads\/2025\/01\/WhatsApp-Image-2025-01-28-at-08.36.58.jpeg 600w, https:\/\/panoramaciudadano.com\/wp-content\/uploads\/2025\/01\/WhatsApp-Image-2025-01-28-at-08.36.58-300x217.jpeg 300w\" sizes=\"(max-width: 600px) 100vw, 600px\" \/><\/figure>\n<\/figure>\n\n\n\n<p>\u201cHoy damos un paso firme hacia un Canc\u00fan m\u00e1s eficiente, transparente y cercano a la gente. Me llena de orgullo presentarles el nuevo sistema digital para el refrendo anual de la licencia de funcionamiento, una herramienta que transformar\u00e1 la manera en que realizamos los tr\u00e1mites en nuestro municipio, ya que por primera vez en Canc\u00fan, podr\u00e1n hacerlo 100 por ciento digital\u201d, anunci\u00f3 la Presidenta Municipal, Ana Paty Peralta.<\/p>\n\n\n\n<p>Ante la gobernadora Mara Lezama, empresarios, representantes de c\u00e1maras empresariales, comerciantes y emprendedores, que se dieron cita en el Teatro de la Ciudad para conocer el nuevo procedimiento, la Primera Autoridad Municipal destac\u00f3 que precisamente la mandataria estatal marc\u00f3 el inicio de la transformaci\u00f3n digital en Canc\u00fan durante su gesti\u00f3n en el municipio, ya que en 2020 lanz\u00f3 la anuencia de Protecci\u00f3n Civil de bajo riesgo en l\u00ednea y concret\u00f3 la reducci\u00f3n de requisitos.<\/p>\n\n\n\n<p>\u201cEso es innovaci\u00f3n, eso es construir un gobierno moderno, eficiente y de resultados, que cierra las puertas a la corrupci\u00f3n y abre paso a la confianza ciudadana. Desde el primer d\u00eda de esta administraci\u00f3n, asum\u00ed un compromiso claro con ustedes y con todos los que d\u00eda a d\u00eda dan su mayor esfuerzo para diversificar y fortalecer nuestra econom\u00eda: simplificar los procesos y combatir la corrupci\u00f3n\u201d, dijo.<\/p>\n\n\n\n<p>Ana Paty Peralta indic\u00f3 que esta digitalizaci\u00f3n del proceso para la licencia de funcionamiento, permitir\u00e1 a los contribuyentes ahorrarse tiempo y hacerlo m\u00e1s eficiente, para que est\u00e9n m\u00e1s tiempo en sus negocios y con sus familias, ya que pueden realizar el tr\u00e1mite en l\u00ednea con los requisitos complementarios como son: pago de predial, uso de suelo, dictamen aprobatorio de Protecci\u00f3n Civil y el pago de recolecci\u00f3n de residuos s\u00f3lidos, ante Ingresos, Tesorer\u00eda, Desarrollo Urbano, Protecci\u00f3n Civil y Siresol.<\/p>\n\n\n\n<p>\u201cEl proceso, que antes pod\u00eda tomar hasta ocho meses, especialmente para negocios de mediano y alto riesgo, ahora es sencillo y r\u00e1pido. Solo cinco pasos en menos de 24 horas. Esto les permite que sus negocios sigan activos, generando econom\u00eda y bienestar para ustedes y sus colaboradores\u201d, dijo.<\/p>\n\n\n\n<p>Exhort\u00f3 a los ciudadanos a ser cumplidos y ordenados con sus documentos al d\u00eda, para las inspecciones posteriores, adem\u00e1s de que sus contribuciones, se traducir\u00e1n en recursos para obras de beneficio en Canc\u00fan, por lo que anunci\u00f3 tambi\u00e9n que habr\u00e1 asesor\u00edas y resoluci\u00f3n de dudas en las oficinas de Ingresos, Protecci\u00f3n Civil, Ventanilla \u00danica de Tr\u00e1mites y Servicios, y el Instituto Municipal de Desarrollo Administrativo e Innovaci\u00f3n (IMDAI).<\/p>\n\n\n\n<p>Por su parte, la Gobernadora extern\u00f3 que este gran paso en la digitalizaci\u00f3n de tr\u00e1mites dentro del Ayuntamiento de Benito Ju\u00e1rez se traduce como un facilitador para los empresarios y emprendedores, adem\u00e1s record\u00f3 que en esta nueva forma de gobernar, se apuesta por la corresponsabilidad entre el gobierno y la ciudadan\u00eda, por lo que los invit\u00f3 a ser cumplidos y honrados con sus deberes.<\/p>\n\n\n\n<p>Durante la presentaci\u00f3n se expuso un video con el tutorial de los pasos que deber\u00e1n seguir los contribuyentes que se estandarizaron en tres: solicitud, pago y obtenci\u00f3n de la aprobaci\u00f3n en l\u00ednea, adem\u00e1s que en el lobby del teatro, se instalaron seis computadoras precisamente para dar asesoramiento a los asistentes que tengan dudas sobre el tr\u00e1mite.<\/p>\n","protected":false},"excerpt":{"rendered":"<p>La Presidenta Municipal present\u00f3 el refrendo anual de la licencia de funcionamiento que ahora es 100 por ciento digital.<\/p>\n","protected":false},"author":1,"featured_media":9481,"comment_status":"open","ping_status":"closed","sticky":false,"template":"","format":"standard","meta":{"footnotes":""},"categories":[6],"tags":[145],"class_list":["post-9479","post","type-post","status-publish","format-standard","has-post-thumbnail","hentry","category-cancun","tag-ana-paty-peralta"],"yoast_head":"<!-- This site is optimized with the Yoast SEO plugin v27.1.1 - https:\/\/yoast.com\/product\/yoast-seo-wordpress\/ -->\n<title>ANA PATY PERALTA PRESENTA TR\u00c1MITES DIGITALES PARA IMPULSAR LA ECONOM\u00cdA LOCAL Y GARANTIZAR TRANSPARENCIA - Panorama Ciudadano<\/title>\n<meta name=\"robots\" content=\"index, follow, max-snippet:-1, max-image-preview:large, max-video-preview:-1\" \/>\n<link rel=\"canonical\" href=\"https:\/\/panoramaciudadano.com\/index.php\/2025\/01\/28\/ana-paty-peralta-presenta-tramites-digitales-para-impulsar-la-economia-local-y-garantizar-transparencia\/\" \/>\n<meta property=\"og:locale\" content=\"es_ES\" \/>\n<meta property=\"og:type\" content=\"article\" \/>\n<meta property=\"og:title\" content=\"ANA PATY PERALTA PRESENTA TR\u00c1MITES DIGITALES PARA IMPULSAR LA ECONOM\u00cdA LOCAL Y GARANTIZAR TRANSPARENCIA - Panorama Ciudadano\" \/>\n<meta property=\"og:description\" content=\"La Presidenta Municipal present\u00f3 el refrendo anual de la licencia de funcionamiento que ahora es 100 por ciento digital.\" \/>\n<meta property=\"og:url\" content=\"https:\/\/panoramaciudadano.com\/index.php\/2025\/01\/28\/ana-paty-peralta-presenta-tramites-digitales-para-impulsar-la-economia-local-y-garantizar-transparencia\/\" \/>\n<meta property=\"og:site_name\" content=\"Panorama Ciudadano\" \/>\n<meta property=\"article:publisher\" content=\"https:\/\/www.facebook.com\/panoramaciudadano\" \/>\n<meta property=\"article:published_time\" content=\"2025-01-28T15:39:48+00:00\" \/>\n<meta property=\"article:modified_time\" content=\"2025-01-29T15:42:03+00:00\" \/>\n<meta property=\"og:image\" content=\"https:\/\/panoramaciudadano.com\/wp-content\/uploads\/2025\/01\/4-61.jpeg\" \/>\n\t<meta property=\"og:image:width\" content=\"960\" \/>\n\t<meta property=\"og:image:height\" content=\"679\" \/>\n\t<meta property=\"og:image:type\" content=\"image\/jpeg\" \/>\n<meta name=\"author\" content=\"admin\" \/>\n<meta name=\"twitter:card\" content=\"summary_large_image\" \/>\n<meta name=\"twitter:label1\" content=\"Escrito por\" \/>\n\t<meta name=\"twitter:data1\" content=\"admin\" \/>\n\t<meta name=\"twitter:label2\" content=\"Tiempo de lectura\" \/>\n\t<meta name=\"twitter:data2\" content=\"4 minutos\" \/>\n<script type=\"application\/ld+json\" class=\"yoast-schema-graph\">{\"@context\":\"https:\/\/schema.org\",\"@graph\":[{\"@type\":\"Article\",\"@id\":\"https:\/\/panoramaciudadano.com\/index.php\/2025\/01\/28\/ana-paty-peralta-presenta-tramites-digitales-para-impulsar-la-economia-local-y-garantizar-transparencia\/#article\",\"isPartOf\":{\"@id\":\"https:\/\/panoramaciudadano.com\/index.php\/2025\/01\/28\/ana-paty-peralta-presenta-tramites-digitales-para-impulsar-la-economia-local-y-garantizar-transparencia\/\"},\"author\":{\"name\":\"admin\",\"@id\":\"https:\/\/panoramaciudadano.com\/#\/schema\/person\/ffe9fe8ef47d3a93977b5761fd9e0d96\"},\"headline\":\"ANA PATY PERALTA PRESENTA TR\u00c1MITES DIGITALES PARA IMPULSAR LA ECONOM\u00cdA LOCAL Y GARANTIZAR TRANSPARENCIA\",\"datePublished\":\"2025-01-28T15:39:48+00:00\",\"dateModified\":\"2025-01-29T15:42:03+00:00\",\"mainEntityOfPage\":{\"@id\":\"https:\/\/panoramaciudadano.com\/index.php\/2025\/01\/28\/ana-paty-peralta-presenta-tramites-digitales-para-impulsar-la-economia-local-y-garantizar-transparencia\/\"},\"wordCount\":591,\"commentCount\":0,\"publisher\":{\"@id\":\"https:\/\/panoramaciudadano.com\/#organization\"},\"image\":{\"@id\":\"https:\/\/panoramaciudadano.com\/index.php\/2025\/01\/28\/ana-paty-peralta-presenta-tramites-digitales-para-impulsar-la-economia-local-y-garantizar-transparencia\/#primaryimage\"},\"thumbnailUrl\":\"https:\/\/panoramaciudadano.com\/wp-content\/uploads\/2025\/01\/4-61.jpeg\",\"keywords\":[\"Ana Paty Peralta\"],\"articleSection\":[\"Canc\u00fan\"],\"inLanguage\":\"es\",\"potentialAction\":[{\"@type\":\"CommentAction\",\"name\":\"Comment\",\"target\":[\"https:\/\/panoramaciudadano.com\/index.php\/2025\/01\/28\/ana-paty-peralta-presenta-tramites-digitales-para-impulsar-la-economia-local-y-garantizar-transparencia\/#respond\"]}]},{\"@type\":\"WebPage\",\"@id\":\"https:\/\/panoramaciudadano.com\/index.php\/2025\/01\/28\/ana-paty-peralta-presenta-tramites-digitales-para-impulsar-la-economia-local-y-garantizar-transparencia\/\",\"url\":\"https:\/\/panoramaciudadano.com\/index.php\/2025\/01\/28\/ana-paty-peralta-presenta-tramites-digitales-para-impulsar-la-economia-local-y-garantizar-transparencia\/\",\"name\":\"ANA PATY PERALTA PRESENTA TR\u00c1MITES DIGITALES PARA IMPULSAR LA ECONOM\u00cdA LOCAL Y GARANTIZAR TRANSPARENCIA - Panorama Ciudadano\",\"isPartOf\":{\"@id\":\"https:\/\/panoramaciudadano.com\/#website\"},\"primaryImageOfPage\":{\"@id\":\"https:\/\/panoramaciudadano.com\/index.php\/2025\/01\/28\/ana-paty-peralta-presenta-tramites-digitales-para-impulsar-la-economia-local-y-garantizar-transparencia\/#primaryimage\"},\"image\":{\"@id\":\"https:\/\/panoramaciudadano.com\/index.php\/2025\/01\/28\/ana-paty-peralta-presenta-tramites-digitales-para-impulsar-la-economia-local-y-garantizar-transparencia\/#primaryimage\"},\"thumbnailUrl\":\"https:\/\/panoramaciudadano.com\/wp-content\/uploads\/2025\/01\/4-61.jpeg\",\"datePublished\":\"2025-01-28T15:39:48+00:00\",\"dateModified\":\"2025-01-29T15:42:03+00:00\",\"breadcrumb\":{\"@id\":\"https:\/\/panoramaciudadano.com\/index.php\/2025\/01\/28\/ana-paty-peralta-presenta-tramites-digitales-para-impulsar-la-economia-local-y-garantizar-transparencia\/#breadcrumb\"},\"inLanguage\":\"es\",\"potentialAction\":[{\"@type\":\"ReadAction\",\"target\":[\"https:\/\/panoramaciudadano.com\/index.php\/2025\/01\/28\/ana-paty-peralta-presenta-tramites-digitales-para-impulsar-la-economia-local-y-garantizar-transparencia\/\"]}]},{\"@type\":\"ImageObject\",\"inLanguage\":\"es\",\"@id\":\"https:\/\/panoramaciudadano.com\/index.php\/2025\/01\/28\/ana-paty-peralta-presenta-tramites-digitales-para-impulsar-la-economia-local-y-garantizar-transparencia\/#primaryimage\",\"url\":\"https:\/\/panoramaciudadano.com\/wp-content\/uploads\/2025\/01\/4-61.jpeg\",\"contentUrl\":\"https:\/\/panoramaciudadano.com\/wp-content\/uploads\/2025\/01\/4-61.jpeg\",\"width\":960,\"height\":679},{\"@type\":\"BreadcrumbList\",\"@id\":\"https:\/\/panoramaciudadano.com\/index.php\/2025\/01\/28\/ana-paty-peralta-presenta-tramites-digitales-para-impulsar-la-economia-local-y-garantizar-transparencia\/#breadcrumb\",\"itemListElement\":[{\"@type\":\"ListItem\",\"position\":1,\"name\":\"Portada\",\"item\":\"https:\/\/panoramaciudadano.com\/\"},{\"@type\":\"ListItem\",\"position\":2,\"name\":\"ANA PATY PERALTA PRESENTA TR\u00c1MITES DIGITALES PARA IMPULSAR LA ECONOM\u00cdA LOCAL Y GARANTIZAR TRANSPARENCIA\"}]},{\"@type\":\"WebSite\",\"@id\":\"https:\/\/panoramaciudadano.com\/#website\",\"url\":\"https:\/\/panoramaciudadano.com\/\",\"name\":\"Panorama Ciudadano\",\"description\":\"\",\"publisher\":{\"@id\":\"https:\/\/panoramaciudadano.com\/#organization\"},\"potentialAction\":[{\"@type\":\"SearchAction\",\"target\":{\"@type\":\"EntryPoint\",\"urlTemplate\":\"https:\/\/panoramaciudadano.com\/?s={search_term_string}\"},\"query-input\":{\"@type\":\"PropertyValueSpecification\",\"valueRequired\":true,\"valueName\":\"search_term_string\"}}],\"inLanguage\":\"es\"},{\"@type\":\"Organization\",\"@id\":\"https:\/\/panoramaciudadano.com\/#organization\",\"name\":\"Panorama Ciudadano\",\"url\":\"https:\/\/panoramaciudadano.com\/\",\"logo\":{\"@type\":\"ImageObject\",\"inLanguage\":\"es\",\"@id\":\"https:\/\/panoramaciudadano.com\/#\/schema\/logo\/image\/\",\"url\":\"https:\/\/panoramaciudadano.com\/wp-content\/uploads\/2024\/05\/401498640_919267042938564_6290593609399108733_n.jpg\",\"contentUrl\":\"https:\/\/panoramaciudadano.com\/wp-content\/uploads\/2024\/05\/401498640_919267042938564_6290593609399108733_n.jpg\",\"width\":960,\"height\":957,\"caption\":\"Panorama Ciudadano\"},\"image\":{\"@id\":\"https:\/\/panoramaciudadano.com\/#\/schema\/logo\/image\/\"},\"sameAs\":[\"https:\/\/www.facebook.com\/panoramaciudadano\"]},{\"@type\":\"Person\",\"@id\":\"https:\/\/panoramaciudadano.com\/#\/schema\/person\/ffe9fe8ef47d3a93977b5761fd9e0d96\",\"name\":\"admin\",\"image\":{\"@type\":\"ImageObject\",\"inLanguage\":\"es\",\"@id\":\"https:\/\/panoramaciudadano.com\/#\/schema\/person\/image\/\",\"url\":\"https:\/\/secure.gravatar.com\/avatar\/2d5a12cacce3f18096f25fadea8abb7202fef18ed669595589853e84260ff451?s=96&d=mm&r=g\",\"contentUrl\":\"https:\/\/secure.gravatar.com\/avatar\/2d5a12cacce3f18096f25fadea8abb7202fef18ed669595589853e84260ff451?s=96&d=mm&r=g\",\"caption\":\"admin\"},\"sameAs\":[\"https:\/\/panoramaciudadano.com\"],\"url\":\"https:\/\/panoramaciudadano.com\/index.php\/author\/admin_3q6hyqq3\/\"}]}<\/script>\n<!-- \/ Yoast SEO plugin. -->","yoast_head_json":{"title":"ANA PATY PERALTA PRESENTA TR\u00c1MITES DIGITALES PARA IMPULSAR LA ECONOM\u00cdA LOCAL Y GARANTIZAR TRANSPARENCIA - Panorama Ciudadano","robots":{"index":"index","follow":"follow","max-snippet":"max-snippet:-1","max-image-preview":"max-image-preview:large","max-video-preview":"max-video-preview:-1"},"canonical":"https:\/\/panoramaciudadano.com\/index.php\/2025\/01\/28\/ana-paty-peralta-presenta-tramites-digitales-para-impulsar-la-economia-local-y-garantizar-transparencia\/","og_locale":"es_ES","og_type":"article","og_title":"ANA PATY PERALTA PRESENTA TR\u00c1MITES DIGITALES PARA IMPULSAR LA ECONOM\u00cdA LOCAL Y GARANTIZAR TRANSPARENCIA - Panorama Ciudadano","og_description":"La Presidenta Municipal present\u00f3 el refrendo anual de la licencia de funcionamiento que ahora es 100 por ciento digital.","og_url":"https:\/\/panoramaciudadano.com\/index.php\/2025\/01\/28\/ana-paty-peralta-presenta-tramites-digitales-para-impulsar-la-economia-local-y-garantizar-transparencia\/","og_site_name":"Panorama Ciudadano","article_publisher":"https:\/\/www.facebook.com\/panoramaciudadano","article_published_time":"2025-01-28T15:39:48+00:00","article_modified_time":"2025-01-29T15:42:03+00:00","og_image":[{"width":960,"height":679,"url":"https:\/\/panoramaciudadano.com\/wp-content\/uploads\/2025\/01\/4-61.jpeg","type":"image\/jpeg"}],"author":"admin","twitter_card":"summary_large_image","twitter_misc":{"Escrito por":"admin","Tiempo de lectura":"4 minutos"},"schema":{"@context":"https:\/\/schema.org","@graph":[{"@type":"Article","@id":"https:\/\/panoramaciudadano.com\/index.php\/2025\/01\/28\/ana-paty-peralta-presenta-tramites-digitales-para-impulsar-la-economia-local-y-garantizar-transparencia\/#article","isPartOf":{"@id":"https:\/\/panoramaciudadano.com\/index.php\/2025\/01\/28\/ana-paty-peralta-presenta-tramites-digitales-para-impulsar-la-economia-local-y-garantizar-transparencia\/"},"author":{"name":"admin","@id":"https:\/\/panoramaciudadano.com\/#\/schema\/person\/ffe9fe8ef47d3a93977b5761fd9e0d96"},"headline":"ANA PATY PERALTA PRESENTA TR\u00c1MITES DIGITALES PARA IMPULSAR LA ECONOM\u00cdA LOCAL Y GARANTIZAR TRANSPARENCIA","datePublished":"2025-01-28T15:39:48+00:00","dateModified":"2025-01-29T15:42:03+00:00","mainEntityOfPage":{"@id":"https:\/\/panoramaciudadano.com\/index.php\/2025\/01\/28\/ana-paty-peralta-presenta-tramites-digitales-para-impulsar-la-economia-local-y-garantizar-transparencia\/"},"wordCount":591,"commentCount":0,"publisher":{"@id":"https:\/\/panoramaciudadano.com\/#organization"},"image":{"@id":"https:\/\/panoramaciudadano.com\/index.php\/2025\/01\/28\/ana-paty-peralta-presenta-tramites-digitales-para-impulsar-la-economia-local-y-garantizar-transparencia\/#primaryimage"},"thumbnailUrl":"https:\/\/panoramaciudadano.com\/wp-content\/uploads\/2025\/01\/4-61.jpeg","keywords":["Ana Paty Peralta"],"articleSection":["Canc\u00fan"],"inLanguage":"es","potentialAction":[{"@type":"CommentAction","name":"Comment","target":["https:\/\/panoramaciudadano.com\/index.php\/2025\/01\/28\/ana-paty-peralta-presenta-tramites-digitales-para-impulsar-la-economia-local-y-garantizar-transparencia\/#respond"]}]},{"@type":"WebPage","@id":"https:\/\/panoramaciudadano.com\/index.php\/2025\/01\/28\/ana-paty-peralta-presenta-tramites-digitales-para-impulsar-la-economia-local-y-garantizar-transparencia\/","url":"https:\/\/panoramaciudadano.com\/index.php\/2025\/01\/28\/ana-paty-peralta-presenta-tramites-digitales-para-impulsar-la-economia-local-y-garantizar-transparencia\/","name":"ANA PATY PERALTA PRESENTA TR\u00c1MITES DIGITALES PARA IMPULSAR LA ECONOM\u00cdA LOCAL Y GARANTIZAR TRANSPARENCIA - Panorama Ciudadano","isPartOf":{"@id":"https:\/\/panoramaciudadano.com\/#website"},"primaryImageOfPage":{"@id":"https:\/\/panoramaciudadano.com\/index.php\/2025\/01\/28\/ana-paty-peralta-presenta-tramites-digitales-para-impulsar-la-economia-local-y-garantizar-transparencia\/#primaryimage"},"image":{"@id":"https:\/\/panoramaciudadano.com\/index.php\/2025\/01\/28\/ana-paty-peralta-presenta-tramites-digitales-para-impulsar-la-economia-local-y-garantizar-transparencia\/#primaryimage"},"thumbnailUrl":"https:\/\/panoramaciudadano.com\/wp-content\/uploads\/2025\/01\/4-61.jpeg","datePublished":"2025-01-28T15:39:48+00:00","dateModified":"2025-01-29T15:42:03+00:00","breadcrumb":{"@id":"https:\/\/panoramaciudadano.com\/index.php\/2025\/01\/28\/ana-paty-peralta-presenta-tramites-digitales-para-impulsar-la-economia-local-y-garantizar-transparencia\/#breadcrumb"},"inLanguage":"es","potentialAction":[{"@type":"ReadAction","target":["https:\/\/panoramaciudadano.com\/index.php\/2025\/01\/28\/ana-paty-peralta-presenta-tramites-digitales-para-impulsar-la-economia-local-y-garantizar-transparencia\/"]}]},{"@type":"ImageObject","inLanguage":"es","@id":"https:\/\/panoramaciudadano.com\/index.php\/2025\/01\/28\/ana-paty-peralta-presenta-tramites-digitales-para-impulsar-la-economia-local-y-garantizar-transparencia\/#primaryimage","url":"https:\/\/panoramaciudadano.com\/wp-content\/uploads\/2025\/01\/4-61.jpeg","contentUrl":"https:\/\/panoramaciudadano.com\/wp-content\/uploads\/2025\/01\/4-61.jpeg","width":960,"height":679},{"@type":"BreadcrumbList","@id":"https:\/\/panoramaciudadano.com\/index.php\/2025\/01\/28\/ana-paty-peralta-presenta-tramites-digitales-para-impulsar-la-economia-local-y-garantizar-transparencia\/#breadcrumb","itemListElement":[{"@type":"ListItem","position":1,"name":"Portada","item":"https:\/\/panoramaciudadano.com\/"},{"@type":"ListItem","position":2,"name":"ANA PATY PERALTA PRESENTA TR\u00c1MITES DIGITALES PARA IMPULSAR LA ECONOM\u00cdA LOCAL Y GARANTIZAR TRANSPARENCIA"}]},{"@type":"WebSite","@id":"https:\/\/panoramaciudadano.com\/#website","url":"https:\/\/panoramaciudadano.com\/","name":"Panorama Ciudadano","description":"","publisher":{"@id":"https:\/\/panoramaciudadano.com\/#organization"},"potentialAction":[{"@type":"SearchAction","target":{"@type":"EntryPoint","urlTemplate":"https:\/\/panoramaciudadano.com\/?s={search_term_string}"},"query-input":{"@type":"PropertyValueSpecification","valueRequired":true,"valueName":"search_term_string"}}],"inLanguage":"es"},{"@type":"Organization","@id":"https:\/\/panoramaciudadano.com\/#organization","name":"Panorama Ciudadano","url":"https:\/\/panoramaciudadano.com\/","logo":{"@type":"ImageObject","inLanguage":"es","@id":"https:\/\/panoramaciudadano.com\/#\/schema\/logo\/image\/","url":"https:\/\/panoramaciudadano.com\/wp-content\/uploads\/2024\/05\/401498640_919267042938564_6290593609399108733_n.jpg","contentUrl":"https:\/\/panoramaciudadano.com\/wp-content\/uploads\/2024\/05\/401498640_919267042938564_6290593609399108733_n.jpg","width":960,"height":957,"caption":"Panorama Ciudadano"},"image":{"@id":"https:\/\/panoramaciudadano.com\/#\/schema\/logo\/image\/"},"sameAs":["https:\/\/www.facebook.com\/panoramaciudadano"]},{"@type":"Person","@id":"https:\/\/panoramaciudadano.com\/#\/schema\/person\/ffe9fe8ef47d3a93977b5761fd9e0d96","name":"admin","image":{"@type":"ImageObject","inLanguage":"es","@id":"https:\/\/panoramaciudadano.com\/#\/schema\/person\/image\/","url":"https:\/\/secure.gravatar.com\/avatar\/2d5a12cacce3f18096f25fadea8abb7202fef18ed669595589853e84260ff451?s=96&d=mm&r=g","contentUrl":"https:\/\/secure.gravatar.com\/avatar\/2d5a12cacce3f18096f25fadea8abb7202fef18ed669595589853e84260ff451?s=96&d=mm&r=g","caption":"admin"},"sameAs":["https:\/\/panoramaciudadano.com"],"url":"https:\/\/panoramaciudadano.com\/index.php\/author\/admin_3q6hyqq3\/"}]}},"_links":{"self":[{"href":"https:\/\/panoramaciudadano.com\/index.php\/wp-json\/wp\/v2\/posts\/9479","targetHints":{"allow":["GET"]}}],"collection":[{"href":"https:\/\/panoramaciudadano.com\/index.php\/wp-json\/wp\/v2\/posts"}],"about":[{"href":"https:\/\/panoramaciudadano.com\/index.php\/wp-json\/wp\/v2\/types\/post"}],"author":[{"embeddable":true,"href":"https:\/\/panoramaciudadano.com\/index.php\/wp-json\/wp\/v2\/users\/1"}],"replies":[{"embeddable":true,"href":"https:\/\/panoramaciudadano.com\/index.php\/wp-json\/wp\/v2\/comments?post=9479"}],"version-history":[{"count":1,"href":"https:\/\/panoramaciudadano.com\/index.php\/wp-json\/wp\/v2\/posts\/9479\/revisions"}],"predecessor-version":[{"id":9484,"href":"https:\/\/panoramaciudadano.com\/index.php\/wp-json\/wp\/v2\/posts\/9479\/revisions\/9484"}],"wp:featuredmedia":[{"embeddable":true,"href":"https:\/\/panoramaciudadano.com\/index.php\/wp-json\/wp\/v2\/media\/9481"}],"wp:attachment":[{"href":"https:\/\/panoramaciudadano.com\/index.php\/wp-json\/wp\/v2\/media?parent=9479"}],"wp:term":[{"taxonomy":"category","embeddable":true,"href":"https:\/\/panoramaciudadano.com\/index.php\/wp-json\/wp\/v2\/categories?post=9479"},{"taxonomy":"post_tag","embeddable":true,"href":"https:\/\/panoramaciudadano.com\/index.php\/wp-json\/wp\/v2\/tags?post=9479"}],"curies":[{"name":"wp","href":"https:\/\/api.w.org\/{rel}","templated":true}]}}