{"id":991,"date":"2024-07-01T16:32:05","date_gmt":"2024-07-01T16:32:05","guid":{"rendered":"https:\/\/panoramaciudadano.com\/?p=991"},"modified":"2024-07-01T16:32:06","modified_gmt":"2024-07-01T16:32:06","slug":"huracan-beryl-bajo-a-categoria-3-y-volvio-a-subir-a-4-se-ubica-a-2-mil-945-km-de-quintana-roo","status":"publish","type":"post","link":"https:\/\/panoramaciudadano.com\/index.php\/2024\/07\/01\/huracan-beryl-bajo-a-categoria-3-y-volvio-a-subir-a-4-se-ubica-a-2-mil-945-km-de-quintana-roo\/","title":{"rendered":"Hurac\u00e1n \u201cBeryl\u201d baj\u00f3 a categor\u00eda 3 y volvi\u00f3 a subir a 4; se ubica a 2 mil 945 km de Quintana Roo"},"content":{"rendered":"\n<figure class=\"wp-block-image size-large\"><img decoding=\"async\" width=\"1024\" height=\"593\" src=\"https:\/\/panoramaciudadano.com\/wp-content\/uploads\/2024\/07\/image-1024x593.png\" alt=\"\" class=\"wp-image-992\" srcset=\"https:\/\/panoramaciudadano.com\/wp-content\/uploads\/2024\/07\/image-1024x593.png 1024w, https:\/\/panoramaciudadano.com\/wp-content\/uploads\/2024\/07\/image-300x174.png 300w, https:\/\/panoramaciudadano.com\/wp-content\/uploads\/2024\/07\/image-768x444.png 768w, https:\/\/panoramaciudadano.com\/wp-content\/uploads\/2024\/07\/image.png 1073w\" sizes=\"(max-width: 1024px) 100vw, 1024px\" \/><\/figure>\n\n\n\n<p><strong>Durante la madrugada el hurac\u00e1n \u201cBeryl\u201d baj\u00f3 de categor\u00eda 4 a 3. Sin embargo, pocas horas despu\u00e9s volvi\u00f3 a intensificarse, por lo que se mantiene como 4 en la escala Saffir-Simpson. Se mantiene bajo monitoreo. Por ahora se ubica a 2 mil 945 kil\u00f3metros de las costas de Quintana Roo, por lo que persiste la alerta azul en la entidad.<\/strong><\/p>\n\n\n\n<p>El centro del&nbsp;<strong>hurac\u00e1n \u201cBeryl\u201d<\/strong>&nbsp;se localiza a 100 kil\u00f3metros al este de Granada y a 2 mil 945 kil\u00f3metros al este-sureste de&nbsp;<strong>Canc\u00fan<\/strong>,&nbsp;<strong>Quintana Roo<\/strong>. Por el momento presenta vientos m\u00e1ximos sostenidos de 215 kil\u00f3metros por hora, rachas de 260 kil\u00f3metros por hora y desplazamiento hacia el oeste-noroeste a 31 kil\u00f3metros por hora.<\/p>\n\n\n\n<p>Se reitera que por ahora no representa riesgo para la entidad, pero se le mantiene bajo vigilancia pues su trayectoria indica que el fen\u00f3meno podr\u00eda acercarse a las costas de la entidad en los pr\u00f3ximos d\u00edas.<\/p>\n\n\n\n<p>Por su parte, el Servicio Meteorol\u00f3gico Nacional (SMN) inform\u00f3 que se esperan lluvias puntuales fuertes este lunes primero de julio a lo largo de la Pen\u00ednsula de Yucat\u00e1n.<\/p>\n\n\n\n<p>En&nbsp;<strong>Quintana Roo<\/strong>&nbsp;habr\u00e1 lluvias puntuales principalmente en los municipios de&nbsp;<strong>L\u00e1zaro C\u00e1rdenas, Benito Ju\u00e1rez, Puerto Morelos, Solidaridad, Tulum, Felipe Carrillo Puerto, Bacalar, Jos\u00e9 Mar\u00eda Morelos y Oth\u00f3n P. Blanco<\/strong>.<\/p>\n\n\n\n<p>A su vez, se pronostican rachas de viento de 50 a 70 kil\u00f3metros por hora en Campeche y de 40 a 60 kil\u00f3metros por hora en&nbsp;<strong>Yucat\u00e1n<\/strong>&nbsp;y&nbsp;<strong>Quintana Roo<\/strong>.<\/p>\n\n\n\n<p>Adem\u00e1s, se mantiene bajo vigilancia una zona de baja presi\u00f3n asociada con una onda tropical, que mantiene un 40 por ciento de posibilidades de desarrollo cicl\u00f3nico en 48 horas y un 70 por ciento en siete d\u00edas. Por ahora se ubica al suroeste de las islas Cabo Verde y a unos 5 mil 520 kil\u00f3metros de las costas de la entidad. Se desplaza al oeste a una velocidad entre 24 y 32 kil\u00f3metros por hora.<\/p>\n\n\n\n<p>La recomendaci\u00f3n de las autoridades de&nbsp;<strong>Quintana Roo<\/strong>&nbsp;es mantenerse informados a trav\u00e9s de los canales oficiales para saber c\u00f3mo evolucionan los fen\u00f3menos hidrometeorol\u00f3gicos en esta temporada de huracanes.&nbsp;<\/p>\n","protected":false},"excerpt":{"rendered":"<p>Durante la madrugada el hurac\u00e1n \u201cBeryl\u201d baj\u00f3 de categor\u00eda 4 a 3. Sin embargo, pocas horas despu\u00e9s volvi\u00f3 a intensificarse, por lo que se mantiene como 4 en la escala Saffir-Simpson. Se mantiene bajo monitoreo. Por ahora se ubica a 2 mil 945 kil\u00f3metros de las costas de Quintana Roo, por lo que persiste la alerta azul en la entidad.<\/p>\n","protected":false},"author":1,"featured_media":992,"comment_status":"open","ping_status":"closed","sticky":false,"template":"","format":"standard","meta":{"footnotes":""},"categories":[6,5],"tags":[611],"class_list":["post-991","post","type-post","status-publish","format-standard","has-post-thumbnail","hentry","category-cancun","category-quintana-roo","tag-huracan-beryl"],"yoast_head":"<!-- This site is optimized with the Yoast SEO plugin v27.1.1 - https:\/\/yoast.com\/product\/yoast-seo-wordpress\/ -->\n<title>Hurac\u00e1n \u201cBeryl\u201d baj\u00f3 a categor\u00eda 3 y volvi\u00f3 a subir a 4; se ubica a 2 mil 945 km de Quintana Roo - Panorama Ciudadano<\/title>\n<meta name=\"robots\" content=\"index, follow, max-snippet:-1, max-image-preview:large, max-video-preview:-1\" \/>\n<link rel=\"canonical\" href=\"https:\/\/panoramaciudadano.com\/index.php\/2024\/07\/01\/huracan-beryl-bajo-a-categoria-3-y-volvio-a-subir-a-4-se-ubica-a-2-mil-945-km-de-quintana-roo\/\" \/>\n<meta property=\"og:locale\" content=\"es_ES\" \/>\n<meta property=\"og:type\" content=\"article\" \/>\n<meta property=\"og:title\" content=\"Hurac\u00e1n \u201cBeryl\u201d baj\u00f3 a categor\u00eda 3 y volvi\u00f3 a subir a 4; se ubica a 2 mil 945 km de Quintana Roo - Panorama Ciudadano\" \/>\n<meta property=\"og:description\" content=\"Durante la madrugada el hurac\u00e1n \u201cBeryl\u201d baj\u00f3 de categor\u00eda 4 a 3. Sin embargo, pocas horas despu\u00e9s volvi\u00f3 a intensificarse, por lo que se mantiene como 4 en la escala Saffir-Simpson. Se mantiene bajo monitoreo. Por ahora se ubica a 2 mil 945 kil\u00f3metros de las costas de Quintana Roo, por lo que persiste la alerta azul en la entidad.\" \/>\n<meta property=\"og:url\" content=\"https:\/\/panoramaciudadano.com\/index.php\/2024\/07\/01\/huracan-beryl-bajo-a-categoria-3-y-volvio-a-subir-a-4-se-ubica-a-2-mil-945-km-de-quintana-roo\/\" \/>\n<meta property=\"og:site_name\" content=\"Panorama Ciudadano\" \/>\n<meta property=\"article:publisher\" content=\"https:\/\/www.facebook.com\/panoramaciudadano\" \/>\n<meta property=\"article:published_time\" content=\"2024-07-01T16:32:05+00:00\" \/>\n<meta property=\"article:modified_time\" content=\"2024-07-01T16:32:06+00:00\" \/>\n<meta property=\"og:image\" content=\"https:\/\/panoramaciudadano.com\/wp-content\/uploads\/2024\/07\/image.png\" \/>\n\t<meta property=\"og:image:width\" content=\"1073\" \/>\n\t<meta property=\"og:image:height\" content=\"621\" \/>\n\t<meta property=\"og:image:type\" content=\"image\/png\" \/>\n<meta name=\"author\" content=\"admin\" \/>\n<meta name=\"twitter:card\" content=\"summary_large_image\" \/>\n<meta name=\"twitter:label1\" content=\"Escrito por\" \/>\n\t<meta name=\"twitter:data1\" content=\"admin\" \/>\n\t<meta name=\"twitter:label2\" content=\"Tiempo de lectura\" \/>\n\t<meta name=\"twitter:data2\" content=\"2 minutos\" \/>\n<script type=\"application\/ld+json\" class=\"yoast-schema-graph\">{\"@context\":\"https:\/\/schema.org\",\"@graph\":[{\"@type\":\"Article\",\"@id\":\"https:\/\/panoramaciudadano.com\/index.php\/2024\/07\/01\/huracan-beryl-bajo-a-categoria-3-y-volvio-a-subir-a-4-se-ubica-a-2-mil-945-km-de-quintana-roo\/#article\",\"isPartOf\":{\"@id\":\"https:\/\/panoramaciudadano.com\/index.php\/2024\/07\/01\/huracan-beryl-bajo-a-categoria-3-y-volvio-a-subir-a-4-se-ubica-a-2-mil-945-km-de-quintana-roo\/\"},\"author\":{\"name\":\"admin\",\"@id\":\"https:\/\/panoramaciudadano.com\/#\/schema\/person\/ffe9fe8ef47d3a93977b5761fd9e0d96\"},\"headline\":\"Hurac\u00e1n \u201cBeryl\u201d baj\u00f3 a categor\u00eda 3 y volvi\u00f3 a subir a 4; se ubica a 2 mil 945 km de Quintana Roo\",\"datePublished\":\"2024-07-01T16:32:05+00:00\",\"dateModified\":\"2024-07-01T16:32:06+00:00\",\"mainEntityOfPage\":{\"@id\":\"https:\/\/panoramaciudadano.com\/index.php\/2024\/07\/01\/huracan-beryl-bajo-a-categoria-3-y-volvio-a-subir-a-4-se-ubica-a-2-mil-945-km-de-quintana-roo\/\"},\"wordCount\":391,\"commentCount\":0,\"publisher\":{\"@id\":\"https:\/\/panoramaciudadano.com\/#organization\"},\"image\":{\"@id\":\"https:\/\/panoramaciudadano.com\/index.php\/2024\/07\/01\/huracan-beryl-bajo-a-categoria-3-y-volvio-a-subir-a-4-se-ubica-a-2-mil-945-km-de-quintana-roo\/#primaryimage\"},\"thumbnailUrl\":\"https:\/\/panoramaciudadano.com\/wp-content\/uploads\/2024\/07\/image.png\",\"keywords\":[\"Hurac\u00e1n Beryl\"],\"articleSection\":[\"Canc\u00fan\",\"Quintana Roo\"],\"inLanguage\":\"es\",\"potentialAction\":[{\"@type\":\"CommentAction\",\"name\":\"Comment\",\"target\":[\"https:\/\/panoramaciudadano.com\/index.php\/2024\/07\/01\/huracan-beryl-bajo-a-categoria-3-y-volvio-a-subir-a-4-se-ubica-a-2-mil-945-km-de-quintana-roo\/#respond\"]}]},{\"@type\":\"WebPage\",\"@id\":\"https:\/\/panoramaciudadano.com\/index.php\/2024\/07\/01\/huracan-beryl-bajo-a-categoria-3-y-volvio-a-subir-a-4-se-ubica-a-2-mil-945-km-de-quintana-roo\/\",\"url\":\"https:\/\/panoramaciudadano.com\/index.php\/2024\/07\/01\/huracan-beryl-bajo-a-categoria-3-y-volvio-a-subir-a-4-se-ubica-a-2-mil-945-km-de-quintana-roo\/\",\"name\":\"Hurac\u00e1n \u201cBeryl\u201d baj\u00f3 a categor\u00eda 3 y volvi\u00f3 a subir a 4; se ubica a 2 mil 945 km de Quintana Roo - Panorama Ciudadano\",\"isPartOf\":{\"@id\":\"https:\/\/panoramaciudadano.com\/#website\"},\"primaryImageOfPage\":{\"@id\":\"https:\/\/panoramaciudadano.com\/index.php\/2024\/07\/01\/huracan-beryl-bajo-a-categoria-3-y-volvio-a-subir-a-4-se-ubica-a-2-mil-945-km-de-quintana-roo\/#primaryimage\"},\"image\":{\"@id\":\"https:\/\/panoramaciudadano.com\/index.php\/2024\/07\/01\/huracan-beryl-bajo-a-categoria-3-y-volvio-a-subir-a-4-se-ubica-a-2-mil-945-km-de-quintana-roo\/#primaryimage\"},\"thumbnailUrl\":\"https:\/\/panoramaciudadano.com\/wp-content\/uploads\/2024\/07\/image.png\",\"datePublished\":\"2024-07-01T16:32:05+00:00\",\"dateModified\":\"2024-07-01T16:32:06+00:00\",\"breadcrumb\":{\"@id\":\"https:\/\/panoramaciudadano.com\/index.php\/2024\/07\/01\/huracan-beryl-bajo-a-categoria-3-y-volvio-a-subir-a-4-se-ubica-a-2-mil-945-km-de-quintana-roo\/#breadcrumb\"},\"inLanguage\":\"es\",\"potentialAction\":[{\"@type\":\"ReadAction\",\"target\":[\"https:\/\/panoramaciudadano.com\/index.php\/2024\/07\/01\/huracan-beryl-bajo-a-categoria-3-y-volvio-a-subir-a-4-se-ubica-a-2-mil-945-km-de-quintana-roo\/\"]}]},{\"@type\":\"ImageObject\",\"inLanguage\":\"es\",\"@id\":\"https:\/\/panoramaciudadano.com\/index.php\/2024\/07\/01\/huracan-beryl-bajo-a-categoria-3-y-volvio-a-subir-a-4-se-ubica-a-2-mil-945-km-de-quintana-roo\/#primaryimage\",\"url\":\"https:\/\/panoramaciudadano.com\/wp-content\/uploads\/2024\/07\/image.png\",\"contentUrl\":\"https:\/\/panoramaciudadano.com\/wp-content\/uploads\/2024\/07\/image.png\",\"width\":1073,\"height\":621},{\"@type\":\"BreadcrumbList\",\"@id\":\"https:\/\/panoramaciudadano.com\/index.php\/2024\/07\/01\/huracan-beryl-bajo-a-categoria-3-y-volvio-a-subir-a-4-se-ubica-a-2-mil-945-km-de-quintana-roo\/#breadcrumb\",\"itemListElement\":[{\"@type\":\"ListItem\",\"position\":1,\"name\":\"Portada\",\"item\":\"https:\/\/panoramaciudadano.com\/\"},{\"@type\":\"ListItem\",\"position\":2,\"name\":\"Hurac\u00e1n \u201cBeryl\u201d baj\u00f3 a categor\u00eda 3 y volvi\u00f3 a subir a 4; se ubica a 2 mil 945 km de Quintana Roo\"}]},{\"@type\":\"WebSite\",\"@id\":\"https:\/\/panoramaciudadano.com\/#website\",\"url\":\"https:\/\/panoramaciudadano.com\/\",\"name\":\"Panorama Ciudadano\",\"description\":\"\",\"publisher\":{\"@id\":\"https:\/\/panoramaciudadano.com\/#organization\"},\"potentialAction\":[{\"@type\":\"SearchAction\",\"target\":{\"@type\":\"EntryPoint\",\"urlTemplate\":\"https:\/\/panoramaciudadano.com\/?s={search_term_string}\"},\"query-input\":{\"@type\":\"PropertyValueSpecification\",\"valueRequired\":true,\"valueName\":\"search_term_string\"}}],\"inLanguage\":\"es\"},{\"@type\":\"Organization\",\"@id\":\"https:\/\/panoramaciudadano.com\/#organization\",\"name\":\"Panorama Ciudadano\",\"url\":\"https:\/\/panoramaciudadano.com\/\",\"logo\":{\"@type\":\"ImageObject\",\"inLanguage\":\"es\",\"@id\":\"https:\/\/panoramaciudadano.com\/#\/schema\/logo\/image\/\",\"url\":\"https:\/\/panoramaciudadano.com\/wp-content\/uploads\/2024\/05\/401498640_919267042938564_6290593609399108733_n.jpg\",\"contentUrl\":\"https:\/\/panoramaciudadano.com\/wp-content\/uploads\/2024\/05\/401498640_919267042938564_6290593609399108733_n.jpg\",\"width\":960,\"height\":957,\"caption\":\"Panorama Ciudadano\"},\"image\":{\"@id\":\"https:\/\/panoramaciudadano.com\/#\/schema\/logo\/image\/\"},\"sameAs\":[\"https:\/\/www.facebook.com\/panoramaciudadano\"]},{\"@type\":\"Person\",\"@id\":\"https:\/\/panoramaciudadano.com\/#\/schema\/person\/ffe9fe8ef47d3a93977b5761fd9e0d96\",\"name\":\"admin\",\"image\":{\"@type\":\"ImageObject\",\"inLanguage\":\"es\",\"@id\":\"https:\/\/panoramaciudadano.com\/#\/schema\/person\/image\/\",\"url\":\"https:\/\/secure.gravatar.com\/avatar\/2d5a12cacce3f18096f25fadea8abb7202fef18ed669595589853e84260ff451?s=96&d=mm&r=g\",\"contentUrl\":\"https:\/\/secure.gravatar.com\/avatar\/2d5a12cacce3f18096f25fadea8abb7202fef18ed669595589853e84260ff451?s=96&d=mm&r=g\",\"caption\":\"admin\"},\"sameAs\":[\"https:\/\/panoramaciudadano.com\"],\"url\":\"https:\/\/panoramaciudadano.com\/index.php\/author\/admin_3q6hyqq3\/\"}]}<\/script>\n<!-- \/ Yoast SEO plugin. -->","yoast_head_json":{"title":"Hurac\u00e1n \u201cBeryl\u201d baj\u00f3 a categor\u00eda 3 y volvi\u00f3 a subir a 4; se ubica a 2 mil 945 km de Quintana Roo - Panorama Ciudadano","robots":{"index":"index","follow":"follow","max-snippet":"max-snippet:-1","max-image-preview":"max-image-preview:large","max-video-preview":"max-video-preview:-1"},"canonical":"https:\/\/panoramaciudadano.com\/index.php\/2024\/07\/01\/huracan-beryl-bajo-a-categoria-3-y-volvio-a-subir-a-4-se-ubica-a-2-mil-945-km-de-quintana-roo\/","og_locale":"es_ES","og_type":"article","og_title":"Hurac\u00e1n \u201cBeryl\u201d baj\u00f3 a categor\u00eda 3 y volvi\u00f3 a subir a 4; se ubica a 2 mil 945 km de Quintana Roo - Panorama Ciudadano","og_description":"Durante la madrugada el hurac\u00e1n \u201cBeryl\u201d baj\u00f3 de categor\u00eda 4 a 3. Sin embargo, pocas horas despu\u00e9s volvi\u00f3 a intensificarse, por lo que se mantiene como 4 en la escala Saffir-Simpson. Se mantiene bajo monitoreo. Por ahora se ubica a 2 mil 945 kil\u00f3metros de las costas de Quintana Roo, por lo que persiste la alerta azul en la entidad.","og_url":"https:\/\/panoramaciudadano.com\/index.php\/2024\/07\/01\/huracan-beryl-bajo-a-categoria-3-y-volvio-a-subir-a-4-se-ubica-a-2-mil-945-km-de-quintana-roo\/","og_site_name":"Panorama Ciudadano","article_publisher":"https:\/\/www.facebook.com\/panoramaciudadano","article_published_time":"2024-07-01T16:32:05+00:00","article_modified_time":"2024-07-01T16:32:06+00:00","og_image":[{"width":1073,"height":621,"url":"https:\/\/panoramaciudadano.com\/wp-content\/uploads\/2024\/07\/image.png","type":"image\/png"}],"author":"admin","twitter_card":"summary_large_image","twitter_misc":{"Escrito por":"admin","Tiempo de lectura":"2 minutos"},"schema":{"@context":"https:\/\/schema.org","@graph":[{"@type":"Article","@id":"https:\/\/panoramaciudadano.com\/index.php\/2024\/07\/01\/huracan-beryl-bajo-a-categoria-3-y-volvio-a-subir-a-4-se-ubica-a-2-mil-945-km-de-quintana-roo\/#article","isPartOf":{"@id":"https:\/\/panoramaciudadano.com\/index.php\/2024\/07\/01\/huracan-beryl-bajo-a-categoria-3-y-volvio-a-subir-a-4-se-ubica-a-2-mil-945-km-de-quintana-roo\/"},"author":{"name":"admin","@id":"https:\/\/panoramaciudadano.com\/#\/schema\/person\/ffe9fe8ef47d3a93977b5761fd9e0d96"},"headline":"Hurac\u00e1n \u201cBeryl\u201d baj\u00f3 a categor\u00eda 3 y volvi\u00f3 a subir a 4; se ubica a 2 mil 945 km de Quintana Roo","datePublished":"2024-07-01T16:32:05+00:00","dateModified":"2024-07-01T16:32:06+00:00","mainEntityOfPage":{"@id":"https:\/\/panoramaciudadano.com\/index.php\/2024\/07\/01\/huracan-beryl-bajo-a-categoria-3-y-volvio-a-subir-a-4-se-ubica-a-2-mil-945-km-de-quintana-roo\/"},"wordCount":391,"commentCount":0,"publisher":{"@id":"https:\/\/panoramaciudadano.com\/#organization"},"image":{"@id":"https:\/\/panoramaciudadano.com\/index.php\/2024\/07\/01\/huracan-beryl-bajo-a-categoria-3-y-volvio-a-subir-a-4-se-ubica-a-2-mil-945-km-de-quintana-roo\/#primaryimage"},"thumbnailUrl":"https:\/\/panoramaciudadano.com\/wp-content\/uploads\/2024\/07\/image.png","keywords":["Hurac\u00e1n Beryl"],"articleSection":["Canc\u00fan","Quintana Roo"],"inLanguage":"es","potentialAction":[{"@type":"CommentAction","name":"Comment","target":["https:\/\/panoramaciudadano.com\/index.php\/2024\/07\/01\/huracan-beryl-bajo-a-categoria-3-y-volvio-a-subir-a-4-se-ubica-a-2-mil-945-km-de-quintana-roo\/#respond"]}]},{"@type":"WebPage","@id":"https:\/\/panoramaciudadano.com\/index.php\/2024\/07\/01\/huracan-beryl-bajo-a-categoria-3-y-volvio-a-subir-a-4-se-ubica-a-2-mil-945-km-de-quintana-roo\/","url":"https:\/\/panoramaciudadano.com\/index.php\/2024\/07\/01\/huracan-beryl-bajo-a-categoria-3-y-volvio-a-subir-a-4-se-ubica-a-2-mil-945-km-de-quintana-roo\/","name":"Hurac\u00e1n \u201cBeryl\u201d baj\u00f3 a categor\u00eda 3 y volvi\u00f3 a subir a 4; se ubica a 2 mil 945 km de Quintana Roo - Panorama Ciudadano","isPartOf":{"@id":"https:\/\/panoramaciudadano.com\/#website"},"primaryImageOfPage":{"@id":"https:\/\/panoramaciudadano.com\/index.php\/2024\/07\/01\/huracan-beryl-bajo-a-categoria-3-y-volvio-a-subir-a-4-se-ubica-a-2-mil-945-km-de-quintana-roo\/#primaryimage"},"image":{"@id":"https:\/\/panoramaciudadano.com\/index.php\/2024\/07\/01\/huracan-beryl-bajo-a-categoria-3-y-volvio-a-subir-a-4-se-ubica-a-2-mil-945-km-de-quintana-roo\/#primaryimage"},"thumbnailUrl":"https:\/\/panoramaciudadano.com\/wp-content\/uploads\/2024\/07\/image.png","datePublished":"2024-07-01T16:32:05+00:00","dateModified":"2024-07-01T16:32:06+00:00","breadcrumb":{"@id":"https:\/\/panoramaciudadano.com\/index.php\/2024\/07\/01\/huracan-beryl-bajo-a-categoria-3-y-volvio-a-subir-a-4-se-ubica-a-2-mil-945-km-de-quintana-roo\/#breadcrumb"},"inLanguage":"es","potentialAction":[{"@type":"ReadAction","target":["https:\/\/panoramaciudadano.com\/index.php\/2024\/07\/01\/huracan-beryl-bajo-a-categoria-3-y-volvio-a-subir-a-4-se-ubica-a-2-mil-945-km-de-quintana-roo\/"]}]},{"@type":"ImageObject","inLanguage":"es","@id":"https:\/\/panoramaciudadano.com\/index.php\/2024\/07\/01\/huracan-beryl-bajo-a-categoria-3-y-volvio-a-subir-a-4-se-ubica-a-2-mil-945-km-de-quintana-roo\/#primaryimage","url":"https:\/\/panoramaciudadano.com\/wp-content\/uploads\/2024\/07\/image.png","contentUrl":"https:\/\/panoramaciudadano.com\/wp-content\/uploads\/2024\/07\/image.png","width":1073,"height":621},{"@type":"BreadcrumbList","@id":"https:\/\/panoramaciudadano.com\/index.php\/2024\/07\/01\/huracan-beryl-bajo-a-categoria-3-y-volvio-a-subir-a-4-se-ubica-a-2-mil-945-km-de-quintana-roo\/#breadcrumb","itemListElement":[{"@type":"ListItem","position":1,"name":"Portada","item":"https:\/\/panoramaciudadano.com\/"},{"@type":"ListItem","position":2,"name":"Hurac\u00e1n \u201cBeryl\u201d baj\u00f3 a categor\u00eda 3 y volvi\u00f3 a subir a 4; se ubica a 2 mil 945 km de Quintana Roo"}]},{"@type":"WebSite","@id":"https:\/\/panoramaciudadano.com\/#website","url":"https:\/\/panoramaciudadano.com\/","name":"Panorama Ciudadano","description":"","publisher":{"@id":"https:\/\/panoramaciudadano.com\/#organization"},"potentialAction":[{"@type":"SearchAction","target":{"@type":"EntryPoint","urlTemplate":"https:\/\/panoramaciudadano.com\/?s={search_term_string}"},"query-input":{"@type":"PropertyValueSpecification","valueRequired":true,"valueName":"search_term_string"}}],"inLanguage":"es"},{"@type":"Organization","@id":"https:\/\/panoramaciudadano.com\/#organization","name":"Panorama Ciudadano","url":"https:\/\/panoramaciudadano.com\/","logo":{"@type":"ImageObject","inLanguage":"es","@id":"https:\/\/panoramaciudadano.com\/#\/schema\/logo\/image\/","url":"https:\/\/panoramaciudadano.com\/wp-content\/uploads\/2024\/05\/401498640_919267042938564_6290593609399108733_n.jpg","contentUrl":"https:\/\/panoramaciudadano.com\/wp-content\/uploads\/2024\/05\/401498640_919267042938564_6290593609399108733_n.jpg","width":960,"height":957,"caption":"Panorama Ciudadano"},"image":{"@id":"https:\/\/panoramaciudadano.com\/#\/schema\/logo\/image\/"},"sameAs":["https:\/\/www.facebook.com\/panoramaciudadano"]},{"@type":"Person","@id":"https:\/\/panoramaciudadano.com\/#\/schema\/person\/ffe9fe8ef47d3a93977b5761fd9e0d96","name":"admin","image":{"@type":"ImageObject","inLanguage":"es","@id":"https:\/\/panoramaciudadano.com\/#\/schema\/person\/image\/","url":"https:\/\/secure.gravatar.com\/avatar\/2d5a12cacce3f18096f25fadea8abb7202fef18ed669595589853e84260ff451?s=96&d=mm&r=g","contentUrl":"https:\/\/secure.gravatar.com\/avatar\/2d5a12cacce3f18096f25fadea8abb7202fef18ed669595589853e84260ff451?s=96&d=mm&r=g","caption":"admin"},"sameAs":["https:\/\/panoramaciudadano.com"],"url":"https:\/\/panoramaciudadano.com\/index.php\/author\/admin_3q6hyqq3\/"}]}},"_links":{"self":[{"href":"https:\/\/panoramaciudadano.com\/index.php\/wp-json\/wp\/v2\/posts\/991","targetHints":{"allow":["GET"]}}],"collection":[{"href":"https:\/\/panoramaciudadano.com\/index.php\/wp-json\/wp\/v2\/posts"}],"about":[{"href":"https:\/\/panoramaciudadano.com\/index.php\/wp-json\/wp\/v2\/types\/post"}],"author":[{"embeddable":true,"href":"https:\/\/panoramaciudadano.com\/index.php\/wp-json\/wp\/v2\/users\/1"}],"replies":[{"embeddable":true,"href":"https:\/\/panoramaciudadano.com\/index.php\/wp-json\/wp\/v2\/comments?post=991"}],"version-history":[{"count":1,"href":"https:\/\/panoramaciudadano.com\/index.php\/wp-json\/wp\/v2\/posts\/991\/revisions"}],"predecessor-version":[{"id":993,"href":"https:\/\/panoramaciudadano.com\/index.php\/wp-json\/wp\/v2\/posts\/991\/revisions\/993"}],"wp:featuredmedia":[{"embeddable":true,"href":"https:\/\/panoramaciudadano.com\/index.php\/wp-json\/wp\/v2\/media\/992"}],"wp:attachment":[{"href":"https:\/\/panoramaciudadano.com\/index.php\/wp-json\/wp\/v2\/media?parent=991"}],"wp:term":[{"taxonomy":"category","embeddable":true,"href":"https:\/\/panoramaciudadano.com\/index.php\/wp-json\/wp\/v2\/categories?post=991"},{"taxonomy":"post_tag","embeddable":true,"href":"https:\/\/panoramaciudadano.com\/index.php\/wp-json\/wp\/v2\/tags?post=991"}],"curies":[{"name":"wp","href":"https:\/\/api.w.org\/{rel}","templated":true}]}}